{"id":345223,"date":"2021-04-12T15:06:54","date_gmt":"2021-04-12T14:06:54","guid":{"rendered":"http:\/\/kapitalis.com\/tunisie\/?p=345223"},"modified":"2021-04-13T01:06:56","modified_gmt":"2021-04-13T00:06:56","slug":"tunisie-les-prieres-des-tarawih-autorisees-dans-les-mosquees-avec-un-protocole-sanitaire-dedie","status":"publish","type":"post","link":"https:\/\/kapitalis.com\/tunisie\/2021\/04\/12\/tunisie-les-prieres-des-tarawih-autorisees-dans-les-mosquees-avec-un-protocole-sanitaire-dedie\/","title":{"rendered":"Tunisie : Les pri\u00e8res des \u00abTarawih\u00bb autoris\u00e9es dans les mosqu\u00e9es, avec un protocole sanitaire d\u00e9di\u00e9"},"content":{"rendered":"\n<figure class=\"wp-block-image size-large\"><img decoding=\"async\" src=\"http:\/\/kapitalis.com\/tunisie\/wp-content\/uploads\/2020\/07\/mosqu\u00e9e-coronavirus.jpg\" alt=\"\" class=\"wp-image-309942\"\/><\/figure>\n\n\n\n<p><strong><em>Le minist\u00e8res des Affaires religieuses a annonc\u00e9 ce lundi 12 avril 2021, \u00e0 l&rsquo;issue d&rsquo;une r\u00e9union avec la commission nationale charg\u00e9e de la lutte contre le coronavirus, que les  pri\u00e8res des \u00abTarawih\u00bb sont finalement autoris\u00e9es dans les mosqu\u00e9es avec la mise d&rsquo;un protocole sanitaire sp\u00e9cifique.<\/em><\/strong><\/p>\n\n\n\n<!--more-->\n\n\n\n<p>Dans son communiqu\u00e9 le minist\u00e8re pr\u00e9cise que la pri\u00e8re d&rsquo;Al-Icha et celles des Tarawih ne devront pas d\u00e9passer les 30 minutes, sachant que les enfants et les personnes \u00e2g\u00e9es ainsi que celles portant des sympt\u00f4mes li\u00e9s au coronavirus, ne devront pas se rendre \u00e0 la mosqu\u00e9e.<\/p>\n\n\n\n<p>\u00ab<em>Chaque fid\u00e8le devra apporter son propre tapis, porter son masque de protection et respecter la distanciation physique<\/em>\u00bb, ajoute le minist\u00e8re, en pr\u00e9cisant que l&rsquo;a\u00e9ration lieux de culte doit se faire avant, pendant et apr\u00e8s chaque pri\u00e8re.<\/p>\n\n\n\n<p class=\"has-text-align-right\"><strong>Y. N.<\/strong><\/p>\n","protected":false},"excerpt":{"rendered":"<p>Le minist\u00e8res des Affaires religieuses a annonc\u00e9 ce lundi 12 avril 2021, \u00e0 l&rsquo;issue d&rsquo;une r\u00e9union avec la commission nationale charg\u00e9e de la lutte contre le coronavirus, que les pri\u00e8res des \u00abTarawih\u00bb sont finalement autoris\u00e9es dans les mosqu\u00e9es avec la mise d&rsquo;un protocole sanitaire sp\u00e9cifique.<\/p>\n","protected":false},"author":6,"featured_media":0,"comment_status":"open","ping_status":"open","sticky":false,"template":"","format":"standard","meta":{"footnotes":""},"categories":[998,2433],"tags":[1928,9178,79467,78244,62643],"class_list":["post-345223","post","type-post","status-publish","format-standard","hentry","category-societe","category-tunisie","tag-mosquees","tag-prieres","tag-protocole-sanitaire","tag-tarawih","tag-tunisie"],"yoast_head":"<!-- This site is optimized with the Yoast SEO plugin v26.6 - https:\/\/yoast.com\/wordpress\/plugins\/seo\/ -->\n<title>Tunisie : Les pri\u00e8res des \u00abTarawih\u00bb autoris\u00e9es dans les mosqu\u00e9es, avec un protocole sanitaire d\u00e9di\u00e9 - Kapitalis<\/title>\n<meta name=\"robots\" content=\"index, follow, max-snippet:-1, max-image-preview:large, max-video-preview:-1\" \/>\n<link rel=\"canonical\" href=\"https:\/\/kapitalis.com\/tunisie\/2021\/04\/12\/tunisie-les-prieres-des-tarawih-autorisees-dans-les-mosquees-avec-un-protocole-sanitaire-dedie\/\" \/>\n<meta property=\"og:locale\" content=\"fr_FR\" \/>\n<meta property=\"og:type\" content=\"article\" \/>\n<meta property=\"og:title\" content=\"Tunisie : Les pri\u00e8res des \u00abTarawih\u00bb autoris\u00e9es dans les mosqu\u00e9es, avec un protocole sanitaire d\u00e9di\u00e9 - Kapitalis\" \/>\n<meta property=\"og:description\" content=\"Le minist\u00e8res des Affaires religieuses a annonc\u00e9 ce lundi 12 avril 2021, \u00e0 l&rsquo;issue d&rsquo;une r\u00e9union avec la commission nationale charg\u00e9e de la lutte contre le coronavirus, que les pri\u00e8res des \u00abTarawih\u00bb sont finalement autoris\u00e9es dans les mosqu\u00e9es avec la mise d&rsquo;un protocole sanitaire sp\u00e9cifique.\" \/>\n<meta property=\"og:url\" content=\"https:\/\/kapitalis.com\/tunisie\/2021\/04\/12\/tunisie-les-prieres-des-tarawih-autorisees-dans-les-mosquees-avec-un-protocole-sanitaire-dedie\/\" \/>\n<meta property=\"og:site_name\" content=\"Kapitalis\" \/>\n<meta property=\"article:publisher\" content=\"https:\/\/www.facebook.com\/KapitalisInfo\/\" \/>\n<meta property=\"article:published_time\" content=\"2021-04-12T14:06:54+00:00\" \/>\n<meta property=\"article:modified_time\" content=\"2021-04-13T00:06:56+00:00\" \/>\n<meta property=\"og:image\" content=\"https:\/\/kapitalis.com\/tunisie\/wp-content\/uploads\/2022\/05\/kapitalis-logo-fb.png\" \/>\n\t<meta property=\"og:image:width\" content=\"1200\" \/>\n\t<meta property=\"og:image:height\" content=\"630\" \/>\n\t<meta property=\"og:image:type\" content=\"image\/png\" \/>\n<meta name=\"author\" content=\"Yusra NY\" \/>\n<meta name=\"twitter:card\" content=\"summary_large_image\" \/>\n<meta name=\"twitter:creator\" content=\"@KapitalisInfo\" \/>\n<meta name=\"twitter:site\" content=\"@KapitalisInfo\" \/>\n<meta name=\"twitter:label1\" content=\"\u00c9crit par\" \/>\n\t<meta name=\"twitter:data1\" content=\"Yusra NY\" \/>\n\t<meta name=\"twitter:label2\" content=\"Dur\u00e9e de lecture estim\u00e9e\" \/>\n\t<meta name=\"twitter:data2\" content=\"1 minute\" \/>\n<script type=\"application\/ld+json\" class=\"yoast-schema-graph\">{\"@context\":\"https:\/\/schema.org\",\"@graph\":[{\"@type\":\"Article\",\"@id\":\"https:\/\/kapitalis.com\/tunisie\/2021\/04\/12\/tunisie-les-prieres-des-tarawih-autorisees-dans-les-mosquees-avec-un-protocole-sanitaire-dedie\/#article\",\"isPartOf\":{\"@id\":\"https:\/\/kapitalis.com\/tunisie\/2021\/04\/12\/tunisie-les-prieres-des-tarawih-autorisees-dans-les-mosquees-avec-un-protocole-sanitaire-dedie\/\"},\"author\":{\"name\":\"Yusra NY\",\"@id\":\"https:\/\/kapitalis.com\/tunisie\/#\/schema\/person\/74bbde0154d49d790a92aaeac5bc01d5\"},\"headline\":\"Tunisie : Les pri\u00e8res des \u00abTarawih\u00bb autoris\u00e9es dans les mosqu\u00e9es, avec un protocole sanitaire d\u00e9di\u00e9\",\"datePublished\":\"2021-04-12T14:06:54+00:00\",\"dateModified\":\"2021-04-13T00:06:56+00:00\",\"mainEntityOfPage\":{\"@id\":\"https:\/\/kapitalis.com\/tunisie\/2021\/04\/12\/tunisie-les-prieres-des-tarawih-autorisees-dans-les-mosquees-avec-un-protocole-sanitaire-dedie\/\"},\"wordCount\":163,\"commentCount\":1,\"publisher\":{\"@id\":\"https:\/\/kapitalis.com\/tunisie\/#organization\"},\"keywords\":[\"mosqu\u00e9es\",\"pri\u00e8res\",\"protocole sanitaire\",\"tarawih\",\"Tunisie\"],\"articleSection\":[\"SOCIETE\",\"Tunisie\"],\"inLanguage\":\"fr-FR\",\"potentialAction\":[{\"@type\":\"CommentAction\",\"name\":\"Comment\",\"target\":[\"https:\/\/kapitalis.com\/tunisie\/2021\/04\/12\/tunisie-les-prieres-des-tarawih-autorisees-dans-les-mosquees-avec-un-protocole-sanitaire-dedie\/#respond\"]}]},{\"@type\":\"WebPage\",\"@id\":\"https:\/\/kapitalis.com\/tunisie\/2021\/04\/12\/tunisie-les-prieres-des-tarawih-autorisees-dans-les-mosquees-avec-un-protocole-sanitaire-dedie\/\",\"url\":\"https:\/\/kapitalis.com\/tunisie\/2021\/04\/12\/tunisie-les-prieres-des-tarawih-autorisees-dans-les-mosquees-avec-un-protocole-sanitaire-dedie\/\",\"name\":\"Tunisie : Les pri\u00e8res des \u00abTarawih\u00bb autoris\u00e9es dans les mosqu\u00e9es, avec un protocole sanitaire d\u00e9di\u00e9 - Kapitalis\",\"isPartOf\":{\"@id\":\"https:\/\/kapitalis.com\/tunisie\/#website\"},\"datePublished\":\"2021-04-12T14:06:54+00:00\",\"dateModified\":\"2021-04-13T00:06:56+00:00\",\"breadcrumb\":{\"@id\":\"https:\/\/kapitalis.com\/tunisie\/2021\/04\/12\/tunisie-les-prieres-des-tarawih-autorisees-dans-les-mosquees-avec-un-protocole-sanitaire-dedie\/#breadcrumb\"},\"inLanguage\":\"fr-FR\",\"potentialAction\":[{\"@type\":\"ReadAction\",\"target\":[\"https:\/\/kapitalis.com\/tunisie\/2021\/04\/12\/tunisie-les-prieres-des-tarawih-autorisees-dans-les-mosquees-avec-un-protocole-sanitaire-dedie\/\"]}]},{\"@type\":\"BreadcrumbList\",\"@id\":\"https:\/\/kapitalis.com\/tunisie\/2021\/04\/12\/tunisie-les-prieres-des-tarawih-autorisees-dans-les-mosquees-avec-un-protocole-sanitaire-dedie\/#breadcrumb\",\"itemListElement\":[{\"@type\":\"ListItem\",\"position\":1,\"name\":\"Accueil\",\"item\":\"https:\/\/kapitalis.com\/tunisie\/\"},{\"@type\":\"ListItem\",\"position\":2,\"name\":\"Tunisie : Les pri\u00e8res des \u00abTarawih\u00bb autoris\u00e9es dans les mosqu\u00e9es, avec un protocole sanitaire d\u00e9di\u00e9\"}]},{\"@type\":\"WebSite\",\"@id\":\"https:\/\/kapitalis.com\/tunisie\/#website\",\"url\":\"https:\/\/kapitalis.com\/tunisie\/\",\"name\":\"Kapitalis\",\"description\":\"L&#039;actualit\u00e9 en Tunisie et dans le monde\",\"publisher\":{\"@id\":\"https:\/\/kapitalis.com\/tunisie\/#organization\"},\"potentialAction\":[{\"@type\":\"SearchAction\",\"target\":{\"@type\":\"EntryPoint\",\"urlTemplate\":\"https:\/\/kapitalis.com\/tunisie\/?s={search_term_string}\"},\"query-input\":{\"@type\":\"PropertyValueSpecification\",\"valueRequired\":true,\"valueName\":\"search_term_string\"}}],\"inLanguage\":\"fr-FR\"},{\"@type\":\"Organization\",\"@id\":\"https:\/\/kapitalis.com\/tunisie\/#organization\",\"name\":\"Kapitalis\",\"url\":\"https:\/\/kapitalis.com\/tunisie\/\",\"logo\":{\"@type\":\"ImageObject\",\"inLanguage\":\"fr-FR\",\"@id\":\"https:\/\/kapitalis.com\/tunisie\/#\/schema\/logo\/image\/\",\"url\":\"https:\/\/kapitalis.com\/tunisie\/wp-content\/uploads\/2022\/05\/Kapitalis-big-size.png\",\"contentUrl\":\"https:\/\/kapitalis.com\/tunisie\/wp-content\/uploads\/2022\/05\/Kapitalis-big-size.png\",\"width\":5000,\"height\":1500,\"caption\":\"Kapitalis\"},\"image\":{\"@id\":\"https:\/\/kapitalis.com\/tunisie\/#\/schema\/logo\/image\/\"},\"sameAs\":[\"https:\/\/www.facebook.com\/KapitalisInfo\/\",\"https:\/\/x.com\/KapitalisInfo\",\"https:\/\/www.youtube.com\/channel\/UC-yDYrHyfFBWWZaOw3FPg9Q\"]},{\"@type\":\"Person\",\"@id\":\"https:\/\/kapitalis.com\/tunisie\/#\/schema\/person\/74bbde0154d49d790a92aaeac5bc01d5\",\"name\":\"Yusra NY\",\"url\":\"https:\/\/kapitalis.com\/tunisie\/author\/yuza_adam\/\"}]}<\/script>\n<!-- \/ Yoast SEO plugin. -->","yoast_head_json":{"title":"Tunisie : Les pri\u00e8res des \u00abTarawih\u00bb autoris\u00e9es dans les mosqu\u00e9es, avec un protocole sanitaire d\u00e9di\u00e9 - Kapitalis","robots":{"index":"index","follow":"follow","max-snippet":"max-snippet:-1","max-image-preview":"max-image-preview:large","max-video-preview":"max-video-preview:-1"},"canonical":"https:\/\/kapitalis.com\/tunisie\/2021\/04\/12\/tunisie-les-prieres-des-tarawih-autorisees-dans-les-mosquees-avec-un-protocole-sanitaire-dedie\/","og_locale":"fr_FR","og_type":"article","og_title":"Tunisie : Les pri\u00e8res des \u00abTarawih\u00bb autoris\u00e9es dans les mosqu\u00e9es, avec un protocole sanitaire d\u00e9di\u00e9 - Kapitalis","og_description":"Le minist\u00e8res des Affaires religieuses a annonc\u00e9 ce lundi 12 avril 2021, \u00e0 l&rsquo;issue d&rsquo;une r\u00e9union avec la commission nationale charg\u00e9e de la lutte contre le coronavirus, que les pri\u00e8res des \u00abTarawih\u00bb sont finalement autoris\u00e9es dans les mosqu\u00e9es avec la mise d&rsquo;un protocole sanitaire sp\u00e9cifique.","og_url":"https:\/\/kapitalis.com\/tunisie\/2021\/04\/12\/tunisie-les-prieres-des-tarawih-autorisees-dans-les-mosquees-avec-un-protocole-sanitaire-dedie\/","og_site_name":"Kapitalis","article_publisher":"https:\/\/www.facebook.com\/KapitalisInfo\/","article_published_time":"2021-04-12T14:06:54+00:00","article_modified_time":"2021-04-13T00:06:56+00:00","og_image":[{"width":1200,"height":630,"url":"https:\/\/kapitalis.com\/tunisie\/wp-content\/uploads\/2022\/05\/kapitalis-logo-fb.png","type":"image\/png"}],"author":"Yusra NY","twitter_card":"summary_large_image","twitter_creator":"@KapitalisInfo","twitter_site":"@KapitalisInfo","twitter_misc":{"\u00c9crit par":"Yusra NY","Dur\u00e9e de lecture estim\u00e9e":"1 minute"},"schema":{"@context":"https:\/\/schema.org","@graph":[{"@type":"Article","@id":"https:\/\/kapitalis.com\/tunisie\/2021\/04\/12\/tunisie-les-prieres-des-tarawih-autorisees-dans-les-mosquees-avec-un-protocole-sanitaire-dedie\/#article","isPartOf":{"@id":"https:\/\/kapitalis.com\/tunisie\/2021\/04\/12\/tunisie-les-prieres-des-tarawih-autorisees-dans-les-mosquees-avec-un-protocole-sanitaire-dedie\/"},"author":{"name":"Yusra NY","@id":"https:\/\/kapitalis.com\/tunisie\/#\/schema\/person\/74bbde0154d49d790a92aaeac5bc01d5"},"headline":"Tunisie : Les pri\u00e8res des \u00abTarawih\u00bb autoris\u00e9es dans les mosqu\u00e9es, avec un protocole sanitaire d\u00e9di\u00e9","datePublished":"2021-04-12T14:06:54+00:00","dateModified":"2021-04-13T00:06:56+00:00","mainEntityOfPage":{"@id":"https:\/\/kapitalis.com\/tunisie\/2021\/04\/12\/tunisie-les-prieres-des-tarawih-autorisees-dans-les-mosquees-avec-un-protocole-sanitaire-dedie\/"},"wordCount":163,"commentCount":1,"publisher":{"@id":"https:\/\/kapitalis.com\/tunisie\/#organization"},"keywords":["mosqu\u00e9es","pri\u00e8res","protocole sanitaire","tarawih","Tunisie"],"articleSection":["SOCIETE","Tunisie"],"inLanguage":"fr-FR","potentialAction":[{"@type":"CommentAction","name":"Comment","target":["https:\/\/kapitalis.com\/tunisie\/2021\/04\/12\/tunisie-les-prieres-des-tarawih-autorisees-dans-les-mosquees-avec-un-protocole-sanitaire-dedie\/#respond"]}]},{"@type":"WebPage","@id":"https:\/\/kapitalis.com\/tunisie\/2021\/04\/12\/tunisie-les-prieres-des-tarawih-autorisees-dans-les-mosquees-avec-un-protocole-sanitaire-dedie\/","url":"https:\/\/kapitalis.com\/tunisie\/2021\/04\/12\/tunisie-les-prieres-des-tarawih-autorisees-dans-les-mosquees-avec-un-protocole-sanitaire-dedie\/","name":"Tunisie : Les pri\u00e8res des \u00abTarawih\u00bb autoris\u00e9es dans les mosqu\u00e9es, avec un protocole sanitaire d\u00e9di\u00e9 - Kapitalis","isPartOf":{"@id":"https:\/\/kapitalis.com\/tunisie\/#website"},"datePublished":"2021-04-12T14:06:54+00:00","dateModified":"2021-04-13T00:06:56+00:00","breadcrumb":{"@id":"https:\/\/kapitalis.com\/tunisie\/2021\/04\/12\/tunisie-les-prieres-des-tarawih-autorisees-dans-les-mosquees-avec-un-protocole-sanitaire-dedie\/#breadcrumb"},"inLanguage":"fr-FR","potentialAction":[{"@type":"ReadAction","target":["https:\/\/kapitalis.com\/tunisie\/2021\/04\/12\/tunisie-les-prieres-des-tarawih-autorisees-dans-les-mosquees-avec-un-protocole-sanitaire-dedie\/"]}]},{"@type":"BreadcrumbList","@id":"https:\/\/kapitalis.com\/tunisie\/2021\/04\/12\/tunisie-les-prieres-des-tarawih-autorisees-dans-les-mosquees-avec-un-protocole-sanitaire-dedie\/#breadcrumb","itemListElement":[{"@type":"ListItem","position":1,"name":"Accueil","item":"https:\/\/kapitalis.com\/tunisie\/"},{"@type":"ListItem","position":2,"name":"Tunisie : Les pri\u00e8res des \u00abTarawih\u00bb autoris\u00e9es dans les mosqu\u00e9es, avec un protocole sanitaire d\u00e9di\u00e9"}]},{"@type":"WebSite","@id":"https:\/\/kapitalis.com\/tunisie\/#website","url":"https:\/\/kapitalis.com\/tunisie\/","name":"Kapitalis","description":"L&#039;actualit\u00e9 en Tunisie et dans le monde","publisher":{"@id":"https:\/\/kapitalis.com\/tunisie\/#organization"},"potentialAction":[{"@type":"SearchAction","target":{"@type":"EntryPoint","urlTemplate":"https:\/\/kapitalis.com\/tunisie\/?s={search_term_string}"},"query-input":{"@type":"PropertyValueSpecification","valueRequired":true,"valueName":"search_term_string"}}],"inLanguage":"fr-FR"},{"@type":"Organization","@id":"https:\/\/kapitalis.com\/tunisie\/#organization","name":"Kapitalis","url":"https:\/\/kapitalis.com\/tunisie\/","logo":{"@type":"ImageObject","inLanguage":"fr-FR","@id":"https:\/\/kapitalis.com\/tunisie\/#\/schema\/logo\/image\/","url":"https:\/\/kapitalis.com\/tunisie\/wp-content\/uploads\/2022\/05\/Kapitalis-big-size.png","contentUrl":"https:\/\/kapitalis.com\/tunisie\/wp-content\/uploads\/2022\/05\/Kapitalis-big-size.png","width":5000,"height":1500,"caption":"Kapitalis"},"image":{"@id":"https:\/\/kapitalis.com\/tunisie\/#\/schema\/logo\/image\/"},"sameAs":["https:\/\/www.facebook.com\/KapitalisInfo\/","https:\/\/x.com\/KapitalisInfo","https:\/\/www.youtube.com\/channel\/UC-yDYrHyfFBWWZaOw3FPg9Q"]},{"@type":"Person","@id":"https:\/\/kapitalis.com\/tunisie\/#\/schema\/person\/74bbde0154d49d790a92aaeac5bc01d5","name":"Yusra NY","url":"https:\/\/kapitalis.com\/tunisie\/author\/yuza_adam\/"}]}},"_links":{"self":[{"href":"https:\/\/kapitalis.com\/tunisie\/wp-json\/wp\/v2\/posts\/345223","targetHints":{"allow":["GET"]}}],"collection":[{"href":"https:\/\/kapitalis.com\/tunisie\/wp-json\/wp\/v2\/posts"}],"about":[{"href":"https:\/\/kapitalis.com\/tunisie\/wp-json\/wp\/v2\/types\/post"}],"author":[{"embeddable":true,"href":"https:\/\/kapitalis.com\/tunisie\/wp-json\/wp\/v2\/users\/6"}],"replies":[{"embeddable":true,"href":"https:\/\/kapitalis.com\/tunisie\/wp-json\/wp\/v2\/comments?post=345223"}],"version-history":[{"count":0,"href":"https:\/\/kapitalis.com\/tunisie\/wp-json\/wp\/v2\/posts\/345223\/revisions"}],"wp:attachment":[{"href":"https:\/\/kapitalis.com\/tunisie\/wp-json\/wp\/v2\/media?parent=345223"}],"wp:term":[{"taxonomy":"category","embeddable":true,"href":"https:\/\/kapitalis.com\/tunisie\/wp-json\/wp\/v2\/categories?post=345223"},{"taxonomy":"post_tag","embeddable":true,"href":"https:\/\/kapitalis.com\/tunisie\/wp-json\/wp\/v2\/tags?post=345223"}],"curies":[{"name":"wp","href":"https:\/\/api.w.org\/{rel}","templated":true}]}}