{"id":345310,"date":"2021-04-13T01:01:45","date_gmt":"2021-04-13T00:01:45","guid":{"rendered":"http:\/\/kapitalis.com\/tunisie\/?p=345310"},"modified":"2021-04-13T01:08:08","modified_gmt":"2021-04-13T00:08:08","slug":"souassi-tensions-a-sidi-zid-apres-le-deces-de-deux-jeunes-heurtes-par-une-voiture-de-police","status":"publish","type":"post","link":"https:\/\/kapitalis.com\/tunisie\/2021\/04\/13\/souassi-tensions-a-sidi-zid-apres-le-deces-de-deux-jeunes-heurtes-par-une-voiture-de-police\/","title":{"rendered":"Souassi : Tensions \u00e0 Sidi Zid apr\u00e8s le d\u00e9c\u00e8s de deux jeunes heurt\u00e9s par une voiture de police"},"content":{"rendered":"\n<figure class=\"wp-block-image size-large\"><img decoding=\"async\" src=\"http:\/\/kapitalis.com\/tunisie\/wp-content\/uploads\/2021\/04\/Souassi-accident-deces-jeunes-police.jpg\" alt=\"\" class=\"wp-image-345312\"\/><\/figure>\n\n\n\n<p><strong><em>La r\u00e9gion de Sidi Zid \u00e0 Souassi (Mahdia) conna\u00eet de vives tensions et des jeunes ont tent\u00e9 de mettre le feu au poste de police apr\u00e8s le d\u00e9c\u00e8s, tard dans la nuit de ce lundi 12 avril 2021, de deux de leurs amis, percut\u00e9s par une voiture de la police de circulation.<\/em><\/strong><\/p>\n\n\n\n<!--more-->\n\n\n\n<p>Selon le Syndicat des fonctionnaires de la direction g\u00e9n\u00e9rale des unit\u00e9s d&rsquo;intervention (SFDGUI), les deux jeunes en mobylette ont \u00e9t\u00e9 heurt\u00e9s par le v\u00e9hicule et sont d\u00e9c\u00e9d\u00e9s sur le coup. <\/p>\n\n\n\n<p>Des membres de leur famille et des jeunes de leur quartier, sont descendus dans la rue et ont incendi\u00e9 un v\u00e9hicule \u00e0 l&rsquo;entr\u00e9e du poste de police, ajoute le SFDGUI, en affirmant que la tension est \u00e0 son comble dans la r\u00e9gion.<\/p>\n\n\n\n<p>Notons que les circonstances exactes de l&rsquo;accident n&rsquo;ont pas \u00e9t\u00e9 pr\u00e9cis\u00e9es, et que les corps des deux victimes ont \u00e9t\u00e9 transport\u00e9s \u00e0 l&rsquo;h\u00f4pital ajoute la m\u00eame source.<\/p>\n\n\n\n<p class=\"has-text-align-right\"><strong>Y. N.<\/strong><\/p>\n","protected":false},"excerpt":{"rendered":"<p>La r\u00e9gion de Sidi Zid \u00e0 Souassi (Mahdia) conna\u00eet de vives tensions et des jeunes ont tent\u00e9 de mettre le feu au poste de police apr\u00e8s le d\u00e9c\u00e8s, tard dans la nuit de ce lundi 12 avril 2021, de deux de leurs amis, percut\u00e9s par une voiture de la police de circulation.<\/p>\n","protected":false},"author":6,"featured_media":345312,"comment_status":"open","ping_status":"open","sticky":false,"template":"","format":"standard","meta":{"footnotes":""},"categories":[998,2433],"tags":[23,64263,1035,565,89252,4986,89254,89253],"class_list":["post-345310","post","type-post","status-publish","format-standard","has-post-thumbnail","hentry","category-societe","category-tunisie","tag-accident","tag-deces","tag-incendie","tag-mahdia","tag-sidi-zid","tag-souassi","tag-tensions","tag-voiture-police"],"yoast_head":"<!-- This site is optimized with the Yoast SEO plugin v26.6 - https:\/\/yoast.com\/wordpress\/plugins\/seo\/ -->\n<title>Souassi : Tensions \u00e0 Sidi Zid apr\u00e8s le d\u00e9c\u00e8s de deux jeunes heurt\u00e9s par une voiture de police - Kapitalis<\/title>\n<meta name=\"robots\" content=\"index, follow, max-snippet:-1, max-image-preview:large, max-video-preview:-1\" \/>\n<link rel=\"canonical\" href=\"https:\/\/kapitalis.com\/tunisie\/2021\/04\/13\/souassi-tensions-a-sidi-zid-apres-le-deces-de-deux-jeunes-heurtes-par-une-voiture-de-police\/\" \/>\n<meta property=\"og:locale\" content=\"fr_FR\" \/>\n<meta property=\"og:type\" content=\"article\" \/>\n<meta property=\"og:title\" content=\"Souassi : Tensions \u00e0 Sidi Zid apr\u00e8s le d\u00e9c\u00e8s de deux jeunes heurt\u00e9s par une voiture de police - Kapitalis\" \/>\n<meta property=\"og:description\" content=\"La r\u00e9gion de Sidi Zid \u00e0 Souassi (Mahdia) conna\u00eet de vives tensions et des jeunes ont tent\u00e9 de mettre le feu au poste de police apr\u00e8s le d\u00e9c\u00e8s, tard dans la nuit de ce lundi 12 avril 2021, de deux de leurs amis, percut\u00e9s par une voiture de la police de circulation.\" \/>\n<meta property=\"og:url\" content=\"https:\/\/kapitalis.com\/tunisie\/2021\/04\/13\/souassi-tensions-a-sidi-zid-apres-le-deces-de-deux-jeunes-heurtes-par-une-voiture-de-police\/\" \/>\n<meta property=\"og:site_name\" content=\"Kapitalis\" \/>\n<meta property=\"article:publisher\" content=\"https:\/\/www.facebook.com\/KapitalisInfo\/\" \/>\n<meta property=\"article:published_time\" content=\"2021-04-13T00:01:45+00:00\" \/>\n<meta property=\"article:modified_time\" content=\"2021-04-13T00:08:08+00:00\" \/>\n<meta property=\"og:image\" content=\"https:\/\/kapitalis.com\/tunisie\/wp-content\/uploads\/2022\/05\/kapitalis-logo-fb.png\" \/>\n\t<meta property=\"og:image:width\" content=\"1200\" \/>\n\t<meta property=\"og:image:height\" content=\"630\" \/>\n\t<meta property=\"og:image:type\" content=\"image\/png\" \/>\n<meta name=\"author\" content=\"Yusra NY\" \/>\n<meta name=\"twitter:card\" content=\"summary_large_image\" \/>\n<meta name=\"twitter:creator\" content=\"@KapitalisInfo\" \/>\n<meta name=\"twitter:site\" content=\"@KapitalisInfo\" \/>\n<meta name=\"twitter:label1\" content=\"\u00c9crit par\" \/>\n\t<meta name=\"twitter:data1\" content=\"Yusra NY\" \/>\n\t<meta name=\"twitter:label2\" content=\"Dur\u00e9e de lecture estim\u00e9e\" \/>\n\t<meta name=\"twitter:data2\" content=\"1 minute\" \/>\n<script type=\"application\/ld+json\" class=\"yoast-schema-graph\">{\"@context\":\"https:\/\/schema.org\",\"@graph\":[{\"@type\":\"Article\",\"@id\":\"https:\/\/kapitalis.com\/tunisie\/2021\/04\/13\/souassi-tensions-a-sidi-zid-apres-le-deces-de-deux-jeunes-heurtes-par-une-voiture-de-police\/#article\",\"isPartOf\":{\"@id\":\"https:\/\/kapitalis.com\/tunisie\/2021\/04\/13\/souassi-tensions-a-sidi-zid-apres-le-deces-de-deux-jeunes-heurtes-par-une-voiture-de-police\/\"},\"author\":{\"name\":\"Yusra NY\",\"@id\":\"https:\/\/kapitalis.com\/tunisie\/#\/schema\/person\/74bbde0154d49d790a92aaeac5bc01d5\"},\"headline\":\"Souassi : Tensions \u00e0 Sidi Zid apr\u00e8s le d\u00e9c\u00e8s de deux jeunes heurt\u00e9s par une voiture de police\",\"datePublished\":\"2021-04-13T00:01:45+00:00\",\"dateModified\":\"2021-04-13T00:08:08+00:00\",\"mainEntityOfPage\":{\"@id\":\"https:\/\/kapitalis.com\/tunisie\/2021\/04\/13\/souassi-tensions-a-sidi-zid-apres-le-deces-de-deux-jeunes-heurtes-par-une-voiture-de-police\/\"},\"wordCount\":189,\"commentCount\":0,\"publisher\":{\"@id\":\"https:\/\/kapitalis.com\/tunisie\/#organization\"},\"image\":{\"@id\":\"https:\/\/kapitalis.com\/tunisie\/2021\/04\/13\/souassi-tensions-a-sidi-zid-apres-le-deces-de-deux-jeunes-heurtes-par-une-voiture-de-police\/#primaryimage\"},\"thumbnailUrl\":\"\",\"keywords\":[\"accident\",\"d\u00e9c\u00e8s\",\"Incendie\",\"Mahdia\",\"Sidi Zid\",\"Souassi\",\"tensions\",\"voiture police\"],\"articleSection\":[\"SOCIETE\",\"Tunisie\"],\"inLanguage\":\"fr-FR\",\"potentialAction\":[{\"@type\":\"CommentAction\",\"name\":\"Comment\",\"target\":[\"https:\/\/kapitalis.com\/tunisie\/2021\/04\/13\/souassi-tensions-a-sidi-zid-apres-le-deces-de-deux-jeunes-heurtes-par-une-voiture-de-police\/#respond\"]}]},{\"@type\":\"WebPage\",\"@id\":\"https:\/\/kapitalis.com\/tunisie\/2021\/04\/13\/souassi-tensions-a-sidi-zid-apres-le-deces-de-deux-jeunes-heurtes-par-une-voiture-de-police\/\",\"url\":\"https:\/\/kapitalis.com\/tunisie\/2021\/04\/13\/souassi-tensions-a-sidi-zid-apres-le-deces-de-deux-jeunes-heurtes-par-une-voiture-de-police\/\",\"name\":\"Souassi : Tensions \u00e0 Sidi Zid apr\u00e8s le d\u00e9c\u00e8s de deux jeunes heurt\u00e9s par une voiture de police - Kapitalis\",\"isPartOf\":{\"@id\":\"https:\/\/kapitalis.com\/tunisie\/#website\"},\"primaryImageOfPage\":{\"@id\":\"https:\/\/kapitalis.com\/tunisie\/2021\/04\/13\/souassi-tensions-a-sidi-zid-apres-le-deces-de-deux-jeunes-heurtes-par-une-voiture-de-police\/#primaryimage\"},\"image\":{\"@id\":\"https:\/\/kapitalis.com\/tunisie\/2021\/04\/13\/souassi-tensions-a-sidi-zid-apres-le-deces-de-deux-jeunes-heurtes-par-une-voiture-de-police\/#primaryimage\"},\"thumbnailUrl\":\"\",\"datePublished\":\"2021-04-13T00:01:45+00:00\",\"dateModified\":\"2021-04-13T00:08:08+00:00\",\"breadcrumb\":{\"@id\":\"https:\/\/kapitalis.com\/tunisie\/2021\/04\/13\/souassi-tensions-a-sidi-zid-apres-le-deces-de-deux-jeunes-heurtes-par-une-voiture-de-police\/#breadcrumb\"},\"inLanguage\":\"fr-FR\",\"potentialAction\":[{\"@type\":\"ReadAction\",\"target\":[\"https:\/\/kapitalis.com\/tunisie\/2021\/04\/13\/souassi-tensions-a-sidi-zid-apres-le-deces-de-deux-jeunes-heurtes-par-une-voiture-de-police\/\"]}]},{\"@type\":\"ImageObject\",\"inLanguage\":\"fr-FR\",\"@id\":\"https:\/\/kapitalis.com\/tunisie\/2021\/04\/13\/souassi-tensions-a-sidi-zid-apres-le-deces-de-deux-jeunes-heurtes-par-une-voiture-de-police\/#primaryimage\",\"url\":\"\",\"contentUrl\":\"\"},{\"@type\":\"BreadcrumbList\",\"@id\":\"https:\/\/kapitalis.com\/tunisie\/2021\/04\/13\/souassi-tensions-a-sidi-zid-apres-le-deces-de-deux-jeunes-heurtes-par-une-voiture-de-police\/#breadcrumb\",\"itemListElement\":[{\"@type\":\"ListItem\",\"position\":1,\"name\":\"Accueil\",\"item\":\"https:\/\/kapitalis.com\/tunisie\/\"},{\"@type\":\"ListItem\",\"position\":2,\"name\":\"Souassi : Tensions \u00e0 Sidi Zid apr\u00e8s le d\u00e9c\u00e8s de deux jeunes heurt\u00e9s par une voiture de police\"}]},{\"@type\":\"WebSite\",\"@id\":\"https:\/\/kapitalis.com\/tunisie\/#website\",\"url\":\"https:\/\/kapitalis.com\/tunisie\/\",\"name\":\"Kapitalis\",\"description\":\"L&#039;actualit\u00e9 en Tunisie et dans le monde\",\"publisher\":{\"@id\":\"https:\/\/kapitalis.com\/tunisie\/#organization\"},\"potentialAction\":[{\"@type\":\"SearchAction\",\"target\":{\"@type\":\"EntryPoint\",\"urlTemplate\":\"https:\/\/kapitalis.com\/tunisie\/?s={search_term_string}\"},\"query-input\":{\"@type\":\"PropertyValueSpecification\",\"valueRequired\":true,\"valueName\":\"search_term_string\"}}],\"inLanguage\":\"fr-FR\"},{\"@type\":\"Organization\",\"@id\":\"https:\/\/kapitalis.com\/tunisie\/#organization\",\"name\":\"Kapitalis\",\"url\":\"https:\/\/kapitalis.com\/tunisie\/\",\"logo\":{\"@type\":\"ImageObject\",\"inLanguage\":\"fr-FR\",\"@id\":\"https:\/\/kapitalis.com\/tunisie\/#\/schema\/logo\/image\/\",\"url\":\"https:\/\/kapitalis.com\/tunisie\/wp-content\/uploads\/2022\/05\/Kapitalis-big-size.png\",\"contentUrl\":\"https:\/\/kapitalis.com\/tunisie\/wp-content\/uploads\/2022\/05\/Kapitalis-big-size.png\",\"width\":5000,\"height\":1500,\"caption\":\"Kapitalis\"},\"image\":{\"@id\":\"https:\/\/kapitalis.com\/tunisie\/#\/schema\/logo\/image\/\"},\"sameAs\":[\"https:\/\/www.facebook.com\/KapitalisInfo\/\",\"https:\/\/x.com\/KapitalisInfo\",\"https:\/\/www.youtube.com\/channel\/UC-yDYrHyfFBWWZaOw3FPg9Q\"]},{\"@type\":\"Person\",\"@id\":\"https:\/\/kapitalis.com\/tunisie\/#\/schema\/person\/74bbde0154d49d790a92aaeac5bc01d5\",\"name\":\"Yusra NY\",\"url\":\"https:\/\/kapitalis.com\/tunisie\/author\/yuza_adam\/\"}]}<\/script>\n<!-- \/ Yoast SEO plugin. -->","yoast_head_json":{"title":"Souassi : Tensions \u00e0 Sidi Zid apr\u00e8s le d\u00e9c\u00e8s de deux jeunes heurt\u00e9s par une voiture de police - Kapitalis","robots":{"index":"index","follow":"follow","max-snippet":"max-snippet:-1","max-image-preview":"max-image-preview:large","max-video-preview":"max-video-preview:-1"},"canonical":"https:\/\/kapitalis.com\/tunisie\/2021\/04\/13\/souassi-tensions-a-sidi-zid-apres-le-deces-de-deux-jeunes-heurtes-par-une-voiture-de-police\/","og_locale":"fr_FR","og_type":"article","og_title":"Souassi : Tensions \u00e0 Sidi Zid apr\u00e8s le d\u00e9c\u00e8s de deux jeunes heurt\u00e9s par une voiture de police - Kapitalis","og_description":"La r\u00e9gion de Sidi Zid \u00e0 Souassi (Mahdia) conna\u00eet de vives tensions et des jeunes ont tent\u00e9 de mettre le feu au poste de police apr\u00e8s le d\u00e9c\u00e8s, tard dans la nuit de ce lundi 12 avril 2021, de deux de leurs amis, percut\u00e9s par une voiture de la police de circulation.","og_url":"https:\/\/kapitalis.com\/tunisie\/2021\/04\/13\/souassi-tensions-a-sidi-zid-apres-le-deces-de-deux-jeunes-heurtes-par-une-voiture-de-police\/","og_site_name":"Kapitalis","article_publisher":"https:\/\/www.facebook.com\/KapitalisInfo\/","article_published_time":"2021-04-13T00:01:45+00:00","article_modified_time":"2021-04-13T00:08:08+00:00","og_image":[{"width":1200,"height":630,"url":"https:\/\/kapitalis.com\/tunisie\/wp-content\/uploads\/2022\/05\/kapitalis-logo-fb.png","type":"image\/png"}],"author":"Yusra NY","twitter_card":"summary_large_image","twitter_creator":"@KapitalisInfo","twitter_site":"@KapitalisInfo","twitter_misc":{"\u00c9crit par":"Yusra NY","Dur\u00e9e de lecture estim\u00e9e":"1 minute"},"schema":{"@context":"https:\/\/schema.org","@graph":[{"@type":"Article","@id":"https:\/\/kapitalis.com\/tunisie\/2021\/04\/13\/souassi-tensions-a-sidi-zid-apres-le-deces-de-deux-jeunes-heurtes-par-une-voiture-de-police\/#article","isPartOf":{"@id":"https:\/\/kapitalis.com\/tunisie\/2021\/04\/13\/souassi-tensions-a-sidi-zid-apres-le-deces-de-deux-jeunes-heurtes-par-une-voiture-de-police\/"},"author":{"name":"Yusra NY","@id":"https:\/\/kapitalis.com\/tunisie\/#\/schema\/person\/74bbde0154d49d790a92aaeac5bc01d5"},"headline":"Souassi : Tensions \u00e0 Sidi Zid apr\u00e8s le d\u00e9c\u00e8s de deux jeunes heurt\u00e9s par une voiture de police","datePublished":"2021-04-13T00:01:45+00:00","dateModified":"2021-04-13T00:08:08+00:00","mainEntityOfPage":{"@id":"https:\/\/kapitalis.com\/tunisie\/2021\/04\/13\/souassi-tensions-a-sidi-zid-apres-le-deces-de-deux-jeunes-heurtes-par-une-voiture-de-police\/"},"wordCount":189,"commentCount":0,"publisher":{"@id":"https:\/\/kapitalis.com\/tunisie\/#organization"},"image":{"@id":"https:\/\/kapitalis.com\/tunisie\/2021\/04\/13\/souassi-tensions-a-sidi-zid-apres-le-deces-de-deux-jeunes-heurtes-par-une-voiture-de-police\/#primaryimage"},"thumbnailUrl":"","keywords":["accident","d\u00e9c\u00e8s","Incendie","Mahdia","Sidi Zid","Souassi","tensions","voiture police"],"articleSection":["SOCIETE","Tunisie"],"inLanguage":"fr-FR","potentialAction":[{"@type":"CommentAction","name":"Comment","target":["https:\/\/kapitalis.com\/tunisie\/2021\/04\/13\/souassi-tensions-a-sidi-zid-apres-le-deces-de-deux-jeunes-heurtes-par-une-voiture-de-police\/#respond"]}]},{"@type":"WebPage","@id":"https:\/\/kapitalis.com\/tunisie\/2021\/04\/13\/souassi-tensions-a-sidi-zid-apres-le-deces-de-deux-jeunes-heurtes-par-une-voiture-de-police\/","url":"https:\/\/kapitalis.com\/tunisie\/2021\/04\/13\/souassi-tensions-a-sidi-zid-apres-le-deces-de-deux-jeunes-heurtes-par-une-voiture-de-police\/","name":"Souassi : Tensions \u00e0 Sidi Zid apr\u00e8s le d\u00e9c\u00e8s de deux jeunes heurt\u00e9s par une voiture de police - Kapitalis","isPartOf":{"@id":"https:\/\/kapitalis.com\/tunisie\/#website"},"primaryImageOfPage":{"@id":"https:\/\/kapitalis.com\/tunisie\/2021\/04\/13\/souassi-tensions-a-sidi-zid-apres-le-deces-de-deux-jeunes-heurtes-par-une-voiture-de-police\/#primaryimage"},"image":{"@id":"https:\/\/kapitalis.com\/tunisie\/2021\/04\/13\/souassi-tensions-a-sidi-zid-apres-le-deces-de-deux-jeunes-heurtes-par-une-voiture-de-police\/#primaryimage"},"thumbnailUrl":"","datePublished":"2021-04-13T00:01:45+00:00","dateModified":"2021-04-13T00:08:08+00:00","breadcrumb":{"@id":"https:\/\/kapitalis.com\/tunisie\/2021\/04\/13\/souassi-tensions-a-sidi-zid-apres-le-deces-de-deux-jeunes-heurtes-par-une-voiture-de-police\/#breadcrumb"},"inLanguage":"fr-FR","potentialAction":[{"@type":"ReadAction","target":["https:\/\/kapitalis.com\/tunisie\/2021\/04\/13\/souassi-tensions-a-sidi-zid-apres-le-deces-de-deux-jeunes-heurtes-par-une-voiture-de-police\/"]}]},{"@type":"ImageObject","inLanguage":"fr-FR","@id":"https:\/\/kapitalis.com\/tunisie\/2021\/04\/13\/souassi-tensions-a-sidi-zid-apres-le-deces-de-deux-jeunes-heurtes-par-une-voiture-de-police\/#primaryimage","url":"","contentUrl":""},{"@type":"BreadcrumbList","@id":"https:\/\/kapitalis.com\/tunisie\/2021\/04\/13\/souassi-tensions-a-sidi-zid-apres-le-deces-de-deux-jeunes-heurtes-par-une-voiture-de-police\/#breadcrumb","itemListElement":[{"@type":"ListItem","position":1,"name":"Accueil","item":"https:\/\/kapitalis.com\/tunisie\/"},{"@type":"ListItem","position":2,"name":"Souassi : Tensions \u00e0 Sidi Zid apr\u00e8s le d\u00e9c\u00e8s de deux jeunes heurt\u00e9s par une voiture de police"}]},{"@type":"WebSite","@id":"https:\/\/kapitalis.com\/tunisie\/#website","url":"https:\/\/kapitalis.com\/tunisie\/","name":"Kapitalis","description":"L&#039;actualit\u00e9 en Tunisie et dans le monde","publisher":{"@id":"https:\/\/kapitalis.com\/tunisie\/#organization"},"potentialAction":[{"@type":"SearchAction","target":{"@type":"EntryPoint","urlTemplate":"https:\/\/kapitalis.com\/tunisie\/?s={search_term_string}"},"query-input":{"@type":"PropertyValueSpecification","valueRequired":true,"valueName":"search_term_string"}}],"inLanguage":"fr-FR"},{"@type":"Organization","@id":"https:\/\/kapitalis.com\/tunisie\/#organization","name":"Kapitalis","url":"https:\/\/kapitalis.com\/tunisie\/","logo":{"@type":"ImageObject","inLanguage":"fr-FR","@id":"https:\/\/kapitalis.com\/tunisie\/#\/schema\/logo\/image\/","url":"https:\/\/kapitalis.com\/tunisie\/wp-content\/uploads\/2022\/05\/Kapitalis-big-size.png","contentUrl":"https:\/\/kapitalis.com\/tunisie\/wp-content\/uploads\/2022\/05\/Kapitalis-big-size.png","width":5000,"height":1500,"caption":"Kapitalis"},"image":{"@id":"https:\/\/kapitalis.com\/tunisie\/#\/schema\/logo\/image\/"},"sameAs":["https:\/\/www.facebook.com\/KapitalisInfo\/","https:\/\/x.com\/KapitalisInfo","https:\/\/www.youtube.com\/channel\/UC-yDYrHyfFBWWZaOw3FPg9Q"]},{"@type":"Person","@id":"https:\/\/kapitalis.com\/tunisie\/#\/schema\/person\/74bbde0154d49d790a92aaeac5bc01d5","name":"Yusra NY","url":"https:\/\/kapitalis.com\/tunisie\/author\/yuza_adam\/"}]}},"_links":{"self":[{"href":"https:\/\/kapitalis.com\/tunisie\/wp-json\/wp\/v2\/posts\/345310","targetHints":{"allow":["GET"]}}],"collection":[{"href":"https:\/\/kapitalis.com\/tunisie\/wp-json\/wp\/v2\/posts"}],"about":[{"href":"https:\/\/kapitalis.com\/tunisie\/wp-json\/wp\/v2\/types\/post"}],"author":[{"embeddable":true,"href":"https:\/\/kapitalis.com\/tunisie\/wp-json\/wp\/v2\/users\/6"}],"replies":[{"embeddable":true,"href":"https:\/\/kapitalis.com\/tunisie\/wp-json\/wp\/v2\/comments?post=345310"}],"version-history":[{"count":0,"href":"https:\/\/kapitalis.com\/tunisie\/wp-json\/wp\/v2\/posts\/345310\/revisions"}],"wp:featuredmedia":[{"embeddable":true,"href":"https:\/\/kapitalis.com\/tunisie\/wp-json\/wp\/v2\/media\/345312"}],"wp:attachment":[{"href":"https:\/\/kapitalis.com\/tunisie\/wp-json\/wp\/v2\/media?parent=345310"}],"wp:term":[{"taxonomy":"category","embeddable":true,"href":"https:\/\/kapitalis.com\/tunisie\/wp-json\/wp\/v2\/categories?post=345310"},{"taxonomy":"post_tag","embeddable":true,"href":"https:\/\/kapitalis.com\/tunisie\/wp-json\/wp\/v2\/tags?post=345310"}],"curies":[{"name":"wp","href":"https:\/\/api.w.org\/{rel}","templated":true}]}}