{"id":345324,"date":"2021-04-13T09:29:00","date_gmt":"2021-04-13T08:29:00","guid":{"rendered":"http:\/\/kapitalis.com\/tunisie\/?p=345324"},"modified":"2021-04-13T09:31:41","modified_gmt":"2021-04-13T08:31:41","slug":"agence-tap-le-personnel-observera-une-greve-generale-dun-jour","status":"publish","type":"post","link":"https:\/\/kapitalis.com\/tunisie\/2021\/04\/13\/agence-tap-le-personnel-observera-une-greve-generale-dun-jour\/","title":{"rendered":"Agence Tap : Le personnel observera une gr\u00e8ve g\u00e9n\u00e9rale d&rsquo;un jour"},"content":{"rendered":"\n<figure class=\"wp-block-image size-large\"><img decoding=\"async\" src=\"http:\/\/kapitalis.com\/tunisie\/wp-content\/uploads\/2019\/12\/TAP.jpg\" alt=\"\" class=\"wp-image-260822\"\/><\/figure>\n\n\n\n<p><em><strong>Le personnel de l&rsquo;agence Tunis Afrique Presse (Tap) a d\u00e9cid\u00e9 d&rsquo;observer une gr\u00e8ve g\u00e9n\u00e9rale pr\u00e9sentielle d&rsquo;un jour, le jeudi 22 avril 2021, pour protester contre le maintien de Kamel Ben Younes \u00e0 la t\u00eate de l&rsquo;agence.<\/strong><\/em><\/p>\n\n\n\n<!--more-->\n\n\n\n<p>Le Syndicat national des journalistes tunisiens (SNJT) avait appel\u00e9 le gouvernement \u00e0 renoncer \u00e0 cette nomination et \u00e0 mettre en place des crit\u00e8res professionnels et transparents dans le cadre de ce genre de nominations, afin de garantir l&rsquo;ind\u00e9pendance et l&rsquo;impartialit\u00e9s des m\u00e9dias publics.<\/p>\n\n\n\n<p>Notons que Kamel Ben Younes est connu pour sa proximit\u00e9 du mouvement islamiste Ennahdha, qui constitue aujourd&rsquo;hui la composante principale de la ceinture politique du gouvernement Mechichi.<\/p>\n\n\n\n<p class=\"has-text-align-right\"><strong>C. B. Y.<\/strong><\/p>\n\n\n\n<figure class=\"wp-block-embed is-type-wp-embed is-provider-kapitalis wp-block-embed-kapitalis\"><div class=\"wp-block-embed__wrapper\">\n<blockquote class=\"wp-embedded-content\" data-secret=\"OsEoHT1hNi\"><a href=\"https:\/\/kapitalis.com\/tunisie\/2021\/04\/13\/abdellatif-mekki-confirme-lappartenance-de-kamel-ben-younes-a-ennahdha\/\">Abdellatif Mekki confirme l\u2019appartenance de Kamel Ben Younes \u00e0 Ennahdha<\/a><\/blockquote><iframe loading=\"lazy\" class=\"wp-embedded-content\" sandbox=\"allow-scripts\" security=\"restricted\" style=\"position: absolute; clip: rect(1px, 1px, 1px, 1px);\" title=\"\u00ab\u00a0Abdellatif Mekki confirme l\u2019appartenance de Kamel Ben Younes \u00e0 Ennahdha\u00a0\u00bb &#8212; Kapitalis\" src=\"https:\/\/kapitalis.com\/tunisie\/2021\/04\/13\/abdellatif-mekki-confirme-lappartenance-de-kamel-ben-younes-a-ennahdha\/embed\/#?secret=eir0dEiWgK#?secret=OsEoHT1hNi\" data-secret=\"OsEoHT1hNi\" width=\"600\" height=\"338\" frameborder=\"0\" marginwidth=\"0\" marginheight=\"0\" scrolling=\"no\"><\/iframe>\n<\/div><\/figure>\n","protected":false},"excerpt":{"rendered":"<p>Le personnel de l&rsquo;agence Tunis Afrique Presse (Tap) a d\u00e9cid\u00e9 d&rsquo;observer une gr\u00e8ve g\u00e9n\u00e9rale pr\u00e9sentielle d&rsquo;un jour, le jeudi 22 avril 2021, pour protester contre le maintien de Kamel Ben Younes \u00e0 la t\u00eate de l&rsquo;agence.<\/p>\n","protected":false},"author":24,"featured_media":0,"comment_status":"open","ping_status":"open","sticky":false,"template":"","format":"standard","meta":{"footnotes":""},"categories":[996,2433],"tags":[49543,81393,89096,10311],"class_list":["post-345324","post","type-post","status-publish","format-standard","hentry","category-media","category-tunisie","tag-ennahdha","tag-gouvernement-mechichi","tag-kamel-ben-younes-2","tag-tap"],"yoast_head":"<!-- This site is optimized with the Yoast SEO plugin v26.6 - https:\/\/yoast.com\/wordpress\/plugins\/seo\/ -->\n<title>Agence Tap : Le personnel observera une gr\u00e8ve g\u00e9n\u00e9rale d&#039;un jour - Kapitalis<\/title>\n<meta name=\"robots\" content=\"index, follow, max-snippet:-1, max-image-preview:large, max-video-preview:-1\" \/>\n<link rel=\"canonical\" href=\"https:\/\/kapitalis.com\/tunisie\/2021\/04\/13\/agence-tap-le-personnel-observera-une-greve-generale-dun-jour\/\" \/>\n<meta property=\"og:locale\" content=\"fr_FR\" \/>\n<meta property=\"og:type\" content=\"article\" \/>\n<meta property=\"og:title\" content=\"Agence Tap : Le personnel observera une gr\u00e8ve g\u00e9n\u00e9rale d&#039;un jour - Kapitalis\" \/>\n<meta property=\"og:description\" content=\"Le personnel de l&rsquo;agence Tunis Afrique Presse (Tap) a d\u00e9cid\u00e9 d&rsquo;observer une gr\u00e8ve g\u00e9n\u00e9rale pr\u00e9sentielle d&rsquo;un jour, le jeudi 22 avril 2021, pour protester contre le maintien de Kamel Ben Younes \u00e0 la t\u00eate de l&rsquo;agence.\" \/>\n<meta property=\"og:url\" content=\"https:\/\/kapitalis.com\/tunisie\/2021\/04\/13\/agence-tap-le-personnel-observera-une-greve-generale-dun-jour\/\" \/>\n<meta property=\"og:site_name\" content=\"Kapitalis\" \/>\n<meta property=\"article:publisher\" content=\"https:\/\/www.facebook.com\/KapitalisInfo\/\" \/>\n<meta property=\"article:published_time\" content=\"2021-04-13T08:29:00+00:00\" \/>\n<meta property=\"article:modified_time\" content=\"2021-04-13T08:31:41+00:00\" \/>\n<meta property=\"og:image\" content=\"http:\/\/kapitalis.com\/tunisie\/wp-content\/uploads\/2019\/12\/TAP.jpg\" \/>\n<meta name=\"author\" content=\"Cherif Benyounes\" \/>\n<meta name=\"twitter:card\" content=\"summary_large_image\" \/>\n<meta name=\"twitter:creator\" content=\"@KapitalisInfo\" \/>\n<meta name=\"twitter:site\" content=\"@KapitalisInfo\" \/>\n<meta name=\"twitter:label1\" content=\"\u00c9crit par\" \/>\n\t<meta name=\"twitter:data1\" content=\"Cherif Benyounes\" \/>\n\t<meta name=\"twitter:label2\" content=\"Dur\u00e9e de lecture estim\u00e9e\" \/>\n\t<meta name=\"twitter:data2\" content=\"1 minute\" \/>\n<script type=\"application\/ld+json\" class=\"yoast-schema-graph\">{\"@context\":\"https:\/\/schema.org\",\"@graph\":[{\"@type\":\"Article\",\"@id\":\"https:\/\/kapitalis.com\/tunisie\/2021\/04\/13\/agence-tap-le-personnel-observera-une-greve-generale-dun-jour\/#article\",\"isPartOf\":{\"@id\":\"https:\/\/kapitalis.com\/tunisie\/2021\/04\/13\/agence-tap-le-personnel-observera-une-greve-generale-dun-jour\/\"},\"author\":{\"name\":\"Cherif Benyounes\",\"@id\":\"https:\/\/kapitalis.com\/tunisie\/#\/schema\/person\/b35b8d631961131107263178aeb8019e\"},\"headline\":\"Agence Tap : Le personnel observera une gr\u00e8ve g\u00e9n\u00e9rale d&rsquo;un jour\",\"datePublished\":\"2021-04-13T08:29:00+00:00\",\"dateModified\":\"2021-04-13T08:31:41+00:00\",\"mainEntityOfPage\":{\"@id\":\"https:\/\/kapitalis.com\/tunisie\/2021\/04\/13\/agence-tap-le-personnel-observera-une-greve-generale-dun-jour\/\"},\"wordCount\":131,\"commentCount\":1,\"publisher\":{\"@id\":\"https:\/\/kapitalis.com\/tunisie\/#organization\"},\"image\":{\"@id\":\"https:\/\/kapitalis.com\/tunisie\/2021\/04\/13\/agence-tap-le-personnel-observera-une-greve-generale-dun-jour\/#primaryimage\"},\"thumbnailUrl\":\"http:\/\/kapitalis.com\/tunisie\/wp-content\/uploads\/2019\/12\/TAP.jpg\",\"keywords\":[\"Ennahdha\",\"Gouvernement Mechichi\",\"Kamel Ben Younes\",\"Tap\"],\"articleSection\":[\"MEDIA\",\"Tunisie\"],\"inLanguage\":\"fr-FR\",\"potentialAction\":[{\"@type\":\"CommentAction\",\"name\":\"Comment\",\"target\":[\"https:\/\/kapitalis.com\/tunisie\/2021\/04\/13\/agence-tap-le-personnel-observera-une-greve-generale-dun-jour\/#respond\"]}]},{\"@type\":\"WebPage\",\"@id\":\"https:\/\/kapitalis.com\/tunisie\/2021\/04\/13\/agence-tap-le-personnel-observera-une-greve-generale-dun-jour\/\",\"url\":\"https:\/\/kapitalis.com\/tunisie\/2021\/04\/13\/agence-tap-le-personnel-observera-une-greve-generale-dun-jour\/\",\"name\":\"Agence Tap : Le personnel observera une gr\u00e8ve g\u00e9n\u00e9rale d'un jour - Kapitalis\",\"isPartOf\":{\"@id\":\"https:\/\/kapitalis.com\/tunisie\/#website\"},\"primaryImageOfPage\":{\"@id\":\"https:\/\/kapitalis.com\/tunisie\/2021\/04\/13\/agence-tap-le-personnel-observera-une-greve-generale-dun-jour\/#primaryimage\"},\"image\":{\"@id\":\"https:\/\/kapitalis.com\/tunisie\/2021\/04\/13\/agence-tap-le-personnel-observera-une-greve-generale-dun-jour\/#primaryimage\"},\"thumbnailUrl\":\"http:\/\/kapitalis.com\/tunisie\/wp-content\/uploads\/2019\/12\/TAP.jpg\",\"datePublished\":\"2021-04-13T08:29:00+00:00\",\"dateModified\":\"2021-04-13T08:31:41+00:00\",\"breadcrumb\":{\"@id\":\"https:\/\/kapitalis.com\/tunisie\/2021\/04\/13\/agence-tap-le-personnel-observera-une-greve-generale-dun-jour\/#breadcrumb\"},\"inLanguage\":\"fr-FR\",\"potentialAction\":[{\"@type\":\"ReadAction\",\"target\":[\"https:\/\/kapitalis.com\/tunisie\/2021\/04\/13\/agence-tap-le-personnel-observera-une-greve-generale-dun-jour\/\"]}]},{\"@type\":\"ImageObject\",\"inLanguage\":\"fr-FR\",\"@id\":\"https:\/\/kapitalis.com\/tunisie\/2021\/04\/13\/agence-tap-le-personnel-observera-une-greve-generale-dun-jour\/#primaryimage\",\"url\":\"\",\"contentUrl\":\"\"},{\"@type\":\"BreadcrumbList\",\"@id\":\"https:\/\/kapitalis.com\/tunisie\/2021\/04\/13\/agence-tap-le-personnel-observera-une-greve-generale-dun-jour\/#breadcrumb\",\"itemListElement\":[{\"@type\":\"ListItem\",\"position\":1,\"name\":\"Accueil\",\"item\":\"https:\/\/kapitalis.com\/tunisie\/\"},{\"@type\":\"ListItem\",\"position\":2,\"name\":\"Agence Tap : Le personnel observera une gr\u00e8ve g\u00e9n\u00e9rale d&rsquo;un jour\"}]},{\"@type\":\"WebSite\",\"@id\":\"https:\/\/kapitalis.com\/tunisie\/#website\",\"url\":\"https:\/\/kapitalis.com\/tunisie\/\",\"name\":\"Kapitalis\",\"description\":\"L&#039;actualit\u00e9 en Tunisie et dans le monde\",\"publisher\":{\"@id\":\"https:\/\/kapitalis.com\/tunisie\/#organization\"},\"potentialAction\":[{\"@type\":\"SearchAction\",\"target\":{\"@type\":\"EntryPoint\",\"urlTemplate\":\"https:\/\/kapitalis.com\/tunisie\/?s={search_term_string}\"},\"query-input\":{\"@type\":\"PropertyValueSpecification\",\"valueRequired\":true,\"valueName\":\"search_term_string\"}}],\"inLanguage\":\"fr-FR\"},{\"@type\":\"Organization\",\"@id\":\"https:\/\/kapitalis.com\/tunisie\/#organization\",\"name\":\"Kapitalis\",\"url\":\"https:\/\/kapitalis.com\/tunisie\/\",\"logo\":{\"@type\":\"ImageObject\",\"inLanguage\":\"fr-FR\",\"@id\":\"https:\/\/kapitalis.com\/tunisie\/#\/schema\/logo\/image\/\",\"url\":\"https:\/\/kapitalis.com\/tunisie\/wp-content\/uploads\/2022\/05\/Kapitalis-big-size.png\",\"contentUrl\":\"https:\/\/kapitalis.com\/tunisie\/wp-content\/uploads\/2022\/05\/Kapitalis-big-size.png\",\"width\":5000,\"height\":1500,\"caption\":\"Kapitalis\"},\"image\":{\"@id\":\"https:\/\/kapitalis.com\/tunisie\/#\/schema\/logo\/image\/\"},\"sameAs\":[\"https:\/\/www.facebook.com\/KapitalisInfo\/\",\"https:\/\/x.com\/KapitalisInfo\",\"https:\/\/www.youtube.com\/channel\/UC-yDYrHyfFBWWZaOw3FPg9Q\"]},{\"@type\":\"Person\",\"@id\":\"https:\/\/kapitalis.com\/tunisie\/#\/schema\/person\/b35b8d631961131107263178aeb8019e\",\"name\":\"Cherif Benyounes\",\"url\":\"https:\/\/kapitalis.com\/tunisie\/author\/cherif\/\"}]}<\/script>\n<!-- \/ Yoast SEO plugin. -->","yoast_head_json":{"title":"Agence Tap : Le personnel observera une gr\u00e8ve g\u00e9n\u00e9rale d'un jour - Kapitalis","robots":{"index":"index","follow":"follow","max-snippet":"max-snippet:-1","max-image-preview":"max-image-preview:large","max-video-preview":"max-video-preview:-1"},"canonical":"https:\/\/kapitalis.com\/tunisie\/2021\/04\/13\/agence-tap-le-personnel-observera-une-greve-generale-dun-jour\/","og_locale":"fr_FR","og_type":"article","og_title":"Agence Tap : Le personnel observera une gr\u00e8ve g\u00e9n\u00e9rale d'un jour - Kapitalis","og_description":"Le personnel de l&rsquo;agence Tunis Afrique Presse (Tap) a d\u00e9cid\u00e9 d&rsquo;observer une gr\u00e8ve g\u00e9n\u00e9rale pr\u00e9sentielle d&rsquo;un jour, le jeudi 22 avril 2021, pour protester contre le maintien de Kamel Ben Younes \u00e0 la t\u00eate de l&rsquo;agence.","og_url":"https:\/\/kapitalis.com\/tunisie\/2021\/04\/13\/agence-tap-le-personnel-observera-une-greve-generale-dun-jour\/","og_site_name":"Kapitalis","article_publisher":"https:\/\/www.facebook.com\/KapitalisInfo\/","article_published_time":"2021-04-13T08:29:00+00:00","article_modified_time":"2021-04-13T08:31:41+00:00","og_image":[{"url":"http:\/\/kapitalis.com\/tunisie\/wp-content\/uploads\/2019\/12\/TAP.jpg","type":"","width":"","height":""}],"author":"Cherif Benyounes","twitter_card":"summary_large_image","twitter_creator":"@KapitalisInfo","twitter_site":"@KapitalisInfo","twitter_misc":{"\u00c9crit par":"Cherif Benyounes","Dur\u00e9e de lecture estim\u00e9e":"1 minute"},"schema":{"@context":"https:\/\/schema.org","@graph":[{"@type":"Article","@id":"https:\/\/kapitalis.com\/tunisie\/2021\/04\/13\/agence-tap-le-personnel-observera-une-greve-generale-dun-jour\/#article","isPartOf":{"@id":"https:\/\/kapitalis.com\/tunisie\/2021\/04\/13\/agence-tap-le-personnel-observera-une-greve-generale-dun-jour\/"},"author":{"name":"Cherif Benyounes","@id":"https:\/\/kapitalis.com\/tunisie\/#\/schema\/person\/b35b8d631961131107263178aeb8019e"},"headline":"Agence Tap : Le personnel observera une gr\u00e8ve g\u00e9n\u00e9rale d&rsquo;un jour","datePublished":"2021-04-13T08:29:00+00:00","dateModified":"2021-04-13T08:31:41+00:00","mainEntityOfPage":{"@id":"https:\/\/kapitalis.com\/tunisie\/2021\/04\/13\/agence-tap-le-personnel-observera-une-greve-generale-dun-jour\/"},"wordCount":131,"commentCount":1,"publisher":{"@id":"https:\/\/kapitalis.com\/tunisie\/#organization"},"image":{"@id":"https:\/\/kapitalis.com\/tunisie\/2021\/04\/13\/agence-tap-le-personnel-observera-une-greve-generale-dun-jour\/#primaryimage"},"thumbnailUrl":"http:\/\/kapitalis.com\/tunisie\/wp-content\/uploads\/2019\/12\/TAP.jpg","keywords":["Ennahdha","Gouvernement Mechichi","Kamel Ben Younes","Tap"],"articleSection":["MEDIA","Tunisie"],"inLanguage":"fr-FR","potentialAction":[{"@type":"CommentAction","name":"Comment","target":["https:\/\/kapitalis.com\/tunisie\/2021\/04\/13\/agence-tap-le-personnel-observera-une-greve-generale-dun-jour\/#respond"]}]},{"@type":"WebPage","@id":"https:\/\/kapitalis.com\/tunisie\/2021\/04\/13\/agence-tap-le-personnel-observera-une-greve-generale-dun-jour\/","url":"https:\/\/kapitalis.com\/tunisie\/2021\/04\/13\/agence-tap-le-personnel-observera-une-greve-generale-dun-jour\/","name":"Agence Tap : Le personnel observera une gr\u00e8ve g\u00e9n\u00e9rale d'un jour - Kapitalis","isPartOf":{"@id":"https:\/\/kapitalis.com\/tunisie\/#website"},"primaryImageOfPage":{"@id":"https:\/\/kapitalis.com\/tunisie\/2021\/04\/13\/agence-tap-le-personnel-observera-une-greve-generale-dun-jour\/#primaryimage"},"image":{"@id":"https:\/\/kapitalis.com\/tunisie\/2021\/04\/13\/agence-tap-le-personnel-observera-une-greve-generale-dun-jour\/#primaryimage"},"thumbnailUrl":"http:\/\/kapitalis.com\/tunisie\/wp-content\/uploads\/2019\/12\/TAP.jpg","datePublished":"2021-04-13T08:29:00+00:00","dateModified":"2021-04-13T08:31:41+00:00","breadcrumb":{"@id":"https:\/\/kapitalis.com\/tunisie\/2021\/04\/13\/agence-tap-le-personnel-observera-une-greve-generale-dun-jour\/#breadcrumb"},"inLanguage":"fr-FR","potentialAction":[{"@type":"ReadAction","target":["https:\/\/kapitalis.com\/tunisie\/2021\/04\/13\/agence-tap-le-personnel-observera-une-greve-generale-dun-jour\/"]}]},{"@type":"ImageObject","inLanguage":"fr-FR","@id":"https:\/\/kapitalis.com\/tunisie\/2021\/04\/13\/agence-tap-le-personnel-observera-une-greve-generale-dun-jour\/#primaryimage","url":"","contentUrl":""},{"@type":"BreadcrumbList","@id":"https:\/\/kapitalis.com\/tunisie\/2021\/04\/13\/agence-tap-le-personnel-observera-une-greve-generale-dun-jour\/#breadcrumb","itemListElement":[{"@type":"ListItem","position":1,"name":"Accueil","item":"https:\/\/kapitalis.com\/tunisie\/"},{"@type":"ListItem","position":2,"name":"Agence Tap : Le personnel observera une gr\u00e8ve g\u00e9n\u00e9rale d&rsquo;un jour"}]},{"@type":"WebSite","@id":"https:\/\/kapitalis.com\/tunisie\/#website","url":"https:\/\/kapitalis.com\/tunisie\/","name":"Kapitalis","description":"L&#039;actualit\u00e9 en Tunisie et dans le monde","publisher":{"@id":"https:\/\/kapitalis.com\/tunisie\/#organization"},"potentialAction":[{"@type":"SearchAction","target":{"@type":"EntryPoint","urlTemplate":"https:\/\/kapitalis.com\/tunisie\/?s={search_term_string}"},"query-input":{"@type":"PropertyValueSpecification","valueRequired":true,"valueName":"search_term_string"}}],"inLanguage":"fr-FR"},{"@type":"Organization","@id":"https:\/\/kapitalis.com\/tunisie\/#organization","name":"Kapitalis","url":"https:\/\/kapitalis.com\/tunisie\/","logo":{"@type":"ImageObject","inLanguage":"fr-FR","@id":"https:\/\/kapitalis.com\/tunisie\/#\/schema\/logo\/image\/","url":"https:\/\/kapitalis.com\/tunisie\/wp-content\/uploads\/2022\/05\/Kapitalis-big-size.png","contentUrl":"https:\/\/kapitalis.com\/tunisie\/wp-content\/uploads\/2022\/05\/Kapitalis-big-size.png","width":5000,"height":1500,"caption":"Kapitalis"},"image":{"@id":"https:\/\/kapitalis.com\/tunisie\/#\/schema\/logo\/image\/"},"sameAs":["https:\/\/www.facebook.com\/KapitalisInfo\/","https:\/\/x.com\/KapitalisInfo","https:\/\/www.youtube.com\/channel\/UC-yDYrHyfFBWWZaOw3FPg9Q"]},{"@type":"Person","@id":"https:\/\/kapitalis.com\/tunisie\/#\/schema\/person\/b35b8d631961131107263178aeb8019e","name":"Cherif Benyounes","url":"https:\/\/kapitalis.com\/tunisie\/author\/cherif\/"}]}},"_links":{"self":[{"href":"https:\/\/kapitalis.com\/tunisie\/wp-json\/wp\/v2\/posts\/345324","targetHints":{"allow":["GET"]}}],"collection":[{"href":"https:\/\/kapitalis.com\/tunisie\/wp-json\/wp\/v2\/posts"}],"about":[{"href":"https:\/\/kapitalis.com\/tunisie\/wp-json\/wp\/v2\/types\/post"}],"author":[{"embeddable":true,"href":"https:\/\/kapitalis.com\/tunisie\/wp-json\/wp\/v2\/users\/24"}],"replies":[{"embeddable":true,"href":"https:\/\/kapitalis.com\/tunisie\/wp-json\/wp\/v2\/comments?post=345324"}],"version-history":[{"count":0,"href":"https:\/\/kapitalis.com\/tunisie\/wp-json\/wp\/v2\/posts\/345324\/revisions"}],"wp:attachment":[{"href":"https:\/\/kapitalis.com\/tunisie\/wp-json\/wp\/v2\/media?parent=345324"}],"wp:term":[{"taxonomy":"category","embeddable":true,"href":"https:\/\/kapitalis.com\/tunisie\/wp-json\/wp\/v2\/categories?post=345324"},{"taxonomy":"post_tag","embeddable":true,"href":"https:\/\/kapitalis.com\/tunisie\/wp-json\/wp\/v2\/tags?post=345324"}],"curies":[{"name":"wp","href":"https:\/\/api.w.org\/{rel}","templated":true}]}}