{"id":345360,"date":"2021-04-13T12:19:14","date_gmt":"2021-04-13T11:19:14","guid":{"rendered":"http:\/\/kapitalis.com\/tunisie\/?p=345360"},"modified":"2021-04-13T12:19:17","modified_gmt":"2021-04-13T11:19:17","slug":"une-delegation-tunisienne-de-lindustrie-4-0-au-hannover-messe","status":"publish","type":"post","link":"https:\/\/kapitalis.com\/tunisie\/2021\/04\/13\/une-delegation-tunisienne-de-lindustrie-4-0-au-hannover-messe\/","title":{"rendered":"Une d\u00e9l\u00e9gation tunisienne de l\u2019industrie 4.0 au Hannover Messe"},"content":{"rendered":"\n<div class=\"wp-block-image\"><figure class=\"aligncenter size-large\"><img decoding=\"async\" src=\"http:\/\/kapitalis.com\/tunisie\/wp-content\/uploads\/2021\/04\/Hannover-Messe.jpg\" alt=\"\" class=\"wp-image-345361\"\/><\/figure><\/div>\n\n\n\n<p><strong><em>L\u2019industrie 4.0 est un d\u00e9fi et une v\u00e9ritable opportunit\u00e9 pour l\u2019industrie tunisienne. A cette fin, le minist\u00e8re tunisien de l\u2019Industrie, des Energies et des Mines (MIEN) et son partenaire, GIZ Tunisie, mandat\u00e9e par le minist\u00e8re allemand de la coop\u00e9ration BMZ, ont r\u00e9alis\u00e9 une feuille de route afin de mettre en \u0153uvre de l\u2019initiative \u00abVers une industrie 4.0 en Tunisie\u00bb.<\/em><\/strong><\/p>\n\n\n\n<!--more-->\n\n\n\n<p>C\u2019est dans ce contexte que le minist\u00e8re, la GIZ, le tech venture builder Betacube et l\u2019organisation Tunisian Startups se sont associ\u00e9s afin de permettre \u00e0 12 tech providers et 11 PME industrielles tunisiennes d\u2018\u00eatre pr\u00e9sents \u00e0 la foire du Hannover Messe, l\u2019un des \u00e9v\u00e9nements les plus importants consacr\u00e9 \u00e0 l\u2019industrie et aux technologies.<\/p>\n\n\n\n<p>L\u2019\u00e9dition 2021 a lieu du 12 au 16 avril, et se d\u00e9roule en format virtuel. Plus de 6500 exposants de 75 pays ont fait la d\u00e9monstration d\u2019une technologie d\u2019avenir lors du salon pr\u00e9c\u00e9dent. Environ 215.000 visiteurs sont venus au parc des expositions de Hanovre pour d\u00e9couvrir les solutions que l\u2019industrie 4.0, la 5G et les syst\u00e8mes autonomes pr\u00e9sentent pour leur entreprise.<\/p>\n\n\n\n<p>Les 5 jours de la <a href=\"http:\/\/www.hannovermesse.de\" target=\"_blank\" rel=\"noreferrer noopener\">Hannover Messe 2021<\/a> seront une occasion pour pr\u00e9senter les tendances, transf\u00e9rer les connaissances et initier des collaborations intersectorielles.<\/p>\n\n\n\n<p><strong><em><a href=\"https:\/\/www.facebook.com\/events\/136178158456868\/\" target=\"_blank\" rel=\"noreferrer noopener\">Page Facebook de la participation tunisienne. <\/a><\/em><\/strong><\/p>\n","protected":false},"excerpt":{"rendered":"<p>L\u2019industrie 4.0 est un d\u00e9fi et une v\u00e9ritable opportunit\u00e9 pour l\u2019industrie tunisienne. A cette fin, le minist\u00e8re tunisien de l\u2019Industrie, des Energies et des Mines (MIEN) et son partenaire, GIZ Tunisie, mandat\u00e9e par le minist\u00e8re allemand de la coop\u00e9ration BMZ, ont r\u00e9alis\u00e9 une feuille de route afin de mettre en \u0153uvre de l\u2019initiative \u00abVers une&#8230;<\/p>\n","protected":false},"author":8,"featured_media":345361,"comment_status":"open","ping_status":"open","sticky":false,"template":"","format":"standard","meta":{"footnotes":""},"categories":[995,2433],"tags":[64444,5179,89258,79228],"class_list":["post-345360","post","type-post","status-publish","format-standard","has-post-thumbnail","hentry","category-economie","category-tunisie","tag-bmz","tag-giz","tag-hannover-messe","tag-industrie-4-0"],"yoast_head":"<!-- This site is optimized with the Yoast SEO plugin v26.6 - https:\/\/yoast.com\/wordpress\/plugins\/seo\/ -->\n<title>Une d\u00e9l\u00e9gation tunisienne de l\u2019industrie 4.0 au Hannover Messe - Kapitalis<\/title>\n<meta name=\"robots\" content=\"index, follow, max-snippet:-1, max-image-preview:large, max-video-preview:-1\" \/>\n<link rel=\"canonical\" href=\"https:\/\/kapitalis.com\/tunisie\/2021\/04\/13\/une-delegation-tunisienne-de-lindustrie-4-0-au-hannover-messe\/\" \/>\n<meta property=\"og:locale\" content=\"fr_FR\" \/>\n<meta property=\"og:type\" content=\"article\" \/>\n<meta property=\"og:title\" content=\"Une d\u00e9l\u00e9gation tunisienne de l\u2019industrie 4.0 au Hannover Messe - Kapitalis\" \/>\n<meta property=\"og:description\" content=\"L\u2019industrie 4.0 est un d\u00e9fi et une v\u00e9ritable opportunit\u00e9 pour l\u2019industrie tunisienne. A cette fin, le minist\u00e8re tunisien de l\u2019Industrie, des Energies et des Mines (MIEN) et son partenaire, GIZ Tunisie, mandat\u00e9e par le minist\u00e8re allemand de la coop\u00e9ration BMZ, ont r\u00e9alis\u00e9 une feuille de route afin de mettre en \u0153uvre de l\u2019initiative \u00abVers une...\" \/>\n<meta property=\"og:url\" content=\"https:\/\/kapitalis.com\/tunisie\/2021\/04\/13\/une-delegation-tunisienne-de-lindustrie-4-0-au-hannover-messe\/\" \/>\n<meta property=\"og:site_name\" content=\"Kapitalis\" \/>\n<meta property=\"article:publisher\" content=\"https:\/\/www.facebook.com\/KapitalisInfo\/\" \/>\n<meta property=\"article:published_time\" content=\"2021-04-13T11:19:14+00:00\" \/>\n<meta property=\"article:modified_time\" content=\"2021-04-13T11:19:17+00:00\" \/>\n<meta property=\"og:image\" content=\"https:\/\/kapitalis.com\/tunisie\/wp-content\/uploads\/2022\/05\/kapitalis-logo-fb.png\" \/>\n\t<meta property=\"og:image:width\" content=\"1200\" \/>\n\t<meta property=\"og:image:height\" content=\"630\" \/>\n\t<meta property=\"og:image:type\" content=\"image\/png\" \/>\n<meta name=\"author\" content=\"webmaster kapitalis\" \/>\n<meta name=\"twitter:card\" content=\"summary_large_image\" \/>\n<meta name=\"twitter:creator\" content=\"@KapitalisInfo\" \/>\n<meta name=\"twitter:site\" content=\"@KapitalisInfo\" \/>\n<meta name=\"twitter:label1\" content=\"\u00c9crit par\" \/>\n\t<meta name=\"twitter:data1\" content=\"webmaster kapitalis\" \/>\n\t<meta name=\"twitter:label2\" content=\"Dur\u00e9e de lecture estim\u00e9e\" \/>\n\t<meta name=\"twitter:data2\" content=\"1 minute\" \/>\n<script type=\"application\/ld+json\" class=\"yoast-schema-graph\">{\"@context\":\"https:\/\/schema.org\",\"@graph\":[{\"@type\":\"Article\",\"@id\":\"https:\/\/kapitalis.com\/tunisie\/2021\/04\/13\/une-delegation-tunisienne-de-lindustrie-4-0-au-hannover-messe\/#article\",\"isPartOf\":{\"@id\":\"https:\/\/kapitalis.com\/tunisie\/2021\/04\/13\/une-delegation-tunisienne-de-lindustrie-4-0-au-hannover-messe\/\"},\"author\":{\"name\":\"webmaster kapitalis\",\"@id\":\"https:\/\/kapitalis.com\/tunisie\/#\/schema\/person\/d71f33a9ca44f7bad4698210b480c8e9\"},\"headline\":\"Une d\u00e9l\u00e9gation tunisienne de l\u2019industrie 4.0 au Hannover Messe\",\"datePublished\":\"2021-04-13T11:19:14+00:00\",\"dateModified\":\"2021-04-13T11:19:17+00:00\",\"mainEntityOfPage\":{\"@id\":\"https:\/\/kapitalis.com\/tunisie\/2021\/04\/13\/une-delegation-tunisienne-de-lindustrie-4-0-au-hannover-messe\/\"},\"wordCount\":230,\"commentCount\":2,\"publisher\":{\"@id\":\"https:\/\/kapitalis.com\/tunisie\/#organization\"},\"image\":{\"@id\":\"https:\/\/kapitalis.com\/tunisie\/2021\/04\/13\/une-delegation-tunisienne-de-lindustrie-4-0-au-hannover-messe\/#primaryimage\"},\"thumbnailUrl\":\"\",\"keywords\":[\"BMZ\",\"GIZ\",\"Hannover Messe\",\"industrie 4.0\"],\"articleSection\":[\"ECONOMIE\",\"Tunisie\"],\"inLanguage\":\"fr-FR\",\"potentialAction\":[{\"@type\":\"CommentAction\",\"name\":\"Comment\",\"target\":[\"https:\/\/kapitalis.com\/tunisie\/2021\/04\/13\/une-delegation-tunisienne-de-lindustrie-4-0-au-hannover-messe\/#respond\"]}]},{\"@type\":\"WebPage\",\"@id\":\"https:\/\/kapitalis.com\/tunisie\/2021\/04\/13\/une-delegation-tunisienne-de-lindustrie-4-0-au-hannover-messe\/\",\"url\":\"https:\/\/kapitalis.com\/tunisie\/2021\/04\/13\/une-delegation-tunisienne-de-lindustrie-4-0-au-hannover-messe\/\",\"name\":\"Une d\u00e9l\u00e9gation tunisienne de l\u2019industrie 4.0 au Hannover Messe - Kapitalis\",\"isPartOf\":{\"@id\":\"https:\/\/kapitalis.com\/tunisie\/#website\"},\"primaryImageOfPage\":{\"@id\":\"https:\/\/kapitalis.com\/tunisie\/2021\/04\/13\/une-delegation-tunisienne-de-lindustrie-4-0-au-hannover-messe\/#primaryimage\"},\"image\":{\"@id\":\"https:\/\/kapitalis.com\/tunisie\/2021\/04\/13\/une-delegation-tunisienne-de-lindustrie-4-0-au-hannover-messe\/#primaryimage\"},\"thumbnailUrl\":\"\",\"datePublished\":\"2021-04-13T11:19:14+00:00\",\"dateModified\":\"2021-04-13T11:19:17+00:00\",\"breadcrumb\":{\"@id\":\"https:\/\/kapitalis.com\/tunisie\/2021\/04\/13\/une-delegation-tunisienne-de-lindustrie-4-0-au-hannover-messe\/#breadcrumb\"},\"inLanguage\":\"fr-FR\",\"potentialAction\":[{\"@type\":\"ReadAction\",\"target\":[\"https:\/\/kapitalis.com\/tunisie\/2021\/04\/13\/une-delegation-tunisienne-de-lindustrie-4-0-au-hannover-messe\/\"]}]},{\"@type\":\"ImageObject\",\"inLanguage\":\"fr-FR\",\"@id\":\"https:\/\/kapitalis.com\/tunisie\/2021\/04\/13\/une-delegation-tunisienne-de-lindustrie-4-0-au-hannover-messe\/#primaryimage\",\"url\":\"\",\"contentUrl\":\"\"},{\"@type\":\"BreadcrumbList\",\"@id\":\"https:\/\/kapitalis.com\/tunisie\/2021\/04\/13\/une-delegation-tunisienne-de-lindustrie-4-0-au-hannover-messe\/#breadcrumb\",\"itemListElement\":[{\"@type\":\"ListItem\",\"position\":1,\"name\":\"Accueil\",\"item\":\"https:\/\/kapitalis.com\/tunisie\/\"},{\"@type\":\"ListItem\",\"position\":2,\"name\":\"Une d\u00e9l\u00e9gation tunisienne de l\u2019industrie 4.0 au Hannover Messe\"}]},{\"@type\":\"WebSite\",\"@id\":\"https:\/\/kapitalis.com\/tunisie\/#website\",\"url\":\"https:\/\/kapitalis.com\/tunisie\/\",\"name\":\"Kapitalis\",\"description\":\"L&#039;actualit\u00e9 en Tunisie et dans le monde\",\"publisher\":{\"@id\":\"https:\/\/kapitalis.com\/tunisie\/#organization\"},\"potentialAction\":[{\"@type\":\"SearchAction\",\"target\":{\"@type\":\"EntryPoint\",\"urlTemplate\":\"https:\/\/kapitalis.com\/tunisie\/?s={search_term_string}\"},\"query-input\":{\"@type\":\"PropertyValueSpecification\",\"valueRequired\":true,\"valueName\":\"search_term_string\"}}],\"inLanguage\":\"fr-FR\"},{\"@type\":\"Organization\",\"@id\":\"https:\/\/kapitalis.com\/tunisie\/#organization\",\"name\":\"Kapitalis\",\"url\":\"https:\/\/kapitalis.com\/tunisie\/\",\"logo\":{\"@type\":\"ImageObject\",\"inLanguage\":\"fr-FR\",\"@id\":\"https:\/\/kapitalis.com\/tunisie\/#\/schema\/logo\/image\/\",\"url\":\"https:\/\/kapitalis.com\/tunisie\/wp-content\/uploads\/2022\/05\/Kapitalis-big-size.png\",\"contentUrl\":\"https:\/\/kapitalis.com\/tunisie\/wp-content\/uploads\/2022\/05\/Kapitalis-big-size.png\",\"width\":5000,\"height\":1500,\"caption\":\"Kapitalis\"},\"image\":{\"@id\":\"https:\/\/kapitalis.com\/tunisie\/#\/schema\/logo\/image\/\"},\"sameAs\":[\"https:\/\/www.facebook.com\/KapitalisInfo\/\",\"https:\/\/x.com\/KapitalisInfo\",\"https:\/\/www.youtube.com\/channel\/UC-yDYrHyfFBWWZaOw3FPg9Q\"]},{\"@type\":\"Person\",\"@id\":\"https:\/\/kapitalis.com\/tunisie\/#\/schema\/person\/d71f33a9ca44f7bad4698210b480c8e9\",\"name\":\"webmaster kapitalis\",\"url\":\"https:\/\/kapitalis.com\/tunisie\/author\/webmaster-kapitalis\/\"}]}<\/script>\n<!-- \/ Yoast SEO plugin. -->","yoast_head_json":{"title":"Une d\u00e9l\u00e9gation tunisienne de l\u2019industrie 4.0 au Hannover Messe - Kapitalis","robots":{"index":"index","follow":"follow","max-snippet":"max-snippet:-1","max-image-preview":"max-image-preview:large","max-video-preview":"max-video-preview:-1"},"canonical":"https:\/\/kapitalis.com\/tunisie\/2021\/04\/13\/une-delegation-tunisienne-de-lindustrie-4-0-au-hannover-messe\/","og_locale":"fr_FR","og_type":"article","og_title":"Une d\u00e9l\u00e9gation tunisienne de l\u2019industrie 4.0 au Hannover Messe - Kapitalis","og_description":"L\u2019industrie 4.0 est un d\u00e9fi et une v\u00e9ritable opportunit\u00e9 pour l\u2019industrie tunisienne. A cette fin, le minist\u00e8re tunisien de l\u2019Industrie, des Energies et des Mines (MIEN) et son partenaire, GIZ Tunisie, mandat\u00e9e par le minist\u00e8re allemand de la coop\u00e9ration BMZ, ont r\u00e9alis\u00e9 une feuille de route afin de mettre en \u0153uvre de l\u2019initiative \u00abVers une...","og_url":"https:\/\/kapitalis.com\/tunisie\/2021\/04\/13\/une-delegation-tunisienne-de-lindustrie-4-0-au-hannover-messe\/","og_site_name":"Kapitalis","article_publisher":"https:\/\/www.facebook.com\/KapitalisInfo\/","article_published_time":"2021-04-13T11:19:14+00:00","article_modified_time":"2021-04-13T11:19:17+00:00","og_image":[{"width":1200,"height":630,"url":"https:\/\/kapitalis.com\/tunisie\/wp-content\/uploads\/2022\/05\/kapitalis-logo-fb.png","type":"image\/png"}],"author":"webmaster kapitalis","twitter_card":"summary_large_image","twitter_creator":"@KapitalisInfo","twitter_site":"@KapitalisInfo","twitter_misc":{"\u00c9crit par":"webmaster kapitalis","Dur\u00e9e de lecture estim\u00e9e":"1 minute"},"schema":{"@context":"https:\/\/schema.org","@graph":[{"@type":"Article","@id":"https:\/\/kapitalis.com\/tunisie\/2021\/04\/13\/une-delegation-tunisienne-de-lindustrie-4-0-au-hannover-messe\/#article","isPartOf":{"@id":"https:\/\/kapitalis.com\/tunisie\/2021\/04\/13\/une-delegation-tunisienne-de-lindustrie-4-0-au-hannover-messe\/"},"author":{"name":"webmaster kapitalis","@id":"https:\/\/kapitalis.com\/tunisie\/#\/schema\/person\/d71f33a9ca44f7bad4698210b480c8e9"},"headline":"Une d\u00e9l\u00e9gation tunisienne de l\u2019industrie 4.0 au Hannover Messe","datePublished":"2021-04-13T11:19:14+00:00","dateModified":"2021-04-13T11:19:17+00:00","mainEntityOfPage":{"@id":"https:\/\/kapitalis.com\/tunisie\/2021\/04\/13\/une-delegation-tunisienne-de-lindustrie-4-0-au-hannover-messe\/"},"wordCount":230,"commentCount":2,"publisher":{"@id":"https:\/\/kapitalis.com\/tunisie\/#organization"},"image":{"@id":"https:\/\/kapitalis.com\/tunisie\/2021\/04\/13\/une-delegation-tunisienne-de-lindustrie-4-0-au-hannover-messe\/#primaryimage"},"thumbnailUrl":"","keywords":["BMZ","GIZ","Hannover Messe","industrie 4.0"],"articleSection":["ECONOMIE","Tunisie"],"inLanguage":"fr-FR","potentialAction":[{"@type":"CommentAction","name":"Comment","target":["https:\/\/kapitalis.com\/tunisie\/2021\/04\/13\/une-delegation-tunisienne-de-lindustrie-4-0-au-hannover-messe\/#respond"]}]},{"@type":"WebPage","@id":"https:\/\/kapitalis.com\/tunisie\/2021\/04\/13\/une-delegation-tunisienne-de-lindustrie-4-0-au-hannover-messe\/","url":"https:\/\/kapitalis.com\/tunisie\/2021\/04\/13\/une-delegation-tunisienne-de-lindustrie-4-0-au-hannover-messe\/","name":"Une d\u00e9l\u00e9gation tunisienne de l\u2019industrie 4.0 au Hannover Messe - Kapitalis","isPartOf":{"@id":"https:\/\/kapitalis.com\/tunisie\/#website"},"primaryImageOfPage":{"@id":"https:\/\/kapitalis.com\/tunisie\/2021\/04\/13\/une-delegation-tunisienne-de-lindustrie-4-0-au-hannover-messe\/#primaryimage"},"image":{"@id":"https:\/\/kapitalis.com\/tunisie\/2021\/04\/13\/une-delegation-tunisienne-de-lindustrie-4-0-au-hannover-messe\/#primaryimage"},"thumbnailUrl":"","datePublished":"2021-04-13T11:19:14+00:00","dateModified":"2021-04-13T11:19:17+00:00","breadcrumb":{"@id":"https:\/\/kapitalis.com\/tunisie\/2021\/04\/13\/une-delegation-tunisienne-de-lindustrie-4-0-au-hannover-messe\/#breadcrumb"},"inLanguage":"fr-FR","potentialAction":[{"@type":"ReadAction","target":["https:\/\/kapitalis.com\/tunisie\/2021\/04\/13\/une-delegation-tunisienne-de-lindustrie-4-0-au-hannover-messe\/"]}]},{"@type":"ImageObject","inLanguage":"fr-FR","@id":"https:\/\/kapitalis.com\/tunisie\/2021\/04\/13\/une-delegation-tunisienne-de-lindustrie-4-0-au-hannover-messe\/#primaryimage","url":"","contentUrl":""},{"@type":"BreadcrumbList","@id":"https:\/\/kapitalis.com\/tunisie\/2021\/04\/13\/une-delegation-tunisienne-de-lindustrie-4-0-au-hannover-messe\/#breadcrumb","itemListElement":[{"@type":"ListItem","position":1,"name":"Accueil","item":"https:\/\/kapitalis.com\/tunisie\/"},{"@type":"ListItem","position":2,"name":"Une d\u00e9l\u00e9gation tunisienne de l\u2019industrie 4.0 au Hannover Messe"}]},{"@type":"WebSite","@id":"https:\/\/kapitalis.com\/tunisie\/#website","url":"https:\/\/kapitalis.com\/tunisie\/","name":"Kapitalis","description":"L&#039;actualit\u00e9 en Tunisie et dans le monde","publisher":{"@id":"https:\/\/kapitalis.com\/tunisie\/#organization"},"potentialAction":[{"@type":"SearchAction","target":{"@type":"EntryPoint","urlTemplate":"https:\/\/kapitalis.com\/tunisie\/?s={search_term_string}"},"query-input":{"@type":"PropertyValueSpecification","valueRequired":true,"valueName":"search_term_string"}}],"inLanguage":"fr-FR"},{"@type":"Organization","@id":"https:\/\/kapitalis.com\/tunisie\/#organization","name":"Kapitalis","url":"https:\/\/kapitalis.com\/tunisie\/","logo":{"@type":"ImageObject","inLanguage":"fr-FR","@id":"https:\/\/kapitalis.com\/tunisie\/#\/schema\/logo\/image\/","url":"https:\/\/kapitalis.com\/tunisie\/wp-content\/uploads\/2022\/05\/Kapitalis-big-size.png","contentUrl":"https:\/\/kapitalis.com\/tunisie\/wp-content\/uploads\/2022\/05\/Kapitalis-big-size.png","width":5000,"height":1500,"caption":"Kapitalis"},"image":{"@id":"https:\/\/kapitalis.com\/tunisie\/#\/schema\/logo\/image\/"},"sameAs":["https:\/\/www.facebook.com\/KapitalisInfo\/","https:\/\/x.com\/KapitalisInfo","https:\/\/www.youtube.com\/channel\/UC-yDYrHyfFBWWZaOw3FPg9Q"]},{"@type":"Person","@id":"https:\/\/kapitalis.com\/tunisie\/#\/schema\/person\/d71f33a9ca44f7bad4698210b480c8e9","name":"webmaster kapitalis","url":"https:\/\/kapitalis.com\/tunisie\/author\/webmaster-kapitalis\/"}]}},"_links":{"self":[{"href":"https:\/\/kapitalis.com\/tunisie\/wp-json\/wp\/v2\/posts\/345360","targetHints":{"allow":["GET"]}}],"collection":[{"href":"https:\/\/kapitalis.com\/tunisie\/wp-json\/wp\/v2\/posts"}],"about":[{"href":"https:\/\/kapitalis.com\/tunisie\/wp-json\/wp\/v2\/types\/post"}],"author":[{"embeddable":true,"href":"https:\/\/kapitalis.com\/tunisie\/wp-json\/wp\/v2\/users\/8"}],"replies":[{"embeddable":true,"href":"https:\/\/kapitalis.com\/tunisie\/wp-json\/wp\/v2\/comments?post=345360"}],"version-history":[{"count":0,"href":"https:\/\/kapitalis.com\/tunisie\/wp-json\/wp\/v2\/posts\/345360\/revisions"}],"wp:featuredmedia":[{"embeddable":true,"href":"https:\/\/kapitalis.com\/tunisie\/wp-json\/wp\/v2\/media\/345361"}],"wp:attachment":[{"href":"https:\/\/kapitalis.com\/tunisie\/wp-json\/wp\/v2\/media?parent=345360"}],"wp:term":[{"taxonomy":"category","embeddable":true,"href":"https:\/\/kapitalis.com\/tunisie\/wp-json\/wp\/v2\/categories?post=345360"},{"taxonomy":"post_tag","embeddable":true,"href":"https:\/\/kapitalis.com\/tunisie\/wp-json\/wp\/v2\/tags?post=345360"}],"curies":[{"name":"wp","href":"https:\/\/api.w.org\/{rel}","templated":true}]}}