{"id":345398,"date":"2021-04-13T14:45:30","date_gmt":"2021-04-13T13:45:30","guid":{"rendered":"http:\/\/kapitalis.com\/tunisie\/?p=345398"},"modified":"2021-04-13T14:48:01","modified_gmt":"2021-04-13T13:48:01","slug":"rafik-abdessalem-irrite-par-le-discours-islamique-et-anti-islamiste-de-kais-saied","status":"publish","type":"post","link":"https:\/\/kapitalis.com\/tunisie\/2021\/04\/13\/rafik-abdessalem-irrite-par-le-discours-islamique-et-anti-islamiste-de-kais-saied\/","title":{"rendered":"Rafik Abdessalem irrit\u00e9 par le discours islamique et anti-islamiste de Ka\u00efs Sa\u00efed"},"content":{"rendered":"\n<figure class=\"wp-block-image size-large\"><img decoding=\"async\" src=\"http:\/\/kapitalis.com\/tunisie\/wp-content\/uploads\/2015\/12\/Rafik-Abdessalem.jpg\" alt=\"\" class=\"wp-image-31994\"\/><\/figure>\n\n\n\n<p><strong><em>Le dirigeant du mouvement Ennahdha, Rafik Abdessalem, n&rsquo;a pas manqu\u00e9 l&rsquo;occasion de fustiger le pr\u00e9sident de la r\u00e9publique, Ka\u00efs Sa\u00efed, quasiment comme chaque semaine d\u00e9sormais, apr\u00e8s le discours de ce dernier \u00e0 la mosqu\u00e9e Zitouna \u00e0 l&rsquo;occasion du commencement du mois de ramadan, o\u00f9 il a notamment tenu \u00e0 rappeler que l&rsquo;islam est la religion des musulman et non des islamistes. Une clarification qui n&rsquo;a pas du tout \u00e9t\u00e9 du go\u00fbt du nahdhaoui.<\/em><\/strong><\/p>\n\n\n\n<!--more-->\n\n\n\n<p>Abdessalem accuse Sa\u00efed de vouloir s&rsquo;accaparer de la religion, faisant ainsi une d\u00e9monstration parfaite de ce qu&rsquo;on appelle en psychanalyse \u00ab<em>une projection<\/em>\u00bb (op\u00e9ration mentale par laquelle une personne attribue \u00e0 quelqu&rsquo;un d&rsquo;autre ce qui correspond \u00e0 elle-m\u00eame). Parce qu&rsquo;il n&rsquo;est un secret pour personne que s&rsquo;approprier l&rsquo;islam est la raison d&rsquo;\u00eatre des islamistes. <\/p>\n\n\n\n<p>\u00ab<em>Le bavardage et les insultes au d\u00e9but du mois de ramadan et \u00e0 la Mosqu\u00e9e Zitouna, ainsi que la perte du bon sens et de la v\u00e9rit\u00e9 sont le plus grand \u201cibtila\u201d qu\u2019on ne peut remplacer ni avec l\u2019argent ni avec le pouvoir.<\/em> <em>Tous les chefs des \u00c9tats islamiques ont f\u00e9licit\u00e9 leurs peuples pour l&rsquo;av\u00e8nement du mois saint du ramadan et ont diffus\u00e9 des messages de joie, d&rsquo;optimisme et d&rsquo;appel \u00e0 l&rsquo;amour et \u00e0 la puret\u00e9 des c\u0153urs, \u00e0 l&rsquo;exception de notre t\u00e9m\u00e9raire pr\u00e9sident, qui insiste \u00e0 propager une atmosph\u00e8re de haine<\/em> <em>et de rancune<\/em>\u00bb, a \u00e9galement \u00e9crit le gendre du pr\u00e9sident d&rsquo;Ennahdha, Rached Ghannouchi.<\/p>\n\n\n\n<p>Cela dit. la col\u00e8re de Abdessalem &#8211; qui dit simplement tout haut ce que beaucoup d&rsquo;autres islamistes pensent tout bas- est tout \u00e0 fait compr\u00e9hensible. Il y a de quoi s&rsquo;\u00e9nerver. L&rsquo;adversaire politique num\u00e9ro 1 des nahdhaouis essaye de partager leur fond de commerce et pourrait m\u00eame le leur \u00ab<em>voler<\/em>\u00bb dans l&rsquo;avenir !<\/p>\n\n\n\n<p>Abdessalem a m\u00eame accus\u00e9 Sa\u00efed de marcher sur les pas de l\u2019ancien pr\u00e9sident de la r\u00e9publique, d\u00e9chu en 2011, feu Zine El Abidine Ben Ali, qui \u00e9tait notamment connu pour son hostilit\u00e9 envers les islamistes. En fait, l&rsquo;ancien ministre des Affaires \u00e9trang\u00e8re donne l&rsquo;impression, \u00e0 travers ses statuts Facebook, que s&rsquo;il le pouvait, il serait m\u00eame tent\u00e9 de comparer le chef de l&rsquo;\u00c9tat \u00e0 Hitler ou \u00e0 Satan. Le pr\u00e9sident de la r\u00e9publique repr\u00e9sente clairement d&rsquo;une menace et, de ce fait, tous les arguments sont bons pour le rabaisser.<\/p>\n\n\n\n<p class=\"has-text-align-right\"><strong>C. B. Y.<\/strong><\/p>\n\n\n\n<p><\/p>\n","protected":false},"excerpt":{"rendered":"<p>Le dirigeant du mouvement Ennahdha, Rafik Abdessalem, n&rsquo;a pas manqu\u00e9 l&rsquo;occasion de fustiger le pr\u00e9sident de la r\u00e9publique, Ka\u00efs Sa\u00efed, quasiment comme chaque semaine d\u00e9sormais, apr\u00e8s le discours de ce dernier \u00e0 la mosqu\u00e9e Zitouna \u00e0 l&rsquo;occasion du commencement du mois de ramadan, o\u00f9 il a notamment tenu \u00e0 rappeler que l&rsquo;islam est la religion&#8230;<\/p>\n","protected":false},"author":24,"featured_media":0,"comment_status":"open","ping_status":"open","sticky":false,"template":"","format":"standard","meta":{"footnotes":""},"categories":[997,2433],"tags":[70520,758,6753,761,7334],"class_list":["post-345398","post","type-post","status-publish","format-standard","hentry","category-politique","category-tunisie","tag-kais-saied-3","tag-rached-ghannouchi","tag-rafik-abdessalem","tag-ramadan","tag-zine-el-abidine-ben-ali"],"yoast_head":"<!-- This site is optimized with the Yoast SEO plugin v26.6 - https:\/\/yoast.com\/wordpress\/plugins\/seo\/ -->\n<title>Rafik Abdessalem irrit\u00e9 par le discours islamique et anti-islamiste de Ka\u00efs Sa\u00efed - Kapitalis<\/title>\n<meta name=\"robots\" content=\"index, follow, max-snippet:-1, max-image-preview:large, max-video-preview:-1\" \/>\n<link rel=\"canonical\" href=\"https:\/\/kapitalis.com\/tunisie\/2021\/04\/13\/rafik-abdessalem-irrite-par-le-discours-islamique-et-anti-islamiste-de-kais-saied\/\" \/>\n<meta property=\"og:locale\" content=\"fr_FR\" \/>\n<meta property=\"og:type\" content=\"article\" \/>\n<meta property=\"og:title\" content=\"Rafik Abdessalem irrit\u00e9 par le discours islamique et anti-islamiste de Ka\u00efs Sa\u00efed - Kapitalis\" \/>\n<meta property=\"og:description\" content=\"Le dirigeant du mouvement Ennahdha, Rafik Abdessalem, n&rsquo;a pas manqu\u00e9 l&rsquo;occasion de fustiger le pr\u00e9sident de la r\u00e9publique, Ka\u00efs Sa\u00efed, quasiment comme chaque semaine d\u00e9sormais, apr\u00e8s le discours de ce dernier \u00e0 la mosqu\u00e9e Zitouna \u00e0 l&rsquo;occasion du commencement du mois de ramadan, o\u00f9 il a notamment tenu \u00e0 rappeler que l&rsquo;islam est la religion...\" \/>\n<meta property=\"og:url\" content=\"https:\/\/kapitalis.com\/tunisie\/2021\/04\/13\/rafik-abdessalem-irrite-par-le-discours-islamique-et-anti-islamiste-de-kais-saied\/\" \/>\n<meta property=\"og:site_name\" content=\"Kapitalis\" \/>\n<meta property=\"article:publisher\" content=\"https:\/\/www.facebook.com\/KapitalisInfo\/\" \/>\n<meta property=\"article:published_time\" content=\"2021-04-13T13:45:30+00:00\" \/>\n<meta property=\"article:modified_time\" content=\"2021-04-13T13:48:01+00:00\" \/>\n<meta property=\"og:image\" content=\"http:\/\/kapitalis.com\/tunisie\/wp-content\/uploads\/2015\/12\/Rafik-Abdessalem.jpg\" \/>\n<meta name=\"author\" content=\"Cherif Benyounes\" \/>\n<meta name=\"twitter:card\" content=\"summary_large_image\" \/>\n<meta name=\"twitter:creator\" content=\"@KapitalisInfo\" \/>\n<meta name=\"twitter:site\" content=\"@KapitalisInfo\" \/>\n<meta name=\"twitter:label1\" content=\"\u00c9crit par\" \/>\n\t<meta name=\"twitter:data1\" content=\"Cherif Benyounes\" \/>\n\t<meta name=\"twitter:label2\" content=\"Dur\u00e9e de lecture estim\u00e9e\" \/>\n\t<meta name=\"twitter:data2\" content=\"2 minutes\" \/>\n<script type=\"application\/ld+json\" class=\"yoast-schema-graph\">{\"@context\":\"https:\/\/schema.org\",\"@graph\":[{\"@type\":\"Article\",\"@id\":\"https:\/\/kapitalis.com\/tunisie\/2021\/04\/13\/rafik-abdessalem-irrite-par-le-discours-islamique-et-anti-islamiste-de-kais-saied\/#article\",\"isPartOf\":{\"@id\":\"https:\/\/kapitalis.com\/tunisie\/2021\/04\/13\/rafik-abdessalem-irrite-par-le-discours-islamique-et-anti-islamiste-de-kais-saied\/\"},\"author\":{\"name\":\"Cherif Benyounes\",\"@id\":\"https:\/\/kapitalis.com\/tunisie\/#\/schema\/person\/b35b8d631961131107263178aeb8019e\"},\"headline\":\"Rafik Abdessalem irrit\u00e9 par le discours islamique et anti-islamiste de Ka\u00efs Sa\u00efed\",\"datePublished\":\"2021-04-13T13:45:30+00:00\",\"dateModified\":\"2021-04-13T13:48:01+00:00\",\"mainEntityOfPage\":{\"@id\":\"https:\/\/kapitalis.com\/tunisie\/2021\/04\/13\/rafik-abdessalem-irrite-par-le-discours-islamique-et-anti-islamiste-de-kais-saied\/\"},\"wordCount\":416,\"commentCount\":5,\"publisher\":{\"@id\":\"https:\/\/kapitalis.com\/tunisie\/#organization\"},\"image\":{\"@id\":\"https:\/\/kapitalis.com\/tunisie\/2021\/04\/13\/rafik-abdessalem-irrite-par-le-discours-islamique-et-anti-islamiste-de-kais-saied\/#primaryimage\"},\"thumbnailUrl\":\"http:\/\/kapitalis.com\/tunisie\/wp-content\/uploads\/2015\/12\/Rafik-Abdessalem.jpg\",\"keywords\":[\"Kais Saied\",\"Rached Ghannouchi\",\"Rafik Abdessalem\",\"Ramadan\",\"Zine El Abidine Ben Ali\"],\"articleSection\":[\"POLITIQUE\",\"Tunisie\"],\"inLanguage\":\"fr-FR\",\"potentialAction\":[{\"@type\":\"CommentAction\",\"name\":\"Comment\",\"target\":[\"https:\/\/kapitalis.com\/tunisie\/2021\/04\/13\/rafik-abdessalem-irrite-par-le-discours-islamique-et-anti-islamiste-de-kais-saied\/#respond\"]}]},{\"@type\":\"WebPage\",\"@id\":\"https:\/\/kapitalis.com\/tunisie\/2021\/04\/13\/rafik-abdessalem-irrite-par-le-discours-islamique-et-anti-islamiste-de-kais-saied\/\",\"url\":\"https:\/\/kapitalis.com\/tunisie\/2021\/04\/13\/rafik-abdessalem-irrite-par-le-discours-islamique-et-anti-islamiste-de-kais-saied\/\",\"name\":\"Rafik Abdessalem irrit\u00e9 par le discours islamique et anti-islamiste de Ka\u00efs Sa\u00efed - Kapitalis\",\"isPartOf\":{\"@id\":\"https:\/\/kapitalis.com\/tunisie\/#website\"},\"primaryImageOfPage\":{\"@id\":\"https:\/\/kapitalis.com\/tunisie\/2021\/04\/13\/rafik-abdessalem-irrite-par-le-discours-islamique-et-anti-islamiste-de-kais-saied\/#primaryimage\"},\"image\":{\"@id\":\"https:\/\/kapitalis.com\/tunisie\/2021\/04\/13\/rafik-abdessalem-irrite-par-le-discours-islamique-et-anti-islamiste-de-kais-saied\/#primaryimage\"},\"thumbnailUrl\":\"http:\/\/kapitalis.com\/tunisie\/wp-content\/uploads\/2015\/12\/Rafik-Abdessalem.jpg\",\"datePublished\":\"2021-04-13T13:45:30+00:00\",\"dateModified\":\"2021-04-13T13:48:01+00:00\",\"breadcrumb\":{\"@id\":\"https:\/\/kapitalis.com\/tunisie\/2021\/04\/13\/rafik-abdessalem-irrite-par-le-discours-islamique-et-anti-islamiste-de-kais-saied\/#breadcrumb\"},\"inLanguage\":\"fr-FR\",\"potentialAction\":[{\"@type\":\"ReadAction\",\"target\":[\"https:\/\/kapitalis.com\/tunisie\/2021\/04\/13\/rafik-abdessalem-irrite-par-le-discours-islamique-et-anti-islamiste-de-kais-saied\/\"]}]},{\"@type\":\"ImageObject\",\"inLanguage\":\"fr-FR\",\"@id\":\"https:\/\/kapitalis.com\/tunisie\/2021\/04\/13\/rafik-abdessalem-irrite-par-le-discours-islamique-et-anti-islamiste-de-kais-saied\/#primaryimage\",\"url\":\"http:\/\/kapitalis.com\/tunisie\/wp-content\/uploads\/2015\/12\/Rafik-Abdessalem.jpg\",\"contentUrl\":\"http:\/\/kapitalis.com\/tunisie\/wp-content\/uploads\/2015\/12\/Rafik-Abdessalem.jpg\"},{\"@type\":\"BreadcrumbList\",\"@id\":\"https:\/\/kapitalis.com\/tunisie\/2021\/04\/13\/rafik-abdessalem-irrite-par-le-discours-islamique-et-anti-islamiste-de-kais-saied\/#breadcrumb\",\"itemListElement\":[{\"@type\":\"ListItem\",\"position\":1,\"name\":\"Accueil\",\"item\":\"https:\/\/kapitalis.com\/tunisie\/\"},{\"@type\":\"ListItem\",\"position\":2,\"name\":\"Rafik Abdessalem irrit\u00e9 par le discours islamique et anti-islamiste de Ka\u00efs Sa\u00efed\"}]},{\"@type\":\"WebSite\",\"@id\":\"https:\/\/kapitalis.com\/tunisie\/#website\",\"url\":\"https:\/\/kapitalis.com\/tunisie\/\",\"name\":\"Kapitalis\",\"description\":\"L&#039;actualit\u00e9 en Tunisie et dans le monde\",\"publisher\":{\"@id\":\"https:\/\/kapitalis.com\/tunisie\/#organization\"},\"potentialAction\":[{\"@type\":\"SearchAction\",\"target\":{\"@type\":\"EntryPoint\",\"urlTemplate\":\"https:\/\/kapitalis.com\/tunisie\/?s={search_term_string}\"},\"query-input\":{\"@type\":\"PropertyValueSpecification\",\"valueRequired\":true,\"valueName\":\"search_term_string\"}}],\"inLanguage\":\"fr-FR\"},{\"@type\":\"Organization\",\"@id\":\"https:\/\/kapitalis.com\/tunisie\/#organization\",\"name\":\"Kapitalis\",\"url\":\"https:\/\/kapitalis.com\/tunisie\/\",\"logo\":{\"@type\":\"ImageObject\",\"inLanguage\":\"fr-FR\",\"@id\":\"https:\/\/kapitalis.com\/tunisie\/#\/schema\/logo\/image\/\",\"url\":\"https:\/\/kapitalis.com\/tunisie\/wp-content\/uploads\/2022\/05\/Kapitalis-big-size.png\",\"contentUrl\":\"https:\/\/kapitalis.com\/tunisie\/wp-content\/uploads\/2022\/05\/Kapitalis-big-size.png\",\"width\":5000,\"height\":1500,\"caption\":\"Kapitalis\"},\"image\":{\"@id\":\"https:\/\/kapitalis.com\/tunisie\/#\/schema\/logo\/image\/\"},\"sameAs\":[\"https:\/\/www.facebook.com\/KapitalisInfo\/\",\"https:\/\/x.com\/KapitalisInfo\",\"https:\/\/www.youtube.com\/channel\/UC-yDYrHyfFBWWZaOw3FPg9Q\"]},{\"@type\":\"Person\",\"@id\":\"https:\/\/kapitalis.com\/tunisie\/#\/schema\/person\/b35b8d631961131107263178aeb8019e\",\"name\":\"Cherif Benyounes\",\"url\":\"https:\/\/kapitalis.com\/tunisie\/author\/cherif\/\"}]}<\/script>\n<!-- \/ Yoast SEO plugin. -->","yoast_head_json":{"title":"Rafik Abdessalem irrit\u00e9 par le discours islamique et anti-islamiste de Ka\u00efs Sa\u00efed - Kapitalis","robots":{"index":"index","follow":"follow","max-snippet":"max-snippet:-1","max-image-preview":"max-image-preview:large","max-video-preview":"max-video-preview:-1"},"canonical":"https:\/\/kapitalis.com\/tunisie\/2021\/04\/13\/rafik-abdessalem-irrite-par-le-discours-islamique-et-anti-islamiste-de-kais-saied\/","og_locale":"fr_FR","og_type":"article","og_title":"Rafik Abdessalem irrit\u00e9 par le discours islamique et anti-islamiste de Ka\u00efs Sa\u00efed - Kapitalis","og_description":"Le dirigeant du mouvement Ennahdha, Rafik Abdessalem, n&rsquo;a pas manqu\u00e9 l&rsquo;occasion de fustiger le pr\u00e9sident de la r\u00e9publique, Ka\u00efs Sa\u00efed, quasiment comme chaque semaine d\u00e9sormais, apr\u00e8s le discours de ce dernier \u00e0 la mosqu\u00e9e Zitouna \u00e0 l&rsquo;occasion du commencement du mois de ramadan, o\u00f9 il a notamment tenu \u00e0 rappeler que l&rsquo;islam est la religion...","og_url":"https:\/\/kapitalis.com\/tunisie\/2021\/04\/13\/rafik-abdessalem-irrite-par-le-discours-islamique-et-anti-islamiste-de-kais-saied\/","og_site_name":"Kapitalis","article_publisher":"https:\/\/www.facebook.com\/KapitalisInfo\/","article_published_time":"2021-04-13T13:45:30+00:00","article_modified_time":"2021-04-13T13:48:01+00:00","og_image":[{"url":"http:\/\/kapitalis.com\/tunisie\/wp-content\/uploads\/2015\/12\/Rafik-Abdessalem.jpg","type":"","width":"","height":""}],"author":"Cherif Benyounes","twitter_card":"summary_large_image","twitter_creator":"@KapitalisInfo","twitter_site":"@KapitalisInfo","twitter_misc":{"\u00c9crit par":"Cherif Benyounes","Dur\u00e9e de lecture estim\u00e9e":"2 minutes"},"schema":{"@context":"https:\/\/schema.org","@graph":[{"@type":"Article","@id":"https:\/\/kapitalis.com\/tunisie\/2021\/04\/13\/rafik-abdessalem-irrite-par-le-discours-islamique-et-anti-islamiste-de-kais-saied\/#article","isPartOf":{"@id":"https:\/\/kapitalis.com\/tunisie\/2021\/04\/13\/rafik-abdessalem-irrite-par-le-discours-islamique-et-anti-islamiste-de-kais-saied\/"},"author":{"name":"Cherif Benyounes","@id":"https:\/\/kapitalis.com\/tunisie\/#\/schema\/person\/b35b8d631961131107263178aeb8019e"},"headline":"Rafik Abdessalem irrit\u00e9 par le discours islamique et anti-islamiste de Ka\u00efs Sa\u00efed","datePublished":"2021-04-13T13:45:30+00:00","dateModified":"2021-04-13T13:48:01+00:00","mainEntityOfPage":{"@id":"https:\/\/kapitalis.com\/tunisie\/2021\/04\/13\/rafik-abdessalem-irrite-par-le-discours-islamique-et-anti-islamiste-de-kais-saied\/"},"wordCount":416,"commentCount":5,"publisher":{"@id":"https:\/\/kapitalis.com\/tunisie\/#organization"},"image":{"@id":"https:\/\/kapitalis.com\/tunisie\/2021\/04\/13\/rafik-abdessalem-irrite-par-le-discours-islamique-et-anti-islamiste-de-kais-saied\/#primaryimage"},"thumbnailUrl":"http:\/\/kapitalis.com\/tunisie\/wp-content\/uploads\/2015\/12\/Rafik-Abdessalem.jpg","keywords":["Kais Saied","Rached Ghannouchi","Rafik Abdessalem","Ramadan","Zine El Abidine Ben Ali"],"articleSection":["POLITIQUE","Tunisie"],"inLanguage":"fr-FR","potentialAction":[{"@type":"CommentAction","name":"Comment","target":["https:\/\/kapitalis.com\/tunisie\/2021\/04\/13\/rafik-abdessalem-irrite-par-le-discours-islamique-et-anti-islamiste-de-kais-saied\/#respond"]}]},{"@type":"WebPage","@id":"https:\/\/kapitalis.com\/tunisie\/2021\/04\/13\/rafik-abdessalem-irrite-par-le-discours-islamique-et-anti-islamiste-de-kais-saied\/","url":"https:\/\/kapitalis.com\/tunisie\/2021\/04\/13\/rafik-abdessalem-irrite-par-le-discours-islamique-et-anti-islamiste-de-kais-saied\/","name":"Rafik Abdessalem irrit\u00e9 par le discours islamique et anti-islamiste de Ka\u00efs Sa\u00efed - Kapitalis","isPartOf":{"@id":"https:\/\/kapitalis.com\/tunisie\/#website"},"primaryImageOfPage":{"@id":"https:\/\/kapitalis.com\/tunisie\/2021\/04\/13\/rafik-abdessalem-irrite-par-le-discours-islamique-et-anti-islamiste-de-kais-saied\/#primaryimage"},"image":{"@id":"https:\/\/kapitalis.com\/tunisie\/2021\/04\/13\/rafik-abdessalem-irrite-par-le-discours-islamique-et-anti-islamiste-de-kais-saied\/#primaryimage"},"thumbnailUrl":"http:\/\/kapitalis.com\/tunisie\/wp-content\/uploads\/2015\/12\/Rafik-Abdessalem.jpg","datePublished":"2021-04-13T13:45:30+00:00","dateModified":"2021-04-13T13:48:01+00:00","breadcrumb":{"@id":"https:\/\/kapitalis.com\/tunisie\/2021\/04\/13\/rafik-abdessalem-irrite-par-le-discours-islamique-et-anti-islamiste-de-kais-saied\/#breadcrumb"},"inLanguage":"fr-FR","potentialAction":[{"@type":"ReadAction","target":["https:\/\/kapitalis.com\/tunisie\/2021\/04\/13\/rafik-abdessalem-irrite-par-le-discours-islamique-et-anti-islamiste-de-kais-saied\/"]}]},{"@type":"ImageObject","inLanguage":"fr-FR","@id":"https:\/\/kapitalis.com\/tunisie\/2021\/04\/13\/rafik-abdessalem-irrite-par-le-discours-islamique-et-anti-islamiste-de-kais-saied\/#primaryimage","url":"http:\/\/kapitalis.com\/tunisie\/wp-content\/uploads\/2015\/12\/Rafik-Abdessalem.jpg","contentUrl":"http:\/\/kapitalis.com\/tunisie\/wp-content\/uploads\/2015\/12\/Rafik-Abdessalem.jpg"},{"@type":"BreadcrumbList","@id":"https:\/\/kapitalis.com\/tunisie\/2021\/04\/13\/rafik-abdessalem-irrite-par-le-discours-islamique-et-anti-islamiste-de-kais-saied\/#breadcrumb","itemListElement":[{"@type":"ListItem","position":1,"name":"Accueil","item":"https:\/\/kapitalis.com\/tunisie\/"},{"@type":"ListItem","position":2,"name":"Rafik Abdessalem irrit\u00e9 par le discours islamique et anti-islamiste de Ka\u00efs Sa\u00efed"}]},{"@type":"WebSite","@id":"https:\/\/kapitalis.com\/tunisie\/#website","url":"https:\/\/kapitalis.com\/tunisie\/","name":"Kapitalis","description":"L&#039;actualit\u00e9 en Tunisie et dans le monde","publisher":{"@id":"https:\/\/kapitalis.com\/tunisie\/#organization"},"potentialAction":[{"@type":"SearchAction","target":{"@type":"EntryPoint","urlTemplate":"https:\/\/kapitalis.com\/tunisie\/?s={search_term_string}"},"query-input":{"@type":"PropertyValueSpecification","valueRequired":true,"valueName":"search_term_string"}}],"inLanguage":"fr-FR"},{"@type":"Organization","@id":"https:\/\/kapitalis.com\/tunisie\/#organization","name":"Kapitalis","url":"https:\/\/kapitalis.com\/tunisie\/","logo":{"@type":"ImageObject","inLanguage":"fr-FR","@id":"https:\/\/kapitalis.com\/tunisie\/#\/schema\/logo\/image\/","url":"https:\/\/kapitalis.com\/tunisie\/wp-content\/uploads\/2022\/05\/Kapitalis-big-size.png","contentUrl":"https:\/\/kapitalis.com\/tunisie\/wp-content\/uploads\/2022\/05\/Kapitalis-big-size.png","width":5000,"height":1500,"caption":"Kapitalis"},"image":{"@id":"https:\/\/kapitalis.com\/tunisie\/#\/schema\/logo\/image\/"},"sameAs":["https:\/\/www.facebook.com\/KapitalisInfo\/","https:\/\/x.com\/KapitalisInfo","https:\/\/www.youtube.com\/channel\/UC-yDYrHyfFBWWZaOw3FPg9Q"]},{"@type":"Person","@id":"https:\/\/kapitalis.com\/tunisie\/#\/schema\/person\/b35b8d631961131107263178aeb8019e","name":"Cherif Benyounes","url":"https:\/\/kapitalis.com\/tunisie\/author\/cherif\/"}]}},"_links":{"self":[{"href":"https:\/\/kapitalis.com\/tunisie\/wp-json\/wp\/v2\/posts\/345398","targetHints":{"allow":["GET"]}}],"collection":[{"href":"https:\/\/kapitalis.com\/tunisie\/wp-json\/wp\/v2\/posts"}],"about":[{"href":"https:\/\/kapitalis.com\/tunisie\/wp-json\/wp\/v2\/types\/post"}],"author":[{"embeddable":true,"href":"https:\/\/kapitalis.com\/tunisie\/wp-json\/wp\/v2\/users\/24"}],"replies":[{"embeddable":true,"href":"https:\/\/kapitalis.com\/tunisie\/wp-json\/wp\/v2\/comments?post=345398"}],"version-history":[{"count":0,"href":"https:\/\/kapitalis.com\/tunisie\/wp-json\/wp\/v2\/posts\/345398\/revisions"}],"wp:attachment":[{"href":"https:\/\/kapitalis.com\/tunisie\/wp-json\/wp\/v2\/media?parent=345398"}],"wp:term":[{"taxonomy":"category","embeddable":true,"href":"https:\/\/kapitalis.com\/tunisie\/wp-json\/wp\/v2\/categories?post=345398"},{"taxonomy":"post_tag","embeddable":true,"href":"https:\/\/kapitalis.com\/tunisie\/wp-json\/wp\/v2\/tags?post=345398"}],"curies":[{"name":"wp","href":"https:\/\/api.w.org\/{rel}","templated":true}]}}