{"id":345423,"date":"2021-04-13T16:19:59","date_gmt":"2021-04-13T15:19:59","guid":{"rendered":"http:\/\/kapitalis.com\/tunisie\/?p=345423"},"modified":"2021-04-13T16:20:02","modified_gmt":"2021-04-13T15:20:02","slug":"tunisie-france-lambassadeur-mohamed-karim-jamoussi-remet-ses-lettres-de-creance-a-emmanuel-macron","status":"publish","type":"post","link":"https:\/\/kapitalis.com\/tunisie\/2021\/04\/13\/tunisie-france-lambassadeur-mohamed-karim-jamoussi-remet-ses-lettres-de-creance-a-emmanuel-macron\/","title":{"rendered":"Tunisie &#8211; France : L&rsquo;ambassadeur Mohamed Karim Jamoussi remet ses lettres de cr\u00e9ance \u00e0 Emmanuel Macron"},"content":{"rendered":"\n<figure class=\"wp-block-image size-large\"><img decoding=\"async\" src=\"http:\/\/kapitalis.com\/tunisie\/wp-content\/uploads\/2021\/04\/mohamed-karim-jamoussi.jpg\" alt=\"\" class=\"wp-image-345430\"\/><\/figure>\n\n\n\n<p><strong><em>L&rsquo;ambassade de la Tunisie en France a annonc\u00e9, ce lundi 13 avril 2021, que Mohamed Karim Jamoussi a remis, aujourd&rsquo;hui, ses lettres de cr\u00e9ances au pr\u00e9sident de la r\u00e9publique fran\u00e7aise, Emmanuel Macron, \u00aben qualit\u00e9 d\u2019ambassadeur extraordinaire et pl\u00e9nipotentiaire de la r\u00e9publique tunisienne<strong><em>\u00bb<\/em><\/strong>.<\/em><\/strong><\/p>\n\n\n\n<!--more-->\n\n\n\n<p>La remise, retard\u00e9e en raison des mesures sanitaires relatives \u00e0 la Covid-19, a eu lieu lors d\u2019une c\u00e9r\u00e9monie solennelle organis\u00e9e \u00e0 l\u2019\u00c9lys\u00e9e, pr\u00e9cise l&rsquo;ambassade dans un <strong><a href=\"https:\/\/www.facebook.com\/Ambassade.Tunisie.fr\/posts\/4088498591209999\">statut Facebook<\/a><\/strong>.<\/p>\n\n\n\n<p>Au cours de l\u2019\u00e9change qui a eu lieu avec Emmanuel Macron, l\u2019ambassadeur tunisien a affirm\u00e9 sa pleine d\u00e9termination \u00e0 \u0153uvrer pour le raffermissement des liens profonds d\u2019amiti\u00e9 et de coop\u00e9ration qui unissent la Tunisie \u00e0 la France, tout en lui transmettant les salutations cordiales du chef de l&rsquo;\u00c9tat tunisien, Ka\u00efs Sa\u00efed.<\/p>\n\n\n\n<p>De son c\u00f4t\u00e9, le pr\u00e9sident fran\u00e7ais a souhait\u00e9 la bienvenue \u00e0 M. Jamoussi et a soulign\u00e9 es relations \u00ab<em>exemplaires<\/em>\u00bb entre les deux pays et l\u2019\u00e9troite coordination au plus haut niveau. Par ailleurs, il a r\u00e9it\u00e9r\u00e9 la volont\u00e9 de la France de consolider davantage son partenariat avec la Tunisie dans tous les domaines, indique le communiqu\u00e9 de l&rsquo;ambassade tunisienne en France.<\/p>\n\n\n\n<p>\u00ab<em>Cette c\u00e9r\u00e9monie, organis\u00e9e deux fois par an par l\u2019\u00c9lys\u00e9e au printemps et en automne, a \u00e9galement \u00e9t\u00e9 l\u2019occasion pour l\u2019ambassadeur de la Tunisie d\u2019\u00e9changer avec les autres chefs de mission diplomatiques de pays fr\u00e8res et amis qui ont pr\u00e9sent\u00e9, \u00e0 leur tour, leurs lettres de cr\u00e9ance. Il s\u2019agit des ambassadeurs de l\u2019Alg\u00e9rie, l\u2019\u00c9gypte, l\u2019Arabie Saoudite, le Royaume Uni, la Turquie, la Suisse, la Bulgarie, la Hongrie, l\u2019\u00c9quateur, la Gambie, la R\u00e9publique de Cor\u00e9e, la Somalie, le Salvador, le Sri Lanka, le Tchad, le Gabon<\/em>\u00bb, pr\u00e9cise encore le communiqu\u00e9.<\/p>\n\n\n\n<p class=\"has-text-align-right\"><strong>C. B. Y.<\/strong><\/p>\n\n\n\n<p><blockquote class=\"wp-embedded-content\" data-secret=\"exL1nRsB1h\"><a href=\"https:\/\/kapitalis.com\/tunisie\/2021\/04\/04\/tunisie-france-mohamed-karim-jamoussi-recu-par-gerard-larcher\/\">Tunisie-France : Mohamed Karim Jamoussi re\u00e7u par G\u00e9rard Larcher<\/a><\/blockquote><iframe loading=\"lazy\" class=\"wp-embedded-content\" sandbox=\"allow-scripts\" security=\"restricted\" style=\"position: absolute; clip: rect(1px, 1px, 1px, 1px);\" title=\"\u00ab\u00a0Tunisie-France : Mohamed Karim Jamoussi re\u00e7u par G\u00e9rard Larcher\u00a0\u00bb &#8212; Kapitalis\" src=\"https:\/\/kapitalis.com\/tunisie\/2021\/04\/04\/tunisie-france-mohamed-karim-jamoussi-recu-par-gerard-larcher\/embed\/#?secret=r4wiMrhcmB#?secret=exL1nRsB1h\" data-secret=\"exL1nRsB1h\" width=\"600\" height=\"338\" frameborder=\"0\" marginwidth=\"0\" marginheight=\"0\" scrolling=\"no\"><\/iframe><\/p>\n","protected":false},"excerpt":{"rendered":"<p>L&rsquo;ambassade de la Tunisie en France a annonc\u00e9, ce lundi 13 avril 2021, que Mohamed Karim Jamoussi a remis, aujourd&rsquo;hui, ses lettres de cr\u00e9ances au pr\u00e9sident de la r\u00e9publique fran\u00e7aise, Emmanuel Macron, \u00aben qualit\u00e9 d\u2019ambassadeur extraordinaire et pl\u00e9nipotentiaire de la r\u00e9publique tunisienne\u00bb.<\/p>\n","protected":false},"author":24,"featured_media":345430,"comment_status":"open","ping_status":"open","sticky":false,"template":"","format":"standard","meta":{"footnotes":""},"categories":[997,2433],"tags":[19579,70520,65696],"class_list":["post-345423","post","type-post","status-publish","format-standard","has-post-thumbnail","hentry","category-politique","category-tunisie","tag-emmanuel-macron","tag-kais-saied-3","tag-mohamed-karim-jamoussi"],"yoast_head":"<!-- This site is optimized with the Yoast SEO plugin v26.6 - https:\/\/yoast.com\/wordpress\/plugins\/seo\/ -->\n<title>Tunisie - France : L&#039;ambassadeur Mohamed Karim Jamoussi remet ses lettres de cr\u00e9ance \u00e0 Emmanuel Macron - Kapitalis<\/title>\n<meta name=\"robots\" content=\"index, follow, max-snippet:-1, max-image-preview:large, max-video-preview:-1\" \/>\n<link rel=\"canonical\" href=\"https:\/\/kapitalis.com\/tunisie\/2021\/04\/13\/tunisie-france-lambassadeur-mohamed-karim-jamoussi-remet-ses-lettres-de-creance-a-emmanuel-macron\/\" \/>\n<meta property=\"og:locale\" content=\"fr_FR\" \/>\n<meta property=\"og:type\" content=\"article\" \/>\n<meta property=\"og:title\" content=\"Tunisie - France : L&#039;ambassadeur Mohamed Karim Jamoussi remet ses lettres de cr\u00e9ance \u00e0 Emmanuel Macron - Kapitalis\" \/>\n<meta property=\"og:description\" content=\"L&rsquo;ambassade de la Tunisie en France a annonc\u00e9, ce lundi 13 avril 2021, que Mohamed Karim Jamoussi a remis, aujourd&rsquo;hui, ses lettres de cr\u00e9ances au pr\u00e9sident de la r\u00e9publique fran\u00e7aise, Emmanuel Macron, \u00aben qualit\u00e9 d\u2019ambassadeur extraordinaire et pl\u00e9nipotentiaire de la r\u00e9publique tunisienne\u00bb.\" \/>\n<meta property=\"og:url\" content=\"https:\/\/kapitalis.com\/tunisie\/2021\/04\/13\/tunisie-france-lambassadeur-mohamed-karim-jamoussi-remet-ses-lettres-de-creance-a-emmanuel-macron\/\" \/>\n<meta property=\"og:site_name\" content=\"Kapitalis\" \/>\n<meta property=\"article:publisher\" content=\"https:\/\/www.facebook.com\/KapitalisInfo\/\" \/>\n<meta property=\"article:published_time\" content=\"2021-04-13T15:19:59+00:00\" \/>\n<meta property=\"article:modified_time\" content=\"2021-04-13T15:20:02+00:00\" \/>\n<meta property=\"og:image\" content=\"https:\/\/kapitalis.com\/tunisie\/wp-content\/uploads\/2022\/05\/kapitalis-logo-fb.png\" \/>\n\t<meta property=\"og:image:width\" content=\"1200\" \/>\n\t<meta property=\"og:image:height\" content=\"630\" \/>\n\t<meta property=\"og:image:type\" content=\"image\/png\" \/>\n<meta name=\"author\" content=\"Cherif Benyounes\" \/>\n<meta name=\"twitter:card\" content=\"summary_large_image\" \/>\n<meta name=\"twitter:creator\" content=\"@KapitalisInfo\" \/>\n<meta name=\"twitter:site\" content=\"@KapitalisInfo\" \/>\n<meta name=\"twitter:label1\" content=\"\u00c9crit par\" \/>\n\t<meta name=\"twitter:data1\" content=\"Cherif Benyounes\" \/>\n\t<meta name=\"twitter:label2\" content=\"Dur\u00e9e de lecture estim\u00e9e\" \/>\n\t<meta name=\"twitter:data2\" content=\"2 minutes\" \/>\n<script type=\"application\/ld+json\" class=\"yoast-schema-graph\">{\"@context\":\"https:\/\/schema.org\",\"@graph\":[{\"@type\":\"Article\",\"@id\":\"https:\/\/kapitalis.com\/tunisie\/2021\/04\/13\/tunisie-france-lambassadeur-mohamed-karim-jamoussi-remet-ses-lettres-de-creance-a-emmanuel-macron\/#article\",\"isPartOf\":{\"@id\":\"https:\/\/kapitalis.com\/tunisie\/2021\/04\/13\/tunisie-france-lambassadeur-mohamed-karim-jamoussi-remet-ses-lettres-de-creance-a-emmanuel-macron\/\"},\"author\":{\"name\":\"Cherif Benyounes\",\"@id\":\"https:\/\/kapitalis.com\/tunisie\/#\/schema\/person\/b35b8d631961131107263178aeb8019e\"},\"headline\":\"Tunisie &#8211; France : L&rsquo;ambassadeur Mohamed Karim Jamoussi remet ses lettres de cr\u00e9ance \u00e0 Emmanuel Macron\",\"datePublished\":\"2021-04-13T15:19:59+00:00\",\"dateModified\":\"2021-04-13T15:20:02+00:00\",\"mainEntityOfPage\":{\"@id\":\"https:\/\/kapitalis.com\/tunisie\/2021\/04\/13\/tunisie-france-lambassadeur-mohamed-karim-jamoussi-remet-ses-lettres-de-creance-a-emmanuel-macron\/\"},\"wordCount\":349,\"commentCount\":0,\"publisher\":{\"@id\":\"https:\/\/kapitalis.com\/tunisie\/#organization\"},\"image\":{\"@id\":\"https:\/\/kapitalis.com\/tunisie\/2021\/04\/13\/tunisie-france-lambassadeur-mohamed-karim-jamoussi-remet-ses-lettres-de-creance-a-emmanuel-macron\/#primaryimage\"},\"thumbnailUrl\":\"\",\"keywords\":[\"Emmanuel Macron\",\"Kais Saied\",\"Mohamed Karim Jamoussi\"],\"articleSection\":[\"POLITIQUE\",\"Tunisie\"],\"inLanguage\":\"fr-FR\",\"potentialAction\":[{\"@type\":\"CommentAction\",\"name\":\"Comment\",\"target\":[\"https:\/\/kapitalis.com\/tunisie\/2021\/04\/13\/tunisie-france-lambassadeur-mohamed-karim-jamoussi-remet-ses-lettres-de-creance-a-emmanuel-macron\/#respond\"]}]},{\"@type\":\"WebPage\",\"@id\":\"https:\/\/kapitalis.com\/tunisie\/2021\/04\/13\/tunisie-france-lambassadeur-mohamed-karim-jamoussi-remet-ses-lettres-de-creance-a-emmanuel-macron\/\",\"url\":\"https:\/\/kapitalis.com\/tunisie\/2021\/04\/13\/tunisie-france-lambassadeur-mohamed-karim-jamoussi-remet-ses-lettres-de-creance-a-emmanuel-macron\/\",\"name\":\"Tunisie - France : L'ambassadeur Mohamed Karim Jamoussi remet ses lettres de cr\u00e9ance \u00e0 Emmanuel Macron - Kapitalis\",\"isPartOf\":{\"@id\":\"https:\/\/kapitalis.com\/tunisie\/#website\"},\"primaryImageOfPage\":{\"@id\":\"https:\/\/kapitalis.com\/tunisie\/2021\/04\/13\/tunisie-france-lambassadeur-mohamed-karim-jamoussi-remet-ses-lettres-de-creance-a-emmanuel-macron\/#primaryimage\"},\"image\":{\"@id\":\"https:\/\/kapitalis.com\/tunisie\/2021\/04\/13\/tunisie-france-lambassadeur-mohamed-karim-jamoussi-remet-ses-lettres-de-creance-a-emmanuel-macron\/#primaryimage\"},\"thumbnailUrl\":\"\",\"datePublished\":\"2021-04-13T15:19:59+00:00\",\"dateModified\":\"2021-04-13T15:20:02+00:00\",\"breadcrumb\":{\"@id\":\"https:\/\/kapitalis.com\/tunisie\/2021\/04\/13\/tunisie-france-lambassadeur-mohamed-karim-jamoussi-remet-ses-lettres-de-creance-a-emmanuel-macron\/#breadcrumb\"},\"inLanguage\":\"fr-FR\",\"potentialAction\":[{\"@type\":\"ReadAction\",\"target\":[\"https:\/\/kapitalis.com\/tunisie\/2021\/04\/13\/tunisie-france-lambassadeur-mohamed-karim-jamoussi-remet-ses-lettres-de-creance-a-emmanuel-macron\/\"]}]},{\"@type\":\"ImageObject\",\"inLanguage\":\"fr-FR\",\"@id\":\"https:\/\/kapitalis.com\/tunisie\/2021\/04\/13\/tunisie-france-lambassadeur-mohamed-karim-jamoussi-remet-ses-lettres-de-creance-a-emmanuel-macron\/#primaryimage\",\"url\":\"\",\"contentUrl\":\"\"},{\"@type\":\"BreadcrumbList\",\"@id\":\"https:\/\/kapitalis.com\/tunisie\/2021\/04\/13\/tunisie-france-lambassadeur-mohamed-karim-jamoussi-remet-ses-lettres-de-creance-a-emmanuel-macron\/#breadcrumb\",\"itemListElement\":[{\"@type\":\"ListItem\",\"position\":1,\"name\":\"Accueil\",\"item\":\"https:\/\/kapitalis.com\/tunisie\/\"},{\"@type\":\"ListItem\",\"position\":2,\"name\":\"Tunisie &#8211; France : L&rsquo;ambassadeur Mohamed Karim Jamoussi remet ses lettres de cr\u00e9ance \u00e0 Emmanuel Macron\"}]},{\"@type\":\"WebSite\",\"@id\":\"https:\/\/kapitalis.com\/tunisie\/#website\",\"url\":\"https:\/\/kapitalis.com\/tunisie\/\",\"name\":\"Kapitalis\",\"description\":\"L&#039;actualit\u00e9 en Tunisie et dans le monde\",\"publisher\":{\"@id\":\"https:\/\/kapitalis.com\/tunisie\/#organization\"},\"potentialAction\":[{\"@type\":\"SearchAction\",\"target\":{\"@type\":\"EntryPoint\",\"urlTemplate\":\"https:\/\/kapitalis.com\/tunisie\/?s={search_term_string}\"},\"query-input\":{\"@type\":\"PropertyValueSpecification\",\"valueRequired\":true,\"valueName\":\"search_term_string\"}}],\"inLanguage\":\"fr-FR\"},{\"@type\":\"Organization\",\"@id\":\"https:\/\/kapitalis.com\/tunisie\/#organization\",\"name\":\"Kapitalis\",\"url\":\"https:\/\/kapitalis.com\/tunisie\/\",\"logo\":{\"@type\":\"ImageObject\",\"inLanguage\":\"fr-FR\",\"@id\":\"https:\/\/kapitalis.com\/tunisie\/#\/schema\/logo\/image\/\",\"url\":\"https:\/\/kapitalis.com\/tunisie\/wp-content\/uploads\/2022\/05\/Kapitalis-big-size.png\",\"contentUrl\":\"https:\/\/kapitalis.com\/tunisie\/wp-content\/uploads\/2022\/05\/Kapitalis-big-size.png\",\"width\":5000,\"height\":1500,\"caption\":\"Kapitalis\"},\"image\":{\"@id\":\"https:\/\/kapitalis.com\/tunisie\/#\/schema\/logo\/image\/\"},\"sameAs\":[\"https:\/\/www.facebook.com\/KapitalisInfo\/\",\"https:\/\/x.com\/KapitalisInfo\",\"https:\/\/www.youtube.com\/channel\/UC-yDYrHyfFBWWZaOw3FPg9Q\"]},{\"@type\":\"Person\",\"@id\":\"https:\/\/kapitalis.com\/tunisie\/#\/schema\/person\/b35b8d631961131107263178aeb8019e\",\"name\":\"Cherif Benyounes\",\"url\":\"https:\/\/kapitalis.com\/tunisie\/author\/cherif\/\"}]}<\/script>\n<!-- \/ Yoast SEO plugin. -->","yoast_head_json":{"title":"Tunisie - France : L'ambassadeur Mohamed Karim Jamoussi remet ses lettres de cr\u00e9ance \u00e0 Emmanuel Macron - Kapitalis","robots":{"index":"index","follow":"follow","max-snippet":"max-snippet:-1","max-image-preview":"max-image-preview:large","max-video-preview":"max-video-preview:-1"},"canonical":"https:\/\/kapitalis.com\/tunisie\/2021\/04\/13\/tunisie-france-lambassadeur-mohamed-karim-jamoussi-remet-ses-lettres-de-creance-a-emmanuel-macron\/","og_locale":"fr_FR","og_type":"article","og_title":"Tunisie - France : L'ambassadeur Mohamed Karim Jamoussi remet ses lettres de cr\u00e9ance \u00e0 Emmanuel Macron - Kapitalis","og_description":"L&rsquo;ambassade de la Tunisie en France a annonc\u00e9, ce lundi 13 avril 2021, que Mohamed Karim Jamoussi a remis, aujourd&rsquo;hui, ses lettres de cr\u00e9ances au pr\u00e9sident de la r\u00e9publique fran\u00e7aise, Emmanuel Macron, \u00aben qualit\u00e9 d\u2019ambassadeur extraordinaire et pl\u00e9nipotentiaire de la r\u00e9publique tunisienne\u00bb.","og_url":"https:\/\/kapitalis.com\/tunisie\/2021\/04\/13\/tunisie-france-lambassadeur-mohamed-karim-jamoussi-remet-ses-lettres-de-creance-a-emmanuel-macron\/","og_site_name":"Kapitalis","article_publisher":"https:\/\/www.facebook.com\/KapitalisInfo\/","article_published_time":"2021-04-13T15:19:59+00:00","article_modified_time":"2021-04-13T15:20:02+00:00","og_image":[{"width":1200,"height":630,"url":"https:\/\/kapitalis.com\/tunisie\/wp-content\/uploads\/2022\/05\/kapitalis-logo-fb.png","type":"image\/png"}],"author":"Cherif Benyounes","twitter_card":"summary_large_image","twitter_creator":"@KapitalisInfo","twitter_site":"@KapitalisInfo","twitter_misc":{"\u00c9crit par":"Cherif Benyounes","Dur\u00e9e de lecture estim\u00e9e":"2 minutes"},"schema":{"@context":"https:\/\/schema.org","@graph":[{"@type":"Article","@id":"https:\/\/kapitalis.com\/tunisie\/2021\/04\/13\/tunisie-france-lambassadeur-mohamed-karim-jamoussi-remet-ses-lettres-de-creance-a-emmanuel-macron\/#article","isPartOf":{"@id":"https:\/\/kapitalis.com\/tunisie\/2021\/04\/13\/tunisie-france-lambassadeur-mohamed-karim-jamoussi-remet-ses-lettres-de-creance-a-emmanuel-macron\/"},"author":{"name":"Cherif Benyounes","@id":"https:\/\/kapitalis.com\/tunisie\/#\/schema\/person\/b35b8d631961131107263178aeb8019e"},"headline":"Tunisie &#8211; France : L&rsquo;ambassadeur Mohamed Karim Jamoussi remet ses lettres de cr\u00e9ance \u00e0 Emmanuel Macron","datePublished":"2021-04-13T15:19:59+00:00","dateModified":"2021-04-13T15:20:02+00:00","mainEntityOfPage":{"@id":"https:\/\/kapitalis.com\/tunisie\/2021\/04\/13\/tunisie-france-lambassadeur-mohamed-karim-jamoussi-remet-ses-lettres-de-creance-a-emmanuel-macron\/"},"wordCount":349,"commentCount":0,"publisher":{"@id":"https:\/\/kapitalis.com\/tunisie\/#organization"},"image":{"@id":"https:\/\/kapitalis.com\/tunisie\/2021\/04\/13\/tunisie-france-lambassadeur-mohamed-karim-jamoussi-remet-ses-lettres-de-creance-a-emmanuel-macron\/#primaryimage"},"thumbnailUrl":"","keywords":["Emmanuel Macron","Kais Saied","Mohamed Karim Jamoussi"],"articleSection":["POLITIQUE","Tunisie"],"inLanguage":"fr-FR","potentialAction":[{"@type":"CommentAction","name":"Comment","target":["https:\/\/kapitalis.com\/tunisie\/2021\/04\/13\/tunisie-france-lambassadeur-mohamed-karim-jamoussi-remet-ses-lettres-de-creance-a-emmanuel-macron\/#respond"]}]},{"@type":"WebPage","@id":"https:\/\/kapitalis.com\/tunisie\/2021\/04\/13\/tunisie-france-lambassadeur-mohamed-karim-jamoussi-remet-ses-lettres-de-creance-a-emmanuel-macron\/","url":"https:\/\/kapitalis.com\/tunisie\/2021\/04\/13\/tunisie-france-lambassadeur-mohamed-karim-jamoussi-remet-ses-lettres-de-creance-a-emmanuel-macron\/","name":"Tunisie - France : L'ambassadeur Mohamed Karim Jamoussi remet ses lettres de cr\u00e9ance \u00e0 Emmanuel Macron - Kapitalis","isPartOf":{"@id":"https:\/\/kapitalis.com\/tunisie\/#website"},"primaryImageOfPage":{"@id":"https:\/\/kapitalis.com\/tunisie\/2021\/04\/13\/tunisie-france-lambassadeur-mohamed-karim-jamoussi-remet-ses-lettres-de-creance-a-emmanuel-macron\/#primaryimage"},"image":{"@id":"https:\/\/kapitalis.com\/tunisie\/2021\/04\/13\/tunisie-france-lambassadeur-mohamed-karim-jamoussi-remet-ses-lettres-de-creance-a-emmanuel-macron\/#primaryimage"},"thumbnailUrl":"","datePublished":"2021-04-13T15:19:59+00:00","dateModified":"2021-04-13T15:20:02+00:00","breadcrumb":{"@id":"https:\/\/kapitalis.com\/tunisie\/2021\/04\/13\/tunisie-france-lambassadeur-mohamed-karim-jamoussi-remet-ses-lettres-de-creance-a-emmanuel-macron\/#breadcrumb"},"inLanguage":"fr-FR","potentialAction":[{"@type":"ReadAction","target":["https:\/\/kapitalis.com\/tunisie\/2021\/04\/13\/tunisie-france-lambassadeur-mohamed-karim-jamoussi-remet-ses-lettres-de-creance-a-emmanuel-macron\/"]}]},{"@type":"ImageObject","inLanguage":"fr-FR","@id":"https:\/\/kapitalis.com\/tunisie\/2021\/04\/13\/tunisie-france-lambassadeur-mohamed-karim-jamoussi-remet-ses-lettres-de-creance-a-emmanuel-macron\/#primaryimage","url":"","contentUrl":""},{"@type":"BreadcrumbList","@id":"https:\/\/kapitalis.com\/tunisie\/2021\/04\/13\/tunisie-france-lambassadeur-mohamed-karim-jamoussi-remet-ses-lettres-de-creance-a-emmanuel-macron\/#breadcrumb","itemListElement":[{"@type":"ListItem","position":1,"name":"Accueil","item":"https:\/\/kapitalis.com\/tunisie\/"},{"@type":"ListItem","position":2,"name":"Tunisie &#8211; France : L&rsquo;ambassadeur Mohamed Karim Jamoussi remet ses lettres de cr\u00e9ance \u00e0 Emmanuel Macron"}]},{"@type":"WebSite","@id":"https:\/\/kapitalis.com\/tunisie\/#website","url":"https:\/\/kapitalis.com\/tunisie\/","name":"Kapitalis","description":"L&#039;actualit\u00e9 en Tunisie et dans le monde","publisher":{"@id":"https:\/\/kapitalis.com\/tunisie\/#organization"},"potentialAction":[{"@type":"SearchAction","target":{"@type":"EntryPoint","urlTemplate":"https:\/\/kapitalis.com\/tunisie\/?s={search_term_string}"},"query-input":{"@type":"PropertyValueSpecification","valueRequired":true,"valueName":"search_term_string"}}],"inLanguage":"fr-FR"},{"@type":"Organization","@id":"https:\/\/kapitalis.com\/tunisie\/#organization","name":"Kapitalis","url":"https:\/\/kapitalis.com\/tunisie\/","logo":{"@type":"ImageObject","inLanguage":"fr-FR","@id":"https:\/\/kapitalis.com\/tunisie\/#\/schema\/logo\/image\/","url":"https:\/\/kapitalis.com\/tunisie\/wp-content\/uploads\/2022\/05\/Kapitalis-big-size.png","contentUrl":"https:\/\/kapitalis.com\/tunisie\/wp-content\/uploads\/2022\/05\/Kapitalis-big-size.png","width":5000,"height":1500,"caption":"Kapitalis"},"image":{"@id":"https:\/\/kapitalis.com\/tunisie\/#\/schema\/logo\/image\/"},"sameAs":["https:\/\/www.facebook.com\/KapitalisInfo\/","https:\/\/x.com\/KapitalisInfo","https:\/\/www.youtube.com\/channel\/UC-yDYrHyfFBWWZaOw3FPg9Q"]},{"@type":"Person","@id":"https:\/\/kapitalis.com\/tunisie\/#\/schema\/person\/b35b8d631961131107263178aeb8019e","name":"Cherif Benyounes","url":"https:\/\/kapitalis.com\/tunisie\/author\/cherif\/"}]}},"_links":{"self":[{"href":"https:\/\/kapitalis.com\/tunisie\/wp-json\/wp\/v2\/posts\/345423","targetHints":{"allow":["GET"]}}],"collection":[{"href":"https:\/\/kapitalis.com\/tunisie\/wp-json\/wp\/v2\/posts"}],"about":[{"href":"https:\/\/kapitalis.com\/tunisie\/wp-json\/wp\/v2\/types\/post"}],"author":[{"embeddable":true,"href":"https:\/\/kapitalis.com\/tunisie\/wp-json\/wp\/v2\/users\/24"}],"replies":[{"embeddable":true,"href":"https:\/\/kapitalis.com\/tunisie\/wp-json\/wp\/v2\/comments?post=345423"}],"version-history":[{"count":0,"href":"https:\/\/kapitalis.com\/tunisie\/wp-json\/wp\/v2\/posts\/345423\/revisions"}],"wp:featuredmedia":[{"embeddable":true,"href":"https:\/\/kapitalis.com\/tunisie\/wp-json\/wp\/v2\/media\/345430"}],"wp:attachment":[{"href":"https:\/\/kapitalis.com\/tunisie\/wp-json\/wp\/v2\/media?parent=345423"}],"wp:term":[{"taxonomy":"category","embeddable":true,"href":"https:\/\/kapitalis.com\/tunisie\/wp-json\/wp\/v2\/categories?post=345423"},{"taxonomy":"post_tag","embeddable":true,"href":"https:\/\/kapitalis.com\/tunisie\/wp-json\/wp\/v2\/tags?post=345423"}],"curies":[{"name":"wp","href":"https:\/\/api.w.org\/{rel}","templated":true}]}}