{"id":345555,"date":"2021-04-14T15:43:43","date_gmt":"2021-04-14T14:43:43","guid":{"rendered":"http:\/\/kapitalis.com\/tunisie\/?p=345555"},"modified":"2021-04-14T23:48:42","modified_gmt":"2021-04-14T22:48:42","slug":"coronavirus-41-deces-en-milieu-scolaire-depuis-la-rentree","status":"publish","type":"post","link":"https:\/\/kapitalis.com\/tunisie\/2021\/04\/14\/coronavirus-41-deces-en-milieu-scolaire-depuis-la-rentree\/","title":{"rendered":"Coronavirus : 41 d\u00e9c\u00e8s en milieu scolaire depuis la rentr\u00e9e"},"content":{"rendered":"\n<div class=\"wp-block-image\"><figure class=\"aligncenter size-large\"><img decoding=\"async\" src=\"http:\/\/kapitalis.com\/tunisie\/wp-content\/uploads\/2020\/10\/ecole-coronavirus-1.jpg\" alt=\"\" class=\"wp-image-321316\"\/><\/figure><\/div>\n\n\n\n<p><strong><em>Depuis la rentr\u00e9e scolaire, en septembre dernier, 41 d\u00e9c\u00e8s caus\u00e9s par le coronavirus ont \u00e9t\u00e9 enregistr\u00e9s en milieu scolaire, indique le minist\u00e8re de l\u2019\u00c9ducation ce mercredi 14 avril 2021.<\/em><\/strong><\/p>\n\n\n\n<!--more-->\n\n\n\n<p>Le minist\u00e8re pr\u00e9cise que durant cette m\u00eame p\u00e9riode 9387 contaminations ont \u00e9t\u00e9 enregistr\u00e9es r\u00e9parties comme suit 3949 \u00e9l\u00e8ves, 4331 enseignants, 831 personnels \u00e9ducatifs et 276 agents.<\/p>\n\n\n\n<p>Sur les 9387 personnes contamin\u00e9es,  8913 ont pu gu\u00e9rir du coronavirus, ajoute encore le rapport du minist\u00e8re, en ajoutant qu&rsquo;au total 41 contamin\u00e9s sont d\u00e9c\u00e9d\u00e9s depuis le 15 septembre.<\/p>\n\n\n\n<p>Notons que les Syndicats de l\u2019\u00c9ducation ont propos\u00e9 hier, au cours d&rsquo;une r\u00e9union avec le minist\u00e8re, la suspension des cours pendants 10 jours. Une rencontre est pr\u00e9vue lundi pour statuer \u00e0 ce propos.<\/p>\n\n\n\n<p class=\"has-text-align-right\"><strong>Y. N.<\/strong><\/p>\n\n\n\n<figure class=\"wp-block-embed is-type-wp-embed is-provider-kapitalis wp-block-embed-kapitalis\"><div class=\"wp-block-embed__wrapper\">\n<blockquote class=\"wp-embedded-content\" data-secret=\"LiKUbOmrdc\"><a href=\"https:\/\/kapitalis.com\/tunisie\/2021\/04\/13\/coronavirus-la-federation-de-lenseignement-secondaire-propose-de-suspendre-les-cours-pendant-dix-jours\/\">Coronavirus : La F\u00e9d\u00e9ration de l\u2019enseignement secondaire propose de suspendre les cours pendant dix jours<\/a><\/blockquote><iframe loading=\"lazy\" class=\"wp-embedded-content\" sandbox=\"allow-scripts\" security=\"restricted\" style=\"position: absolute; clip: rect(1px, 1px, 1px, 1px);\" title=\"\u00ab\u00a0Coronavirus : La F\u00e9d\u00e9ration de l\u2019enseignement secondaire propose de suspendre les cours pendant dix jours\u00a0\u00bb &#8212; Kapitalis\" src=\"https:\/\/kapitalis.com\/tunisie\/2021\/04\/13\/coronavirus-la-federation-de-lenseignement-secondaire-propose-de-suspendre-les-cours-pendant-dix-jours\/embed\/#?secret=nkl3ygNcPm#?secret=LiKUbOmrdc\" data-secret=\"LiKUbOmrdc\" width=\"600\" height=\"338\" frameborder=\"0\" marginwidth=\"0\" marginheight=\"0\" scrolling=\"no\"><\/iframe>\n<\/div><\/figure>\n","protected":false},"excerpt":{"rendered":"<p>Depuis la rentr\u00e9e scolaire, en septembre dernier, 41 d\u00e9c\u00e8s caus\u00e9s par le coronavirus ont \u00e9t\u00e9 enregistr\u00e9s en milieu scolaire, indique le minist\u00e8re de l\u2019\u00c9ducation ce mercredi 14 avril 2021.<\/p>\n","protected":false},"author":6,"featured_media":0,"comment_status":"open","ping_status":"open","sticky":false,"template":"","format":"standard","meta":{"footnotes":""},"categories":[998,2433],"tags":[73060,78820,64263,1750,315,327,77386,16742,1219],"class_list":["post-345555","post","type-post","status-publish","format-standard","hentry","category-societe","category-tunisie","tag-coronavirus","tag-covid-2","tag-deces","tag-ecoles","tag-eleves","tag-enseignants","tag-guerisons","tag-milieu-scolaire","tag-ministere-education"],"yoast_head":"<!-- This site is optimized with the Yoast SEO plugin v26.6 - https:\/\/yoast.com\/wordpress\/plugins\/seo\/ -->\n<title>Coronavirus : 41 d\u00e9c\u00e8s en milieu scolaire depuis la rentr\u00e9e - Kapitalis<\/title>\n<meta name=\"robots\" content=\"index, follow, max-snippet:-1, max-image-preview:large, max-video-preview:-1\" \/>\n<link rel=\"canonical\" href=\"https:\/\/kapitalis.com\/tunisie\/2021\/04\/14\/coronavirus-41-deces-en-milieu-scolaire-depuis-la-rentree\/\" \/>\n<meta property=\"og:locale\" content=\"fr_FR\" \/>\n<meta property=\"og:type\" content=\"article\" \/>\n<meta property=\"og:title\" content=\"Coronavirus : 41 d\u00e9c\u00e8s en milieu scolaire depuis la rentr\u00e9e - Kapitalis\" \/>\n<meta property=\"og:description\" content=\"Depuis la rentr\u00e9e scolaire, en septembre dernier, 41 d\u00e9c\u00e8s caus\u00e9s par le coronavirus ont \u00e9t\u00e9 enregistr\u00e9s en milieu scolaire, indique le minist\u00e8re de l\u2019\u00c9ducation ce mercredi 14 avril 2021.\" \/>\n<meta property=\"og:url\" content=\"https:\/\/kapitalis.com\/tunisie\/2021\/04\/14\/coronavirus-41-deces-en-milieu-scolaire-depuis-la-rentree\/\" \/>\n<meta property=\"og:site_name\" content=\"Kapitalis\" \/>\n<meta property=\"article:publisher\" content=\"https:\/\/www.facebook.com\/KapitalisInfo\/\" \/>\n<meta property=\"article:published_time\" content=\"2021-04-14T14:43:43+00:00\" \/>\n<meta property=\"article:modified_time\" content=\"2021-04-14T22:48:42+00:00\" \/>\n<meta property=\"og:image\" content=\"http:\/\/kapitalis.com\/tunisie\/wp-content\/uploads\/2020\/10\/ecole-coronavirus-1.jpg\" \/>\n<meta name=\"author\" content=\"Yusra NY\" \/>\n<meta name=\"twitter:card\" content=\"summary_large_image\" \/>\n<meta name=\"twitter:creator\" content=\"@KapitalisInfo\" \/>\n<meta name=\"twitter:site\" content=\"@KapitalisInfo\" \/>\n<meta name=\"twitter:label1\" content=\"\u00c9crit par\" \/>\n\t<meta name=\"twitter:data1\" content=\"Yusra NY\" \/>\n\t<meta name=\"twitter:label2\" content=\"Dur\u00e9e de lecture estim\u00e9e\" \/>\n\t<meta name=\"twitter:data2\" content=\"1 minute\" \/>\n<script type=\"application\/ld+json\" class=\"yoast-schema-graph\">{\"@context\":\"https:\/\/schema.org\",\"@graph\":[{\"@type\":\"Article\",\"@id\":\"https:\/\/kapitalis.com\/tunisie\/2021\/04\/14\/coronavirus-41-deces-en-milieu-scolaire-depuis-la-rentree\/#article\",\"isPartOf\":{\"@id\":\"https:\/\/kapitalis.com\/tunisie\/2021\/04\/14\/coronavirus-41-deces-en-milieu-scolaire-depuis-la-rentree\/\"},\"author\":{\"name\":\"Yusra NY\",\"@id\":\"https:\/\/kapitalis.com\/tunisie\/#\/schema\/person\/74bbde0154d49d790a92aaeac5bc01d5\"},\"headline\":\"Coronavirus : 41 d\u00e9c\u00e8s en milieu scolaire depuis la rentr\u00e9e\",\"datePublished\":\"2021-04-14T14:43:43+00:00\",\"dateModified\":\"2021-04-14T22:48:42+00:00\",\"mainEntityOfPage\":{\"@id\":\"https:\/\/kapitalis.com\/tunisie\/2021\/04\/14\/coronavirus-41-deces-en-milieu-scolaire-depuis-la-rentree\/\"},\"wordCount\":146,\"commentCount\":0,\"publisher\":{\"@id\":\"https:\/\/kapitalis.com\/tunisie\/#organization\"},\"image\":{\"@id\":\"https:\/\/kapitalis.com\/tunisie\/2021\/04\/14\/coronavirus-41-deces-en-milieu-scolaire-depuis-la-rentree\/#primaryimage\"},\"thumbnailUrl\":\"http:\/\/kapitalis.com\/tunisie\/wp-content\/uploads\/2020\/10\/ecole-coronavirus-1.jpg\",\"keywords\":[\"Coronavirus\",\"covid\",\"d\u00e9c\u00e8s\",\"\u00e9coles\",\"\u00e9l\u00e8ves\",\"enseignants\",\"gu\u00e9risons\",\"milieu scolaire\",\"minist\u00e8re Education\"],\"articleSection\":[\"SOCIETE\",\"Tunisie\"],\"inLanguage\":\"fr-FR\",\"potentialAction\":[{\"@type\":\"CommentAction\",\"name\":\"Comment\",\"target\":[\"https:\/\/kapitalis.com\/tunisie\/2021\/04\/14\/coronavirus-41-deces-en-milieu-scolaire-depuis-la-rentree\/#respond\"]}]},{\"@type\":\"WebPage\",\"@id\":\"https:\/\/kapitalis.com\/tunisie\/2021\/04\/14\/coronavirus-41-deces-en-milieu-scolaire-depuis-la-rentree\/\",\"url\":\"https:\/\/kapitalis.com\/tunisie\/2021\/04\/14\/coronavirus-41-deces-en-milieu-scolaire-depuis-la-rentree\/\",\"name\":\"Coronavirus : 41 d\u00e9c\u00e8s en milieu scolaire depuis la rentr\u00e9e - Kapitalis\",\"isPartOf\":{\"@id\":\"https:\/\/kapitalis.com\/tunisie\/#website\"},\"primaryImageOfPage\":{\"@id\":\"https:\/\/kapitalis.com\/tunisie\/2021\/04\/14\/coronavirus-41-deces-en-milieu-scolaire-depuis-la-rentree\/#primaryimage\"},\"image\":{\"@id\":\"https:\/\/kapitalis.com\/tunisie\/2021\/04\/14\/coronavirus-41-deces-en-milieu-scolaire-depuis-la-rentree\/#primaryimage\"},\"thumbnailUrl\":\"http:\/\/kapitalis.com\/tunisie\/wp-content\/uploads\/2020\/10\/ecole-coronavirus-1.jpg\",\"datePublished\":\"2021-04-14T14:43:43+00:00\",\"dateModified\":\"2021-04-14T22:48:42+00:00\",\"breadcrumb\":{\"@id\":\"https:\/\/kapitalis.com\/tunisie\/2021\/04\/14\/coronavirus-41-deces-en-milieu-scolaire-depuis-la-rentree\/#breadcrumb\"},\"inLanguage\":\"fr-FR\",\"potentialAction\":[{\"@type\":\"ReadAction\",\"target\":[\"https:\/\/kapitalis.com\/tunisie\/2021\/04\/14\/coronavirus-41-deces-en-milieu-scolaire-depuis-la-rentree\/\"]}]},{\"@type\":\"ImageObject\",\"inLanguage\":\"fr-FR\",\"@id\":\"https:\/\/kapitalis.com\/tunisie\/2021\/04\/14\/coronavirus-41-deces-en-milieu-scolaire-depuis-la-rentree\/#primaryimage\",\"url\":\"\",\"contentUrl\":\"\"},{\"@type\":\"BreadcrumbList\",\"@id\":\"https:\/\/kapitalis.com\/tunisie\/2021\/04\/14\/coronavirus-41-deces-en-milieu-scolaire-depuis-la-rentree\/#breadcrumb\",\"itemListElement\":[{\"@type\":\"ListItem\",\"position\":1,\"name\":\"Accueil\",\"item\":\"https:\/\/kapitalis.com\/tunisie\/\"},{\"@type\":\"ListItem\",\"position\":2,\"name\":\"Coronavirus : 41 d\u00e9c\u00e8s en milieu scolaire depuis la rentr\u00e9e\"}]},{\"@type\":\"WebSite\",\"@id\":\"https:\/\/kapitalis.com\/tunisie\/#website\",\"url\":\"https:\/\/kapitalis.com\/tunisie\/\",\"name\":\"Kapitalis\",\"description\":\"L&#039;actualit\u00e9 en Tunisie et dans le monde\",\"publisher\":{\"@id\":\"https:\/\/kapitalis.com\/tunisie\/#organization\"},\"potentialAction\":[{\"@type\":\"SearchAction\",\"target\":{\"@type\":\"EntryPoint\",\"urlTemplate\":\"https:\/\/kapitalis.com\/tunisie\/?s={search_term_string}\"},\"query-input\":{\"@type\":\"PropertyValueSpecification\",\"valueRequired\":true,\"valueName\":\"search_term_string\"}}],\"inLanguage\":\"fr-FR\"},{\"@type\":\"Organization\",\"@id\":\"https:\/\/kapitalis.com\/tunisie\/#organization\",\"name\":\"Kapitalis\",\"url\":\"https:\/\/kapitalis.com\/tunisie\/\",\"logo\":{\"@type\":\"ImageObject\",\"inLanguage\":\"fr-FR\",\"@id\":\"https:\/\/kapitalis.com\/tunisie\/#\/schema\/logo\/image\/\",\"url\":\"https:\/\/kapitalis.com\/tunisie\/wp-content\/uploads\/2022\/05\/Kapitalis-big-size.png\",\"contentUrl\":\"https:\/\/kapitalis.com\/tunisie\/wp-content\/uploads\/2022\/05\/Kapitalis-big-size.png\",\"width\":5000,\"height\":1500,\"caption\":\"Kapitalis\"},\"image\":{\"@id\":\"https:\/\/kapitalis.com\/tunisie\/#\/schema\/logo\/image\/\"},\"sameAs\":[\"https:\/\/www.facebook.com\/KapitalisInfo\/\",\"https:\/\/x.com\/KapitalisInfo\",\"https:\/\/www.youtube.com\/channel\/UC-yDYrHyfFBWWZaOw3FPg9Q\"]},{\"@type\":\"Person\",\"@id\":\"https:\/\/kapitalis.com\/tunisie\/#\/schema\/person\/74bbde0154d49d790a92aaeac5bc01d5\",\"name\":\"Yusra NY\",\"url\":\"https:\/\/kapitalis.com\/tunisie\/author\/yuza_adam\/\"}]}<\/script>\n<!-- \/ Yoast SEO plugin. -->","yoast_head_json":{"title":"Coronavirus : 41 d\u00e9c\u00e8s en milieu scolaire depuis la rentr\u00e9e - Kapitalis","robots":{"index":"index","follow":"follow","max-snippet":"max-snippet:-1","max-image-preview":"max-image-preview:large","max-video-preview":"max-video-preview:-1"},"canonical":"https:\/\/kapitalis.com\/tunisie\/2021\/04\/14\/coronavirus-41-deces-en-milieu-scolaire-depuis-la-rentree\/","og_locale":"fr_FR","og_type":"article","og_title":"Coronavirus : 41 d\u00e9c\u00e8s en milieu scolaire depuis la rentr\u00e9e - Kapitalis","og_description":"Depuis la rentr\u00e9e scolaire, en septembre dernier, 41 d\u00e9c\u00e8s caus\u00e9s par le coronavirus ont \u00e9t\u00e9 enregistr\u00e9s en milieu scolaire, indique le minist\u00e8re de l\u2019\u00c9ducation ce mercredi 14 avril 2021.","og_url":"https:\/\/kapitalis.com\/tunisie\/2021\/04\/14\/coronavirus-41-deces-en-milieu-scolaire-depuis-la-rentree\/","og_site_name":"Kapitalis","article_publisher":"https:\/\/www.facebook.com\/KapitalisInfo\/","article_published_time":"2021-04-14T14:43:43+00:00","article_modified_time":"2021-04-14T22:48:42+00:00","og_image":[{"url":"http:\/\/kapitalis.com\/tunisie\/wp-content\/uploads\/2020\/10\/ecole-coronavirus-1.jpg","type":"","width":"","height":""}],"author":"Yusra NY","twitter_card":"summary_large_image","twitter_creator":"@KapitalisInfo","twitter_site":"@KapitalisInfo","twitter_misc":{"\u00c9crit par":"Yusra NY","Dur\u00e9e de lecture estim\u00e9e":"1 minute"},"schema":{"@context":"https:\/\/schema.org","@graph":[{"@type":"Article","@id":"https:\/\/kapitalis.com\/tunisie\/2021\/04\/14\/coronavirus-41-deces-en-milieu-scolaire-depuis-la-rentree\/#article","isPartOf":{"@id":"https:\/\/kapitalis.com\/tunisie\/2021\/04\/14\/coronavirus-41-deces-en-milieu-scolaire-depuis-la-rentree\/"},"author":{"name":"Yusra NY","@id":"https:\/\/kapitalis.com\/tunisie\/#\/schema\/person\/74bbde0154d49d790a92aaeac5bc01d5"},"headline":"Coronavirus : 41 d\u00e9c\u00e8s en milieu scolaire depuis la rentr\u00e9e","datePublished":"2021-04-14T14:43:43+00:00","dateModified":"2021-04-14T22:48:42+00:00","mainEntityOfPage":{"@id":"https:\/\/kapitalis.com\/tunisie\/2021\/04\/14\/coronavirus-41-deces-en-milieu-scolaire-depuis-la-rentree\/"},"wordCount":146,"commentCount":0,"publisher":{"@id":"https:\/\/kapitalis.com\/tunisie\/#organization"},"image":{"@id":"https:\/\/kapitalis.com\/tunisie\/2021\/04\/14\/coronavirus-41-deces-en-milieu-scolaire-depuis-la-rentree\/#primaryimage"},"thumbnailUrl":"http:\/\/kapitalis.com\/tunisie\/wp-content\/uploads\/2020\/10\/ecole-coronavirus-1.jpg","keywords":["Coronavirus","covid","d\u00e9c\u00e8s","\u00e9coles","\u00e9l\u00e8ves","enseignants","gu\u00e9risons","milieu scolaire","minist\u00e8re Education"],"articleSection":["SOCIETE","Tunisie"],"inLanguage":"fr-FR","potentialAction":[{"@type":"CommentAction","name":"Comment","target":["https:\/\/kapitalis.com\/tunisie\/2021\/04\/14\/coronavirus-41-deces-en-milieu-scolaire-depuis-la-rentree\/#respond"]}]},{"@type":"WebPage","@id":"https:\/\/kapitalis.com\/tunisie\/2021\/04\/14\/coronavirus-41-deces-en-milieu-scolaire-depuis-la-rentree\/","url":"https:\/\/kapitalis.com\/tunisie\/2021\/04\/14\/coronavirus-41-deces-en-milieu-scolaire-depuis-la-rentree\/","name":"Coronavirus : 41 d\u00e9c\u00e8s en milieu scolaire depuis la rentr\u00e9e - Kapitalis","isPartOf":{"@id":"https:\/\/kapitalis.com\/tunisie\/#website"},"primaryImageOfPage":{"@id":"https:\/\/kapitalis.com\/tunisie\/2021\/04\/14\/coronavirus-41-deces-en-milieu-scolaire-depuis-la-rentree\/#primaryimage"},"image":{"@id":"https:\/\/kapitalis.com\/tunisie\/2021\/04\/14\/coronavirus-41-deces-en-milieu-scolaire-depuis-la-rentree\/#primaryimage"},"thumbnailUrl":"http:\/\/kapitalis.com\/tunisie\/wp-content\/uploads\/2020\/10\/ecole-coronavirus-1.jpg","datePublished":"2021-04-14T14:43:43+00:00","dateModified":"2021-04-14T22:48:42+00:00","breadcrumb":{"@id":"https:\/\/kapitalis.com\/tunisie\/2021\/04\/14\/coronavirus-41-deces-en-milieu-scolaire-depuis-la-rentree\/#breadcrumb"},"inLanguage":"fr-FR","potentialAction":[{"@type":"ReadAction","target":["https:\/\/kapitalis.com\/tunisie\/2021\/04\/14\/coronavirus-41-deces-en-milieu-scolaire-depuis-la-rentree\/"]}]},{"@type":"ImageObject","inLanguage":"fr-FR","@id":"https:\/\/kapitalis.com\/tunisie\/2021\/04\/14\/coronavirus-41-deces-en-milieu-scolaire-depuis-la-rentree\/#primaryimage","url":"","contentUrl":""},{"@type":"BreadcrumbList","@id":"https:\/\/kapitalis.com\/tunisie\/2021\/04\/14\/coronavirus-41-deces-en-milieu-scolaire-depuis-la-rentree\/#breadcrumb","itemListElement":[{"@type":"ListItem","position":1,"name":"Accueil","item":"https:\/\/kapitalis.com\/tunisie\/"},{"@type":"ListItem","position":2,"name":"Coronavirus : 41 d\u00e9c\u00e8s en milieu scolaire depuis la rentr\u00e9e"}]},{"@type":"WebSite","@id":"https:\/\/kapitalis.com\/tunisie\/#website","url":"https:\/\/kapitalis.com\/tunisie\/","name":"Kapitalis","description":"L&#039;actualit\u00e9 en Tunisie et dans le monde","publisher":{"@id":"https:\/\/kapitalis.com\/tunisie\/#organization"},"potentialAction":[{"@type":"SearchAction","target":{"@type":"EntryPoint","urlTemplate":"https:\/\/kapitalis.com\/tunisie\/?s={search_term_string}"},"query-input":{"@type":"PropertyValueSpecification","valueRequired":true,"valueName":"search_term_string"}}],"inLanguage":"fr-FR"},{"@type":"Organization","@id":"https:\/\/kapitalis.com\/tunisie\/#organization","name":"Kapitalis","url":"https:\/\/kapitalis.com\/tunisie\/","logo":{"@type":"ImageObject","inLanguage":"fr-FR","@id":"https:\/\/kapitalis.com\/tunisie\/#\/schema\/logo\/image\/","url":"https:\/\/kapitalis.com\/tunisie\/wp-content\/uploads\/2022\/05\/Kapitalis-big-size.png","contentUrl":"https:\/\/kapitalis.com\/tunisie\/wp-content\/uploads\/2022\/05\/Kapitalis-big-size.png","width":5000,"height":1500,"caption":"Kapitalis"},"image":{"@id":"https:\/\/kapitalis.com\/tunisie\/#\/schema\/logo\/image\/"},"sameAs":["https:\/\/www.facebook.com\/KapitalisInfo\/","https:\/\/x.com\/KapitalisInfo","https:\/\/www.youtube.com\/channel\/UC-yDYrHyfFBWWZaOw3FPg9Q"]},{"@type":"Person","@id":"https:\/\/kapitalis.com\/tunisie\/#\/schema\/person\/74bbde0154d49d790a92aaeac5bc01d5","name":"Yusra NY","url":"https:\/\/kapitalis.com\/tunisie\/author\/yuza_adam\/"}]}},"_links":{"self":[{"href":"https:\/\/kapitalis.com\/tunisie\/wp-json\/wp\/v2\/posts\/345555","targetHints":{"allow":["GET"]}}],"collection":[{"href":"https:\/\/kapitalis.com\/tunisie\/wp-json\/wp\/v2\/posts"}],"about":[{"href":"https:\/\/kapitalis.com\/tunisie\/wp-json\/wp\/v2\/types\/post"}],"author":[{"embeddable":true,"href":"https:\/\/kapitalis.com\/tunisie\/wp-json\/wp\/v2\/users\/6"}],"replies":[{"embeddable":true,"href":"https:\/\/kapitalis.com\/tunisie\/wp-json\/wp\/v2\/comments?post=345555"}],"version-history":[{"count":0,"href":"https:\/\/kapitalis.com\/tunisie\/wp-json\/wp\/v2\/posts\/345555\/revisions"}],"wp:attachment":[{"href":"https:\/\/kapitalis.com\/tunisie\/wp-json\/wp\/v2\/media?parent=345555"}],"wp:term":[{"taxonomy":"category","embeddable":true,"href":"https:\/\/kapitalis.com\/tunisie\/wp-json\/wp\/v2\/categories?post=345555"},{"taxonomy":"post_tag","embeddable":true,"href":"https:\/\/kapitalis.com\/tunisie\/wp-json\/wp\/v2\/tags?post=345555"}],"curies":[{"name":"wp","href":"https:\/\/api.w.org\/{rel}","templated":true}]}}