{"id":345690,"date":"2021-04-15T14:01:33","date_gmt":"2021-04-15T13:01:33","guid":{"rendered":"http:\/\/kapitalis.com\/tunisie\/?p=345690"},"modified":"2021-04-16T16:30:21","modified_gmt":"2021-04-16T15:30:21","slug":"camera-cachee-le-cirque-sur-attessia-tv-polemique-autour-dune-lionne-aux-dents-meulees","status":"publish","type":"post","link":"https:\/\/kapitalis.com\/tunisie\/2021\/04\/15\/camera-cachee-le-cirque-sur-attessia-tv-polemique-autour-dune-lionne-aux-dents-meulees\/","title":{"rendered":"Cam\u00e9ra cach\u00e9e \u00ab\u00a0Le Cirque\u00a0\u00bb sur Attessia TV : Pol\u00e9mique autour d&rsquo;une lionne aux dents meul\u00e9es"},"content":{"rendered":"\n<div class=\"wp-block-image\"><figure class=\"aligncenter size-large\"><img decoding=\"async\" src=\"http:\/\/kapitalis.com\/tunisie\/wp-content\/uploads\/2021\/04\/lionne-dents-cirque.jpg\" alt=\"\" class=\"wp-image-345705\"\/><\/figure><\/div>\n\n\n\n<p><strong><em>L&rsquo;apparition d&rsquo;une lionne aux dents meul\u00e9es lors de  la cam\u00e9ra cach\u00e9e \u00ab\u00a0Le cirque\u00a0\u00bb, diffus\u00e9e, hier soir, mercredi 14 avril 2021, sur Attessia TV, a suscit\u00e9 la pol\u00e9mique. Certains t\u00e9l\u00e9spectateurs ont m\u00eame appel\u00e9 \u00e0 boycotter l&rsquo;\u00e9mission ainsi que les annonceurs&#8230; <\/em><\/strong><\/p>\n\n\n\n<!--more-->\n\n\n\n<p>\u00ab<em>C&rsquo;est fou la capacit\u00e9 de ces m\u00e9dias et leurs animateurs \u00e0 creuser dans la merde pour pondre des concepts aussi nuls que cruels\u00bb<\/em>, a d\u00e9plor\u00e9, ce jeudi 15 avril, le cin\u00e9aste  et militant  pour la cause animale Nejib Belkadhi, en ajoutant : <em>\u00abUtiliser des animaux sauvages \u00e0 qui on arrache les dents pour un programme aussi d\u00e9solant de b\u00eatise et de d\u00e9bilit\u00e9 est la preuve du niveau des programmateurs, animateurs et producteurs de ces abominations t\u00e9l\u00e9visuelles<\/em>\u00bb.<\/p>\n\n\n\n<div class=\"wp-block-image\"><figure class=\"aligncenter size-large is-resized\"><img loading=\"lazy\" decoding=\"async\" src=\"http:\/\/kapitalis.com\/tunisie\/wp-content\/uploads\/2021\/04\/Belkadhi-lions-boycot-Attessia.jpg\" alt=\"\" class=\"wp-image-345698\" width=\"313\" height=\"190\"\/><\/figure><\/div>\n\n\n\n<p>Notons que plusieurs internautes ont d\u00e9nonc\u00e9 ce qui a \u00e9t\u00e9 qualifi\u00e9 d&rsquo;abus contre les animaux et ont en alert\u00e9 la Haute autorit\u00e9 ind\u00e9pendante de la communication audiovisuelle (Haica), en l\u2019appelant \u00e0 intervenir.<\/p>\n\n\n\n<p>En r\u00e9action, Walid Bourouis, du syndicat de base de Cactus Prod,  explique que la bo\u00eete a lou\u00e9, pour les besoins de l&rsquo;\u00e9mission, tout le staff du cirque qui joue actuellement \u00e0 Ezzhara, y compris les animaux, tout en affirmant que les lions avaient toutes leurs dents : \u00ab<em>Je ne sais pas pour la lionne ce qu&rsquo;il en est<\/em>\u00bb, a-t-il ajout\u00e9.<\/p>\n\n\n\n<p>\u00ab<em>Au cours du tournage une des lionnes avait refus\u00e9 d&rsquo;entrer en sc\u00e8ne et le directeur du cirque Fabio ne l&rsquo;a pas oblig\u00e9e, et nous avions termin\u00e9 le tournage avec seulement deux animaux<\/em>\u00bb, a-t-il encore indiqu\u00e9.,  <\/p>\n\n\n\n<p class=\"has-text-align-right\"><strong>Y. N.<\/strong><\/p>\n","protected":false},"excerpt":{"rendered":"<p>L&rsquo;apparition d&rsquo;une lionne aux dents meul\u00e9es lors de la cam\u00e9ra cach\u00e9e \u00ab\u00a0Le cirque\u00a0\u00bb, diffus\u00e9e, hier soir, mercredi 14 avril 2021, sur Attessia TV, a suscit\u00e9 la pol\u00e9mique. Certains t\u00e9l\u00e9spectateurs ont m\u00eame appel\u00e9 \u00e0 boycotter l&rsquo;\u00e9mission ainsi que les annonceurs&#8230;<\/p>\n","protected":false},"author":6,"featured_media":345698,"comment_status":"open","ping_status":"open","sticky":false,"template":"","format":"standard","meta":{"footnotes":""},"categories":[996,2433],"tags":[8437,19016,2307,20612,89410,89411,89409,89408],"class_list":["post-345690","post","type-post","status-publish","format-standard","has-post-thumbnail","hentry","category-media","category-tunisie","tag-animaux","tag-attessia-tv","tag-camera-cachee","tag-cause-animale","tag-cirque","tag-dents-meulees","tag-lionne","tag-lions"],"yoast_head":"<!-- This site is optimized with the Yoast SEO plugin v26.6 - https:\/\/yoast.com\/wordpress\/plugins\/seo\/ -->\n<title>Cam\u00e9ra cach\u00e9e &quot;Le Cirque&quot; sur Attessia TV : Pol\u00e9mique autour d&#039;une lionne aux dents meul\u00e9es - Kapitalis<\/title>\n<meta name=\"robots\" content=\"index, follow, max-snippet:-1, max-image-preview:large, max-video-preview:-1\" \/>\n<link rel=\"canonical\" href=\"https:\/\/kapitalis.com\/tunisie\/2021\/04\/15\/camera-cachee-le-cirque-sur-attessia-tv-polemique-autour-dune-lionne-aux-dents-meulees\/\" \/>\n<meta property=\"og:locale\" content=\"fr_FR\" \/>\n<meta property=\"og:type\" content=\"article\" \/>\n<meta property=\"og:title\" content=\"Cam\u00e9ra cach\u00e9e &quot;Le Cirque&quot; sur Attessia TV : Pol\u00e9mique autour d&#039;une lionne aux dents meul\u00e9es - Kapitalis\" \/>\n<meta property=\"og:description\" content=\"L&rsquo;apparition d&rsquo;une lionne aux dents meul\u00e9es lors de la cam\u00e9ra cach\u00e9e \u00ab\u00a0Le cirque\u00a0\u00bb, diffus\u00e9e, hier soir, mercredi 14 avril 2021, sur Attessia TV, a suscit\u00e9 la pol\u00e9mique. Certains t\u00e9l\u00e9spectateurs ont m\u00eame appel\u00e9 \u00e0 boycotter l&rsquo;\u00e9mission ainsi que les annonceurs&#8230;\" \/>\n<meta property=\"og:url\" content=\"https:\/\/kapitalis.com\/tunisie\/2021\/04\/15\/camera-cachee-le-cirque-sur-attessia-tv-polemique-autour-dune-lionne-aux-dents-meulees\/\" \/>\n<meta property=\"og:site_name\" content=\"Kapitalis\" \/>\n<meta property=\"article:publisher\" content=\"https:\/\/www.facebook.com\/KapitalisInfo\/\" \/>\n<meta property=\"article:published_time\" content=\"2021-04-15T13:01:33+00:00\" \/>\n<meta property=\"article:modified_time\" content=\"2021-04-16T15:30:21+00:00\" \/>\n<meta property=\"og:image\" content=\"https:\/\/kapitalis.com\/tunisie\/wp-content\/uploads\/2022\/05\/kapitalis-logo-fb.png\" \/>\n\t<meta property=\"og:image:width\" content=\"1200\" \/>\n\t<meta property=\"og:image:height\" content=\"630\" \/>\n\t<meta property=\"og:image:type\" content=\"image\/png\" \/>\n<meta name=\"author\" content=\"Yusra NY\" \/>\n<meta name=\"twitter:card\" content=\"summary_large_image\" \/>\n<meta name=\"twitter:creator\" content=\"@KapitalisInfo\" \/>\n<meta name=\"twitter:site\" content=\"@KapitalisInfo\" \/>\n<meta name=\"twitter:label1\" content=\"\u00c9crit par\" \/>\n\t<meta name=\"twitter:data1\" content=\"Yusra NY\" \/>\n\t<meta name=\"twitter:label2\" content=\"Dur\u00e9e de lecture estim\u00e9e\" \/>\n\t<meta name=\"twitter:data2\" content=\"1 minute\" \/>\n<script type=\"application\/ld+json\" class=\"yoast-schema-graph\">{\"@context\":\"https:\/\/schema.org\",\"@graph\":[{\"@type\":\"Article\",\"@id\":\"https:\/\/kapitalis.com\/tunisie\/2021\/04\/15\/camera-cachee-le-cirque-sur-attessia-tv-polemique-autour-dune-lionne-aux-dents-meulees\/#article\",\"isPartOf\":{\"@id\":\"https:\/\/kapitalis.com\/tunisie\/2021\/04\/15\/camera-cachee-le-cirque-sur-attessia-tv-polemique-autour-dune-lionne-aux-dents-meulees\/\"},\"author\":{\"name\":\"Yusra NY\",\"@id\":\"https:\/\/kapitalis.com\/tunisie\/#\/schema\/person\/74bbde0154d49d790a92aaeac5bc01d5\"},\"headline\":\"Cam\u00e9ra cach\u00e9e \u00ab\u00a0Le Cirque\u00a0\u00bb sur Attessia TV : Pol\u00e9mique autour d&rsquo;une lionne aux dents meul\u00e9es\",\"datePublished\":\"2021-04-15T13:01:33+00:00\",\"dateModified\":\"2021-04-16T15:30:21+00:00\",\"mainEntityOfPage\":{\"@id\":\"https:\/\/kapitalis.com\/tunisie\/2021\/04\/15\/camera-cachee-le-cirque-sur-attessia-tv-polemique-autour-dune-lionne-aux-dents-meulees\/\"},\"wordCount\":277,\"commentCount\":1,\"publisher\":{\"@id\":\"https:\/\/kapitalis.com\/tunisie\/#organization\"},\"image\":{\"@id\":\"https:\/\/kapitalis.com\/tunisie\/2021\/04\/15\/camera-cachee-le-cirque-sur-attessia-tv-polemique-autour-dune-lionne-aux-dents-meulees\/#primaryimage\"},\"thumbnailUrl\":\"\",\"keywords\":[\"Animaux\",\"Attessia TV\",\"cam\u00e9ra cach\u00e9e\",\"cause animale\",\"cirque\",\"dents meul\u00e9es\",\"lionne\",\"lions\"],\"articleSection\":[\"MEDIA\",\"Tunisie\"],\"inLanguage\":\"fr-FR\",\"potentialAction\":[{\"@type\":\"CommentAction\",\"name\":\"Comment\",\"target\":[\"https:\/\/kapitalis.com\/tunisie\/2021\/04\/15\/camera-cachee-le-cirque-sur-attessia-tv-polemique-autour-dune-lionne-aux-dents-meulees\/#respond\"]}]},{\"@type\":\"WebPage\",\"@id\":\"https:\/\/kapitalis.com\/tunisie\/2021\/04\/15\/camera-cachee-le-cirque-sur-attessia-tv-polemique-autour-dune-lionne-aux-dents-meulees\/\",\"url\":\"https:\/\/kapitalis.com\/tunisie\/2021\/04\/15\/camera-cachee-le-cirque-sur-attessia-tv-polemique-autour-dune-lionne-aux-dents-meulees\/\",\"name\":\"Cam\u00e9ra cach\u00e9e \\\"Le Cirque\\\" sur Attessia TV : Pol\u00e9mique autour d'une lionne aux dents meul\u00e9es - Kapitalis\",\"isPartOf\":{\"@id\":\"https:\/\/kapitalis.com\/tunisie\/#website\"},\"primaryImageOfPage\":{\"@id\":\"https:\/\/kapitalis.com\/tunisie\/2021\/04\/15\/camera-cachee-le-cirque-sur-attessia-tv-polemique-autour-dune-lionne-aux-dents-meulees\/#primaryimage\"},\"image\":{\"@id\":\"https:\/\/kapitalis.com\/tunisie\/2021\/04\/15\/camera-cachee-le-cirque-sur-attessia-tv-polemique-autour-dune-lionne-aux-dents-meulees\/#primaryimage\"},\"thumbnailUrl\":\"\",\"datePublished\":\"2021-04-15T13:01:33+00:00\",\"dateModified\":\"2021-04-16T15:30:21+00:00\",\"breadcrumb\":{\"@id\":\"https:\/\/kapitalis.com\/tunisie\/2021\/04\/15\/camera-cachee-le-cirque-sur-attessia-tv-polemique-autour-dune-lionne-aux-dents-meulees\/#breadcrumb\"},\"inLanguage\":\"fr-FR\",\"potentialAction\":[{\"@type\":\"ReadAction\",\"target\":[\"https:\/\/kapitalis.com\/tunisie\/2021\/04\/15\/camera-cachee-le-cirque-sur-attessia-tv-polemique-autour-dune-lionne-aux-dents-meulees\/\"]}]},{\"@type\":\"ImageObject\",\"inLanguage\":\"fr-FR\",\"@id\":\"https:\/\/kapitalis.com\/tunisie\/2021\/04\/15\/camera-cachee-le-cirque-sur-attessia-tv-polemique-autour-dune-lionne-aux-dents-meulees\/#primaryimage\",\"url\":\"\",\"contentUrl\":\"\"},{\"@type\":\"BreadcrumbList\",\"@id\":\"https:\/\/kapitalis.com\/tunisie\/2021\/04\/15\/camera-cachee-le-cirque-sur-attessia-tv-polemique-autour-dune-lionne-aux-dents-meulees\/#breadcrumb\",\"itemListElement\":[{\"@type\":\"ListItem\",\"position\":1,\"name\":\"Accueil\",\"item\":\"https:\/\/kapitalis.com\/tunisie\/\"},{\"@type\":\"ListItem\",\"position\":2,\"name\":\"Cam\u00e9ra cach\u00e9e \u00ab\u00a0Le Cirque\u00a0\u00bb sur Attessia TV : Pol\u00e9mique autour d&rsquo;une lionne aux dents meul\u00e9es\"}]},{\"@type\":\"WebSite\",\"@id\":\"https:\/\/kapitalis.com\/tunisie\/#website\",\"url\":\"https:\/\/kapitalis.com\/tunisie\/\",\"name\":\"Kapitalis\",\"description\":\"L&#039;actualit\u00e9 en Tunisie et dans le monde\",\"publisher\":{\"@id\":\"https:\/\/kapitalis.com\/tunisie\/#organization\"},\"potentialAction\":[{\"@type\":\"SearchAction\",\"target\":{\"@type\":\"EntryPoint\",\"urlTemplate\":\"https:\/\/kapitalis.com\/tunisie\/?s={search_term_string}\"},\"query-input\":{\"@type\":\"PropertyValueSpecification\",\"valueRequired\":true,\"valueName\":\"search_term_string\"}}],\"inLanguage\":\"fr-FR\"},{\"@type\":\"Organization\",\"@id\":\"https:\/\/kapitalis.com\/tunisie\/#organization\",\"name\":\"Kapitalis\",\"url\":\"https:\/\/kapitalis.com\/tunisie\/\",\"logo\":{\"@type\":\"ImageObject\",\"inLanguage\":\"fr-FR\",\"@id\":\"https:\/\/kapitalis.com\/tunisie\/#\/schema\/logo\/image\/\",\"url\":\"https:\/\/kapitalis.com\/tunisie\/wp-content\/uploads\/2022\/05\/Kapitalis-big-size.png\",\"contentUrl\":\"https:\/\/kapitalis.com\/tunisie\/wp-content\/uploads\/2022\/05\/Kapitalis-big-size.png\",\"width\":5000,\"height\":1500,\"caption\":\"Kapitalis\"},\"image\":{\"@id\":\"https:\/\/kapitalis.com\/tunisie\/#\/schema\/logo\/image\/\"},\"sameAs\":[\"https:\/\/www.facebook.com\/KapitalisInfo\/\",\"https:\/\/x.com\/KapitalisInfo\",\"https:\/\/www.youtube.com\/channel\/UC-yDYrHyfFBWWZaOw3FPg9Q\"]},{\"@type\":\"Person\",\"@id\":\"https:\/\/kapitalis.com\/tunisie\/#\/schema\/person\/74bbde0154d49d790a92aaeac5bc01d5\",\"name\":\"Yusra NY\",\"url\":\"https:\/\/kapitalis.com\/tunisie\/author\/yuza_adam\/\"}]}<\/script>\n<!-- \/ Yoast SEO plugin. -->","yoast_head_json":{"title":"Cam\u00e9ra cach\u00e9e \"Le Cirque\" sur Attessia TV : Pol\u00e9mique autour d'une lionne aux dents meul\u00e9es - Kapitalis","robots":{"index":"index","follow":"follow","max-snippet":"max-snippet:-1","max-image-preview":"max-image-preview:large","max-video-preview":"max-video-preview:-1"},"canonical":"https:\/\/kapitalis.com\/tunisie\/2021\/04\/15\/camera-cachee-le-cirque-sur-attessia-tv-polemique-autour-dune-lionne-aux-dents-meulees\/","og_locale":"fr_FR","og_type":"article","og_title":"Cam\u00e9ra cach\u00e9e \"Le Cirque\" sur Attessia TV : Pol\u00e9mique autour d'une lionne aux dents meul\u00e9es - Kapitalis","og_description":"L&rsquo;apparition d&rsquo;une lionne aux dents meul\u00e9es lors de la cam\u00e9ra cach\u00e9e \u00ab\u00a0Le cirque\u00a0\u00bb, diffus\u00e9e, hier soir, mercredi 14 avril 2021, sur Attessia TV, a suscit\u00e9 la pol\u00e9mique. Certains t\u00e9l\u00e9spectateurs ont m\u00eame appel\u00e9 \u00e0 boycotter l&rsquo;\u00e9mission ainsi que les annonceurs&#8230;","og_url":"https:\/\/kapitalis.com\/tunisie\/2021\/04\/15\/camera-cachee-le-cirque-sur-attessia-tv-polemique-autour-dune-lionne-aux-dents-meulees\/","og_site_name":"Kapitalis","article_publisher":"https:\/\/www.facebook.com\/KapitalisInfo\/","article_published_time":"2021-04-15T13:01:33+00:00","article_modified_time":"2021-04-16T15:30:21+00:00","og_image":[{"width":1200,"height":630,"url":"https:\/\/kapitalis.com\/tunisie\/wp-content\/uploads\/2022\/05\/kapitalis-logo-fb.png","type":"image\/png"}],"author":"Yusra NY","twitter_card":"summary_large_image","twitter_creator":"@KapitalisInfo","twitter_site":"@KapitalisInfo","twitter_misc":{"\u00c9crit par":"Yusra NY","Dur\u00e9e de lecture estim\u00e9e":"1 minute"},"schema":{"@context":"https:\/\/schema.org","@graph":[{"@type":"Article","@id":"https:\/\/kapitalis.com\/tunisie\/2021\/04\/15\/camera-cachee-le-cirque-sur-attessia-tv-polemique-autour-dune-lionne-aux-dents-meulees\/#article","isPartOf":{"@id":"https:\/\/kapitalis.com\/tunisie\/2021\/04\/15\/camera-cachee-le-cirque-sur-attessia-tv-polemique-autour-dune-lionne-aux-dents-meulees\/"},"author":{"name":"Yusra NY","@id":"https:\/\/kapitalis.com\/tunisie\/#\/schema\/person\/74bbde0154d49d790a92aaeac5bc01d5"},"headline":"Cam\u00e9ra cach\u00e9e \u00ab\u00a0Le Cirque\u00a0\u00bb sur Attessia TV : Pol\u00e9mique autour d&rsquo;une lionne aux dents meul\u00e9es","datePublished":"2021-04-15T13:01:33+00:00","dateModified":"2021-04-16T15:30:21+00:00","mainEntityOfPage":{"@id":"https:\/\/kapitalis.com\/tunisie\/2021\/04\/15\/camera-cachee-le-cirque-sur-attessia-tv-polemique-autour-dune-lionne-aux-dents-meulees\/"},"wordCount":277,"commentCount":1,"publisher":{"@id":"https:\/\/kapitalis.com\/tunisie\/#organization"},"image":{"@id":"https:\/\/kapitalis.com\/tunisie\/2021\/04\/15\/camera-cachee-le-cirque-sur-attessia-tv-polemique-autour-dune-lionne-aux-dents-meulees\/#primaryimage"},"thumbnailUrl":"","keywords":["Animaux","Attessia TV","cam\u00e9ra cach\u00e9e","cause animale","cirque","dents meul\u00e9es","lionne","lions"],"articleSection":["MEDIA","Tunisie"],"inLanguage":"fr-FR","potentialAction":[{"@type":"CommentAction","name":"Comment","target":["https:\/\/kapitalis.com\/tunisie\/2021\/04\/15\/camera-cachee-le-cirque-sur-attessia-tv-polemique-autour-dune-lionne-aux-dents-meulees\/#respond"]}]},{"@type":"WebPage","@id":"https:\/\/kapitalis.com\/tunisie\/2021\/04\/15\/camera-cachee-le-cirque-sur-attessia-tv-polemique-autour-dune-lionne-aux-dents-meulees\/","url":"https:\/\/kapitalis.com\/tunisie\/2021\/04\/15\/camera-cachee-le-cirque-sur-attessia-tv-polemique-autour-dune-lionne-aux-dents-meulees\/","name":"Cam\u00e9ra cach\u00e9e \"Le Cirque\" sur Attessia TV : Pol\u00e9mique autour d'une lionne aux dents meul\u00e9es - Kapitalis","isPartOf":{"@id":"https:\/\/kapitalis.com\/tunisie\/#website"},"primaryImageOfPage":{"@id":"https:\/\/kapitalis.com\/tunisie\/2021\/04\/15\/camera-cachee-le-cirque-sur-attessia-tv-polemique-autour-dune-lionne-aux-dents-meulees\/#primaryimage"},"image":{"@id":"https:\/\/kapitalis.com\/tunisie\/2021\/04\/15\/camera-cachee-le-cirque-sur-attessia-tv-polemique-autour-dune-lionne-aux-dents-meulees\/#primaryimage"},"thumbnailUrl":"","datePublished":"2021-04-15T13:01:33+00:00","dateModified":"2021-04-16T15:30:21+00:00","breadcrumb":{"@id":"https:\/\/kapitalis.com\/tunisie\/2021\/04\/15\/camera-cachee-le-cirque-sur-attessia-tv-polemique-autour-dune-lionne-aux-dents-meulees\/#breadcrumb"},"inLanguage":"fr-FR","potentialAction":[{"@type":"ReadAction","target":["https:\/\/kapitalis.com\/tunisie\/2021\/04\/15\/camera-cachee-le-cirque-sur-attessia-tv-polemique-autour-dune-lionne-aux-dents-meulees\/"]}]},{"@type":"ImageObject","inLanguage":"fr-FR","@id":"https:\/\/kapitalis.com\/tunisie\/2021\/04\/15\/camera-cachee-le-cirque-sur-attessia-tv-polemique-autour-dune-lionne-aux-dents-meulees\/#primaryimage","url":"","contentUrl":""},{"@type":"BreadcrumbList","@id":"https:\/\/kapitalis.com\/tunisie\/2021\/04\/15\/camera-cachee-le-cirque-sur-attessia-tv-polemique-autour-dune-lionne-aux-dents-meulees\/#breadcrumb","itemListElement":[{"@type":"ListItem","position":1,"name":"Accueil","item":"https:\/\/kapitalis.com\/tunisie\/"},{"@type":"ListItem","position":2,"name":"Cam\u00e9ra cach\u00e9e \u00ab\u00a0Le Cirque\u00a0\u00bb sur Attessia TV : Pol\u00e9mique autour d&rsquo;une lionne aux dents meul\u00e9es"}]},{"@type":"WebSite","@id":"https:\/\/kapitalis.com\/tunisie\/#website","url":"https:\/\/kapitalis.com\/tunisie\/","name":"Kapitalis","description":"L&#039;actualit\u00e9 en Tunisie et dans le monde","publisher":{"@id":"https:\/\/kapitalis.com\/tunisie\/#organization"},"potentialAction":[{"@type":"SearchAction","target":{"@type":"EntryPoint","urlTemplate":"https:\/\/kapitalis.com\/tunisie\/?s={search_term_string}"},"query-input":{"@type":"PropertyValueSpecification","valueRequired":true,"valueName":"search_term_string"}}],"inLanguage":"fr-FR"},{"@type":"Organization","@id":"https:\/\/kapitalis.com\/tunisie\/#organization","name":"Kapitalis","url":"https:\/\/kapitalis.com\/tunisie\/","logo":{"@type":"ImageObject","inLanguage":"fr-FR","@id":"https:\/\/kapitalis.com\/tunisie\/#\/schema\/logo\/image\/","url":"https:\/\/kapitalis.com\/tunisie\/wp-content\/uploads\/2022\/05\/Kapitalis-big-size.png","contentUrl":"https:\/\/kapitalis.com\/tunisie\/wp-content\/uploads\/2022\/05\/Kapitalis-big-size.png","width":5000,"height":1500,"caption":"Kapitalis"},"image":{"@id":"https:\/\/kapitalis.com\/tunisie\/#\/schema\/logo\/image\/"},"sameAs":["https:\/\/www.facebook.com\/KapitalisInfo\/","https:\/\/x.com\/KapitalisInfo","https:\/\/www.youtube.com\/channel\/UC-yDYrHyfFBWWZaOw3FPg9Q"]},{"@type":"Person","@id":"https:\/\/kapitalis.com\/tunisie\/#\/schema\/person\/74bbde0154d49d790a92aaeac5bc01d5","name":"Yusra NY","url":"https:\/\/kapitalis.com\/tunisie\/author\/yuza_adam\/"}]}},"_links":{"self":[{"href":"https:\/\/kapitalis.com\/tunisie\/wp-json\/wp\/v2\/posts\/345690","targetHints":{"allow":["GET"]}}],"collection":[{"href":"https:\/\/kapitalis.com\/tunisie\/wp-json\/wp\/v2\/posts"}],"about":[{"href":"https:\/\/kapitalis.com\/tunisie\/wp-json\/wp\/v2\/types\/post"}],"author":[{"embeddable":true,"href":"https:\/\/kapitalis.com\/tunisie\/wp-json\/wp\/v2\/users\/6"}],"replies":[{"embeddable":true,"href":"https:\/\/kapitalis.com\/tunisie\/wp-json\/wp\/v2\/comments?post=345690"}],"version-history":[{"count":0,"href":"https:\/\/kapitalis.com\/tunisie\/wp-json\/wp\/v2\/posts\/345690\/revisions"}],"wp:featuredmedia":[{"embeddable":true,"href":"https:\/\/kapitalis.com\/tunisie\/wp-json\/wp\/v2\/media\/345698"}],"wp:attachment":[{"href":"https:\/\/kapitalis.com\/tunisie\/wp-json\/wp\/v2\/media?parent=345690"}],"wp:term":[{"taxonomy":"category","embeddable":true,"href":"https:\/\/kapitalis.com\/tunisie\/wp-json\/wp\/v2\/categories?post=345690"},{"taxonomy":"post_tag","embeddable":true,"href":"https:\/\/kapitalis.com\/tunisie\/wp-json\/wp\/v2\/tags?post=345690"}],"curies":[{"name":"wp","href":"https:\/\/api.w.org\/{rel}","templated":true}]}}