{"id":345843,"date":"2021-04-16T13:17:02","date_gmt":"2021-04-16T12:17:02","guid":{"rendered":"http:\/\/kapitalis.com\/tunisie\/?p=345843"},"modified":"2021-04-16T13:17:13","modified_gmt":"2021-04-16T12:17:13","slug":"le-labess-recherche-pour-son-incubateur-15-projets-a-impact-positif","status":"publish","type":"post","link":"https:\/\/kapitalis.com\/tunisie\/2021\/04\/16\/le-labess-recherche-pour-son-incubateur-15-projets-a-impact-positif\/","title":{"rendered":"Le Lab\u2019ess recherche pour son incubateur 15 projets \u00e0 impact positif"},"content":{"rendered":"\n<div class=\"wp-block-image\"><figure class=\"aligncenter size-large\"><img decoding=\"async\" src=\"http:\/\/kapitalis.com\/tunisie\/wp-content\/uploads\/2021\/04\/Labess.jpg\" alt=\"\" class=\"wp-image-345845\"\/><\/figure><\/div>\n\n\n\n<p><strong><em>Le Lab\u2019ess lance son appel \u00e0 candidatures pour s\u00e9lectionner 15 porteur.e.s de projets qui b\u00e9n\u00e9ficieront des avantages de l\u2019incubateur bas\u00e9 en plein c\u0153ur de Tunis au 7 rue Dr Alphonse Laveran, 1002 Belv\u00e9d\u00e8re. Les initiateur.trice.s d\u2019innovations sociales int\u00e9ress\u00e9.e.s peuvent compl\u00e9ter le formulaire disponible sur ce <a href=\"http:\/\/www.labess.tn\" target=\"_blank\" rel=\"noreferrer noopener\">site<\/a> jusqu\u2019au 2 mai 2021. Le programme d\u2019incubation d\u00e9butera le 21 juin 2021.<\/em><\/strong><\/p>\n\n\n\n<!--more-->\n\n\n\n<p>Dans un contexte social, \u00e9conomique et environnemental en pleine mutation, des besoins nouveaux \u00e9mergent et appellent des r\u00e9ponses innovantes. L\u2019ampleur des transformations impose une r\u00e9flexion sur la recomposition des rapports entre \u00e9conomie et soci\u00e9t\u00e9, sur l\u2019invention d\u2019une \u00e9conomie plurielle favorisant l\u2019\u00e9quit\u00e9 sociale et le d\u00e9veloppement durable. L\u2019incubateur du Lab\u2019ess s&rsquo;inscrit dans cette r\u00e9flexion avec la volont\u00e9 de favoriser la cr\u00e9ation d&rsquo;entreprises porteuses d&rsquo;innovation sociale.<\/p>\n\n\n\n<p>Le programme d\u2019incubation du Lab\u2019ess permet de booster les projets \u00e0 travers l\u2019accompagnement et le financement tout en gardant \u00e0 l\u2019esprit l\u2019essentiel : l\u2019impact positif sur notre soci\u00e9t\u00e9. Le cursus d\u2019incubation s\u2019adresse aux porteur.se.s de projets qui proposent des solutions innovantes et apportent des r\u00e9ponses viables \u00e0 des probl\u00e8mes environnementaux et sociaux. Il peut s\u2019agir d&rsquo;une entreprise sociale en cours de cr\u00e9ation ou cr\u00e9\u00e9e.<\/p>\n\n\n\n<p>Le Lab\u2019ess propose un programme d\u2019incubation complet pour accompagner les candidat.e.s dans l\u2019aventure entrepreneuriale \u00e0 finalit\u00e9 sociale : 1- un programme de formation complet qui inclut un bootcamp, des workshops adapt\u00e9s aux besoins des incub\u00e9.e.s, des outils cl\u00e9 en main, des intervenant.e.s expert.e.s et des entrepreneur.e.s pairs; 2- un accompagnement individuel et personnalis\u00e9, soit un rendez-vous par mois minimum, des coachs sp\u00e9cialis\u00e9.e.s, un accompagnement post-incubation&amp; une bourse pour la mobilit\u00e9; 3- une mise en r\u00e9seau avec des partenaires compl\u00e9mentaires : expert.e.s, entrepreneur.e.s, financeur.e.s; 4- une s\u00e9rie d\u2019\u00e9v\u00e9nements de networking multi-formats, et un lien privil\u00e9gi\u00e9 avec le r\u00e9seau Chabaka.tn; 5- un h\u00e9bergement avec un espace de travail collaboratif et bienveillant d\u00e9di\u00e9 aux futur.e.sentrepreneur.e.s incluant des moyens humains, logistiques et documentaires, avec une domiciliation possible ; 6- l\u2019acc\u00e8s \u00e0 un r\u00e9seau international permettant la participation \u00e0 des salons internationaux, au r\u00e9seau africain Afric\u2019innov, et mondial avec le Groupe SOS Pulse; 7-un financement allant jusqu\u2019\u00e0 15.000 DT et une pr\u00e9s\u00e9lection au prix de l\u2019Entrepreneur social du Lab\u2019ess et l\u2019UBCI.<\/p>\n","protected":false},"excerpt":{"rendered":"<p>Le Lab\u2019ess lance son appel \u00e0 candidatures pour s\u00e9lectionner 15 porteur.e.s de projets qui b\u00e9n\u00e9ficieront des avantages de l\u2019incubateur bas\u00e9 en plein c\u0153ur de Tunis au 7 rue Dr Alphonse Laveran, 1002 Belv\u00e9d\u00e8re. Les initiateur.trice.s d\u2019innovations sociales int\u00e9ress\u00e9.e.s peuvent compl\u00e9ter le formulaire disponible sur ce site jusqu\u2019au 2 mai 2021. Le programme d\u2019incubation d\u00e9butera le&#8230;<\/p>\n","protected":false},"author":8,"featured_media":345845,"comment_status":"open","ping_status":"open","sticky":false,"template":"","format":"standard","meta":{"footnotes":""},"categories":[995,2433],"tags":[1684,89459,89460,10127,89461],"class_list":["post-345843","post","type-post","status-publish","format-standard","has-post-thumbnail","hentry","category-economie","category-tunisie","tag-developpement-durable","tag-equite-sociale","tag-groupe-sos-pulse","tag-labess","tag-reseau-chabaka-tn"],"yoast_head":"<!-- This site is optimized with the Yoast SEO plugin v26.6 - https:\/\/yoast.com\/wordpress\/plugins\/seo\/ -->\n<title>Le Lab\u2019ess recherche pour son incubateur 15 projets \u00e0 impact positif - Kapitalis<\/title>\n<meta name=\"robots\" content=\"index, follow, max-snippet:-1, max-image-preview:large, max-video-preview:-1\" \/>\n<link rel=\"canonical\" href=\"https:\/\/kapitalis.com\/tunisie\/2021\/04\/16\/le-labess-recherche-pour-son-incubateur-15-projets-a-impact-positif\/\" \/>\n<meta property=\"og:locale\" content=\"fr_FR\" \/>\n<meta property=\"og:type\" content=\"article\" \/>\n<meta property=\"og:title\" content=\"Le Lab\u2019ess recherche pour son incubateur 15 projets \u00e0 impact positif - Kapitalis\" \/>\n<meta property=\"og:description\" content=\"Le Lab\u2019ess lance son appel \u00e0 candidatures pour s\u00e9lectionner 15 porteur.e.s de projets qui b\u00e9n\u00e9ficieront des avantages de l\u2019incubateur bas\u00e9 en plein c\u0153ur de Tunis au 7 rue Dr Alphonse Laveran, 1002 Belv\u00e9d\u00e8re. Les initiateur.trice.s d\u2019innovations sociales int\u00e9ress\u00e9.e.s peuvent compl\u00e9ter le formulaire disponible sur ce site jusqu\u2019au 2 mai 2021. Le programme d\u2019incubation d\u00e9butera le...\" \/>\n<meta property=\"og:url\" content=\"https:\/\/kapitalis.com\/tunisie\/2021\/04\/16\/le-labess-recherche-pour-son-incubateur-15-projets-a-impact-positif\/\" \/>\n<meta property=\"og:site_name\" content=\"Kapitalis\" \/>\n<meta property=\"article:publisher\" content=\"https:\/\/www.facebook.com\/KapitalisInfo\/\" \/>\n<meta property=\"article:published_time\" content=\"2021-04-16T12:17:02+00:00\" \/>\n<meta property=\"article:modified_time\" content=\"2021-04-16T12:17:13+00:00\" \/>\n<meta property=\"og:image\" content=\"https:\/\/kapitalis.com\/tunisie\/wp-content\/uploads\/2022\/05\/kapitalis-logo-fb.png\" \/>\n\t<meta property=\"og:image:width\" content=\"1200\" \/>\n\t<meta property=\"og:image:height\" content=\"630\" \/>\n\t<meta property=\"og:image:type\" content=\"image\/png\" \/>\n<meta name=\"author\" content=\"webmaster kapitalis\" \/>\n<meta name=\"twitter:card\" content=\"summary_large_image\" \/>\n<meta name=\"twitter:creator\" content=\"@KapitalisInfo\" \/>\n<meta name=\"twitter:site\" content=\"@KapitalisInfo\" \/>\n<meta name=\"twitter:label1\" content=\"\u00c9crit par\" \/>\n\t<meta name=\"twitter:data1\" content=\"webmaster kapitalis\" \/>\n\t<meta name=\"twitter:label2\" content=\"Dur\u00e9e de lecture estim\u00e9e\" \/>\n\t<meta name=\"twitter:data2\" content=\"2 minutes\" \/>\n<script type=\"application\/ld+json\" class=\"yoast-schema-graph\">{\"@context\":\"https:\/\/schema.org\",\"@graph\":[{\"@type\":\"Article\",\"@id\":\"https:\/\/kapitalis.com\/tunisie\/2021\/04\/16\/le-labess-recherche-pour-son-incubateur-15-projets-a-impact-positif\/#article\",\"isPartOf\":{\"@id\":\"https:\/\/kapitalis.com\/tunisie\/2021\/04\/16\/le-labess-recherche-pour-son-incubateur-15-projets-a-impact-positif\/\"},\"author\":{\"name\":\"webmaster kapitalis\",\"@id\":\"https:\/\/kapitalis.com\/tunisie\/#\/schema\/person\/d71f33a9ca44f7bad4698210b480c8e9\"},\"headline\":\"Le Lab\u2019ess recherche pour son incubateur 15 projets \u00e0 impact positif\",\"datePublished\":\"2021-04-16T12:17:02+00:00\",\"dateModified\":\"2021-04-16T12:17:13+00:00\",\"mainEntityOfPage\":{\"@id\":\"https:\/\/kapitalis.com\/tunisie\/2021\/04\/16\/le-labess-recherche-pour-son-incubateur-15-projets-a-impact-positif\/\"},\"wordCount\":439,\"commentCount\":0,\"publisher\":{\"@id\":\"https:\/\/kapitalis.com\/tunisie\/#organization\"},\"image\":{\"@id\":\"https:\/\/kapitalis.com\/tunisie\/2021\/04\/16\/le-labess-recherche-pour-son-incubateur-15-projets-a-impact-positif\/#primaryimage\"},\"thumbnailUrl\":\"\",\"keywords\":[\"d\u00e9veloppement durable\",\"\u00e9quit\u00e9 sociale\",\"Groupe SOS Pulse\",\"LAB\u2019ESS\",\"r\u00e9seau Chabaka.tn\"],\"articleSection\":[\"ECONOMIE\",\"Tunisie\"],\"inLanguage\":\"fr-FR\",\"potentialAction\":[{\"@type\":\"CommentAction\",\"name\":\"Comment\",\"target\":[\"https:\/\/kapitalis.com\/tunisie\/2021\/04\/16\/le-labess-recherche-pour-son-incubateur-15-projets-a-impact-positif\/#respond\"]}]},{\"@type\":\"WebPage\",\"@id\":\"https:\/\/kapitalis.com\/tunisie\/2021\/04\/16\/le-labess-recherche-pour-son-incubateur-15-projets-a-impact-positif\/\",\"url\":\"https:\/\/kapitalis.com\/tunisie\/2021\/04\/16\/le-labess-recherche-pour-son-incubateur-15-projets-a-impact-positif\/\",\"name\":\"Le Lab\u2019ess recherche pour son incubateur 15 projets \u00e0 impact positif - Kapitalis\",\"isPartOf\":{\"@id\":\"https:\/\/kapitalis.com\/tunisie\/#website\"},\"primaryImageOfPage\":{\"@id\":\"https:\/\/kapitalis.com\/tunisie\/2021\/04\/16\/le-labess-recherche-pour-son-incubateur-15-projets-a-impact-positif\/#primaryimage\"},\"image\":{\"@id\":\"https:\/\/kapitalis.com\/tunisie\/2021\/04\/16\/le-labess-recherche-pour-son-incubateur-15-projets-a-impact-positif\/#primaryimage\"},\"thumbnailUrl\":\"\",\"datePublished\":\"2021-04-16T12:17:02+00:00\",\"dateModified\":\"2021-04-16T12:17:13+00:00\",\"breadcrumb\":{\"@id\":\"https:\/\/kapitalis.com\/tunisie\/2021\/04\/16\/le-labess-recherche-pour-son-incubateur-15-projets-a-impact-positif\/#breadcrumb\"},\"inLanguage\":\"fr-FR\",\"potentialAction\":[{\"@type\":\"ReadAction\",\"target\":[\"https:\/\/kapitalis.com\/tunisie\/2021\/04\/16\/le-labess-recherche-pour-son-incubateur-15-projets-a-impact-positif\/\"]}]},{\"@type\":\"ImageObject\",\"inLanguage\":\"fr-FR\",\"@id\":\"https:\/\/kapitalis.com\/tunisie\/2021\/04\/16\/le-labess-recherche-pour-son-incubateur-15-projets-a-impact-positif\/#primaryimage\",\"url\":\"\",\"contentUrl\":\"\"},{\"@type\":\"BreadcrumbList\",\"@id\":\"https:\/\/kapitalis.com\/tunisie\/2021\/04\/16\/le-labess-recherche-pour-son-incubateur-15-projets-a-impact-positif\/#breadcrumb\",\"itemListElement\":[{\"@type\":\"ListItem\",\"position\":1,\"name\":\"Accueil\",\"item\":\"https:\/\/kapitalis.com\/tunisie\/\"},{\"@type\":\"ListItem\",\"position\":2,\"name\":\"Le Lab\u2019ess recherche pour son incubateur 15 projets \u00e0 impact positif\"}]},{\"@type\":\"WebSite\",\"@id\":\"https:\/\/kapitalis.com\/tunisie\/#website\",\"url\":\"https:\/\/kapitalis.com\/tunisie\/\",\"name\":\"Kapitalis\",\"description\":\"L&#039;actualit\u00e9 en Tunisie et dans le monde\",\"publisher\":{\"@id\":\"https:\/\/kapitalis.com\/tunisie\/#organization\"},\"potentialAction\":[{\"@type\":\"SearchAction\",\"target\":{\"@type\":\"EntryPoint\",\"urlTemplate\":\"https:\/\/kapitalis.com\/tunisie\/?s={search_term_string}\"},\"query-input\":{\"@type\":\"PropertyValueSpecification\",\"valueRequired\":true,\"valueName\":\"search_term_string\"}}],\"inLanguage\":\"fr-FR\"},{\"@type\":\"Organization\",\"@id\":\"https:\/\/kapitalis.com\/tunisie\/#organization\",\"name\":\"Kapitalis\",\"url\":\"https:\/\/kapitalis.com\/tunisie\/\",\"logo\":{\"@type\":\"ImageObject\",\"inLanguage\":\"fr-FR\",\"@id\":\"https:\/\/kapitalis.com\/tunisie\/#\/schema\/logo\/image\/\",\"url\":\"https:\/\/kapitalis.com\/tunisie\/wp-content\/uploads\/2022\/05\/Kapitalis-big-size.png\",\"contentUrl\":\"https:\/\/kapitalis.com\/tunisie\/wp-content\/uploads\/2022\/05\/Kapitalis-big-size.png\",\"width\":5000,\"height\":1500,\"caption\":\"Kapitalis\"},\"image\":{\"@id\":\"https:\/\/kapitalis.com\/tunisie\/#\/schema\/logo\/image\/\"},\"sameAs\":[\"https:\/\/www.facebook.com\/KapitalisInfo\/\",\"https:\/\/x.com\/KapitalisInfo\",\"https:\/\/www.youtube.com\/channel\/UC-yDYrHyfFBWWZaOw3FPg9Q\"]},{\"@type\":\"Person\",\"@id\":\"https:\/\/kapitalis.com\/tunisie\/#\/schema\/person\/d71f33a9ca44f7bad4698210b480c8e9\",\"name\":\"webmaster kapitalis\",\"url\":\"https:\/\/kapitalis.com\/tunisie\/author\/webmaster-kapitalis\/\"}]}<\/script>\n<!-- \/ Yoast SEO plugin. -->","yoast_head_json":{"title":"Le Lab\u2019ess recherche pour son incubateur 15 projets \u00e0 impact positif - Kapitalis","robots":{"index":"index","follow":"follow","max-snippet":"max-snippet:-1","max-image-preview":"max-image-preview:large","max-video-preview":"max-video-preview:-1"},"canonical":"https:\/\/kapitalis.com\/tunisie\/2021\/04\/16\/le-labess-recherche-pour-son-incubateur-15-projets-a-impact-positif\/","og_locale":"fr_FR","og_type":"article","og_title":"Le Lab\u2019ess recherche pour son incubateur 15 projets \u00e0 impact positif - Kapitalis","og_description":"Le Lab\u2019ess lance son appel \u00e0 candidatures pour s\u00e9lectionner 15 porteur.e.s de projets qui b\u00e9n\u00e9ficieront des avantages de l\u2019incubateur bas\u00e9 en plein c\u0153ur de Tunis au 7 rue Dr Alphonse Laveran, 1002 Belv\u00e9d\u00e8re. Les initiateur.trice.s d\u2019innovations sociales int\u00e9ress\u00e9.e.s peuvent compl\u00e9ter le formulaire disponible sur ce site jusqu\u2019au 2 mai 2021. Le programme d\u2019incubation d\u00e9butera le...","og_url":"https:\/\/kapitalis.com\/tunisie\/2021\/04\/16\/le-labess-recherche-pour-son-incubateur-15-projets-a-impact-positif\/","og_site_name":"Kapitalis","article_publisher":"https:\/\/www.facebook.com\/KapitalisInfo\/","article_published_time":"2021-04-16T12:17:02+00:00","article_modified_time":"2021-04-16T12:17:13+00:00","og_image":[{"width":1200,"height":630,"url":"https:\/\/kapitalis.com\/tunisie\/wp-content\/uploads\/2022\/05\/kapitalis-logo-fb.png","type":"image\/png"}],"author":"webmaster kapitalis","twitter_card":"summary_large_image","twitter_creator":"@KapitalisInfo","twitter_site":"@KapitalisInfo","twitter_misc":{"\u00c9crit par":"webmaster kapitalis","Dur\u00e9e de lecture estim\u00e9e":"2 minutes"},"schema":{"@context":"https:\/\/schema.org","@graph":[{"@type":"Article","@id":"https:\/\/kapitalis.com\/tunisie\/2021\/04\/16\/le-labess-recherche-pour-son-incubateur-15-projets-a-impact-positif\/#article","isPartOf":{"@id":"https:\/\/kapitalis.com\/tunisie\/2021\/04\/16\/le-labess-recherche-pour-son-incubateur-15-projets-a-impact-positif\/"},"author":{"name":"webmaster kapitalis","@id":"https:\/\/kapitalis.com\/tunisie\/#\/schema\/person\/d71f33a9ca44f7bad4698210b480c8e9"},"headline":"Le Lab\u2019ess recherche pour son incubateur 15 projets \u00e0 impact positif","datePublished":"2021-04-16T12:17:02+00:00","dateModified":"2021-04-16T12:17:13+00:00","mainEntityOfPage":{"@id":"https:\/\/kapitalis.com\/tunisie\/2021\/04\/16\/le-labess-recherche-pour-son-incubateur-15-projets-a-impact-positif\/"},"wordCount":439,"commentCount":0,"publisher":{"@id":"https:\/\/kapitalis.com\/tunisie\/#organization"},"image":{"@id":"https:\/\/kapitalis.com\/tunisie\/2021\/04\/16\/le-labess-recherche-pour-son-incubateur-15-projets-a-impact-positif\/#primaryimage"},"thumbnailUrl":"","keywords":["d\u00e9veloppement durable","\u00e9quit\u00e9 sociale","Groupe SOS Pulse","LAB\u2019ESS","r\u00e9seau Chabaka.tn"],"articleSection":["ECONOMIE","Tunisie"],"inLanguage":"fr-FR","potentialAction":[{"@type":"CommentAction","name":"Comment","target":["https:\/\/kapitalis.com\/tunisie\/2021\/04\/16\/le-labess-recherche-pour-son-incubateur-15-projets-a-impact-positif\/#respond"]}]},{"@type":"WebPage","@id":"https:\/\/kapitalis.com\/tunisie\/2021\/04\/16\/le-labess-recherche-pour-son-incubateur-15-projets-a-impact-positif\/","url":"https:\/\/kapitalis.com\/tunisie\/2021\/04\/16\/le-labess-recherche-pour-son-incubateur-15-projets-a-impact-positif\/","name":"Le Lab\u2019ess recherche pour son incubateur 15 projets \u00e0 impact positif - Kapitalis","isPartOf":{"@id":"https:\/\/kapitalis.com\/tunisie\/#website"},"primaryImageOfPage":{"@id":"https:\/\/kapitalis.com\/tunisie\/2021\/04\/16\/le-labess-recherche-pour-son-incubateur-15-projets-a-impact-positif\/#primaryimage"},"image":{"@id":"https:\/\/kapitalis.com\/tunisie\/2021\/04\/16\/le-labess-recherche-pour-son-incubateur-15-projets-a-impact-positif\/#primaryimage"},"thumbnailUrl":"","datePublished":"2021-04-16T12:17:02+00:00","dateModified":"2021-04-16T12:17:13+00:00","breadcrumb":{"@id":"https:\/\/kapitalis.com\/tunisie\/2021\/04\/16\/le-labess-recherche-pour-son-incubateur-15-projets-a-impact-positif\/#breadcrumb"},"inLanguage":"fr-FR","potentialAction":[{"@type":"ReadAction","target":["https:\/\/kapitalis.com\/tunisie\/2021\/04\/16\/le-labess-recherche-pour-son-incubateur-15-projets-a-impact-positif\/"]}]},{"@type":"ImageObject","inLanguage":"fr-FR","@id":"https:\/\/kapitalis.com\/tunisie\/2021\/04\/16\/le-labess-recherche-pour-son-incubateur-15-projets-a-impact-positif\/#primaryimage","url":"","contentUrl":""},{"@type":"BreadcrumbList","@id":"https:\/\/kapitalis.com\/tunisie\/2021\/04\/16\/le-labess-recherche-pour-son-incubateur-15-projets-a-impact-positif\/#breadcrumb","itemListElement":[{"@type":"ListItem","position":1,"name":"Accueil","item":"https:\/\/kapitalis.com\/tunisie\/"},{"@type":"ListItem","position":2,"name":"Le Lab\u2019ess recherche pour son incubateur 15 projets \u00e0 impact positif"}]},{"@type":"WebSite","@id":"https:\/\/kapitalis.com\/tunisie\/#website","url":"https:\/\/kapitalis.com\/tunisie\/","name":"Kapitalis","description":"L&#039;actualit\u00e9 en Tunisie et dans le monde","publisher":{"@id":"https:\/\/kapitalis.com\/tunisie\/#organization"},"potentialAction":[{"@type":"SearchAction","target":{"@type":"EntryPoint","urlTemplate":"https:\/\/kapitalis.com\/tunisie\/?s={search_term_string}"},"query-input":{"@type":"PropertyValueSpecification","valueRequired":true,"valueName":"search_term_string"}}],"inLanguage":"fr-FR"},{"@type":"Organization","@id":"https:\/\/kapitalis.com\/tunisie\/#organization","name":"Kapitalis","url":"https:\/\/kapitalis.com\/tunisie\/","logo":{"@type":"ImageObject","inLanguage":"fr-FR","@id":"https:\/\/kapitalis.com\/tunisie\/#\/schema\/logo\/image\/","url":"https:\/\/kapitalis.com\/tunisie\/wp-content\/uploads\/2022\/05\/Kapitalis-big-size.png","contentUrl":"https:\/\/kapitalis.com\/tunisie\/wp-content\/uploads\/2022\/05\/Kapitalis-big-size.png","width":5000,"height":1500,"caption":"Kapitalis"},"image":{"@id":"https:\/\/kapitalis.com\/tunisie\/#\/schema\/logo\/image\/"},"sameAs":["https:\/\/www.facebook.com\/KapitalisInfo\/","https:\/\/x.com\/KapitalisInfo","https:\/\/www.youtube.com\/channel\/UC-yDYrHyfFBWWZaOw3FPg9Q"]},{"@type":"Person","@id":"https:\/\/kapitalis.com\/tunisie\/#\/schema\/person\/d71f33a9ca44f7bad4698210b480c8e9","name":"webmaster kapitalis","url":"https:\/\/kapitalis.com\/tunisie\/author\/webmaster-kapitalis\/"}]}},"_links":{"self":[{"href":"https:\/\/kapitalis.com\/tunisie\/wp-json\/wp\/v2\/posts\/345843","targetHints":{"allow":["GET"]}}],"collection":[{"href":"https:\/\/kapitalis.com\/tunisie\/wp-json\/wp\/v2\/posts"}],"about":[{"href":"https:\/\/kapitalis.com\/tunisie\/wp-json\/wp\/v2\/types\/post"}],"author":[{"embeddable":true,"href":"https:\/\/kapitalis.com\/tunisie\/wp-json\/wp\/v2\/users\/8"}],"replies":[{"embeddable":true,"href":"https:\/\/kapitalis.com\/tunisie\/wp-json\/wp\/v2\/comments?post=345843"}],"version-history":[{"count":0,"href":"https:\/\/kapitalis.com\/tunisie\/wp-json\/wp\/v2\/posts\/345843\/revisions"}],"wp:featuredmedia":[{"embeddable":true,"href":"https:\/\/kapitalis.com\/tunisie\/wp-json\/wp\/v2\/media\/345845"}],"wp:attachment":[{"href":"https:\/\/kapitalis.com\/tunisie\/wp-json\/wp\/v2\/media?parent=345843"}],"wp:term":[{"taxonomy":"category","embeddable":true,"href":"https:\/\/kapitalis.com\/tunisie\/wp-json\/wp\/v2\/categories?post=345843"},{"taxonomy":"post_tag","embeddable":true,"href":"https:\/\/kapitalis.com\/tunisie\/wp-json\/wp\/v2\/tags?post=345843"}],"curies":[{"name":"wp","href":"https:\/\/api.w.org\/{rel}","templated":true}]}}