{"id":345938,"date":"2021-04-17T13:50:06","date_gmt":"2021-04-17T12:50:06","guid":{"rendered":"http:\/\/kapitalis.com\/tunisie\/?p=345938"},"modified":"2021-04-17T13:59:20","modified_gmt":"2021-04-17T12:59:20","slug":"elyes-kasri-le-peuple-tunisien-est-expose-a-une-reedition-de-la-solution-finale","status":"publish","type":"post","link":"https:\/\/kapitalis.com\/tunisie\/2021\/04\/17\/elyes-kasri-le-peuple-tunisien-est-expose-a-une-reedition-de-la-solution-finale\/","title":{"rendered":"Elyes Kasri : \u00abLe peuple tunisien est expos\u00e9 \u00e0 une r\u00e9\u00e9dition de la solution finale\u00bb"},"content":{"rendered":"\n<div class=\"wp-block-image\"><figure class=\"aligncenter size-large\"><img decoding=\"async\" src=\"http:\/\/kapitalis.com\/tunisie\/wp-content\/uploads\/2019\/12\/Elyes-Kasri.jpg\" alt=\"\" class=\"wp-image-268661\"\/><\/figure><\/div>\n\n\n\n<p><strong><em>\u00abAlors que la Tunisie a le triste m\u00e9rite de figurer parmi les pays \u00e0 avoir proc\u00e9d\u00e9 \u00e0 la vaccination du pourcentage le plus bas de sa population, le <a href=\"https:\/\/wwwnc.cdc.gov\/travel\/notices\/covid-4\/coronavirus-tunisia\" target=\"_blank\" rel=\"noreferrer noopener\">Center for Disease Control and Prevention (CDC)<\/a> am\u00e9ricain la classe dans la quatri\u00e8me cat\u00e9gorie la plus dangereuse \u00e0 \u00e9viter absolument\u00bb.<\/em><\/strong><\/p>\n\n\n\n<!--more-->\n\n\n\n<p>C\u2019est ce qu\u2019\u00e9crit sur son compte Facebook le diplomate Elyes Kasri, en s\u2019en prenant au gouvernement et \u00e0 son fameux <em>\u00abcoussin politique\u00bb,<\/em> en \u00e9crivant: \u00ab<em>Si feu Habib Bourguiba avait introduit le planning familial pour limiter la croissance d\u00e9mographique d\u00e9mesur\u00e9e, Mechichi et ses mentors d\u2019Ennahdha et de Qalb Tounes semblent vouloir utiliser la Covid-19 pour r\u00e9duire consid\u00e9rablement la population tunisienne en permettant l\u2019ouverture des caf\u00e9s, mosqu\u00e9es et souks en pleine troisi\u00e8me vague de la Covid-19, de saturation des unit\u00e9s hospitali\u00e8res et de distribution parcimonieuse des vaccins dont on a bien voulu nous faire la charit\u00e9<\/em>\u00bb, ajoutant avec un douloureuse ironie : <em>\u00abCertains pourraient avoir le sentiment que le peuple tunisien est expos\u00e9 \u00e0 une r\u00e9\u00e9dition de la solution finale de triste m\u00e9moire.\u00bb<\/em><\/p>\n\n\n\n<p>L\u2019ancien ambassadeur de Tunisie au Japon et en Allemagne, qui force un peu le trait, expression d\u2019une profonde inqui\u00e9tude partag\u00e9e par bon nombre de ses compatriotes, s\u2019interroge \u00e0 juste titre : <em>\u00abQu\u2019en sera-t-il dans deux semaines apr\u00e8s la p\u00e9riode d\u2019incubation des adeptes des caf\u00e9s nocturnes, souks, pri\u00e8res des \u2018\u2018tarawihs\u2019\u2019 et moyens de transport public dangereusement bond\u00e9s?\u00bb<\/em> Et de conclure avec la m\u00eame ironie, qui est, on le sait, un bouclier protecteur contre le ridicule :<em> \u00abEt dire qu\u2019avec tout cela, le ministre du Tourisme tient encore \u00e0 ouvrir nos fronti\u00e8res aux touristes \u00e9trangers d\u00e8s le 19 avril.\u00bb<\/em><\/p>\n\n\n\n<p>Rappelons, \u00e0 ce propos, ce que dit le <a href=\"https:\/\/wwwnc.cdc.gov\/travel\/notices\/covid-4\/coronavirus-tunisia\" target=\"_blank\" rel=\"noreferrer noopener\">Center for Disease Control and Prevention (CDC)<\/a> am\u00e9ricain: <em>\u00abLes voyageurs doivent \u00e9viter tout voyage en Tunisie. En raison de la situation actuelle dans ce pays, m\u00eame les voyageurs enti\u00e8rement vaccin\u00e9s peuvent courir le risque d&rsquo;attraper et de propager des variantes du Covid-19 et devraient \u00e9viter tout voyage en Tunisie. Si vous devez vous rendre en Tunisie, faites-vous vacciner compl\u00e8tement avant le voyage. Tous les voyageurs doivent porter un masque, rester \u00e0 1,80 m\u00e8tre des autres, \u00e9viter les foules et se laver les mains.\u00bb<\/em><\/p>\n\n\n\n<p>Difficile d&rsquo;avoir une meilleure publicit\u00e9 pour le tourisme tunisien, n&rsquo;est-ce pas Si Habib Ammar !!<\/p>\n\n\n\n<p class=\"has-text-align-right\"><strong>I. B. <\/strong><\/p>\n","protected":false},"excerpt":{"rendered":"<p>\u00abAlors que la Tunisie a le triste m\u00e9rite de figurer parmi les pays \u00e0 avoir proc\u00e9d\u00e9 \u00e0 la vaccination du pourcentage le plus bas de sa population, le Center for Disease Control and Prevention (CDC) am\u00e9ricain la classe dans la quatri\u00e8me cat\u00e9gorie la plus dangereuse \u00e0 \u00e9viter absolument\u00bb.<\/p>\n","protected":false},"author":8,"featured_media":0,"comment_status":"open","ping_status":"open","sticky":false,"template":"","format":"standard","meta":{"footnotes":""},"categories":[998,2433],"tags":[89498,75291,82931,49543,3773,82113,64592,61989,89499],"class_list":["post-345938","post","type-post","status-publish","format-standard","hentry","category-societe","category-tunisie","tag-center-for-disease-control-and-prevention","tag-covid-19","tag-elyes-kasri-2","tag-ennahdha","tag-habib-ammar","tag-hichem-mechihi","tag-peuple-tunisien","tag-qalb-tounes","tag-solution-finale"],"yoast_head":"<!-- This site is optimized with the Yoast SEO plugin v26.6 - https:\/\/yoast.com\/wordpress\/plugins\/seo\/ -->\n<title>Elyes Kasri : \u00abLe peuple tunisien est expos\u00e9 \u00e0 une r\u00e9\u00e9dition de la solution finale\u00bb - Kapitalis<\/title>\n<meta name=\"robots\" content=\"index, follow, max-snippet:-1, max-image-preview:large, max-video-preview:-1\" \/>\n<link rel=\"canonical\" href=\"https:\/\/kapitalis.com\/tunisie\/2021\/04\/17\/elyes-kasri-le-peuple-tunisien-est-expose-a-une-reedition-de-la-solution-finale\/\" \/>\n<meta property=\"og:locale\" content=\"fr_FR\" \/>\n<meta property=\"og:type\" content=\"article\" \/>\n<meta property=\"og:title\" content=\"Elyes Kasri : \u00abLe peuple tunisien est expos\u00e9 \u00e0 une r\u00e9\u00e9dition de la solution finale\u00bb - Kapitalis\" \/>\n<meta property=\"og:description\" content=\"\u00abAlors que la Tunisie a le triste m\u00e9rite de figurer parmi les pays \u00e0 avoir proc\u00e9d\u00e9 \u00e0 la vaccination du pourcentage le plus bas de sa population, le Center for Disease Control and Prevention (CDC) am\u00e9ricain la classe dans la quatri\u00e8me cat\u00e9gorie la plus dangereuse \u00e0 \u00e9viter absolument\u00bb.\" \/>\n<meta property=\"og:url\" content=\"https:\/\/kapitalis.com\/tunisie\/2021\/04\/17\/elyes-kasri-le-peuple-tunisien-est-expose-a-une-reedition-de-la-solution-finale\/\" \/>\n<meta property=\"og:site_name\" content=\"Kapitalis\" \/>\n<meta property=\"article:publisher\" content=\"https:\/\/www.facebook.com\/KapitalisInfo\/\" \/>\n<meta property=\"article:published_time\" content=\"2021-04-17T12:50:06+00:00\" \/>\n<meta property=\"article:modified_time\" content=\"2021-04-17T12:59:20+00:00\" \/>\n<meta property=\"og:image\" content=\"http:\/\/kapitalis.com\/tunisie\/wp-content\/uploads\/2019\/12\/Elyes-Kasri.jpg\" \/>\n<meta name=\"author\" content=\"webmaster kapitalis\" \/>\n<meta name=\"twitter:card\" content=\"summary_large_image\" \/>\n<meta name=\"twitter:creator\" content=\"@KapitalisInfo\" \/>\n<meta name=\"twitter:site\" content=\"@KapitalisInfo\" \/>\n<meta name=\"twitter:label1\" content=\"\u00c9crit par\" \/>\n\t<meta name=\"twitter:data1\" content=\"webmaster kapitalis\" \/>\n\t<meta name=\"twitter:label2\" content=\"Dur\u00e9e de lecture estim\u00e9e\" \/>\n\t<meta name=\"twitter:data2\" content=\"2 minutes\" \/>\n<script type=\"application\/ld+json\" class=\"yoast-schema-graph\">{\"@context\":\"https:\/\/schema.org\",\"@graph\":[{\"@type\":\"Article\",\"@id\":\"https:\/\/kapitalis.com\/tunisie\/2021\/04\/17\/elyes-kasri-le-peuple-tunisien-est-expose-a-une-reedition-de-la-solution-finale\/#article\",\"isPartOf\":{\"@id\":\"https:\/\/kapitalis.com\/tunisie\/2021\/04\/17\/elyes-kasri-le-peuple-tunisien-est-expose-a-une-reedition-de-la-solution-finale\/\"},\"author\":{\"name\":\"webmaster kapitalis\",\"@id\":\"https:\/\/kapitalis.com\/tunisie\/#\/schema\/person\/d71f33a9ca44f7bad4698210b480c8e9\"},\"headline\":\"Elyes Kasri : \u00abLe peuple tunisien est expos\u00e9 \u00e0 une r\u00e9\u00e9dition de la solution finale\u00bb\",\"datePublished\":\"2021-04-17T12:50:06+00:00\",\"dateModified\":\"2021-04-17T12:59:20+00:00\",\"mainEntityOfPage\":{\"@id\":\"https:\/\/kapitalis.com\/tunisie\/2021\/04\/17\/elyes-kasri-le-peuple-tunisien-est-expose-a-une-reedition-de-la-solution-finale\/\"},\"wordCount\":417,\"commentCount\":1,\"publisher\":{\"@id\":\"https:\/\/kapitalis.com\/tunisie\/#organization\"},\"image\":{\"@id\":\"https:\/\/kapitalis.com\/tunisie\/2021\/04\/17\/elyes-kasri-le-peuple-tunisien-est-expose-a-une-reedition-de-la-solution-finale\/#primaryimage\"},\"thumbnailUrl\":\"http:\/\/kapitalis.com\/tunisie\/wp-content\/uploads\/2019\/12\/Elyes-Kasri.jpg\",\"keywords\":[\"Center for Disease Control and Prevention\",\"Covid-19\",\"Elyes Kasri\",\"Ennahdha\",\"Habib Ammar\",\"Hichem Mechihi\",\"peuple tunisien\",\"Qalb Tounes\",\"solution finale\"],\"articleSection\":[\"SOCIETE\",\"Tunisie\"],\"inLanguage\":\"fr-FR\",\"potentialAction\":[{\"@type\":\"CommentAction\",\"name\":\"Comment\",\"target\":[\"https:\/\/kapitalis.com\/tunisie\/2021\/04\/17\/elyes-kasri-le-peuple-tunisien-est-expose-a-une-reedition-de-la-solution-finale\/#respond\"]}]},{\"@type\":\"WebPage\",\"@id\":\"https:\/\/kapitalis.com\/tunisie\/2021\/04\/17\/elyes-kasri-le-peuple-tunisien-est-expose-a-une-reedition-de-la-solution-finale\/\",\"url\":\"https:\/\/kapitalis.com\/tunisie\/2021\/04\/17\/elyes-kasri-le-peuple-tunisien-est-expose-a-une-reedition-de-la-solution-finale\/\",\"name\":\"Elyes Kasri : \u00abLe peuple tunisien est expos\u00e9 \u00e0 une r\u00e9\u00e9dition de la solution finale\u00bb - Kapitalis\",\"isPartOf\":{\"@id\":\"https:\/\/kapitalis.com\/tunisie\/#website\"},\"primaryImageOfPage\":{\"@id\":\"https:\/\/kapitalis.com\/tunisie\/2021\/04\/17\/elyes-kasri-le-peuple-tunisien-est-expose-a-une-reedition-de-la-solution-finale\/#primaryimage\"},\"image\":{\"@id\":\"https:\/\/kapitalis.com\/tunisie\/2021\/04\/17\/elyes-kasri-le-peuple-tunisien-est-expose-a-une-reedition-de-la-solution-finale\/#primaryimage\"},\"thumbnailUrl\":\"http:\/\/kapitalis.com\/tunisie\/wp-content\/uploads\/2019\/12\/Elyes-Kasri.jpg\",\"datePublished\":\"2021-04-17T12:50:06+00:00\",\"dateModified\":\"2021-04-17T12:59:20+00:00\",\"breadcrumb\":{\"@id\":\"https:\/\/kapitalis.com\/tunisie\/2021\/04\/17\/elyes-kasri-le-peuple-tunisien-est-expose-a-une-reedition-de-la-solution-finale\/#breadcrumb\"},\"inLanguage\":\"fr-FR\",\"potentialAction\":[{\"@type\":\"ReadAction\",\"target\":[\"https:\/\/kapitalis.com\/tunisie\/2021\/04\/17\/elyes-kasri-le-peuple-tunisien-est-expose-a-une-reedition-de-la-solution-finale\/\"]}]},{\"@type\":\"ImageObject\",\"inLanguage\":\"fr-FR\",\"@id\":\"https:\/\/kapitalis.com\/tunisie\/2021\/04\/17\/elyes-kasri-le-peuple-tunisien-est-expose-a-une-reedition-de-la-solution-finale\/#primaryimage\",\"url\":\"\",\"contentUrl\":\"\"},{\"@type\":\"BreadcrumbList\",\"@id\":\"https:\/\/kapitalis.com\/tunisie\/2021\/04\/17\/elyes-kasri-le-peuple-tunisien-est-expose-a-une-reedition-de-la-solution-finale\/#breadcrumb\",\"itemListElement\":[{\"@type\":\"ListItem\",\"position\":1,\"name\":\"Accueil\",\"item\":\"https:\/\/kapitalis.com\/tunisie\/\"},{\"@type\":\"ListItem\",\"position\":2,\"name\":\"Elyes Kasri : \u00abLe peuple tunisien est expos\u00e9 \u00e0 une r\u00e9\u00e9dition de la solution finale\u00bb\"}]},{\"@type\":\"WebSite\",\"@id\":\"https:\/\/kapitalis.com\/tunisie\/#website\",\"url\":\"https:\/\/kapitalis.com\/tunisie\/\",\"name\":\"Kapitalis\",\"description\":\"L&#039;actualit\u00e9 en Tunisie et dans le monde\",\"publisher\":{\"@id\":\"https:\/\/kapitalis.com\/tunisie\/#organization\"},\"potentialAction\":[{\"@type\":\"SearchAction\",\"target\":{\"@type\":\"EntryPoint\",\"urlTemplate\":\"https:\/\/kapitalis.com\/tunisie\/?s={search_term_string}\"},\"query-input\":{\"@type\":\"PropertyValueSpecification\",\"valueRequired\":true,\"valueName\":\"search_term_string\"}}],\"inLanguage\":\"fr-FR\"},{\"@type\":\"Organization\",\"@id\":\"https:\/\/kapitalis.com\/tunisie\/#organization\",\"name\":\"Kapitalis\",\"url\":\"https:\/\/kapitalis.com\/tunisie\/\",\"logo\":{\"@type\":\"ImageObject\",\"inLanguage\":\"fr-FR\",\"@id\":\"https:\/\/kapitalis.com\/tunisie\/#\/schema\/logo\/image\/\",\"url\":\"https:\/\/kapitalis.com\/tunisie\/wp-content\/uploads\/2022\/05\/Kapitalis-big-size.png\",\"contentUrl\":\"https:\/\/kapitalis.com\/tunisie\/wp-content\/uploads\/2022\/05\/Kapitalis-big-size.png\",\"width\":5000,\"height\":1500,\"caption\":\"Kapitalis\"},\"image\":{\"@id\":\"https:\/\/kapitalis.com\/tunisie\/#\/schema\/logo\/image\/\"},\"sameAs\":[\"https:\/\/www.facebook.com\/KapitalisInfo\/\",\"https:\/\/x.com\/KapitalisInfo\",\"https:\/\/www.youtube.com\/channel\/UC-yDYrHyfFBWWZaOw3FPg9Q\"]},{\"@type\":\"Person\",\"@id\":\"https:\/\/kapitalis.com\/tunisie\/#\/schema\/person\/d71f33a9ca44f7bad4698210b480c8e9\",\"name\":\"webmaster kapitalis\",\"url\":\"https:\/\/kapitalis.com\/tunisie\/author\/webmaster-kapitalis\/\"}]}<\/script>\n<!-- \/ Yoast SEO plugin. -->","yoast_head_json":{"title":"Elyes Kasri : \u00abLe peuple tunisien est expos\u00e9 \u00e0 une r\u00e9\u00e9dition de la solution finale\u00bb - Kapitalis","robots":{"index":"index","follow":"follow","max-snippet":"max-snippet:-1","max-image-preview":"max-image-preview:large","max-video-preview":"max-video-preview:-1"},"canonical":"https:\/\/kapitalis.com\/tunisie\/2021\/04\/17\/elyes-kasri-le-peuple-tunisien-est-expose-a-une-reedition-de-la-solution-finale\/","og_locale":"fr_FR","og_type":"article","og_title":"Elyes Kasri : \u00abLe peuple tunisien est expos\u00e9 \u00e0 une r\u00e9\u00e9dition de la solution finale\u00bb - Kapitalis","og_description":"\u00abAlors que la Tunisie a le triste m\u00e9rite de figurer parmi les pays \u00e0 avoir proc\u00e9d\u00e9 \u00e0 la vaccination du pourcentage le plus bas de sa population, le Center for Disease Control and Prevention (CDC) am\u00e9ricain la classe dans la quatri\u00e8me cat\u00e9gorie la plus dangereuse \u00e0 \u00e9viter absolument\u00bb.","og_url":"https:\/\/kapitalis.com\/tunisie\/2021\/04\/17\/elyes-kasri-le-peuple-tunisien-est-expose-a-une-reedition-de-la-solution-finale\/","og_site_name":"Kapitalis","article_publisher":"https:\/\/www.facebook.com\/KapitalisInfo\/","article_published_time":"2021-04-17T12:50:06+00:00","article_modified_time":"2021-04-17T12:59:20+00:00","og_image":[{"url":"http:\/\/kapitalis.com\/tunisie\/wp-content\/uploads\/2019\/12\/Elyes-Kasri.jpg","type":"","width":"","height":""}],"author":"webmaster kapitalis","twitter_card":"summary_large_image","twitter_creator":"@KapitalisInfo","twitter_site":"@KapitalisInfo","twitter_misc":{"\u00c9crit par":"webmaster kapitalis","Dur\u00e9e de lecture estim\u00e9e":"2 minutes"},"schema":{"@context":"https:\/\/schema.org","@graph":[{"@type":"Article","@id":"https:\/\/kapitalis.com\/tunisie\/2021\/04\/17\/elyes-kasri-le-peuple-tunisien-est-expose-a-une-reedition-de-la-solution-finale\/#article","isPartOf":{"@id":"https:\/\/kapitalis.com\/tunisie\/2021\/04\/17\/elyes-kasri-le-peuple-tunisien-est-expose-a-une-reedition-de-la-solution-finale\/"},"author":{"name":"webmaster kapitalis","@id":"https:\/\/kapitalis.com\/tunisie\/#\/schema\/person\/d71f33a9ca44f7bad4698210b480c8e9"},"headline":"Elyes Kasri : \u00abLe peuple tunisien est expos\u00e9 \u00e0 une r\u00e9\u00e9dition de la solution finale\u00bb","datePublished":"2021-04-17T12:50:06+00:00","dateModified":"2021-04-17T12:59:20+00:00","mainEntityOfPage":{"@id":"https:\/\/kapitalis.com\/tunisie\/2021\/04\/17\/elyes-kasri-le-peuple-tunisien-est-expose-a-une-reedition-de-la-solution-finale\/"},"wordCount":417,"commentCount":1,"publisher":{"@id":"https:\/\/kapitalis.com\/tunisie\/#organization"},"image":{"@id":"https:\/\/kapitalis.com\/tunisie\/2021\/04\/17\/elyes-kasri-le-peuple-tunisien-est-expose-a-une-reedition-de-la-solution-finale\/#primaryimage"},"thumbnailUrl":"http:\/\/kapitalis.com\/tunisie\/wp-content\/uploads\/2019\/12\/Elyes-Kasri.jpg","keywords":["Center for Disease Control and Prevention","Covid-19","Elyes Kasri","Ennahdha","Habib Ammar","Hichem Mechihi","peuple tunisien","Qalb Tounes","solution finale"],"articleSection":["SOCIETE","Tunisie"],"inLanguage":"fr-FR","potentialAction":[{"@type":"CommentAction","name":"Comment","target":["https:\/\/kapitalis.com\/tunisie\/2021\/04\/17\/elyes-kasri-le-peuple-tunisien-est-expose-a-une-reedition-de-la-solution-finale\/#respond"]}]},{"@type":"WebPage","@id":"https:\/\/kapitalis.com\/tunisie\/2021\/04\/17\/elyes-kasri-le-peuple-tunisien-est-expose-a-une-reedition-de-la-solution-finale\/","url":"https:\/\/kapitalis.com\/tunisie\/2021\/04\/17\/elyes-kasri-le-peuple-tunisien-est-expose-a-une-reedition-de-la-solution-finale\/","name":"Elyes Kasri : \u00abLe peuple tunisien est expos\u00e9 \u00e0 une r\u00e9\u00e9dition de la solution finale\u00bb - Kapitalis","isPartOf":{"@id":"https:\/\/kapitalis.com\/tunisie\/#website"},"primaryImageOfPage":{"@id":"https:\/\/kapitalis.com\/tunisie\/2021\/04\/17\/elyes-kasri-le-peuple-tunisien-est-expose-a-une-reedition-de-la-solution-finale\/#primaryimage"},"image":{"@id":"https:\/\/kapitalis.com\/tunisie\/2021\/04\/17\/elyes-kasri-le-peuple-tunisien-est-expose-a-une-reedition-de-la-solution-finale\/#primaryimage"},"thumbnailUrl":"http:\/\/kapitalis.com\/tunisie\/wp-content\/uploads\/2019\/12\/Elyes-Kasri.jpg","datePublished":"2021-04-17T12:50:06+00:00","dateModified":"2021-04-17T12:59:20+00:00","breadcrumb":{"@id":"https:\/\/kapitalis.com\/tunisie\/2021\/04\/17\/elyes-kasri-le-peuple-tunisien-est-expose-a-une-reedition-de-la-solution-finale\/#breadcrumb"},"inLanguage":"fr-FR","potentialAction":[{"@type":"ReadAction","target":["https:\/\/kapitalis.com\/tunisie\/2021\/04\/17\/elyes-kasri-le-peuple-tunisien-est-expose-a-une-reedition-de-la-solution-finale\/"]}]},{"@type":"ImageObject","inLanguage":"fr-FR","@id":"https:\/\/kapitalis.com\/tunisie\/2021\/04\/17\/elyes-kasri-le-peuple-tunisien-est-expose-a-une-reedition-de-la-solution-finale\/#primaryimage","url":"","contentUrl":""},{"@type":"BreadcrumbList","@id":"https:\/\/kapitalis.com\/tunisie\/2021\/04\/17\/elyes-kasri-le-peuple-tunisien-est-expose-a-une-reedition-de-la-solution-finale\/#breadcrumb","itemListElement":[{"@type":"ListItem","position":1,"name":"Accueil","item":"https:\/\/kapitalis.com\/tunisie\/"},{"@type":"ListItem","position":2,"name":"Elyes Kasri : \u00abLe peuple tunisien est expos\u00e9 \u00e0 une r\u00e9\u00e9dition de la solution finale\u00bb"}]},{"@type":"WebSite","@id":"https:\/\/kapitalis.com\/tunisie\/#website","url":"https:\/\/kapitalis.com\/tunisie\/","name":"Kapitalis","description":"L&#039;actualit\u00e9 en Tunisie et dans le monde","publisher":{"@id":"https:\/\/kapitalis.com\/tunisie\/#organization"},"potentialAction":[{"@type":"SearchAction","target":{"@type":"EntryPoint","urlTemplate":"https:\/\/kapitalis.com\/tunisie\/?s={search_term_string}"},"query-input":{"@type":"PropertyValueSpecification","valueRequired":true,"valueName":"search_term_string"}}],"inLanguage":"fr-FR"},{"@type":"Organization","@id":"https:\/\/kapitalis.com\/tunisie\/#organization","name":"Kapitalis","url":"https:\/\/kapitalis.com\/tunisie\/","logo":{"@type":"ImageObject","inLanguage":"fr-FR","@id":"https:\/\/kapitalis.com\/tunisie\/#\/schema\/logo\/image\/","url":"https:\/\/kapitalis.com\/tunisie\/wp-content\/uploads\/2022\/05\/Kapitalis-big-size.png","contentUrl":"https:\/\/kapitalis.com\/tunisie\/wp-content\/uploads\/2022\/05\/Kapitalis-big-size.png","width":5000,"height":1500,"caption":"Kapitalis"},"image":{"@id":"https:\/\/kapitalis.com\/tunisie\/#\/schema\/logo\/image\/"},"sameAs":["https:\/\/www.facebook.com\/KapitalisInfo\/","https:\/\/x.com\/KapitalisInfo","https:\/\/www.youtube.com\/channel\/UC-yDYrHyfFBWWZaOw3FPg9Q"]},{"@type":"Person","@id":"https:\/\/kapitalis.com\/tunisie\/#\/schema\/person\/d71f33a9ca44f7bad4698210b480c8e9","name":"webmaster kapitalis","url":"https:\/\/kapitalis.com\/tunisie\/author\/webmaster-kapitalis\/"}]}},"_links":{"self":[{"href":"https:\/\/kapitalis.com\/tunisie\/wp-json\/wp\/v2\/posts\/345938","targetHints":{"allow":["GET"]}}],"collection":[{"href":"https:\/\/kapitalis.com\/tunisie\/wp-json\/wp\/v2\/posts"}],"about":[{"href":"https:\/\/kapitalis.com\/tunisie\/wp-json\/wp\/v2\/types\/post"}],"author":[{"embeddable":true,"href":"https:\/\/kapitalis.com\/tunisie\/wp-json\/wp\/v2\/users\/8"}],"replies":[{"embeddable":true,"href":"https:\/\/kapitalis.com\/tunisie\/wp-json\/wp\/v2\/comments?post=345938"}],"version-history":[{"count":0,"href":"https:\/\/kapitalis.com\/tunisie\/wp-json\/wp\/v2\/posts\/345938\/revisions"}],"wp:attachment":[{"href":"https:\/\/kapitalis.com\/tunisie\/wp-json\/wp\/v2\/media?parent=345938"}],"wp:term":[{"taxonomy":"category","embeddable":true,"href":"https:\/\/kapitalis.com\/tunisie\/wp-json\/wp\/v2\/categories?post=345938"},{"taxonomy":"post_tag","embeddable":true,"href":"https:\/\/kapitalis.com\/tunisie\/wp-json\/wp\/v2\/tags?post=345938"}],"curies":[{"name":"wp","href":"https:\/\/api.w.org\/{rel}","templated":true}]}}