{"id":346099,"date":"2021-04-19T15:38:45","date_gmt":"2021-04-19T14:38:45","guid":{"rendered":"http:\/\/kapitalis.com\/tunisie\/?p=346099"},"modified":"2021-04-19T15:38:48","modified_gmt":"2021-04-19T14:38:48","slug":"coronavirus-tunisie-selon-dr-boujdaria-les-mesures-gouvernementales-sont-insuffisantes","status":"publish","type":"post","link":"https:\/\/kapitalis.com\/tunisie\/2021\/04\/19\/coronavirus-tunisie-selon-dr-boujdaria-les-mesures-gouvernementales-sont-insuffisantes\/","title":{"rendered":"Coronavirus &#8211; Tunisie : Selon Dr Boujdaria, les mesures gouvernementales sont insuffisantes"},"content":{"rendered":"\n<figure class=\"wp-block-image size-large\"><img decoding=\"async\" src=\"http:\/\/kapitalis.com\/tunisie\/wp-content\/uploads\/2020\/06\/Rafik-Boujdaria.jpg\" alt=\"\" class=\"wp-image-303522\"\/><\/figure>\n\n\n\n<p><em><strong>Rafik Boujdaria, chef de service de m\u00e9decine d&rsquo;urgence \u00e0 l&rsquo;h\u00f4pital Abderrahmane Mami de l&rsquo;Ariana, est revenu, ce lundi 19 avril 2021, sur les ondes de Shems FM, sur les derni\u00e8res mesures d\u00e9cr\u00e9t\u00e9es par le gouvernement, samedi dernier, dans le cadre de la lutte contre la propagation du coronavirus. Pour lui, \u00e7a a \u00e9t\u00e9 insuffisant.<\/strong><\/em><\/p>\n\n\n\n<!--more-->\n\n\n\n<p>Dr Boujdaria aurait pr\u00e9f\u00e9r\u00e9 qu&rsquo;il y ait un confinement g\u00e9n\u00e9ral d&rsquo;une dizaine de jours ou de deux semaines \u00ab<em>afin de rompre la chaine de contamination<\/em>\u00bb.<\/p>\n\n\n\n<p>Le m\u00e9decin a ajout\u00e9 que d&rsquo;autres pays, qui sont dans une situation \u00e9pid\u00e9miologique comparable \u00e0 la n\u00f4tre, \u00e0 l&rsquo;instar du Portugal, viennent de sortir d&rsquo;un confinement qui a \u00e9t\u00e9 b\u00e9n\u00e9fique.<\/p>\n\n\n\n<p>Rappelons que les d\u00e9cisions principales prises par le gouvernement, samedi dernier, sont la suspension des cours et l&rsquo;interdiction de la circulation via des moyens de transport \u00e0 partir de 19h. Une mesure dont la coh\u00e9rence est tr\u00e8s discutable, selon Boujdaria, puisque les rassemblements auront lieu quand m\u00eame et que cela ne fera que compliquer la vie des employ\u00e9s (notamment au sein des caf\u00e9s), pour lesquels le confinement g\u00e9n\u00e9ral a \u00e9t\u00e9 \u00e9vit\u00e9.<\/p>\n\n\n\n<p class=\"has-text-align-right\"><strong>C. B. Y.<\/strong><\/p>\n\n\n\n<p><\/p>\n\n\n\n<p><\/p>\n","protected":false},"excerpt":{"rendered":"<p>Rafik Boujdaria, chef de service de m\u00e9decine d&rsquo;urgence \u00e0 l&rsquo;h\u00f4pital Abderrahmane Mami de l&rsquo;Ariana, est revenu, ce lundi 19 avril 2021, sur les ondes de Shems FM, sur les derni\u00e8res mesures d\u00e9cr\u00e9t\u00e9es par le gouvernement, samedi dernier, dans le cadre de la lutte contre la propagation du coronavirus. Pour lui, \u00e7a a \u00e9t\u00e9 insuffisant.<\/p>\n","protected":false},"author":24,"featured_media":0,"comment_status":"open","ping_status":"open","sticky":false,"template":"","format":"standard","meta":{"footnotes":""},"categories":[998,2433],"tags":[73060,83319],"class_list":["post-346099","post","type-post","status-publish","format-standard","hentry","category-societe","category-tunisie","tag-coronavirus","tag-rafik-boujdaria"],"yoast_head":"<!-- This site is optimized with the Yoast SEO plugin v26.6 - https:\/\/yoast.com\/wordpress\/plugins\/seo\/ -->\n<title>Coronavirus - Tunisie : Selon Dr Boujdaria, les mesures gouvernementales sont insuffisantes - Kapitalis<\/title>\n<meta name=\"robots\" content=\"index, follow, max-snippet:-1, max-image-preview:large, max-video-preview:-1\" \/>\n<link rel=\"canonical\" href=\"https:\/\/kapitalis.com\/tunisie\/2021\/04\/19\/coronavirus-tunisie-selon-dr-boujdaria-les-mesures-gouvernementales-sont-insuffisantes\/\" \/>\n<meta property=\"og:locale\" content=\"fr_FR\" \/>\n<meta property=\"og:type\" content=\"article\" \/>\n<meta property=\"og:title\" content=\"Coronavirus - Tunisie : Selon Dr Boujdaria, les mesures gouvernementales sont insuffisantes - Kapitalis\" \/>\n<meta property=\"og:description\" content=\"Rafik Boujdaria, chef de service de m\u00e9decine d&rsquo;urgence \u00e0 l&rsquo;h\u00f4pital Abderrahmane Mami de l&rsquo;Ariana, est revenu, ce lundi 19 avril 2021, sur les ondes de Shems FM, sur les derni\u00e8res mesures d\u00e9cr\u00e9t\u00e9es par le gouvernement, samedi dernier, dans le cadre de la lutte contre la propagation du coronavirus. Pour lui, \u00e7a a \u00e9t\u00e9 insuffisant.\" \/>\n<meta property=\"og:url\" content=\"https:\/\/kapitalis.com\/tunisie\/2021\/04\/19\/coronavirus-tunisie-selon-dr-boujdaria-les-mesures-gouvernementales-sont-insuffisantes\/\" \/>\n<meta property=\"og:site_name\" content=\"Kapitalis\" \/>\n<meta property=\"article:publisher\" content=\"https:\/\/www.facebook.com\/KapitalisInfo\/\" \/>\n<meta property=\"article:published_time\" content=\"2021-04-19T14:38:45+00:00\" \/>\n<meta property=\"article:modified_time\" content=\"2021-04-19T14:38:48+00:00\" \/>\n<meta property=\"og:image\" content=\"http:\/\/kapitalis.com\/tunisie\/wp-content\/uploads\/2020\/06\/Rafik-Boujdaria.jpg\" \/>\n<meta name=\"author\" content=\"Cherif Benyounes\" \/>\n<meta name=\"twitter:card\" content=\"summary_large_image\" \/>\n<meta name=\"twitter:creator\" content=\"@KapitalisInfo\" \/>\n<meta name=\"twitter:site\" content=\"@KapitalisInfo\" \/>\n<meta name=\"twitter:label1\" content=\"\u00c9crit par\" \/>\n\t<meta name=\"twitter:data1\" content=\"Cherif Benyounes\" \/>\n\t<meta name=\"twitter:label2\" content=\"Dur\u00e9e de lecture estim\u00e9e\" \/>\n\t<meta name=\"twitter:data2\" content=\"1 minute\" \/>\n<script type=\"application\/ld+json\" class=\"yoast-schema-graph\">{\"@context\":\"https:\/\/schema.org\",\"@graph\":[{\"@type\":\"Article\",\"@id\":\"https:\/\/kapitalis.com\/tunisie\/2021\/04\/19\/coronavirus-tunisie-selon-dr-boujdaria-les-mesures-gouvernementales-sont-insuffisantes\/#article\",\"isPartOf\":{\"@id\":\"https:\/\/kapitalis.com\/tunisie\/2021\/04\/19\/coronavirus-tunisie-selon-dr-boujdaria-les-mesures-gouvernementales-sont-insuffisantes\/\"},\"author\":{\"name\":\"Cherif Benyounes\",\"@id\":\"https:\/\/kapitalis.com\/tunisie\/#\/schema\/person\/b35b8d631961131107263178aeb8019e\"},\"headline\":\"Coronavirus &#8211; Tunisie : Selon Dr Boujdaria, les mesures gouvernementales sont insuffisantes\",\"datePublished\":\"2021-04-19T14:38:45+00:00\",\"dateModified\":\"2021-04-19T14:38:48+00:00\",\"mainEntityOfPage\":{\"@id\":\"https:\/\/kapitalis.com\/tunisie\/2021\/04\/19\/coronavirus-tunisie-selon-dr-boujdaria-les-mesures-gouvernementales-sont-insuffisantes\/\"},\"wordCount\":211,\"commentCount\":2,\"publisher\":{\"@id\":\"https:\/\/kapitalis.com\/tunisie\/#organization\"},\"image\":{\"@id\":\"https:\/\/kapitalis.com\/tunisie\/2021\/04\/19\/coronavirus-tunisie-selon-dr-boujdaria-les-mesures-gouvernementales-sont-insuffisantes\/#primaryimage\"},\"thumbnailUrl\":\"http:\/\/kapitalis.com\/tunisie\/wp-content\/uploads\/2020\/06\/Rafik-Boujdaria.jpg\",\"keywords\":[\"Coronavirus\",\"Rafik Boujdaria\"],\"articleSection\":[\"SOCIETE\",\"Tunisie\"],\"inLanguage\":\"fr-FR\",\"potentialAction\":[{\"@type\":\"CommentAction\",\"name\":\"Comment\",\"target\":[\"https:\/\/kapitalis.com\/tunisie\/2021\/04\/19\/coronavirus-tunisie-selon-dr-boujdaria-les-mesures-gouvernementales-sont-insuffisantes\/#respond\"]}]},{\"@type\":\"WebPage\",\"@id\":\"https:\/\/kapitalis.com\/tunisie\/2021\/04\/19\/coronavirus-tunisie-selon-dr-boujdaria-les-mesures-gouvernementales-sont-insuffisantes\/\",\"url\":\"https:\/\/kapitalis.com\/tunisie\/2021\/04\/19\/coronavirus-tunisie-selon-dr-boujdaria-les-mesures-gouvernementales-sont-insuffisantes\/\",\"name\":\"Coronavirus - Tunisie : Selon Dr Boujdaria, les mesures gouvernementales sont insuffisantes - Kapitalis\",\"isPartOf\":{\"@id\":\"https:\/\/kapitalis.com\/tunisie\/#website\"},\"primaryImageOfPage\":{\"@id\":\"https:\/\/kapitalis.com\/tunisie\/2021\/04\/19\/coronavirus-tunisie-selon-dr-boujdaria-les-mesures-gouvernementales-sont-insuffisantes\/#primaryimage\"},\"image\":{\"@id\":\"https:\/\/kapitalis.com\/tunisie\/2021\/04\/19\/coronavirus-tunisie-selon-dr-boujdaria-les-mesures-gouvernementales-sont-insuffisantes\/#primaryimage\"},\"thumbnailUrl\":\"http:\/\/kapitalis.com\/tunisie\/wp-content\/uploads\/2020\/06\/Rafik-Boujdaria.jpg\",\"datePublished\":\"2021-04-19T14:38:45+00:00\",\"dateModified\":\"2021-04-19T14:38:48+00:00\",\"breadcrumb\":{\"@id\":\"https:\/\/kapitalis.com\/tunisie\/2021\/04\/19\/coronavirus-tunisie-selon-dr-boujdaria-les-mesures-gouvernementales-sont-insuffisantes\/#breadcrumb\"},\"inLanguage\":\"fr-FR\",\"potentialAction\":[{\"@type\":\"ReadAction\",\"target\":[\"https:\/\/kapitalis.com\/tunisie\/2021\/04\/19\/coronavirus-tunisie-selon-dr-boujdaria-les-mesures-gouvernementales-sont-insuffisantes\/\"]}]},{\"@type\":\"ImageObject\",\"inLanguage\":\"fr-FR\",\"@id\":\"https:\/\/kapitalis.com\/tunisie\/2021\/04\/19\/coronavirus-tunisie-selon-dr-boujdaria-les-mesures-gouvernementales-sont-insuffisantes\/#primaryimage\",\"url\":\"\",\"contentUrl\":\"\"},{\"@type\":\"BreadcrumbList\",\"@id\":\"https:\/\/kapitalis.com\/tunisie\/2021\/04\/19\/coronavirus-tunisie-selon-dr-boujdaria-les-mesures-gouvernementales-sont-insuffisantes\/#breadcrumb\",\"itemListElement\":[{\"@type\":\"ListItem\",\"position\":1,\"name\":\"Accueil\",\"item\":\"https:\/\/kapitalis.com\/tunisie\/\"},{\"@type\":\"ListItem\",\"position\":2,\"name\":\"Coronavirus &#8211; Tunisie : Selon Dr Boujdaria, les mesures gouvernementales sont insuffisantes\"}]},{\"@type\":\"WebSite\",\"@id\":\"https:\/\/kapitalis.com\/tunisie\/#website\",\"url\":\"https:\/\/kapitalis.com\/tunisie\/\",\"name\":\"Kapitalis\",\"description\":\"L&#039;actualit\u00e9 en Tunisie et dans le monde\",\"publisher\":{\"@id\":\"https:\/\/kapitalis.com\/tunisie\/#organization\"},\"potentialAction\":[{\"@type\":\"SearchAction\",\"target\":{\"@type\":\"EntryPoint\",\"urlTemplate\":\"https:\/\/kapitalis.com\/tunisie\/?s={search_term_string}\"},\"query-input\":{\"@type\":\"PropertyValueSpecification\",\"valueRequired\":true,\"valueName\":\"search_term_string\"}}],\"inLanguage\":\"fr-FR\"},{\"@type\":\"Organization\",\"@id\":\"https:\/\/kapitalis.com\/tunisie\/#organization\",\"name\":\"Kapitalis\",\"url\":\"https:\/\/kapitalis.com\/tunisie\/\",\"logo\":{\"@type\":\"ImageObject\",\"inLanguage\":\"fr-FR\",\"@id\":\"https:\/\/kapitalis.com\/tunisie\/#\/schema\/logo\/image\/\",\"url\":\"https:\/\/kapitalis.com\/tunisie\/wp-content\/uploads\/2022\/05\/Kapitalis-big-size.png\",\"contentUrl\":\"https:\/\/kapitalis.com\/tunisie\/wp-content\/uploads\/2022\/05\/Kapitalis-big-size.png\",\"width\":5000,\"height\":1500,\"caption\":\"Kapitalis\"},\"image\":{\"@id\":\"https:\/\/kapitalis.com\/tunisie\/#\/schema\/logo\/image\/\"},\"sameAs\":[\"https:\/\/www.facebook.com\/KapitalisInfo\/\",\"https:\/\/x.com\/KapitalisInfo\",\"https:\/\/www.youtube.com\/channel\/UC-yDYrHyfFBWWZaOw3FPg9Q\"]},{\"@type\":\"Person\",\"@id\":\"https:\/\/kapitalis.com\/tunisie\/#\/schema\/person\/b35b8d631961131107263178aeb8019e\",\"name\":\"Cherif Benyounes\",\"url\":\"https:\/\/kapitalis.com\/tunisie\/author\/cherif\/\"}]}<\/script>\n<!-- \/ Yoast SEO plugin. -->","yoast_head_json":{"title":"Coronavirus - Tunisie : Selon Dr Boujdaria, les mesures gouvernementales sont insuffisantes - Kapitalis","robots":{"index":"index","follow":"follow","max-snippet":"max-snippet:-1","max-image-preview":"max-image-preview:large","max-video-preview":"max-video-preview:-1"},"canonical":"https:\/\/kapitalis.com\/tunisie\/2021\/04\/19\/coronavirus-tunisie-selon-dr-boujdaria-les-mesures-gouvernementales-sont-insuffisantes\/","og_locale":"fr_FR","og_type":"article","og_title":"Coronavirus - Tunisie : Selon Dr Boujdaria, les mesures gouvernementales sont insuffisantes - Kapitalis","og_description":"Rafik Boujdaria, chef de service de m\u00e9decine d&rsquo;urgence \u00e0 l&rsquo;h\u00f4pital Abderrahmane Mami de l&rsquo;Ariana, est revenu, ce lundi 19 avril 2021, sur les ondes de Shems FM, sur les derni\u00e8res mesures d\u00e9cr\u00e9t\u00e9es par le gouvernement, samedi dernier, dans le cadre de la lutte contre la propagation du coronavirus. Pour lui, \u00e7a a \u00e9t\u00e9 insuffisant.","og_url":"https:\/\/kapitalis.com\/tunisie\/2021\/04\/19\/coronavirus-tunisie-selon-dr-boujdaria-les-mesures-gouvernementales-sont-insuffisantes\/","og_site_name":"Kapitalis","article_publisher":"https:\/\/www.facebook.com\/KapitalisInfo\/","article_published_time":"2021-04-19T14:38:45+00:00","article_modified_time":"2021-04-19T14:38:48+00:00","og_image":[{"url":"http:\/\/kapitalis.com\/tunisie\/wp-content\/uploads\/2020\/06\/Rafik-Boujdaria.jpg","type":"","width":"","height":""}],"author":"Cherif Benyounes","twitter_card":"summary_large_image","twitter_creator":"@KapitalisInfo","twitter_site":"@KapitalisInfo","twitter_misc":{"\u00c9crit par":"Cherif Benyounes","Dur\u00e9e de lecture estim\u00e9e":"1 minute"},"schema":{"@context":"https:\/\/schema.org","@graph":[{"@type":"Article","@id":"https:\/\/kapitalis.com\/tunisie\/2021\/04\/19\/coronavirus-tunisie-selon-dr-boujdaria-les-mesures-gouvernementales-sont-insuffisantes\/#article","isPartOf":{"@id":"https:\/\/kapitalis.com\/tunisie\/2021\/04\/19\/coronavirus-tunisie-selon-dr-boujdaria-les-mesures-gouvernementales-sont-insuffisantes\/"},"author":{"name":"Cherif Benyounes","@id":"https:\/\/kapitalis.com\/tunisie\/#\/schema\/person\/b35b8d631961131107263178aeb8019e"},"headline":"Coronavirus &#8211; Tunisie : Selon Dr Boujdaria, les mesures gouvernementales sont insuffisantes","datePublished":"2021-04-19T14:38:45+00:00","dateModified":"2021-04-19T14:38:48+00:00","mainEntityOfPage":{"@id":"https:\/\/kapitalis.com\/tunisie\/2021\/04\/19\/coronavirus-tunisie-selon-dr-boujdaria-les-mesures-gouvernementales-sont-insuffisantes\/"},"wordCount":211,"commentCount":2,"publisher":{"@id":"https:\/\/kapitalis.com\/tunisie\/#organization"},"image":{"@id":"https:\/\/kapitalis.com\/tunisie\/2021\/04\/19\/coronavirus-tunisie-selon-dr-boujdaria-les-mesures-gouvernementales-sont-insuffisantes\/#primaryimage"},"thumbnailUrl":"http:\/\/kapitalis.com\/tunisie\/wp-content\/uploads\/2020\/06\/Rafik-Boujdaria.jpg","keywords":["Coronavirus","Rafik Boujdaria"],"articleSection":["SOCIETE","Tunisie"],"inLanguage":"fr-FR","potentialAction":[{"@type":"CommentAction","name":"Comment","target":["https:\/\/kapitalis.com\/tunisie\/2021\/04\/19\/coronavirus-tunisie-selon-dr-boujdaria-les-mesures-gouvernementales-sont-insuffisantes\/#respond"]}]},{"@type":"WebPage","@id":"https:\/\/kapitalis.com\/tunisie\/2021\/04\/19\/coronavirus-tunisie-selon-dr-boujdaria-les-mesures-gouvernementales-sont-insuffisantes\/","url":"https:\/\/kapitalis.com\/tunisie\/2021\/04\/19\/coronavirus-tunisie-selon-dr-boujdaria-les-mesures-gouvernementales-sont-insuffisantes\/","name":"Coronavirus - Tunisie : Selon Dr Boujdaria, les mesures gouvernementales sont insuffisantes - Kapitalis","isPartOf":{"@id":"https:\/\/kapitalis.com\/tunisie\/#website"},"primaryImageOfPage":{"@id":"https:\/\/kapitalis.com\/tunisie\/2021\/04\/19\/coronavirus-tunisie-selon-dr-boujdaria-les-mesures-gouvernementales-sont-insuffisantes\/#primaryimage"},"image":{"@id":"https:\/\/kapitalis.com\/tunisie\/2021\/04\/19\/coronavirus-tunisie-selon-dr-boujdaria-les-mesures-gouvernementales-sont-insuffisantes\/#primaryimage"},"thumbnailUrl":"http:\/\/kapitalis.com\/tunisie\/wp-content\/uploads\/2020\/06\/Rafik-Boujdaria.jpg","datePublished":"2021-04-19T14:38:45+00:00","dateModified":"2021-04-19T14:38:48+00:00","breadcrumb":{"@id":"https:\/\/kapitalis.com\/tunisie\/2021\/04\/19\/coronavirus-tunisie-selon-dr-boujdaria-les-mesures-gouvernementales-sont-insuffisantes\/#breadcrumb"},"inLanguage":"fr-FR","potentialAction":[{"@type":"ReadAction","target":["https:\/\/kapitalis.com\/tunisie\/2021\/04\/19\/coronavirus-tunisie-selon-dr-boujdaria-les-mesures-gouvernementales-sont-insuffisantes\/"]}]},{"@type":"ImageObject","inLanguage":"fr-FR","@id":"https:\/\/kapitalis.com\/tunisie\/2021\/04\/19\/coronavirus-tunisie-selon-dr-boujdaria-les-mesures-gouvernementales-sont-insuffisantes\/#primaryimage","url":"","contentUrl":""},{"@type":"BreadcrumbList","@id":"https:\/\/kapitalis.com\/tunisie\/2021\/04\/19\/coronavirus-tunisie-selon-dr-boujdaria-les-mesures-gouvernementales-sont-insuffisantes\/#breadcrumb","itemListElement":[{"@type":"ListItem","position":1,"name":"Accueil","item":"https:\/\/kapitalis.com\/tunisie\/"},{"@type":"ListItem","position":2,"name":"Coronavirus &#8211; Tunisie : Selon Dr Boujdaria, les mesures gouvernementales sont insuffisantes"}]},{"@type":"WebSite","@id":"https:\/\/kapitalis.com\/tunisie\/#website","url":"https:\/\/kapitalis.com\/tunisie\/","name":"Kapitalis","description":"L&#039;actualit\u00e9 en Tunisie et dans le monde","publisher":{"@id":"https:\/\/kapitalis.com\/tunisie\/#organization"},"potentialAction":[{"@type":"SearchAction","target":{"@type":"EntryPoint","urlTemplate":"https:\/\/kapitalis.com\/tunisie\/?s={search_term_string}"},"query-input":{"@type":"PropertyValueSpecification","valueRequired":true,"valueName":"search_term_string"}}],"inLanguage":"fr-FR"},{"@type":"Organization","@id":"https:\/\/kapitalis.com\/tunisie\/#organization","name":"Kapitalis","url":"https:\/\/kapitalis.com\/tunisie\/","logo":{"@type":"ImageObject","inLanguage":"fr-FR","@id":"https:\/\/kapitalis.com\/tunisie\/#\/schema\/logo\/image\/","url":"https:\/\/kapitalis.com\/tunisie\/wp-content\/uploads\/2022\/05\/Kapitalis-big-size.png","contentUrl":"https:\/\/kapitalis.com\/tunisie\/wp-content\/uploads\/2022\/05\/Kapitalis-big-size.png","width":5000,"height":1500,"caption":"Kapitalis"},"image":{"@id":"https:\/\/kapitalis.com\/tunisie\/#\/schema\/logo\/image\/"},"sameAs":["https:\/\/www.facebook.com\/KapitalisInfo\/","https:\/\/x.com\/KapitalisInfo","https:\/\/www.youtube.com\/channel\/UC-yDYrHyfFBWWZaOw3FPg9Q"]},{"@type":"Person","@id":"https:\/\/kapitalis.com\/tunisie\/#\/schema\/person\/b35b8d631961131107263178aeb8019e","name":"Cherif Benyounes","url":"https:\/\/kapitalis.com\/tunisie\/author\/cherif\/"}]}},"_links":{"self":[{"href":"https:\/\/kapitalis.com\/tunisie\/wp-json\/wp\/v2\/posts\/346099","targetHints":{"allow":["GET"]}}],"collection":[{"href":"https:\/\/kapitalis.com\/tunisie\/wp-json\/wp\/v2\/posts"}],"about":[{"href":"https:\/\/kapitalis.com\/tunisie\/wp-json\/wp\/v2\/types\/post"}],"author":[{"embeddable":true,"href":"https:\/\/kapitalis.com\/tunisie\/wp-json\/wp\/v2\/users\/24"}],"replies":[{"embeddable":true,"href":"https:\/\/kapitalis.com\/tunisie\/wp-json\/wp\/v2\/comments?post=346099"}],"version-history":[{"count":0,"href":"https:\/\/kapitalis.com\/tunisie\/wp-json\/wp\/v2\/posts\/346099\/revisions"}],"wp:attachment":[{"href":"https:\/\/kapitalis.com\/tunisie\/wp-json\/wp\/v2\/media?parent=346099"}],"wp:term":[{"taxonomy":"category","embeddable":true,"href":"https:\/\/kapitalis.com\/tunisie\/wp-json\/wp\/v2\/categories?post=346099"},{"taxonomy":"post_tag","embeddable":true,"href":"https:\/\/kapitalis.com\/tunisie\/wp-json\/wp\/v2\/tags?post=346099"}],"curies":[{"name":"wp","href":"https:\/\/api.w.org\/{rel}","templated":true}]}}