{"id":346121,"date":"2021-04-19T16:47:58","date_gmt":"2021-04-19T15:47:58","guid":{"rendered":"http:\/\/kapitalis.com\/tunisie\/?p=346121"},"modified":"2021-04-19T16:48:02","modified_gmt":"2021-04-19T15:48:02","slug":"coronavirus-1-tunisien-sur-10-seulement-porte-le-masque-selon-hedi-oueslati","status":"publish","type":"post","link":"https:\/\/kapitalis.com\/tunisie\/2021\/04\/19\/coronavirus-1-tunisien-sur-10-seulement-porte-le-masque-selon-hedi-oueslati\/","title":{"rendered":"Coronavirus : 1 Tunisien sur 10 seulement porte le masque, selon H\u00e9di Oueslati"},"content":{"rendered":"\n<figure class=\"wp-block-image size-large\"><img decoding=\"async\" src=\"http:\/\/kapitalis.com\/tunisie\/wp-content\/uploads\/2021\/04\/Hedi-Oueslati.jpg\" alt=\"\" class=\"wp-image-346125\"\/><\/figure>\n\n\n\n<p><em><strong>Selon le pr\u00e9sident de la commission scientifique de lutte contre le coronavirus H\u00e9di Oueslati, les Tunisiens respectent tr\u00e8s peu les gestes barri\u00e8re relatifs \u00e0 la pr\u00e9vention de la contamination par la Covid-19, malgr\u00e9 la situation \u00e9pid\u00e9miologique tr\u00e8s dangereuse que conna\u00eet notre pays.<\/strong><\/em><\/p>\n\n\n\n<!--more-->\n\n\n\n<p>Intervenu, ce lundi 19 avril 2021, sur Mosa\u00efque FM, Oueslati a affirm\u00e9 que moins de 10% des Tunisiens portent le masque dans les espaces publics actuellement.<\/p>\n\n\n\n<p>Par ailleurs, H\u00e9di Oueslati a indiqu\u00e9 que des s\u00e9quelles physiques, au niveau du c\u0153ur et du syst\u00e8me nerveux, ont \u00e9t\u00e9 constat\u00e9es chez des patients ayant contract\u00e9 le virus, ajoutant que les semaines \u00e0 venir seront cruciales pour les Tunisiens.<\/p>\n\n\n\n<p class=\"has-text-align-right\"><strong>C. B. Y.<\/strong><\/p>\n","protected":false},"excerpt":{"rendered":"<p>Selon le pr\u00e9sident de la commission scientifique de lutte contre le coronavirus H\u00e9di Oueslati, les Tunisiens respectent tr\u00e8s peu les gestes barri\u00e8re relatifs \u00e0 la pr\u00e9vention de la contamination par la Covid-19, malgr\u00e9 la situation \u00e9pid\u00e9miologique tr\u00e8s dangereuse que conna\u00eet notre pays.<\/p>\n","protected":false},"author":24,"featured_media":346125,"comment_status":"open","ping_status":"open","sticky":false,"template":"","format":"standard","meta":{"footnotes":""},"categories":[998,2433],"tags":[73060,89526],"class_list":["post-346121","post","type-post","status-publish","format-standard","has-post-thumbnail","hentry","category-societe","category-tunisie","tag-coronavirus","tag-hedi-oueslati"],"yoast_head":"<!-- This site is optimized with the Yoast SEO plugin v26.6 - https:\/\/yoast.com\/wordpress\/plugins\/seo\/ -->\n<title>Coronavirus : 1 Tunisien sur 10 seulement porte le masque, selon H\u00e9di Oueslati - Kapitalis<\/title>\n<meta name=\"robots\" content=\"index, follow, max-snippet:-1, max-image-preview:large, max-video-preview:-1\" \/>\n<link rel=\"canonical\" href=\"https:\/\/kapitalis.com\/tunisie\/2021\/04\/19\/coronavirus-1-tunisien-sur-10-seulement-porte-le-masque-selon-hedi-oueslati\/\" \/>\n<meta property=\"og:locale\" content=\"fr_FR\" \/>\n<meta property=\"og:type\" content=\"article\" \/>\n<meta property=\"og:title\" content=\"Coronavirus : 1 Tunisien sur 10 seulement porte le masque, selon H\u00e9di Oueslati - Kapitalis\" \/>\n<meta property=\"og:description\" content=\"Selon le pr\u00e9sident de la commission scientifique de lutte contre le coronavirus H\u00e9di Oueslati, les Tunisiens respectent tr\u00e8s peu les gestes barri\u00e8re relatifs \u00e0 la pr\u00e9vention de la contamination par la Covid-19, malgr\u00e9 la situation \u00e9pid\u00e9miologique tr\u00e8s dangereuse que conna\u00eet notre pays.\" \/>\n<meta property=\"og:url\" content=\"https:\/\/kapitalis.com\/tunisie\/2021\/04\/19\/coronavirus-1-tunisien-sur-10-seulement-porte-le-masque-selon-hedi-oueslati\/\" \/>\n<meta property=\"og:site_name\" content=\"Kapitalis\" \/>\n<meta property=\"article:publisher\" content=\"https:\/\/www.facebook.com\/KapitalisInfo\/\" \/>\n<meta property=\"article:published_time\" content=\"2021-04-19T15:47:58+00:00\" \/>\n<meta property=\"article:modified_time\" content=\"2021-04-19T15:48:02+00:00\" \/>\n<meta property=\"og:image\" content=\"https:\/\/kapitalis.com\/tunisie\/wp-content\/uploads\/2022\/05\/kapitalis-logo-fb.png\" \/>\n\t<meta property=\"og:image:width\" content=\"1200\" \/>\n\t<meta property=\"og:image:height\" content=\"630\" \/>\n\t<meta property=\"og:image:type\" content=\"image\/png\" \/>\n<meta name=\"author\" content=\"Cherif Benyounes\" \/>\n<meta name=\"twitter:card\" content=\"summary_large_image\" \/>\n<meta name=\"twitter:creator\" content=\"@KapitalisInfo\" \/>\n<meta name=\"twitter:site\" content=\"@KapitalisInfo\" \/>\n<meta name=\"twitter:label1\" content=\"\u00c9crit par\" \/>\n\t<meta name=\"twitter:data1\" content=\"Cherif Benyounes\" \/>\n\t<meta name=\"twitter:label2\" content=\"Dur\u00e9e de lecture estim\u00e9e\" \/>\n\t<meta name=\"twitter:data2\" content=\"1 minute\" \/>\n<script type=\"application\/ld+json\" class=\"yoast-schema-graph\">{\"@context\":\"https:\/\/schema.org\",\"@graph\":[{\"@type\":\"Article\",\"@id\":\"https:\/\/kapitalis.com\/tunisie\/2021\/04\/19\/coronavirus-1-tunisien-sur-10-seulement-porte-le-masque-selon-hedi-oueslati\/#article\",\"isPartOf\":{\"@id\":\"https:\/\/kapitalis.com\/tunisie\/2021\/04\/19\/coronavirus-1-tunisien-sur-10-seulement-porte-le-masque-selon-hedi-oueslati\/\"},\"author\":{\"name\":\"Cherif Benyounes\",\"@id\":\"https:\/\/kapitalis.com\/tunisie\/#\/schema\/person\/b35b8d631961131107263178aeb8019e\"},\"headline\":\"Coronavirus : 1 Tunisien sur 10 seulement porte le masque, selon H\u00e9di Oueslati\",\"datePublished\":\"2021-04-19T15:47:58+00:00\",\"dateModified\":\"2021-04-19T15:48:02+00:00\",\"mainEntityOfPage\":{\"@id\":\"https:\/\/kapitalis.com\/tunisie\/2021\/04\/19\/coronavirus-1-tunisien-sur-10-seulement-porte-le-masque-selon-hedi-oueslati\/\"},\"wordCount\":130,\"commentCount\":0,\"publisher\":{\"@id\":\"https:\/\/kapitalis.com\/tunisie\/#organization\"},\"image\":{\"@id\":\"https:\/\/kapitalis.com\/tunisie\/2021\/04\/19\/coronavirus-1-tunisien-sur-10-seulement-porte-le-masque-selon-hedi-oueslati\/#primaryimage\"},\"thumbnailUrl\":\"\",\"keywords\":[\"Coronavirus\",\"H\u00e9di Oueslati\"],\"articleSection\":[\"SOCIETE\",\"Tunisie\"],\"inLanguage\":\"fr-FR\",\"potentialAction\":[{\"@type\":\"CommentAction\",\"name\":\"Comment\",\"target\":[\"https:\/\/kapitalis.com\/tunisie\/2021\/04\/19\/coronavirus-1-tunisien-sur-10-seulement-porte-le-masque-selon-hedi-oueslati\/#respond\"]}]},{\"@type\":\"WebPage\",\"@id\":\"https:\/\/kapitalis.com\/tunisie\/2021\/04\/19\/coronavirus-1-tunisien-sur-10-seulement-porte-le-masque-selon-hedi-oueslati\/\",\"url\":\"https:\/\/kapitalis.com\/tunisie\/2021\/04\/19\/coronavirus-1-tunisien-sur-10-seulement-porte-le-masque-selon-hedi-oueslati\/\",\"name\":\"Coronavirus : 1 Tunisien sur 10 seulement porte le masque, selon H\u00e9di Oueslati - Kapitalis\",\"isPartOf\":{\"@id\":\"https:\/\/kapitalis.com\/tunisie\/#website\"},\"primaryImageOfPage\":{\"@id\":\"https:\/\/kapitalis.com\/tunisie\/2021\/04\/19\/coronavirus-1-tunisien-sur-10-seulement-porte-le-masque-selon-hedi-oueslati\/#primaryimage\"},\"image\":{\"@id\":\"https:\/\/kapitalis.com\/tunisie\/2021\/04\/19\/coronavirus-1-tunisien-sur-10-seulement-porte-le-masque-selon-hedi-oueslati\/#primaryimage\"},\"thumbnailUrl\":\"\",\"datePublished\":\"2021-04-19T15:47:58+00:00\",\"dateModified\":\"2021-04-19T15:48:02+00:00\",\"breadcrumb\":{\"@id\":\"https:\/\/kapitalis.com\/tunisie\/2021\/04\/19\/coronavirus-1-tunisien-sur-10-seulement-porte-le-masque-selon-hedi-oueslati\/#breadcrumb\"},\"inLanguage\":\"fr-FR\",\"potentialAction\":[{\"@type\":\"ReadAction\",\"target\":[\"https:\/\/kapitalis.com\/tunisie\/2021\/04\/19\/coronavirus-1-tunisien-sur-10-seulement-porte-le-masque-selon-hedi-oueslati\/\"]}]},{\"@type\":\"ImageObject\",\"inLanguage\":\"fr-FR\",\"@id\":\"https:\/\/kapitalis.com\/tunisie\/2021\/04\/19\/coronavirus-1-tunisien-sur-10-seulement-porte-le-masque-selon-hedi-oueslati\/#primaryimage\",\"url\":\"\",\"contentUrl\":\"\"},{\"@type\":\"BreadcrumbList\",\"@id\":\"https:\/\/kapitalis.com\/tunisie\/2021\/04\/19\/coronavirus-1-tunisien-sur-10-seulement-porte-le-masque-selon-hedi-oueslati\/#breadcrumb\",\"itemListElement\":[{\"@type\":\"ListItem\",\"position\":1,\"name\":\"Accueil\",\"item\":\"https:\/\/kapitalis.com\/tunisie\/\"},{\"@type\":\"ListItem\",\"position\":2,\"name\":\"Coronavirus : 1 Tunisien sur 10 seulement porte le masque, selon H\u00e9di Oueslati\"}]},{\"@type\":\"WebSite\",\"@id\":\"https:\/\/kapitalis.com\/tunisie\/#website\",\"url\":\"https:\/\/kapitalis.com\/tunisie\/\",\"name\":\"Kapitalis\",\"description\":\"L&#039;actualit\u00e9 en Tunisie et dans le monde\",\"publisher\":{\"@id\":\"https:\/\/kapitalis.com\/tunisie\/#organization\"},\"potentialAction\":[{\"@type\":\"SearchAction\",\"target\":{\"@type\":\"EntryPoint\",\"urlTemplate\":\"https:\/\/kapitalis.com\/tunisie\/?s={search_term_string}\"},\"query-input\":{\"@type\":\"PropertyValueSpecification\",\"valueRequired\":true,\"valueName\":\"search_term_string\"}}],\"inLanguage\":\"fr-FR\"},{\"@type\":\"Organization\",\"@id\":\"https:\/\/kapitalis.com\/tunisie\/#organization\",\"name\":\"Kapitalis\",\"url\":\"https:\/\/kapitalis.com\/tunisie\/\",\"logo\":{\"@type\":\"ImageObject\",\"inLanguage\":\"fr-FR\",\"@id\":\"https:\/\/kapitalis.com\/tunisie\/#\/schema\/logo\/image\/\",\"url\":\"https:\/\/kapitalis.com\/tunisie\/wp-content\/uploads\/2022\/05\/Kapitalis-big-size.png\",\"contentUrl\":\"https:\/\/kapitalis.com\/tunisie\/wp-content\/uploads\/2022\/05\/Kapitalis-big-size.png\",\"width\":5000,\"height\":1500,\"caption\":\"Kapitalis\"},\"image\":{\"@id\":\"https:\/\/kapitalis.com\/tunisie\/#\/schema\/logo\/image\/\"},\"sameAs\":[\"https:\/\/www.facebook.com\/KapitalisInfo\/\",\"https:\/\/x.com\/KapitalisInfo\",\"https:\/\/www.youtube.com\/channel\/UC-yDYrHyfFBWWZaOw3FPg9Q\"]},{\"@type\":\"Person\",\"@id\":\"https:\/\/kapitalis.com\/tunisie\/#\/schema\/person\/b35b8d631961131107263178aeb8019e\",\"name\":\"Cherif Benyounes\",\"url\":\"https:\/\/kapitalis.com\/tunisie\/author\/cherif\/\"}]}<\/script>\n<!-- \/ Yoast SEO plugin. -->","yoast_head_json":{"title":"Coronavirus : 1 Tunisien sur 10 seulement porte le masque, selon H\u00e9di Oueslati - Kapitalis","robots":{"index":"index","follow":"follow","max-snippet":"max-snippet:-1","max-image-preview":"max-image-preview:large","max-video-preview":"max-video-preview:-1"},"canonical":"https:\/\/kapitalis.com\/tunisie\/2021\/04\/19\/coronavirus-1-tunisien-sur-10-seulement-porte-le-masque-selon-hedi-oueslati\/","og_locale":"fr_FR","og_type":"article","og_title":"Coronavirus : 1 Tunisien sur 10 seulement porte le masque, selon H\u00e9di Oueslati - Kapitalis","og_description":"Selon le pr\u00e9sident de la commission scientifique de lutte contre le coronavirus H\u00e9di Oueslati, les Tunisiens respectent tr\u00e8s peu les gestes barri\u00e8re relatifs \u00e0 la pr\u00e9vention de la contamination par la Covid-19, malgr\u00e9 la situation \u00e9pid\u00e9miologique tr\u00e8s dangereuse que conna\u00eet notre pays.","og_url":"https:\/\/kapitalis.com\/tunisie\/2021\/04\/19\/coronavirus-1-tunisien-sur-10-seulement-porte-le-masque-selon-hedi-oueslati\/","og_site_name":"Kapitalis","article_publisher":"https:\/\/www.facebook.com\/KapitalisInfo\/","article_published_time":"2021-04-19T15:47:58+00:00","article_modified_time":"2021-04-19T15:48:02+00:00","og_image":[{"width":1200,"height":630,"url":"https:\/\/kapitalis.com\/tunisie\/wp-content\/uploads\/2022\/05\/kapitalis-logo-fb.png","type":"image\/png"}],"author":"Cherif Benyounes","twitter_card":"summary_large_image","twitter_creator":"@KapitalisInfo","twitter_site":"@KapitalisInfo","twitter_misc":{"\u00c9crit par":"Cherif Benyounes","Dur\u00e9e de lecture estim\u00e9e":"1 minute"},"schema":{"@context":"https:\/\/schema.org","@graph":[{"@type":"Article","@id":"https:\/\/kapitalis.com\/tunisie\/2021\/04\/19\/coronavirus-1-tunisien-sur-10-seulement-porte-le-masque-selon-hedi-oueslati\/#article","isPartOf":{"@id":"https:\/\/kapitalis.com\/tunisie\/2021\/04\/19\/coronavirus-1-tunisien-sur-10-seulement-porte-le-masque-selon-hedi-oueslati\/"},"author":{"name":"Cherif Benyounes","@id":"https:\/\/kapitalis.com\/tunisie\/#\/schema\/person\/b35b8d631961131107263178aeb8019e"},"headline":"Coronavirus : 1 Tunisien sur 10 seulement porte le masque, selon H\u00e9di Oueslati","datePublished":"2021-04-19T15:47:58+00:00","dateModified":"2021-04-19T15:48:02+00:00","mainEntityOfPage":{"@id":"https:\/\/kapitalis.com\/tunisie\/2021\/04\/19\/coronavirus-1-tunisien-sur-10-seulement-porte-le-masque-selon-hedi-oueslati\/"},"wordCount":130,"commentCount":0,"publisher":{"@id":"https:\/\/kapitalis.com\/tunisie\/#organization"},"image":{"@id":"https:\/\/kapitalis.com\/tunisie\/2021\/04\/19\/coronavirus-1-tunisien-sur-10-seulement-porte-le-masque-selon-hedi-oueslati\/#primaryimage"},"thumbnailUrl":"","keywords":["Coronavirus","H\u00e9di Oueslati"],"articleSection":["SOCIETE","Tunisie"],"inLanguage":"fr-FR","potentialAction":[{"@type":"CommentAction","name":"Comment","target":["https:\/\/kapitalis.com\/tunisie\/2021\/04\/19\/coronavirus-1-tunisien-sur-10-seulement-porte-le-masque-selon-hedi-oueslati\/#respond"]}]},{"@type":"WebPage","@id":"https:\/\/kapitalis.com\/tunisie\/2021\/04\/19\/coronavirus-1-tunisien-sur-10-seulement-porte-le-masque-selon-hedi-oueslati\/","url":"https:\/\/kapitalis.com\/tunisie\/2021\/04\/19\/coronavirus-1-tunisien-sur-10-seulement-porte-le-masque-selon-hedi-oueslati\/","name":"Coronavirus : 1 Tunisien sur 10 seulement porte le masque, selon H\u00e9di Oueslati - Kapitalis","isPartOf":{"@id":"https:\/\/kapitalis.com\/tunisie\/#website"},"primaryImageOfPage":{"@id":"https:\/\/kapitalis.com\/tunisie\/2021\/04\/19\/coronavirus-1-tunisien-sur-10-seulement-porte-le-masque-selon-hedi-oueslati\/#primaryimage"},"image":{"@id":"https:\/\/kapitalis.com\/tunisie\/2021\/04\/19\/coronavirus-1-tunisien-sur-10-seulement-porte-le-masque-selon-hedi-oueslati\/#primaryimage"},"thumbnailUrl":"","datePublished":"2021-04-19T15:47:58+00:00","dateModified":"2021-04-19T15:48:02+00:00","breadcrumb":{"@id":"https:\/\/kapitalis.com\/tunisie\/2021\/04\/19\/coronavirus-1-tunisien-sur-10-seulement-porte-le-masque-selon-hedi-oueslati\/#breadcrumb"},"inLanguage":"fr-FR","potentialAction":[{"@type":"ReadAction","target":["https:\/\/kapitalis.com\/tunisie\/2021\/04\/19\/coronavirus-1-tunisien-sur-10-seulement-porte-le-masque-selon-hedi-oueslati\/"]}]},{"@type":"ImageObject","inLanguage":"fr-FR","@id":"https:\/\/kapitalis.com\/tunisie\/2021\/04\/19\/coronavirus-1-tunisien-sur-10-seulement-porte-le-masque-selon-hedi-oueslati\/#primaryimage","url":"","contentUrl":""},{"@type":"BreadcrumbList","@id":"https:\/\/kapitalis.com\/tunisie\/2021\/04\/19\/coronavirus-1-tunisien-sur-10-seulement-porte-le-masque-selon-hedi-oueslati\/#breadcrumb","itemListElement":[{"@type":"ListItem","position":1,"name":"Accueil","item":"https:\/\/kapitalis.com\/tunisie\/"},{"@type":"ListItem","position":2,"name":"Coronavirus : 1 Tunisien sur 10 seulement porte le masque, selon H\u00e9di Oueslati"}]},{"@type":"WebSite","@id":"https:\/\/kapitalis.com\/tunisie\/#website","url":"https:\/\/kapitalis.com\/tunisie\/","name":"Kapitalis","description":"L&#039;actualit\u00e9 en Tunisie et dans le monde","publisher":{"@id":"https:\/\/kapitalis.com\/tunisie\/#organization"},"potentialAction":[{"@type":"SearchAction","target":{"@type":"EntryPoint","urlTemplate":"https:\/\/kapitalis.com\/tunisie\/?s={search_term_string}"},"query-input":{"@type":"PropertyValueSpecification","valueRequired":true,"valueName":"search_term_string"}}],"inLanguage":"fr-FR"},{"@type":"Organization","@id":"https:\/\/kapitalis.com\/tunisie\/#organization","name":"Kapitalis","url":"https:\/\/kapitalis.com\/tunisie\/","logo":{"@type":"ImageObject","inLanguage":"fr-FR","@id":"https:\/\/kapitalis.com\/tunisie\/#\/schema\/logo\/image\/","url":"https:\/\/kapitalis.com\/tunisie\/wp-content\/uploads\/2022\/05\/Kapitalis-big-size.png","contentUrl":"https:\/\/kapitalis.com\/tunisie\/wp-content\/uploads\/2022\/05\/Kapitalis-big-size.png","width":5000,"height":1500,"caption":"Kapitalis"},"image":{"@id":"https:\/\/kapitalis.com\/tunisie\/#\/schema\/logo\/image\/"},"sameAs":["https:\/\/www.facebook.com\/KapitalisInfo\/","https:\/\/x.com\/KapitalisInfo","https:\/\/www.youtube.com\/channel\/UC-yDYrHyfFBWWZaOw3FPg9Q"]},{"@type":"Person","@id":"https:\/\/kapitalis.com\/tunisie\/#\/schema\/person\/b35b8d631961131107263178aeb8019e","name":"Cherif Benyounes","url":"https:\/\/kapitalis.com\/tunisie\/author\/cherif\/"}]}},"_links":{"self":[{"href":"https:\/\/kapitalis.com\/tunisie\/wp-json\/wp\/v2\/posts\/346121","targetHints":{"allow":["GET"]}}],"collection":[{"href":"https:\/\/kapitalis.com\/tunisie\/wp-json\/wp\/v2\/posts"}],"about":[{"href":"https:\/\/kapitalis.com\/tunisie\/wp-json\/wp\/v2\/types\/post"}],"author":[{"embeddable":true,"href":"https:\/\/kapitalis.com\/tunisie\/wp-json\/wp\/v2\/users\/24"}],"replies":[{"embeddable":true,"href":"https:\/\/kapitalis.com\/tunisie\/wp-json\/wp\/v2\/comments?post=346121"}],"version-history":[{"count":0,"href":"https:\/\/kapitalis.com\/tunisie\/wp-json\/wp\/v2\/posts\/346121\/revisions"}],"wp:featuredmedia":[{"embeddable":true,"href":"https:\/\/kapitalis.com\/tunisie\/wp-json\/wp\/v2\/media\/346125"}],"wp:attachment":[{"href":"https:\/\/kapitalis.com\/tunisie\/wp-json\/wp\/v2\/media?parent=346121"}],"wp:term":[{"taxonomy":"category","embeddable":true,"href":"https:\/\/kapitalis.com\/tunisie\/wp-json\/wp\/v2\/categories?post=346121"},{"taxonomy":"post_tag","embeddable":true,"href":"https:\/\/kapitalis.com\/tunisie\/wp-json\/wp\/v2\/tags?post=346121"}],"curies":[{"name":"wp","href":"https:\/\/api.w.org\/{rel}","templated":true}]}}