{"id":346165,"date":"2021-04-20T09:42:47","date_gmt":"2021-04-20T08:42:47","guid":{"rendered":"http:\/\/kapitalis.com\/tunisie\/?p=346165"},"modified":"2021-04-20T09:42:50","modified_gmt":"2021-04-20T08:42:50","slug":"apres-ses-accusations-contre-saied-khiari-mis-au-defi-de-renoncer-a-son-immunite","status":"publish","type":"post","link":"https:\/\/kapitalis.com\/tunisie\/2021\/04\/20\/apres-ses-accusations-contre-saied-khiari-mis-au-defi-de-renoncer-a-son-immunite\/","title":{"rendered":"Apr\u00e8s ses accusations contre Sa\u00efed, Khiari mis au d\u00e9fi de renoncer \u00e0 son immunit\u00e9"},"content":{"rendered":"\n<figure class=\"wp-block-image size-large\"><img decoding=\"async\" src=\"http:\/\/kapitalis.com\/tunisie\/wp-content\/uploads\/2021\/03\/Kais-Saied-Rached-Khiari.jpg\" alt=\"\" class=\"wp-image-339927\"\/><\/figure>\n\n\n\n<p><em><strong>Faouzi Da\u00e2s, directeur de la campagne \u00e9lectorale du pr\u00e9sident de la r\u00e9publique, Ka\u00efs Sa\u00efed, en 2019, a vite r\u00e9agi, hier soir, lundi 20 avril 2021, aux accusations de Rached Khiari \u00e0 l&rsquo;encontre du chef de l&rsquo;\u00c9tat, selon lesquelles ce dernier aurait re\u00e7u 5 millions de dollars de la part d\u2019un agent de la CIA pour financer sa campagne \u00e9lectorale.<\/strong><\/em><\/p>\n\n\n\n<!--more-->\n\n\n\n<p>Faouzi Da\u00e2s a annonc\u00e9 qu\u2019il intentera un proc\u00e8s contre le d\u00e9put\u00e9 islamiste, tout en le mettant au d\u00e9fi de renoncer \u00e0 son immunit\u00e9 parlementaire et de pr\u00e9senter les documents qu\u2019il pr\u00e9tend d\u00e9tenir \u00e0 la justice.<\/p>\n\n\n\n<p>Notons que Khiari a \u00e9galement dit, dans sa vid\u00e9o Facebook, que c&rsquo;est Faouzi Da\u00e2s qui avait r\u00e9ceptionn\u00e9 l&rsquo;argent en question, sous forme de mandats Western Union, assurant qu&rsquo;il a des documents appuyant ses propos et contenant notamment les num\u00e9ros de transferts.<\/p>\n\n\n\n<p>Il a, par ailleurs, pr\u00e9cis\u00e9 que la m\u00eame partie qui a financ\u00e9 la campagne \u00e9lectorale de Sa\u00efed lui a remis ces documents apr\u00e8s que le chef de l&rsquo;\u00c9tat a &#8211; selon ses dires &#8211; <em>\u00abchang\u00e9 da loyaut\u00e9, passant des Am\u00e9ricains aux Fran\u00e7ais<\/em>\u00bb.<\/p>\n\n\n\n<p>Khiari a aussi accus\u00e9 le fils du pr\u00e9sident, Omar Sa\u00efed, d&rsquo;avoir supervis\u00e9 les r\u00e9seaux de blogueurs pour d\u00e9nigrer les opposants de son p\u00e8re.<\/p>\n\n\n\n<p class=\"has-text-align-right\"><strong>C. B. Y.<\/strong><\/p>\n","protected":false},"excerpt":{"rendered":"<p>Faouzi Da\u00e2s, directeur de la campagne \u00e9lectorale du pr\u00e9sident de la r\u00e9publique, Ka\u00efs Sa\u00efed, en 2019, a vite r\u00e9agi, hier soir, lundi 20 avril 2021, aux accusations de Rached Khiari \u00e0 l&rsquo;encontre du chef de l&rsquo;\u00c9tat, selon lesquelles ce dernier aurait re\u00e7u 5 millions de dollars de la part d\u2019un agent de la CIA pour&#8230;<\/p>\n","protected":false},"author":24,"featured_media":0,"comment_status":"open","ping_status":"open","sticky":false,"template":"","format":"standard","meta":{"footnotes":""},"categories":[997,2433],"tags":[89535,12235,89536,10425],"class_list":["post-346165","post","type-post","status-publish","format-standard","hentry","category-politique","category-tunisie","tag-faouzi-daas","tag-kais-saied","tag-omar-saied","tag-rached-khiari"],"yoast_head":"<!-- This site is optimized with the Yoast SEO plugin v26.6 - https:\/\/yoast.com\/wordpress\/plugins\/seo\/ -->\n<title>Apr\u00e8s ses accusations contre Sa\u00efed, Khiari mis au d\u00e9fi de renoncer \u00e0 son immunit\u00e9 - Kapitalis<\/title>\n<meta name=\"robots\" content=\"index, follow, max-snippet:-1, max-image-preview:large, max-video-preview:-1\" \/>\n<link rel=\"canonical\" href=\"https:\/\/kapitalis.com\/tunisie\/2021\/04\/20\/apres-ses-accusations-contre-saied-khiari-mis-au-defi-de-renoncer-a-son-immunite\/\" \/>\n<meta property=\"og:locale\" content=\"fr_FR\" \/>\n<meta property=\"og:type\" content=\"article\" \/>\n<meta property=\"og:title\" content=\"Apr\u00e8s ses accusations contre Sa\u00efed, Khiari mis au d\u00e9fi de renoncer \u00e0 son immunit\u00e9 - Kapitalis\" \/>\n<meta property=\"og:description\" content=\"Faouzi Da\u00e2s, directeur de la campagne \u00e9lectorale du pr\u00e9sident de la r\u00e9publique, Ka\u00efs Sa\u00efed, en 2019, a vite r\u00e9agi, hier soir, lundi 20 avril 2021, aux accusations de Rached Khiari \u00e0 l&rsquo;encontre du chef de l&rsquo;\u00c9tat, selon lesquelles ce dernier aurait re\u00e7u 5 millions de dollars de la part d\u2019un agent de la CIA pour...\" \/>\n<meta property=\"og:url\" content=\"https:\/\/kapitalis.com\/tunisie\/2021\/04\/20\/apres-ses-accusations-contre-saied-khiari-mis-au-defi-de-renoncer-a-son-immunite\/\" \/>\n<meta property=\"og:site_name\" content=\"Kapitalis\" \/>\n<meta property=\"article:publisher\" content=\"https:\/\/www.facebook.com\/KapitalisInfo\/\" \/>\n<meta property=\"article:published_time\" content=\"2021-04-20T08:42:47+00:00\" \/>\n<meta property=\"article:modified_time\" content=\"2021-04-20T08:42:50+00:00\" \/>\n<meta property=\"og:image\" content=\"http:\/\/kapitalis.com\/tunisie\/wp-content\/uploads\/2021\/03\/Kais-Saied-Rached-Khiari.jpg\" \/>\n<meta name=\"author\" content=\"Cherif Benyounes\" \/>\n<meta name=\"twitter:card\" content=\"summary_large_image\" \/>\n<meta name=\"twitter:creator\" content=\"@KapitalisInfo\" \/>\n<meta name=\"twitter:site\" content=\"@KapitalisInfo\" \/>\n<meta name=\"twitter:label1\" content=\"\u00c9crit par\" \/>\n\t<meta name=\"twitter:data1\" content=\"Cherif Benyounes\" \/>\n\t<meta name=\"twitter:label2\" content=\"Dur\u00e9e de lecture estim\u00e9e\" \/>\n\t<meta name=\"twitter:data2\" content=\"1 minute\" \/>\n<script type=\"application\/ld+json\" class=\"yoast-schema-graph\">{\"@context\":\"https:\/\/schema.org\",\"@graph\":[{\"@type\":\"Article\",\"@id\":\"https:\/\/kapitalis.com\/tunisie\/2021\/04\/20\/apres-ses-accusations-contre-saied-khiari-mis-au-defi-de-renoncer-a-son-immunite\/#article\",\"isPartOf\":{\"@id\":\"https:\/\/kapitalis.com\/tunisie\/2021\/04\/20\/apres-ses-accusations-contre-saied-khiari-mis-au-defi-de-renoncer-a-son-immunite\/\"},\"author\":{\"name\":\"Cherif Benyounes\",\"@id\":\"https:\/\/kapitalis.com\/tunisie\/#\/schema\/person\/b35b8d631961131107263178aeb8019e\"},\"headline\":\"Apr\u00e8s ses accusations contre Sa\u00efed, Khiari mis au d\u00e9fi de renoncer \u00e0 son immunit\u00e9\",\"datePublished\":\"2021-04-20T08:42:47+00:00\",\"dateModified\":\"2021-04-20T08:42:50+00:00\",\"mainEntityOfPage\":{\"@id\":\"https:\/\/kapitalis.com\/tunisie\/2021\/04\/20\/apres-ses-accusations-contre-saied-khiari-mis-au-defi-de-renoncer-a-son-immunite\/\"},\"wordCount\":246,\"commentCount\":3,\"publisher\":{\"@id\":\"https:\/\/kapitalis.com\/tunisie\/#organization\"},\"image\":{\"@id\":\"https:\/\/kapitalis.com\/tunisie\/2021\/04\/20\/apres-ses-accusations-contre-saied-khiari-mis-au-defi-de-renoncer-a-son-immunite\/#primaryimage\"},\"thumbnailUrl\":\"http:\/\/kapitalis.com\/tunisie\/wp-content\/uploads\/2021\/03\/Kais-Saied-Rached-Khiari.jpg\",\"keywords\":[\"Faouzi Da\u00e2s\",\"Ka\u00efs Saied\",\"Omar Sa\u00efed\",\"Rached Khiari\"],\"articleSection\":[\"POLITIQUE\",\"Tunisie\"],\"inLanguage\":\"fr-FR\",\"potentialAction\":[{\"@type\":\"CommentAction\",\"name\":\"Comment\",\"target\":[\"https:\/\/kapitalis.com\/tunisie\/2021\/04\/20\/apres-ses-accusations-contre-saied-khiari-mis-au-defi-de-renoncer-a-son-immunite\/#respond\"]}]},{\"@type\":\"WebPage\",\"@id\":\"https:\/\/kapitalis.com\/tunisie\/2021\/04\/20\/apres-ses-accusations-contre-saied-khiari-mis-au-defi-de-renoncer-a-son-immunite\/\",\"url\":\"https:\/\/kapitalis.com\/tunisie\/2021\/04\/20\/apres-ses-accusations-contre-saied-khiari-mis-au-defi-de-renoncer-a-son-immunite\/\",\"name\":\"Apr\u00e8s ses accusations contre Sa\u00efed, Khiari mis au d\u00e9fi de renoncer \u00e0 son immunit\u00e9 - Kapitalis\",\"isPartOf\":{\"@id\":\"https:\/\/kapitalis.com\/tunisie\/#website\"},\"primaryImageOfPage\":{\"@id\":\"https:\/\/kapitalis.com\/tunisie\/2021\/04\/20\/apres-ses-accusations-contre-saied-khiari-mis-au-defi-de-renoncer-a-son-immunite\/#primaryimage\"},\"image\":{\"@id\":\"https:\/\/kapitalis.com\/tunisie\/2021\/04\/20\/apres-ses-accusations-contre-saied-khiari-mis-au-defi-de-renoncer-a-son-immunite\/#primaryimage\"},\"thumbnailUrl\":\"http:\/\/kapitalis.com\/tunisie\/wp-content\/uploads\/2021\/03\/Kais-Saied-Rached-Khiari.jpg\",\"datePublished\":\"2021-04-20T08:42:47+00:00\",\"dateModified\":\"2021-04-20T08:42:50+00:00\",\"breadcrumb\":{\"@id\":\"https:\/\/kapitalis.com\/tunisie\/2021\/04\/20\/apres-ses-accusations-contre-saied-khiari-mis-au-defi-de-renoncer-a-son-immunite\/#breadcrumb\"},\"inLanguage\":\"fr-FR\",\"potentialAction\":[{\"@type\":\"ReadAction\",\"target\":[\"https:\/\/kapitalis.com\/tunisie\/2021\/04\/20\/apres-ses-accusations-contre-saied-khiari-mis-au-defi-de-renoncer-a-son-immunite\/\"]}]},{\"@type\":\"ImageObject\",\"inLanguage\":\"fr-FR\",\"@id\":\"https:\/\/kapitalis.com\/tunisie\/2021\/04\/20\/apres-ses-accusations-contre-saied-khiari-mis-au-defi-de-renoncer-a-son-immunite\/#primaryimage\",\"url\":\"\",\"contentUrl\":\"\"},{\"@type\":\"BreadcrumbList\",\"@id\":\"https:\/\/kapitalis.com\/tunisie\/2021\/04\/20\/apres-ses-accusations-contre-saied-khiari-mis-au-defi-de-renoncer-a-son-immunite\/#breadcrumb\",\"itemListElement\":[{\"@type\":\"ListItem\",\"position\":1,\"name\":\"Accueil\",\"item\":\"https:\/\/kapitalis.com\/tunisie\/\"},{\"@type\":\"ListItem\",\"position\":2,\"name\":\"Apr\u00e8s ses accusations contre Sa\u00efed, Khiari mis au d\u00e9fi de renoncer \u00e0 son immunit\u00e9\"}]},{\"@type\":\"WebSite\",\"@id\":\"https:\/\/kapitalis.com\/tunisie\/#website\",\"url\":\"https:\/\/kapitalis.com\/tunisie\/\",\"name\":\"Kapitalis\",\"description\":\"L&#039;actualit\u00e9 en Tunisie et dans le monde\",\"publisher\":{\"@id\":\"https:\/\/kapitalis.com\/tunisie\/#organization\"},\"potentialAction\":[{\"@type\":\"SearchAction\",\"target\":{\"@type\":\"EntryPoint\",\"urlTemplate\":\"https:\/\/kapitalis.com\/tunisie\/?s={search_term_string}\"},\"query-input\":{\"@type\":\"PropertyValueSpecification\",\"valueRequired\":true,\"valueName\":\"search_term_string\"}}],\"inLanguage\":\"fr-FR\"},{\"@type\":\"Organization\",\"@id\":\"https:\/\/kapitalis.com\/tunisie\/#organization\",\"name\":\"Kapitalis\",\"url\":\"https:\/\/kapitalis.com\/tunisie\/\",\"logo\":{\"@type\":\"ImageObject\",\"inLanguage\":\"fr-FR\",\"@id\":\"https:\/\/kapitalis.com\/tunisie\/#\/schema\/logo\/image\/\",\"url\":\"https:\/\/kapitalis.com\/tunisie\/wp-content\/uploads\/2022\/05\/Kapitalis-big-size.png\",\"contentUrl\":\"https:\/\/kapitalis.com\/tunisie\/wp-content\/uploads\/2022\/05\/Kapitalis-big-size.png\",\"width\":5000,\"height\":1500,\"caption\":\"Kapitalis\"},\"image\":{\"@id\":\"https:\/\/kapitalis.com\/tunisie\/#\/schema\/logo\/image\/\"},\"sameAs\":[\"https:\/\/www.facebook.com\/KapitalisInfo\/\",\"https:\/\/x.com\/KapitalisInfo\",\"https:\/\/www.youtube.com\/channel\/UC-yDYrHyfFBWWZaOw3FPg9Q\"]},{\"@type\":\"Person\",\"@id\":\"https:\/\/kapitalis.com\/tunisie\/#\/schema\/person\/b35b8d631961131107263178aeb8019e\",\"name\":\"Cherif Benyounes\",\"url\":\"https:\/\/kapitalis.com\/tunisie\/author\/cherif\/\"}]}<\/script>\n<!-- \/ Yoast SEO plugin. -->","yoast_head_json":{"title":"Apr\u00e8s ses accusations contre Sa\u00efed, Khiari mis au d\u00e9fi de renoncer \u00e0 son immunit\u00e9 - Kapitalis","robots":{"index":"index","follow":"follow","max-snippet":"max-snippet:-1","max-image-preview":"max-image-preview:large","max-video-preview":"max-video-preview:-1"},"canonical":"https:\/\/kapitalis.com\/tunisie\/2021\/04\/20\/apres-ses-accusations-contre-saied-khiari-mis-au-defi-de-renoncer-a-son-immunite\/","og_locale":"fr_FR","og_type":"article","og_title":"Apr\u00e8s ses accusations contre Sa\u00efed, Khiari mis au d\u00e9fi de renoncer \u00e0 son immunit\u00e9 - Kapitalis","og_description":"Faouzi Da\u00e2s, directeur de la campagne \u00e9lectorale du pr\u00e9sident de la r\u00e9publique, Ka\u00efs Sa\u00efed, en 2019, a vite r\u00e9agi, hier soir, lundi 20 avril 2021, aux accusations de Rached Khiari \u00e0 l&rsquo;encontre du chef de l&rsquo;\u00c9tat, selon lesquelles ce dernier aurait re\u00e7u 5 millions de dollars de la part d\u2019un agent de la CIA pour...","og_url":"https:\/\/kapitalis.com\/tunisie\/2021\/04\/20\/apres-ses-accusations-contre-saied-khiari-mis-au-defi-de-renoncer-a-son-immunite\/","og_site_name":"Kapitalis","article_publisher":"https:\/\/www.facebook.com\/KapitalisInfo\/","article_published_time":"2021-04-20T08:42:47+00:00","article_modified_time":"2021-04-20T08:42:50+00:00","og_image":[{"url":"http:\/\/kapitalis.com\/tunisie\/wp-content\/uploads\/2021\/03\/Kais-Saied-Rached-Khiari.jpg","type":"","width":"","height":""}],"author":"Cherif Benyounes","twitter_card":"summary_large_image","twitter_creator":"@KapitalisInfo","twitter_site":"@KapitalisInfo","twitter_misc":{"\u00c9crit par":"Cherif Benyounes","Dur\u00e9e de lecture estim\u00e9e":"1 minute"},"schema":{"@context":"https:\/\/schema.org","@graph":[{"@type":"Article","@id":"https:\/\/kapitalis.com\/tunisie\/2021\/04\/20\/apres-ses-accusations-contre-saied-khiari-mis-au-defi-de-renoncer-a-son-immunite\/#article","isPartOf":{"@id":"https:\/\/kapitalis.com\/tunisie\/2021\/04\/20\/apres-ses-accusations-contre-saied-khiari-mis-au-defi-de-renoncer-a-son-immunite\/"},"author":{"name":"Cherif Benyounes","@id":"https:\/\/kapitalis.com\/tunisie\/#\/schema\/person\/b35b8d631961131107263178aeb8019e"},"headline":"Apr\u00e8s ses accusations contre Sa\u00efed, Khiari mis au d\u00e9fi de renoncer \u00e0 son immunit\u00e9","datePublished":"2021-04-20T08:42:47+00:00","dateModified":"2021-04-20T08:42:50+00:00","mainEntityOfPage":{"@id":"https:\/\/kapitalis.com\/tunisie\/2021\/04\/20\/apres-ses-accusations-contre-saied-khiari-mis-au-defi-de-renoncer-a-son-immunite\/"},"wordCount":246,"commentCount":3,"publisher":{"@id":"https:\/\/kapitalis.com\/tunisie\/#organization"},"image":{"@id":"https:\/\/kapitalis.com\/tunisie\/2021\/04\/20\/apres-ses-accusations-contre-saied-khiari-mis-au-defi-de-renoncer-a-son-immunite\/#primaryimage"},"thumbnailUrl":"http:\/\/kapitalis.com\/tunisie\/wp-content\/uploads\/2021\/03\/Kais-Saied-Rached-Khiari.jpg","keywords":["Faouzi Da\u00e2s","Ka\u00efs Saied","Omar Sa\u00efed","Rached Khiari"],"articleSection":["POLITIQUE","Tunisie"],"inLanguage":"fr-FR","potentialAction":[{"@type":"CommentAction","name":"Comment","target":["https:\/\/kapitalis.com\/tunisie\/2021\/04\/20\/apres-ses-accusations-contre-saied-khiari-mis-au-defi-de-renoncer-a-son-immunite\/#respond"]}]},{"@type":"WebPage","@id":"https:\/\/kapitalis.com\/tunisie\/2021\/04\/20\/apres-ses-accusations-contre-saied-khiari-mis-au-defi-de-renoncer-a-son-immunite\/","url":"https:\/\/kapitalis.com\/tunisie\/2021\/04\/20\/apres-ses-accusations-contre-saied-khiari-mis-au-defi-de-renoncer-a-son-immunite\/","name":"Apr\u00e8s ses accusations contre Sa\u00efed, Khiari mis au d\u00e9fi de renoncer \u00e0 son immunit\u00e9 - Kapitalis","isPartOf":{"@id":"https:\/\/kapitalis.com\/tunisie\/#website"},"primaryImageOfPage":{"@id":"https:\/\/kapitalis.com\/tunisie\/2021\/04\/20\/apres-ses-accusations-contre-saied-khiari-mis-au-defi-de-renoncer-a-son-immunite\/#primaryimage"},"image":{"@id":"https:\/\/kapitalis.com\/tunisie\/2021\/04\/20\/apres-ses-accusations-contre-saied-khiari-mis-au-defi-de-renoncer-a-son-immunite\/#primaryimage"},"thumbnailUrl":"http:\/\/kapitalis.com\/tunisie\/wp-content\/uploads\/2021\/03\/Kais-Saied-Rached-Khiari.jpg","datePublished":"2021-04-20T08:42:47+00:00","dateModified":"2021-04-20T08:42:50+00:00","breadcrumb":{"@id":"https:\/\/kapitalis.com\/tunisie\/2021\/04\/20\/apres-ses-accusations-contre-saied-khiari-mis-au-defi-de-renoncer-a-son-immunite\/#breadcrumb"},"inLanguage":"fr-FR","potentialAction":[{"@type":"ReadAction","target":["https:\/\/kapitalis.com\/tunisie\/2021\/04\/20\/apres-ses-accusations-contre-saied-khiari-mis-au-defi-de-renoncer-a-son-immunite\/"]}]},{"@type":"ImageObject","inLanguage":"fr-FR","@id":"https:\/\/kapitalis.com\/tunisie\/2021\/04\/20\/apres-ses-accusations-contre-saied-khiari-mis-au-defi-de-renoncer-a-son-immunite\/#primaryimage","url":"","contentUrl":""},{"@type":"BreadcrumbList","@id":"https:\/\/kapitalis.com\/tunisie\/2021\/04\/20\/apres-ses-accusations-contre-saied-khiari-mis-au-defi-de-renoncer-a-son-immunite\/#breadcrumb","itemListElement":[{"@type":"ListItem","position":1,"name":"Accueil","item":"https:\/\/kapitalis.com\/tunisie\/"},{"@type":"ListItem","position":2,"name":"Apr\u00e8s ses accusations contre Sa\u00efed, Khiari mis au d\u00e9fi de renoncer \u00e0 son immunit\u00e9"}]},{"@type":"WebSite","@id":"https:\/\/kapitalis.com\/tunisie\/#website","url":"https:\/\/kapitalis.com\/tunisie\/","name":"Kapitalis","description":"L&#039;actualit\u00e9 en Tunisie et dans le monde","publisher":{"@id":"https:\/\/kapitalis.com\/tunisie\/#organization"},"potentialAction":[{"@type":"SearchAction","target":{"@type":"EntryPoint","urlTemplate":"https:\/\/kapitalis.com\/tunisie\/?s={search_term_string}"},"query-input":{"@type":"PropertyValueSpecification","valueRequired":true,"valueName":"search_term_string"}}],"inLanguage":"fr-FR"},{"@type":"Organization","@id":"https:\/\/kapitalis.com\/tunisie\/#organization","name":"Kapitalis","url":"https:\/\/kapitalis.com\/tunisie\/","logo":{"@type":"ImageObject","inLanguage":"fr-FR","@id":"https:\/\/kapitalis.com\/tunisie\/#\/schema\/logo\/image\/","url":"https:\/\/kapitalis.com\/tunisie\/wp-content\/uploads\/2022\/05\/Kapitalis-big-size.png","contentUrl":"https:\/\/kapitalis.com\/tunisie\/wp-content\/uploads\/2022\/05\/Kapitalis-big-size.png","width":5000,"height":1500,"caption":"Kapitalis"},"image":{"@id":"https:\/\/kapitalis.com\/tunisie\/#\/schema\/logo\/image\/"},"sameAs":["https:\/\/www.facebook.com\/KapitalisInfo\/","https:\/\/x.com\/KapitalisInfo","https:\/\/www.youtube.com\/channel\/UC-yDYrHyfFBWWZaOw3FPg9Q"]},{"@type":"Person","@id":"https:\/\/kapitalis.com\/tunisie\/#\/schema\/person\/b35b8d631961131107263178aeb8019e","name":"Cherif Benyounes","url":"https:\/\/kapitalis.com\/tunisie\/author\/cherif\/"}]}},"_links":{"self":[{"href":"https:\/\/kapitalis.com\/tunisie\/wp-json\/wp\/v2\/posts\/346165","targetHints":{"allow":["GET"]}}],"collection":[{"href":"https:\/\/kapitalis.com\/tunisie\/wp-json\/wp\/v2\/posts"}],"about":[{"href":"https:\/\/kapitalis.com\/tunisie\/wp-json\/wp\/v2\/types\/post"}],"author":[{"embeddable":true,"href":"https:\/\/kapitalis.com\/tunisie\/wp-json\/wp\/v2\/users\/24"}],"replies":[{"embeddable":true,"href":"https:\/\/kapitalis.com\/tunisie\/wp-json\/wp\/v2\/comments?post=346165"}],"version-history":[{"count":0,"href":"https:\/\/kapitalis.com\/tunisie\/wp-json\/wp\/v2\/posts\/346165\/revisions"}],"wp:attachment":[{"href":"https:\/\/kapitalis.com\/tunisie\/wp-json\/wp\/v2\/media?parent=346165"}],"wp:term":[{"taxonomy":"category","embeddable":true,"href":"https:\/\/kapitalis.com\/tunisie\/wp-json\/wp\/v2\/categories?post=346165"},{"taxonomy":"post_tag","embeddable":true,"href":"https:\/\/kapitalis.com\/tunisie\/wp-json\/wp\/v2\/tags?post=346165"}],"curies":[{"name":"wp","href":"https:\/\/api.w.org\/{rel}","templated":true}]}}