{"id":346255,"date":"2021-04-20T16:40:12","date_gmt":"2021-04-20T15:40:12","guid":{"rendered":"http:\/\/kapitalis.com\/tunisie\/?p=346255"},"modified":"2021-04-20T16:40:15","modified_gmt":"2021-04-20T15:40:15","slug":"la-haica-impose-a-attesia-de-retarder-lheure-de-diffusion-du-feuilleton-al-jassous","status":"publish","type":"post","link":"https:\/\/kapitalis.com\/tunisie\/2021\/04\/20\/la-haica-impose-a-attesia-de-retarder-lheure-de-diffusion-du-feuilleton-al-jassous\/","title":{"rendered":"La Haica impose \u00e0 Attesia de retarder l&rsquo;heure de diffusion du feuilleton \u201cAl-Jassous\u201d"},"content":{"rendered":"\n<figure class=\"wp-block-image size-large\"><img decoding=\"async\" src=\"http:\/\/kapitalis.com\/tunisie\/wp-content\/uploads\/2021\/04\/aljassous.jpg\" alt=\"\" class=\"wp-image-346268\"\/><\/figure>\n\n\n\n<p><strong><em>La Haute autorit\u00e9 ind\u00e9pendante de la communication audiovisuelle (Haica) a c\u00e9d\u00e9 \u00e0 certaines plaintes conservatrices et a d\u00e9cid\u00e9 d&rsquo;imposer \u00e0 la cha\u00eene de t\u00e9l\u00e9vision priv\u00e9e, Attesia, de retarder l&rsquo;heure de diffusion du feuilleton comique, \u201cAl-Jassous\u201d. <\/em><\/strong><\/p>\n\n\n\n<!--more-->\n\n\n\n<p>Ainsi, \u00e0 partir de demain, mercredi 21 avril 2021, le feuilleton devra \u00eatre diffus\u00e9 apr\u00e8s 22h30, et la cha\u00eene doit, de surcoit, indiquer que ce programme est d\u00e9conseill\u00e9 aux moins de 16 ans durant toute la dur\u00e9e de sa diffusion.<\/p>\n\n\n\n<p>\u00ab<em>Cette d\u00e9cision a \u00e9t\u00e9 prise sur la base de plaintes d\u00e9pos\u00e9es par des t\u00e9l\u00e9spectateurs<\/em>\u00bb, a justifi\u00e9 la Haica dans un communiqu\u00e9. <\/p>\n\n\n\n<p>La s\u00e9rie a donc heurt\u00e9 la sensibilit\u00e9 de certains t\u00e9l\u00e9spectateurs, et la meilleure solution qu&rsquo;a trouv\u00e9e l&rsquo;instance constitutionnelle est de perturber la programmation de la cha\u00eene et de c\u00e9der \u00e0 ces esprits born\u00e9s qui peuvent tout simplement regarder autre chose pendant la diffusion du feuilleton.<\/p>\n\n\n\n<p>Ce dernier comporte, pour info, quelques blagues l\u00e9g\u00e8rement \u00e0 connotation sexuelle, et extr\u00eamement softs par rapport \u00e0 ce qu&rsquo;on entend tous les jours dans la rue et sur les r\u00e9seaux sociaux. <\/p>\n\n\n\n<p>Mais si ces t\u00e9l\u00e9spectateurs nous ont habitu\u00e9s \u00e0 leur schizophr\u00e9nie l\u00e9gendaire, il nous est regrettable de constater que la Haica y succombe de plus en plus fr\u00e9quemment, et ce, au d\u00e9triment de la libert\u00e9 m\u00e9diatique et en se permettant d&rsquo;imposer une tutelle pseudo-morale aux Tunisiens. <\/p>\n\n\n\n<p>Cela arrive, comme un symbole, le jour o\u00f9 Reporters sans frontieres (RSF) a annonc\u00e9 que<a href=\"http:\/\/kapitalis.com\/tunisie\/2021\/04\/20\/liberte-de-la-presse-la-tunisie-declassee-rsf-denonce-la-montee-du-discours-de-haine-contre-les-medias-et-pointe-du-doigt-makhlouf\/\"><strong> la Tunisie a perdu un point<\/strong><\/a> dans le barom\u00e8tre de la libert\u00e9 de la presse.<\/p>\n\n\n\n<p class=\"has-text-align-right\"><strong>C. B.. Y<\/strong><\/p>\n","protected":false},"excerpt":{"rendered":"<p>La Haute autorit\u00e9 ind\u00e9pendante de la communication audiovisuelle (Haica) a c\u00e9d\u00e9 \u00e0 certaines plaintes conservatrices et a d\u00e9cid\u00e9 d&rsquo;imposer \u00e0 la cha\u00eene de t\u00e9l\u00e9vision priv\u00e9e, Attesia, de retarder l&rsquo;heure de diffusion du feuilleton comique, \u201cAl-Jassous\u201d.<\/p>\n","protected":false},"author":24,"featured_media":346268,"comment_status":"open","ping_status":"open","sticky":false,"template":"","format":"standard","meta":{"footnotes":""},"categories":[996,2433],"tags":[89556,77108,1843],"class_list":["post-346255","post","type-post","status-publish","format-standard","has-post-thumbnail","hentry","category-media","category-tunisie","tag-al-jassous","tag-attesia","tag-haica"],"yoast_head":"<!-- This site is optimized with the Yoast SEO plugin v26.6 - https:\/\/yoast.com\/wordpress\/plugins\/seo\/ -->\n<title>La Haica impose \u00e0 Attesia de retarder l&#039;heure de diffusion du feuilleton \u201cAl-Jassous\u201d - Kapitalis<\/title>\n<meta name=\"robots\" content=\"index, follow, max-snippet:-1, max-image-preview:large, max-video-preview:-1\" \/>\n<link rel=\"canonical\" href=\"https:\/\/kapitalis.com\/tunisie\/2021\/04\/20\/la-haica-impose-a-attesia-de-retarder-lheure-de-diffusion-du-feuilleton-al-jassous\/\" \/>\n<meta property=\"og:locale\" content=\"fr_FR\" \/>\n<meta property=\"og:type\" content=\"article\" \/>\n<meta property=\"og:title\" content=\"La Haica impose \u00e0 Attesia de retarder l&#039;heure de diffusion du feuilleton \u201cAl-Jassous\u201d - Kapitalis\" \/>\n<meta property=\"og:description\" content=\"La Haute autorit\u00e9 ind\u00e9pendante de la communication audiovisuelle (Haica) a c\u00e9d\u00e9 \u00e0 certaines plaintes conservatrices et a d\u00e9cid\u00e9 d&rsquo;imposer \u00e0 la cha\u00eene de t\u00e9l\u00e9vision priv\u00e9e, Attesia, de retarder l&rsquo;heure de diffusion du feuilleton comique, \u201cAl-Jassous\u201d.\" \/>\n<meta property=\"og:url\" content=\"https:\/\/kapitalis.com\/tunisie\/2021\/04\/20\/la-haica-impose-a-attesia-de-retarder-lheure-de-diffusion-du-feuilleton-al-jassous\/\" \/>\n<meta property=\"og:site_name\" content=\"Kapitalis\" \/>\n<meta property=\"article:publisher\" content=\"https:\/\/www.facebook.com\/KapitalisInfo\/\" \/>\n<meta property=\"article:published_time\" content=\"2021-04-20T15:40:12+00:00\" \/>\n<meta property=\"article:modified_time\" content=\"2021-04-20T15:40:15+00:00\" \/>\n<meta property=\"og:image\" content=\"https:\/\/kapitalis.com\/tunisie\/wp-content\/uploads\/2022\/05\/kapitalis-logo-fb.png\" \/>\n\t<meta property=\"og:image:width\" content=\"1200\" \/>\n\t<meta property=\"og:image:height\" content=\"630\" \/>\n\t<meta property=\"og:image:type\" content=\"image\/png\" \/>\n<meta name=\"author\" content=\"Cherif Benyounes\" \/>\n<meta name=\"twitter:card\" content=\"summary_large_image\" \/>\n<meta name=\"twitter:creator\" content=\"@KapitalisInfo\" \/>\n<meta name=\"twitter:site\" content=\"@KapitalisInfo\" \/>\n<meta name=\"twitter:label1\" content=\"\u00c9crit par\" \/>\n\t<meta name=\"twitter:data1\" content=\"Cherif Benyounes\" \/>\n\t<meta name=\"twitter:label2\" content=\"Dur\u00e9e de lecture estim\u00e9e\" \/>\n\t<meta name=\"twitter:data2\" content=\"1 minute\" \/>\n<script type=\"application\/ld+json\" class=\"yoast-schema-graph\">{\"@context\":\"https:\/\/schema.org\",\"@graph\":[{\"@type\":\"Article\",\"@id\":\"https:\/\/kapitalis.com\/tunisie\/2021\/04\/20\/la-haica-impose-a-attesia-de-retarder-lheure-de-diffusion-du-feuilleton-al-jassous\/#article\",\"isPartOf\":{\"@id\":\"https:\/\/kapitalis.com\/tunisie\/2021\/04\/20\/la-haica-impose-a-attesia-de-retarder-lheure-de-diffusion-du-feuilleton-al-jassous\/\"},\"author\":{\"name\":\"Cherif Benyounes\",\"@id\":\"https:\/\/kapitalis.com\/tunisie\/#\/schema\/person\/b35b8d631961131107263178aeb8019e\"},\"headline\":\"La Haica impose \u00e0 Attesia de retarder l&rsquo;heure de diffusion du feuilleton \u201cAl-Jassous\u201d\",\"datePublished\":\"2021-04-20T15:40:12+00:00\",\"dateModified\":\"2021-04-20T15:40:15+00:00\",\"mainEntityOfPage\":{\"@id\":\"https:\/\/kapitalis.com\/tunisie\/2021\/04\/20\/la-haica-impose-a-attesia-de-retarder-lheure-de-diffusion-du-feuilleton-al-jassous\/\"},\"wordCount\":288,\"commentCount\":3,\"publisher\":{\"@id\":\"https:\/\/kapitalis.com\/tunisie\/#organization\"},\"image\":{\"@id\":\"https:\/\/kapitalis.com\/tunisie\/2021\/04\/20\/la-haica-impose-a-attesia-de-retarder-lheure-de-diffusion-du-feuilleton-al-jassous\/#primaryimage\"},\"thumbnailUrl\":\"\",\"keywords\":[\"al-jassous\",\"attesia\",\"Haica\"],\"articleSection\":[\"MEDIA\",\"Tunisie\"],\"inLanguage\":\"fr-FR\",\"potentialAction\":[{\"@type\":\"CommentAction\",\"name\":\"Comment\",\"target\":[\"https:\/\/kapitalis.com\/tunisie\/2021\/04\/20\/la-haica-impose-a-attesia-de-retarder-lheure-de-diffusion-du-feuilleton-al-jassous\/#respond\"]}]},{\"@type\":\"WebPage\",\"@id\":\"https:\/\/kapitalis.com\/tunisie\/2021\/04\/20\/la-haica-impose-a-attesia-de-retarder-lheure-de-diffusion-du-feuilleton-al-jassous\/\",\"url\":\"https:\/\/kapitalis.com\/tunisie\/2021\/04\/20\/la-haica-impose-a-attesia-de-retarder-lheure-de-diffusion-du-feuilleton-al-jassous\/\",\"name\":\"La Haica impose \u00e0 Attesia de retarder l'heure de diffusion du feuilleton \u201cAl-Jassous\u201d - Kapitalis\",\"isPartOf\":{\"@id\":\"https:\/\/kapitalis.com\/tunisie\/#website\"},\"primaryImageOfPage\":{\"@id\":\"https:\/\/kapitalis.com\/tunisie\/2021\/04\/20\/la-haica-impose-a-attesia-de-retarder-lheure-de-diffusion-du-feuilleton-al-jassous\/#primaryimage\"},\"image\":{\"@id\":\"https:\/\/kapitalis.com\/tunisie\/2021\/04\/20\/la-haica-impose-a-attesia-de-retarder-lheure-de-diffusion-du-feuilleton-al-jassous\/#primaryimage\"},\"thumbnailUrl\":\"\",\"datePublished\":\"2021-04-20T15:40:12+00:00\",\"dateModified\":\"2021-04-20T15:40:15+00:00\",\"breadcrumb\":{\"@id\":\"https:\/\/kapitalis.com\/tunisie\/2021\/04\/20\/la-haica-impose-a-attesia-de-retarder-lheure-de-diffusion-du-feuilleton-al-jassous\/#breadcrumb\"},\"inLanguage\":\"fr-FR\",\"potentialAction\":[{\"@type\":\"ReadAction\",\"target\":[\"https:\/\/kapitalis.com\/tunisie\/2021\/04\/20\/la-haica-impose-a-attesia-de-retarder-lheure-de-diffusion-du-feuilleton-al-jassous\/\"]}]},{\"@type\":\"ImageObject\",\"inLanguage\":\"fr-FR\",\"@id\":\"https:\/\/kapitalis.com\/tunisie\/2021\/04\/20\/la-haica-impose-a-attesia-de-retarder-lheure-de-diffusion-du-feuilleton-al-jassous\/#primaryimage\",\"url\":\"\",\"contentUrl\":\"\"},{\"@type\":\"BreadcrumbList\",\"@id\":\"https:\/\/kapitalis.com\/tunisie\/2021\/04\/20\/la-haica-impose-a-attesia-de-retarder-lheure-de-diffusion-du-feuilleton-al-jassous\/#breadcrumb\",\"itemListElement\":[{\"@type\":\"ListItem\",\"position\":1,\"name\":\"Accueil\",\"item\":\"https:\/\/kapitalis.com\/tunisie\/\"},{\"@type\":\"ListItem\",\"position\":2,\"name\":\"La Haica impose \u00e0 Attesia de retarder l&rsquo;heure de diffusion du feuilleton \u201cAl-Jassous\u201d\"}]},{\"@type\":\"WebSite\",\"@id\":\"https:\/\/kapitalis.com\/tunisie\/#website\",\"url\":\"https:\/\/kapitalis.com\/tunisie\/\",\"name\":\"Kapitalis\",\"description\":\"L&#039;actualit\u00e9 en Tunisie et dans le monde\",\"publisher\":{\"@id\":\"https:\/\/kapitalis.com\/tunisie\/#organization\"},\"potentialAction\":[{\"@type\":\"SearchAction\",\"target\":{\"@type\":\"EntryPoint\",\"urlTemplate\":\"https:\/\/kapitalis.com\/tunisie\/?s={search_term_string}\"},\"query-input\":{\"@type\":\"PropertyValueSpecification\",\"valueRequired\":true,\"valueName\":\"search_term_string\"}}],\"inLanguage\":\"fr-FR\"},{\"@type\":\"Organization\",\"@id\":\"https:\/\/kapitalis.com\/tunisie\/#organization\",\"name\":\"Kapitalis\",\"url\":\"https:\/\/kapitalis.com\/tunisie\/\",\"logo\":{\"@type\":\"ImageObject\",\"inLanguage\":\"fr-FR\",\"@id\":\"https:\/\/kapitalis.com\/tunisie\/#\/schema\/logo\/image\/\",\"url\":\"https:\/\/kapitalis.com\/tunisie\/wp-content\/uploads\/2022\/05\/Kapitalis-big-size.png\",\"contentUrl\":\"https:\/\/kapitalis.com\/tunisie\/wp-content\/uploads\/2022\/05\/Kapitalis-big-size.png\",\"width\":5000,\"height\":1500,\"caption\":\"Kapitalis\"},\"image\":{\"@id\":\"https:\/\/kapitalis.com\/tunisie\/#\/schema\/logo\/image\/\"},\"sameAs\":[\"https:\/\/www.facebook.com\/KapitalisInfo\/\",\"https:\/\/x.com\/KapitalisInfo\",\"https:\/\/www.youtube.com\/channel\/UC-yDYrHyfFBWWZaOw3FPg9Q\"]},{\"@type\":\"Person\",\"@id\":\"https:\/\/kapitalis.com\/tunisie\/#\/schema\/person\/b35b8d631961131107263178aeb8019e\",\"name\":\"Cherif Benyounes\",\"url\":\"https:\/\/kapitalis.com\/tunisie\/author\/cherif\/\"}]}<\/script>\n<!-- \/ Yoast SEO plugin. -->","yoast_head_json":{"title":"La Haica impose \u00e0 Attesia de retarder l'heure de diffusion du feuilleton \u201cAl-Jassous\u201d - Kapitalis","robots":{"index":"index","follow":"follow","max-snippet":"max-snippet:-1","max-image-preview":"max-image-preview:large","max-video-preview":"max-video-preview:-1"},"canonical":"https:\/\/kapitalis.com\/tunisie\/2021\/04\/20\/la-haica-impose-a-attesia-de-retarder-lheure-de-diffusion-du-feuilleton-al-jassous\/","og_locale":"fr_FR","og_type":"article","og_title":"La Haica impose \u00e0 Attesia de retarder l'heure de diffusion du feuilleton \u201cAl-Jassous\u201d - Kapitalis","og_description":"La Haute autorit\u00e9 ind\u00e9pendante de la communication audiovisuelle (Haica) a c\u00e9d\u00e9 \u00e0 certaines plaintes conservatrices et a d\u00e9cid\u00e9 d&rsquo;imposer \u00e0 la cha\u00eene de t\u00e9l\u00e9vision priv\u00e9e, Attesia, de retarder l&rsquo;heure de diffusion du feuilleton comique, \u201cAl-Jassous\u201d.","og_url":"https:\/\/kapitalis.com\/tunisie\/2021\/04\/20\/la-haica-impose-a-attesia-de-retarder-lheure-de-diffusion-du-feuilleton-al-jassous\/","og_site_name":"Kapitalis","article_publisher":"https:\/\/www.facebook.com\/KapitalisInfo\/","article_published_time":"2021-04-20T15:40:12+00:00","article_modified_time":"2021-04-20T15:40:15+00:00","og_image":[{"width":1200,"height":630,"url":"https:\/\/kapitalis.com\/tunisie\/wp-content\/uploads\/2022\/05\/kapitalis-logo-fb.png","type":"image\/png"}],"author":"Cherif Benyounes","twitter_card":"summary_large_image","twitter_creator":"@KapitalisInfo","twitter_site":"@KapitalisInfo","twitter_misc":{"\u00c9crit par":"Cherif Benyounes","Dur\u00e9e de lecture estim\u00e9e":"1 minute"},"schema":{"@context":"https:\/\/schema.org","@graph":[{"@type":"Article","@id":"https:\/\/kapitalis.com\/tunisie\/2021\/04\/20\/la-haica-impose-a-attesia-de-retarder-lheure-de-diffusion-du-feuilleton-al-jassous\/#article","isPartOf":{"@id":"https:\/\/kapitalis.com\/tunisie\/2021\/04\/20\/la-haica-impose-a-attesia-de-retarder-lheure-de-diffusion-du-feuilleton-al-jassous\/"},"author":{"name":"Cherif Benyounes","@id":"https:\/\/kapitalis.com\/tunisie\/#\/schema\/person\/b35b8d631961131107263178aeb8019e"},"headline":"La Haica impose \u00e0 Attesia de retarder l&rsquo;heure de diffusion du feuilleton \u201cAl-Jassous\u201d","datePublished":"2021-04-20T15:40:12+00:00","dateModified":"2021-04-20T15:40:15+00:00","mainEntityOfPage":{"@id":"https:\/\/kapitalis.com\/tunisie\/2021\/04\/20\/la-haica-impose-a-attesia-de-retarder-lheure-de-diffusion-du-feuilleton-al-jassous\/"},"wordCount":288,"commentCount":3,"publisher":{"@id":"https:\/\/kapitalis.com\/tunisie\/#organization"},"image":{"@id":"https:\/\/kapitalis.com\/tunisie\/2021\/04\/20\/la-haica-impose-a-attesia-de-retarder-lheure-de-diffusion-du-feuilleton-al-jassous\/#primaryimage"},"thumbnailUrl":"","keywords":["al-jassous","attesia","Haica"],"articleSection":["MEDIA","Tunisie"],"inLanguage":"fr-FR","potentialAction":[{"@type":"CommentAction","name":"Comment","target":["https:\/\/kapitalis.com\/tunisie\/2021\/04\/20\/la-haica-impose-a-attesia-de-retarder-lheure-de-diffusion-du-feuilleton-al-jassous\/#respond"]}]},{"@type":"WebPage","@id":"https:\/\/kapitalis.com\/tunisie\/2021\/04\/20\/la-haica-impose-a-attesia-de-retarder-lheure-de-diffusion-du-feuilleton-al-jassous\/","url":"https:\/\/kapitalis.com\/tunisie\/2021\/04\/20\/la-haica-impose-a-attesia-de-retarder-lheure-de-diffusion-du-feuilleton-al-jassous\/","name":"La Haica impose \u00e0 Attesia de retarder l'heure de diffusion du feuilleton \u201cAl-Jassous\u201d - Kapitalis","isPartOf":{"@id":"https:\/\/kapitalis.com\/tunisie\/#website"},"primaryImageOfPage":{"@id":"https:\/\/kapitalis.com\/tunisie\/2021\/04\/20\/la-haica-impose-a-attesia-de-retarder-lheure-de-diffusion-du-feuilleton-al-jassous\/#primaryimage"},"image":{"@id":"https:\/\/kapitalis.com\/tunisie\/2021\/04\/20\/la-haica-impose-a-attesia-de-retarder-lheure-de-diffusion-du-feuilleton-al-jassous\/#primaryimage"},"thumbnailUrl":"","datePublished":"2021-04-20T15:40:12+00:00","dateModified":"2021-04-20T15:40:15+00:00","breadcrumb":{"@id":"https:\/\/kapitalis.com\/tunisie\/2021\/04\/20\/la-haica-impose-a-attesia-de-retarder-lheure-de-diffusion-du-feuilleton-al-jassous\/#breadcrumb"},"inLanguage":"fr-FR","potentialAction":[{"@type":"ReadAction","target":["https:\/\/kapitalis.com\/tunisie\/2021\/04\/20\/la-haica-impose-a-attesia-de-retarder-lheure-de-diffusion-du-feuilleton-al-jassous\/"]}]},{"@type":"ImageObject","inLanguage":"fr-FR","@id":"https:\/\/kapitalis.com\/tunisie\/2021\/04\/20\/la-haica-impose-a-attesia-de-retarder-lheure-de-diffusion-du-feuilleton-al-jassous\/#primaryimage","url":"","contentUrl":""},{"@type":"BreadcrumbList","@id":"https:\/\/kapitalis.com\/tunisie\/2021\/04\/20\/la-haica-impose-a-attesia-de-retarder-lheure-de-diffusion-du-feuilleton-al-jassous\/#breadcrumb","itemListElement":[{"@type":"ListItem","position":1,"name":"Accueil","item":"https:\/\/kapitalis.com\/tunisie\/"},{"@type":"ListItem","position":2,"name":"La Haica impose \u00e0 Attesia de retarder l&rsquo;heure de diffusion du feuilleton \u201cAl-Jassous\u201d"}]},{"@type":"WebSite","@id":"https:\/\/kapitalis.com\/tunisie\/#website","url":"https:\/\/kapitalis.com\/tunisie\/","name":"Kapitalis","description":"L&#039;actualit\u00e9 en Tunisie et dans le monde","publisher":{"@id":"https:\/\/kapitalis.com\/tunisie\/#organization"},"potentialAction":[{"@type":"SearchAction","target":{"@type":"EntryPoint","urlTemplate":"https:\/\/kapitalis.com\/tunisie\/?s={search_term_string}"},"query-input":{"@type":"PropertyValueSpecification","valueRequired":true,"valueName":"search_term_string"}}],"inLanguage":"fr-FR"},{"@type":"Organization","@id":"https:\/\/kapitalis.com\/tunisie\/#organization","name":"Kapitalis","url":"https:\/\/kapitalis.com\/tunisie\/","logo":{"@type":"ImageObject","inLanguage":"fr-FR","@id":"https:\/\/kapitalis.com\/tunisie\/#\/schema\/logo\/image\/","url":"https:\/\/kapitalis.com\/tunisie\/wp-content\/uploads\/2022\/05\/Kapitalis-big-size.png","contentUrl":"https:\/\/kapitalis.com\/tunisie\/wp-content\/uploads\/2022\/05\/Kapitalis-big-size.png","width":5000,"height":1500,"caption":"Kapitalis"},"image":{"@id":"https:\/\/kapitalis.com\/tunisie\/#\/schema\/logo\/image\/"},"sameAs":["https:\/\/www.facebook.com\/KapitalisInfo\/","https:\/\/x.com\/KapitalisInfo","https:\/\/www.youtube.com\/channel\/UC-yDYrHyfFBWWZaOw3FPg9Q"]},{"@type":"Person","@id":"https:\/\/kapitalis.com\/tunisie\/#\/schema\/person\/b35b8d631961131107263178aeb8019e","name":"Cherif Benyounes","url":"https:\/\/kapitalis.com\/tunisie\/author\/cherif\/"}]}},"_links":{"self":[{"href":"https:\/\/kapitalis.com\/tunisie\/wp-json\/wp\/v2\/posts\/346255","targetHints":{"allow":["GET"]}}],"collection":[{"href":"https:\/\/kapitalis.com\/tunisie\/wp-json\/wp\/v2\/posts"}],"about":[{"href":"https:\/\/kapitalis.com\/tunisie\/wp-json\/wp\/v2\/types\/post"}],"author":[{"embeddable":true,"href":"https:\/\/kapitalis.com\/tunisie\/wp-json\/wp\/v2\/users\/24"}],"replies":[{"embeddable":true,"href":"https:\/\/kapitalis.com\/tunisie\/wp-json\/wp\/v2\/comments?post=346255"}],"version-history":[{"count":0,"href":"https:\/\/kapitalis.com\/tunisie\/wp-json\/wp\/v2\/posts\/346255\/revisions"}],"wp:featuredmedia":[{"embeddable":true,"href":"https:\/\/kapitalis.com\/tunisie\/wp-json\/wp\/v2\/media\/346268"}],"wp:attachment":[{"href":"https:\/\/kapitalis.com\/tunisie\/wp-json\/wp\/v2\/media?parent=346255"}],"wp:term":[{"taxonomy":"category","embeddable":true,"href":"https:\/\/kapitalis.com\/tunisie\/wp-json\/wp\/v2\/categories?post=346255"},{"taxonomy":"post_tag","embeddable":true,"href":"https:\/\/kapitalis.com\/tunisie\/wp-json\/wp\/v2\/tags?post=346255"}],"curies":[{"name":"wp","href":"https:\/\/api.w.org\/{rel}","templated":true}]}}