{"id":346270,"date":"2021-04-20T18:19:01","date_gmt":"2021-04-20T17:19:01","guid":{"rendered":"http:\/\/kapitalis.com\/tunisie\/?p=346270"},"modified":"2021-04-20T23:18:34","modified_gmt":"2021-04-20T22:18:34","slug":"accusations-de-khiari-contre-saied-la-justice-militaire-ouvre-une-enquete","status":"publish","type":"post","link":"https:\/\/kapitalis.com\/tunisie\/2021\/04\/20\/accusations-de-khiari-contre-saied-la-justice-militaire-ouvre-une-enquete\/","title":{"rendered":"\u00abAccusations\u00bb de Khiari contre Sa\u00efed : La justice militaire ouvre une enqu\u00eate"},"content":{"rendered":"\n<div class=\"wp-block-image\"><figure class=\"aligncenter size-large\"><img decoding=\"async\" src=\"http:\/\/kapitalis.com\/tunisie\/wp-content\/uploads\/2019\/12\/Rached-Khiari-d\u00e9put\u00e9.jpg\" alt=\"\" class=\"wp-image-266004\"\/><\/figure><\/div>\n\n\n\n<p><strong><em>La justice militaire a ouvert une enqu\u00eate suite \u00e0 la vid\u00e9o publi\u00e9e, hier ,par le d\u00e9put\u00e9 islamiste Rached Khiari (ancien Al-Karama), o\u00f9 il a d\u00e9bit\u00e9 des accusations contre le pr\u00e9sident de la r\u00e9publique, Ka\u00efs Sa\u00efed, affirmant que ce dernier a per\u00e7u, en 2019, une somme de 5 millions de dollars par un agent de la CIA (sous forme de mandats Western Union, Sic!), pour financer sa campagne \u00e9lectorale, et ce via,le directeur de sa campagne Faouzi Da\u00e2s.<\/em><\/strong><\/p>\n\n\n\n<!--more-->\n\n\n\n<p>C&rsquo;est d&rsquo;ailleurs ce dernier qui a indiqu\u00e9 ce mardi 20 avril 2021, \u00e0 l&rsquo;agence Tap, que le parquet militaire l&rsquo;a convoqu\u00e9 en tant que t\u00e9moin, et ce apr\u00e8s la plainte qu&rsquo;il a d\u00e9pos\u00e9 contre Rached Khiari, tout en le d\u00e9fiant de renoncer \u00e0 son immunit\u00e9 parlementaire.<\/p>\n\n\n\n<p>Dans sa vid\u00e9o, le d\u00e9put\u00e9 islamiste a assur\u00e9 d\u00e9tenir les documents prouvant ses accusations, en pr\u00e9cisant qu&rsquo;ils lui ont \u00e9t\u00e9 fournis par <em>\u00ables parties am\u00e9ricaines ayant financ\u00e9 la campagne de Sa\u00efed\u00bb<\/em>, et ce apr\u00e8s que ce dernier leur ait \u00ab<em>tourn\u00e9 le dos pour se ranger du c\u00f4t\u00e9 des fran\u00e7ais\u00bb,<\/em> a-t-il pr\u00e9tendu<\/p>\n\n\n\n<p>Notons que la campagne de d\u00e9nigrement et de diffamation men\u00e9e par Rached Khiari est appuy\u00e9e par les d\u00e9put\u00e9s de la coalition Al-Karama, entre autres islamistes, alors que de nombreux Tunisiens ont tourn\u00e9 en d\u00e9rision le d\u00e9put\u00e9 en question sur les r\u00e9seaux sociaux, estimant que ses \u00abaccusations\u00bb n&rsquo;ont aucun sens&#8230;<\/p>\n\n\n\n<p class=\"has-text-align-right\"><strong>Y. N.<\/strong><\/p>\n\n\n\n<figure class=\"wp-block-embed is-type-wp-embed is-provider-kapitalis wp-block-embed-kapitalis\"><div class=\"wp-block-embed__wrapper\">\n<blockquote class=\"wp-embedded-content\" data-secret=\"ONbcTVpOaO\"><a href=\"https:\/\/kapitalis.com\/tunisie\/2021\/04\/20\/apres-ses-accusations-contre-saied-khiari-mis-au-defi-de-renoncer-a-son-immunite\/\">Apr\u00e8s ses accusations contre Sa\u00efed, Khiari mis au d\u00e9fi de renoncer \u00e0 son immunit\u00e9<\/a><\/blockquote><iframe loading=\"lazy\" class=\"wp-embedded-content\" sandbox=\"allow-scripts\" security=\"restricted\" style=\"position: absolute; clip: rect(1px, 1px, 1px, 1px);\" title=\"\u00ab\u00a0Apr\u00e8s ses accusations contre Sa\u00efed, Khiari mis au d\u00e9fi de renoncer \u00e0 son immunit\u00e9\u00a0\u00bb &#8212; Kapitalis\" src=\"https:\/\/kapitalis.com\/tunisie\/2021\/04\/20\/apres-ses-accusations-contre-saied-khiari-mis-au-defi-de-renoncer-a-son-immunite\/embed\/#?secret=InBEDL1cm7#?secret=ONbcTVpOaO\" data-secret=\"ONbcTVpOaO\" width=\"600\" height=\"338\" frameborder=\"0\" marginwidth=\"0\" marginheight=\"0\" scrolling=\"no\"><\/iframe>\n<\/div><\/figure>\n","protected":false},"excerpt":{"rendered":"<p>La justice militaire a ouvert une enqu\u00eate suite \u00e0 la vid\u00e9o publi\u00e9e, hier ,par le d\u00e9put\u00e9 islamiste Rached Khiari (ancien Al-Karama), o\u00f9 il a d\u00e9bit\u00e9 des accusations contre le pr\u00e9sident de la r\u00e9publique, Ka\u00efs Sa\u00efed, affirmant que ce dernier a per\u00e7u, en 2019, une somme de 5 millions de dollars par un agent de la&#8230;<\/p>\n","protected":false},"author":6,"featured_media":0,"comment_status":"open","ping_status":"open","sticky":false,"template":"","format":"standard","meta":{"footnotes":""},"categories":[997,2433],"tags":[76464,6840,46542,89535,1402,24181,79627,721,7817,10425],"class_list":["post-346270","post","type-post","status-publish","format-standard","hentry","category-politique","category-tunisie","tag-al-karama-2","tag-cia","tag-elections-2019","tag-faouzi-daas","tag-financement","tag-justice-militaire","tag-kais-saied","tag-plainte","tag-president-republique","tag-rached-khiari"],"yoast_head":"<!-- This site is optimized with the Yoast SEO plugin v26.6 - https:\/\/yoast.com\/wordpress\/plugins\/seo\/ -->\n<title>\u00abAccusations\u00bb de Khiari contre Sa\u00efed : La justice militaire ouvre une enqu\u00eate - Kapitalis<\/title>\n<meta name=\"robots\" content=\"index, follow, max-snippet:-1, max-image-preview:large, max-video-preview:-1\" \/>\n<link rel=\"canonical\" href=\"https:\/\/kapitalis.com\/tunisie\/2021\/04\/20\/accusations-de-khiari-contre-saied-la-justice-militaire-ouvre-une-enquete\/\" \/>\n<meta property=\"og:locale\" content=\"fr_FR\" \/>\n<meta property=\"og:type\" content=\"article\" \/>\n<meta property=\"og:title\" content=\"\u00abAccusations\u00bb de Khiari contre Sa\u00efed : La justice militaire ouvre une enqu\u00eate - Kapitalis\" \/>\n<meta property=\"og:description\" content=\"La justice militaire a ouvert une enqu\u00eate suite \u00e0 la vid\u00e9o publi\u00e9e, hier ,par le d\u00e9put\u00e9 islamiste Rached Khiari (ancien Al-Karama), o\u00f9 il a d\u00e9bit\u00e9 des accusations contre le pr\u00e9sident de la r\u00e9publique, Ka\u00efs Sa\u00efed, affirmant que ce dernier a per\u00e7u, en 2019, une somme de 5 millions de dollars par un agent de la...\" \/>\n<meta property=\"og:url\" content=\"https:\/\/kapitalis.com\/tunisie\/2021\/04\/20\/accusations-de-khiari-contre-saied-la-justice-militaire-ouvre-une-enquete\/\" \/>\n<meta property=\"og:site_name\" content=\"Kapitalis\" \/>\n<meta property=\"article:publisher\" content=\"https:\/\/www.facebook.com\/KapitalisInfo\/\" \/>\n<meta property=\"article:published_time\" content=\"2021-04-20T17:19:01+00:00\" \/>\n<meta property=\"article:modified_time\" content=\"2021-04-20T22:18:34+00:00\" \/>\n<meta property=\"og:image\" content=\"https:\/\/kapitalis.com\/tunisie\/wp-content\/uploads\/2022\/05\/kapitalis-logo-fb.png\" \/>\n\t<meta property=\"og:image:width\" content=\"1200\" \/>\n\t<meta property=\"og:image:height\" content=\"630\" \/>\n\t<meta property=\"og:image:type\" content=\"image\/png\" \/>\n<meta name=\"author\" content=\"Yusra NY\" \/>\n<meta name=\"twitter:card\" content=\"summary_large_image\" \/>\n<meta name=\"twitter:creator\" content=\"@KapitalisInfo\" \/>\n<meta name=\"twitter:site\" content=\"@KapitalisInfo\" \/>\n<meta name=\"twitter:label1\" content=\"\u00c9crit par\" \/>\n\t<meta name=\"twitter:data1\" content=\"Yusra NY\" \/>\n\t<meta name=\"twitter:label2\" content=\"Dur\u00e9e de lecture estim\u00e9e\" \/>\n\t<meta name=\"twitter:data2\" content=\"1 minute\" \/>\n<script type=\"application\/ld+json\" class=\"yoast-schema-graph\">{\"@context\":\"https:\/\/schema.org\",\"@graph\":[{\"@type\":\"Article\",\"@id\":\"https:\/\/kapitalis.com\/tunisie\/2021\/04\/20\/accusations-de-khiari-contre-saied-la-justice-militaire-ouvre-une-enquete\/#article\",\"isPartOf\":{\"@id\":\"https:\/\/kapitalis.com\/tunisie\/2021\/04\/20\/accusations-de-khiari-contre-saied-la-justice-militaire-ouvre-une-enquete\/\"},\"author\":{\"name\":\"Yusra NY\",\"@id\":\"https:\/\/kapitalis.com\/tunisie\/#\/schema\/person\/74bbde0154d49d790a92aaeac5bc01d5\"},\"headline\":\"\u00abAccusations\u00bb de Khiari contre Sa\u00efed : La justice militaire ouvre une enqu\u00eate\",\"datePublished\":\"2021-04-20T17:19:01+00:00\",\"dateModified\":\"2021-04-20T22:18:34+00:00\",\"mainEntityOfPage\":{\"@id\":\"https:\/\/kapitalis.com\/tunisie\/2021\/04\/20\/accusations-de-khiari-contre-saied-la-justice-militaire-ouvre-une-enquete\/\"},\"wordCount\":270,\"commentCount\":4,\"publisher\":{\"@id\":\"https:\/\/kapitalis.com\/tunisie\/#organization\"},\"keywords\":[\"Al-Karama\",\"CIA\",\"\u00e9lections 2019\",\"Faouzi Da\u00e2s\",\"financement\",\"justice militaire\",\"\u064fKa\u00efs Sa\u00efed\",\"plainte\",\"pr\u00e9sident r\u00e9publique\",\"Rached Khiari\"],\"articleSection\":[\"POLITIQUE\",\"Tunisie\"],\"inLanguage\":\"fr-FR\",\"potentialAction\":[{\"@type\":\"CommentAction\",\"name\":\"Comment\",\"target\":[\"https:\/\/kapitalis.com\/tunisie\/2021\/04\/20\/accusations-de-khiari-contre-saied-la-justice-militaire-ouvre-une-enquete\/#respond\"]}]},{\"@type\":\"WebPage\",\"@id\":\"https:\/\/kapitalis.com\/tunisie\/2021\/04\/20\/accusations-de-khiari-contre-saied-la-justice-militaire-ouvre-une-enquete\/\",\"url\":\"https:\/\/kapitalis.com\/tunisie\/2021\/04\/20\/accusations-de-khiari-contre-saied-la-justice-militaire-ouvre-une-enquete\/\",\"name\":\"\u00abAccusations\u00bb de Khiari contre Sa\u00efed : La justice militaire ouvre une enqu\u00eate - Kapitalis\",\"isPartOf\":{\"@id\":\"https:\/\/kapitalis.com\/tunisie\/#website\"},\"datePublished\":\"2021-04-20T17:19:01+00:00\",\"dateModified\":\"2021-04-20T22:18:34+00:00\",\"breadcrumb\":{\"@id\":\"https:\/\/kapitalis.com\/tunisie\/2021\/04\/20\/accusations-de-khiari-contre-saied-la-justice-militaire-ouvre-une-enquete\/#breadcrumb\"},\"inLanguage\":\"fr-FR\",\"potentialAction\":[{\"@type\":\"ReadAction\",\"target\":[\"https:\/\/kapitalis.com\/tunisie\/2021\/04\/20\/accusations-de-khiari-contre-saied-la-justice-militaire-ouvre-une-enquete\/\"]}]},{\"@type\":\"BreadcrumbList\",\"@id\":\"https:\/\/kapitalis.com\/tunisie\/2021\/04\/20\/accusations-de-khiari-contre-saied-la-justice-militaire-ouvre-une-enquete\/#breadcrumb\",\"itemListElement\":[{\"@type\":\"ListItem\",\"position\":1,\"name\":\"Accueil\",\"item\":\"https:\/\/kapitalis.com\/tunisie\/\"},{\"@type\":\"ListItem\",\"position\":2,\"name\":\"\u00abAccusations\u00bb de Khiari contre Sa\u00efed : La justice militaire ouvre une enqu\u00eate\"}]},{\"@type\":\"WebSite\",\"@id\":\"https:\/\/kapitalis.com\/tunisie\/#website\",\"url\":\"https:\/\/kapitalis.com\/tunisie\/\",\"name\":\"Kapitalis\",\"description\":\"L&#039;actualit\u00e9 en Tunisie et dans le monde\",\"publisher\":{\"@id\":\"https:\/\/kapitalis.com\/tunisie\/#organization\"},\"potentialAction\":[{\"@type\":\"SearchAction\",\"target\":{\"@type\":\"EntryPoint\",\"urlTemplate\":\"https:\/\/kapitalis.com\/tunisie\/?s={search_term_string}\"},\"query-input\":{\"@type\":\"PropertyValueSpecification\",\"valueRequired\":true,\"valueName\":\"search_term_string\"}}],\"inLanguage\":\"fr-FR\"},{\"@type\":\"Organization\",\"@id\":\"https:\/\/kapitalis.com\/tunisie\/#organization\",\"name\":\"Kapitalis\",\"url\":\"https:\/\/kapitalis.com\/tunisie\/\",\"logo\":{\"@type\":\"ImageObject\",\"inLanguage\":\"fr-FR\",\"@id\":\"https:\/\/kapitalis.com\/tunisie\/#\/schema\/logo\/image\/\",\"url\":\"https:\/\/kapitalis.com\/tunisie\/wp-content\/uploads\/2022\/05\/Kapitalis-big-size.png\",\"contentUrl\":\"https:\/\/kapitalis.com\/tunisie\/wp-content\/uploads\/2022\/05\/Kapitalis-big-size.png\",\"width\":5000,\"height\":1500,\"caption\":\"Kapitalis\"},\"image\":{\"@id\":\"https:\/\/kapitalis.com\/tunisie\/#\/schema\/logo\/image\/\"},\"sameAs\":[\"https:\/\/www.facebook.com\/KapitalisInfo\/\",\"https:\/\/x.com\/KapitalisInfo\",\"https:\/\/www.youtube.com\/channel\/UC-yDYrHyfFBWWZaOw3FPg9Q\"]},{\"@type\":\"Person\",\"@id\":\"https:\/\/kapitalis.com\/tunisie\/#\/schema\/person\/74bbde0154d49d790a92aaeac5bc01d5\",\"name\":\"Yusra NY\",\"url\":\"https:\/\/kapitalis.com\/tunisie\/author\/yuza_adam\/\"}]}<\/script>\n<!-- \/ Yoast SEO plugin. -->","yoast_head_json":{"title":"\u00abAccusations\u00bb de Khiari contre Sa\u00efed : La justice militaire ouvre une enqu\u00eate - Kapitalis","robots":{"index":"index","follow":"follow","max-snippet":"max-snippet:-1","max-image-preview":"max-image-preview:large","max-video-preview":"max-video-preview:-1"},"canonical":"https:\/\/kapitalis.com\/tunisie\/2021\/04\/20\/accusations-de-khiari-contre-saied-la-justice-militaire-ouvre-une-enquete\/","og_locale":"fr_FR","og_type":"article","og_title":"\u00abAccusations\u00bb de Khiari contre Sa\u00efed : La justice militaire ouvre une enqu\u00eate - Kapitalis","og_description":"La justice militaire a ouvert une enqu\u00eate suite \u00e0 la vid\u00e9o publi\u00e9e, hier ,par le d\u00e9put\u00e9 islamiste Rached Khiari (ancien Al-Karama), o\u00f9 il a d\u00e9bit\u00e9 des accusations contre le pr\u00e9sident de la r\u00e9publique, Ka\u00efs Sa\u00efed, affirmant que ce dernier a per\u00e7u, en 2019, une somme de 5 millions de dollars par un agent de la...","og_url":"https:\/\/kapitalis.com\/tunisie\/2021\/04\/20\/accusations-de-khiari-contre-saied-la-justice-militaire-ouvre-une-enquete\/","og_site_name":"Kapitalis","article_publisher":"https:\/\/www.facebook.com\/KapitalisInfo\/","article_published_time":"2021-04-20T17:19:01+00:00","article_modified_time":"2021-04-20T22:18:34+00:00","og_image":[{"width":1200,"height":630,"url":"https:\/\/kapitalis.com\/tunisie\/wp-content\/uploads\/2022\/05\/kapitalis-logo-fb.png","type":"image\/png"}],"author":"Yusra NY","twitter_card":"summary_large_image","twitter_creator":"@KapitalisInfo","twitter_site":"@KapitalisInfo","twitter_misc":{"\u00c9crit par":"Yusra NY","Dur\u00e9e de lecture estim\u00e9e":"1 minute"},"schema":{"@context":"https:\/\/schema.org","@graph":[{"@type":"Article","@id":"https:\/\/kapitalis.com\/tunisie\/2021\/04\/20\/accusations-de-khiari-contre-saied-la-justice-militaire-ouvre-une-enquete\/#article","isPartOf":{"@id":"https:\/\/kapitalis.com\/tunisie\/2021\/04\/20\/accusations-de-khiari-contre-saied-la-justice-militaire-ouvre-une-enquete\/"},"author":{"name":"Yusra NY","@id":"https:\/\/kapitalis.com\/tunisie\/#\/schema\/person\/74bbde0154d49d790a92aaeac5bc01d5"},"headline":"\u00abAccusations\u00bb de Khiari contre Sa\u00efed : La justice militaire ouvre une enqu\u00eate","datePublished":"2021-04-20T17:19:01+00:00","dateModified":"2021-04-20T22:18:34+00:00","mainEntityOfPage":{"@id":"https:\/\/kapitalis.com\/tunisie\/2021\/04\/20\/accusations-de-khiari-contre-saied-la-justice-militaire-ouvre-une-enquete\/"},"wordCount":270,"commentCount":4,"publisher":{"@id":"https:\/\/kapitalis.com\/tunisie\/#organization"},"keywords":["Al-Karama","CIA","\u00e9lections 2019","Faouzi Da\u00e2s","financement","justice militaire","\u064fKa\u00efs Sa\u00efed","plainte","pr\u00e9sident r\u00e9publique","Rached Khiari"],"articleSection":["POLITIQUE","Tunisie"],"inLanguage":"fr-FR","potentialAction":[{"@type":"CommentAction","name":"Comment","target":["https:\/\/kapitalis.com\/tunisie\/2021\/04\/20\/accusations-de-khiari-contre-saied-la-justice-militaire-ouvre-une-enquete\/#respond"]}]},{"@type":"WebPage","@id":"https:\/\/kapitalis.com\/tunisie\/2021\/04\/20\/accusations-de-khiari-contre-saied-la-justice-militaire-ouvre-une-enquete\/","url":"https:\/\/kapitalis.com\/tunisie\/2021\/04\/20\/accusations-de-khiari-contre-saied-la-justice-militaire-ouvre-une-enquete\/","name":"\u00abAccusations\u00bb de Khiari contre Sa\u00efed : La justice militaire ouvre une enqu\u00eate - Kapitalis","isPartOf":{"@id":"https:\/\/kapitalis.com\/tunisie\/#website"},"datePublished":"2021-04-20T17:19:01+00:00","dateModified":"2021-04-20T22:18:34+00:00","breadcrumb":{"@id":"https:\/\/kapitalis.com\/tunisie\/2021\/04\/20\/accusations-de-khiari-contre-saied-la-justice-militaire-ouvre-une-enquete\/#breadcrumb"},"inLanguage":"fr-FR","potentialAction":[{"@type":"ReadAction","target":["https:\/\/kapitalis.com\/tunisie\/2021\/04\/20\/accusations-de-khiari-contre-saied-la-justice-militaire-ouvre-une-enquete\/"]}]},{"@type":"BreadcrumbList","@id":"https:\/\/kapitalis.com\/tunisie\/2021\/04\/20\/accusations-de-khiari-contre-saied-la-justice-militaire-ouvre-une-enquete\/#breadcrumb","itemListElement":[{"@type":"ListItem","position":1,"name":"Accueil","item":"https:\/\/kapitalis.com\/tunisie\/"},{"@type":"ListItem","position":2,"name":"\u00abAccusations\u00bb de Khiari contre Sa\u00efed : La justice militaire ouvre une enqu\u00eate"}]},{"@type":"WebSite","@id":"https:\/\/kapitalis.com\/tunisie\/#website","url":"https:\/\/kapitalis.com\/tunisie\/","name":"Kapitalis","description":"L&#039;actualit\u00e9 en Tunisie et dans le monde","publisher":{"@id":"https:\/\/kapitalis.com\/tunisie\/#organization"},"potentialAction":[{"@type":"SearchAction","target":{"@type":"EntryPoint","urlTemplate":"https:\/\/kapitalis.com\/tunisie\/?s={search_term_string}"},"query-input":{"@type":"PropertyValueSpecification","valueRequired":true,"valueName":"search_term_string"}}],"inLanguage":"fr-FR"},{"@type":"Organization","@id":"https:\/\/kapitalis.com\/tunisie\/#organization","name":"Kapitalis","url":"https:\/\/kapitalis.com\/tunisie\/","logo":{"@type":"ImageObject","inLanguage":"fr-FR","@id":"https:\/\/kapitalis.com\/tunisie\/#\/schema\/logo\/image\/","url":"https:\/\/kapitalis.com\/tunisie\/wp-content\/uploads\/2022\/05\/Kapitalis-big-size.png","contentUrl":"https:\/\/kapitalis.com\/tunisie\/wp-content\/uploads\/2022\/05\/Kapitalis-big-size.png","width":5000,"height":1500,"caption":"Kapitalis"},"image":{"@id":"https:\/\/kapitalis.com\/tunisie\/#\/schema\/logo\/image\/"},"sameAs":["https:\/\/www.facebook.com\/KapitalisInfo\/","https:\/\/x.com\/KapitalisInfo","https:\/\/www.youtube.com\/channel\/UC-yDYrHyfFBWWZaOw3FPg9Q"]},{"@type":"Person","@id":"https:\/\/kapitalis.com\/tunisie\/#\/schema\/person\/74bbde0154d49d790a92aaeac5bc01d5","name":"Yusra NY","url":"https:\/\/kapitalis.com\/tunisie\/author\/yuza_adam\/"}]}},"_links":{"self":[{"href":"https:\/\/kapitalis.com\/tunisie\/wp-json\/wp\/v2\/posts\/346270","targetHints":{"allow":["GET"]}}],"collection":[{"href":"https:\/\/kapitalis.com\/tunisie\/wp-json\/wp\/v2\/posts"}],"about":[{"href":"https:\/\/kapitalis.com\/tunisie\/wp-json\/wp\/v2\/types\/post"}],"author":[{"embeddable":true,"href":"https:\/\/kapitalis.com\/tunisie\/wp-json\/wp\/v2\/users\/6"}],"replies":[{"embeddable":true,"href":"https:\/\/kapitalis.com\/tunisie\/wp-json\/wp\/v2\/comments?post=346270"}],"version-history":[{"count":0,"href":"https:\/\/kapitalis.com\/tunisie\/wp-json\/wp\/v2\/posts\/346270\/revisions"}],"wp:attachment":[{"href":"https:\/\/kapitalis.com\/tunisie\/wp-json\/wp\/v2\/media?parent=346270"}],"wp:term":[{"taxonomy":"category","embeddable":true,"href":"https:\/\/kapitalis.com\/tunisie\/wp-json\/wp\/v2\/categories?post=346270"},{"taxonomy":"post_tag","embeddable":true,"href":"https:\/\/kapitalis.com\/tunisie\/wp-json\/wp\/v2\/tags?post=346270"}],"curies":[{"name":"wp","href":"https:\/\/api.w.org\/{rel}","templated":true}]}}