{"id":346328,"date":"2021-04-21T11:47:47","date_gmt":"2021-04-21T10:47:47","guid":{"rendered":"http:\/\/kapitalis.com\/tunisie\/?p=346328"},"modified":"2021-04-21T11:48:07","modified_gmt":"2021-04-21T10:48:07","slug":"coronavirus-les-grandes-surfaces-nont-pas-fait-preuve-de-solidarite-regrette-mohamed-trabelsi","status":"publish","type":"post","link":"https:\/\/kapitalis.com\/tunisie\/2021\/04\/21\/coronavirus-les-grandes-surfaces-nont-pas-fait-preuve-de-solidarite-regrette-mohamed-trabelsi\/","title":{"rendered":"Coronavirus : \u00abLes grandes surfaces n&rsquo;ont pas fait preuve de solidarit\u00e9\u00bb, regrette Mohamed Trabelsi"},"content":{"rendered":"\n<figure class=\"wp-block-image size-large\"><img decoding=\"async\" src=\"http:\/\/kapitalis.com\/tunisie\/wp-content\/uploads\/2017\/04\/mohamed-trabelsi.jpg\" alt=\"\" class=\"wp-image-93505\"\/><\/figure>\n\n\n\n<p><em><strong>Intervenant, ce mercredi 21 avril 2021, sur la radio nationale, le ministre des Affaires sociales, Mohamed Trabelsi, est revenu sur les aides sociales qui ont \u00e9t\u00e9 consacr\u00e9es aux familles n\u00e9cessiteuses ayant fait les frais de la crise sanitaire. Il a, par ailleurs, point\u00e9 du doigt les grandes surfaces&#8230;<\/strong><\/em><\/p>\n\n\n\n<!--more-->\n\n\n\n<p>\u00ab<em>Elles sont partout et elles font des b\u00e9n\u00e9fices \u00e9normes, mais elles n\u2019ont jamais contribu\u00e9 aux efforts nationaux et \u00e0 l\u2019\u00e9lan de solidarit\u00e9 relatifs \u00e0 cette p\u00e9riode de crise<\/em>\u00bb, a lanc\u00e9 M. Trabelsi, ajoutant que les institutions financi\u00e8res tunisiennes n&rsquo;ont, elles non plus, pas fait preuve de solidarit\u00e9.<\/p>\n\n\n\n<p>Le ministre a, par ailleurs, indiqu\u00e9 que l&rsquo;\u00c9tat tunisien accordera 33 millions de dinars d&rsquo;aides sociales aux classes vuln\u00e9rables et que la Banque mondiale a allou\u00e9 300 millions de dollars \u00e0 cet effet.<\/p>\n\n\n\n<p class=\"has-text-align-right\"><strong>C. B. Y.<\/strong><\/p>\n","protected":false},"excerpt":{"rendered":"<p>Intervenant, ce mercredi 21 avril 2021, sur la radio nationale, le ministre des Affaires sociales, Mohamed Trabelsi, est revenu sur les aides sociales qui ont \u00e9t\u00e9 consacr\u00e9es aux familles n\u00e9cessiteuses ayant fait les frais de la crise sanitaire. Il a, par ailleurs, point\u00e9 du doigt les grandes surfaces&#8230;<\/p>\n","protected":false},"author":24,"featured_media":0,"comment_status":"open","ping_status":"open","sticky":false,"template":"","format":"standard","meta":{"footnotes":""},"categories":[995,998,2433],"tags":[130,73060,21896],"class_list":["post-346328","post","type-post","status-publish","format-standard","hentry","category-economie","category-societe","category-tunisie","tag-banque-mondiale","tag-coronavirus","tag-mohamed-trabelsi"],"yoast_head":"<!-- This site is optimized with the Yoast SEO plugin v26.6 - https:\/\/yoast.com\/wordpress\/plugins\/seo\/ -->\n<title>Coronavirus : \u00abLes grandes surfaces n&#039;ont pas fait preuve de solidarit\u00e9\u00bb, regrette Mohamed Trabelsi - Kapitalis<\/title>\n<meta name=\"robots\" content=\"index, follow, max-snippet:-1, max-image-preview:large, max-video-preview:-1\" \/>\n<link rel=\"canonical\" href=\"https:\/\/kapitalis.com\/tunisie\/2021\/04\/21\/coronavirus-les-grandes-surfaces-nont-pas-fait-preuve-de-solidarite-regrette-mohamed-trabelsi\/\" \/>\n<meta property=\"og:locale\" content=\"fr_FR\" \/>\n<meta property=\"og:type\" content=\"article\" \/>\n<meta property=\"og:title\" content=\"Coronavirus : \u00abLes grandes surfaces n&#039;ont pas fait preuve de solidarit\u00e9\u00bb, regrette Mohamed Trabelsi - Kapitalis\" \/>\n<meta property=\"og:description\" content=\"Intervenant, ce mercredi 21 avril 2021, sur la radio nationale, le ministre des Affaires sociales, Mohamed Trabelsi, est revenu sur les aides sociales qui ont \u00e9t\u00e9 consacr\u00e9es aux familles n\u00e9cessiteuses ayant fait les frais de la crise sanitaire. Il a, par ailleurs, point\u00e9 du doigt les grandes surfaces&#8230;\" \/>\n<meta property=\"og:url\" content=\"https:\/\/kapitalis.com\/tunisie\/2021\/04\/21\/coronavirus-les-grandes-surfaces-nont-pas-fait-preuve-de-solidarite-regrette-mohamed-trabelsi\/\" \/>\n<meta property=\"og:site_name\" content=\"Kapitalis\" \/>\n<meta property=\"article:publisher\" content=\"https:\/\/www.facebook.com\/KapitalisInfo\/\" \/>\n<meta property=\"article:published_time\" content=\"2021-04-21T10:47:47+00:00\" \/>\n<meta property=\"article:modified_time\" content=\"2021-04-21T10:48:07+00:00\" \/>\n<meta property=\"og:image\" content=\"http:\/\/kapitalis.com\/tunisie\/wp-content\/uploads\/2017\/04\/mohamed-trabelsi.jpg\" \/>\n<meta name=\"author\" content=\"Cherif Benyounes\" \/>\n<meta name=\"twitter:card\" content=\"summary_large_image\" \/>\n<meta name=\"twitter:creator\" content=\"@KapitalisInfo\" \/>\n<meta name=\"twitter:site\" content=\"@KapitalisInfo\" \/>\n<meta name=\"twitter:label1\" content=\"\u00c9crit par\" \/>\n\t<meta name=\"twitter:data1\" content=\"Cherif Benyounes\" \/>\n\t<meta name=\"twitter:label2\" content=\"Dur\u00e9e de lecture estim\u00e9e\" \/>\n\t<meta name=\"twitter:data2\" content=\"1 minute\" \/>\n<script type=\"application\/ld+json\" class=\"yoast-schema-graph\">{\"@context\":\"https:\/\/schema.org\",\"@graph\":[{\"@type\":\"Article\",\"@id\":\"https:\/\/kapitalis.com\/tunisie\/2021\/04\/21\/coronavirus-les-grandes-surfaces-nont-pas-fait-preuve-de-solidarite-regrette-mohamed-trabelsi\/#article\",\"isPartOf\":{\"@id\":\"https:\/\/kapitalis.com\/tunisie\/2021\/04\/21\/coronavirus-les-grandes-surfaces-nont-pas-fait-preuve-de-solidarite-regrette-mohamed-trabelsi\/\"},\"author\":{\"name\":\"Cherif Benyounes\",\"@id\":\"https:\/\/kapitalis.com\/tunisie\/#\/schema\/person\/b35b8d631961131107263178aeb8019e\"},\"headline\":\"Coronavirus : \u00abLes grandes surfaces n&rsquo;ont pas fait preuve de solidarit\u00e9\u00bb, regrette Mohamed Trabelsi\",\"datePublished\":\"2021-04-21T10:47:47+00:00\",\"dateModified\":\"2021-04-21T10:48:07+00:00\",\"mainEntityOfPage\":{\"@id\":\"https:\/\/kapitalis.com\/tunisie\/2021\/04\/21\/coronavirus-les-grandes-surfaces-nont-pas-fait-preuve-de-solidarite-regrette-mohamed-trabelsi\/\"},\"wordCount\":147,\"commentCount\":0,\"publisher\":{\"@id\":\"https:\/\/kapitalis.com\/tunisie\/#organization\"},\"image\":{\"@id\":\"https:\/\/kapitalis.com\/tunisie\/2021\/04\/21\/coronavirus-les-grandes-surfaces-nont-pas-fait-preuve-de-solidarite-regrette-mohamed-trabelsi\/#primaryimage\"},\"thumbnailUrl\":\"http:\/\/kapitalis.com\/tunisie\/wp-content\/uploads\/2017\/04\/mohamed-trabelsi.jpg\",\"keywords\":[\"Banque Mondiale\",\"Coronavirus\",\"Mohamed Trabelsi\"],\"articleSection\":[\"ECONOMIE\",\"SOCIETE\",\"Tunisie\"],\"inLanguage\":\"fr-FR\",\"potentialAction\":[{\"@type\":\"CommentAction\",\"name\":\"Comment\",\"target\":[\"https:\/\/kapitalis.com\/tunisie\/2021\/04\/21\/coronavirus-les-grandes-surfaces-nont-pas-fait-preuve-de-solidarite-regrette-mohamed-trabelsi\/#respond\"]}]},{\"@type\":\"WebPage\",\"@id\":\"https:\/\/kapitalis.com\/tunisie\/2021\/04\/21\/coronavirus-les-grandes-surfaces-nont-pas-fait-preuve-de-solidarite-regrette-mohamed-trabelsi\/\",\"url\":\"https:\/\/kapitalis.com\/tunisie\/2021\/04\/21\/coronavirus-les-grandes-surfaces-nont-pas-fait-preuve-de-solidarite-regrette-mohamed-trabelsi\/\",\"name\":\"Coronavirus : \u00abLes grandes surfaces n'ont pas fait preuve de solidarit\u00e9\u00bb, regrette Mohamed Trabelsi - Kapitalis\",\"isPartOf\":{\"@id\":\"https:\/\/kapitalis.com\/tunisie\/#website\"},\"primaryImageOfPage\":{\"@id\":\"https:\/\/kapitalis.com\/tunisie\/2021\/04\/21\/coronavirus-les-grandes-surfaces-nont-pas-fait-preuve-de-solidarite-regrette-mohamed-trabelsi\/#primaryimage\"},\"image\":{\"@id\":\"https:\/\/kapitalis.com\/tunisie\/2021\/04\/21\/coronavirus-les-grandes-surfaces-nont-pas-fait-preuve-de-solidarite-regrette-mohamed-trabelsi\/#primaryimage\"},\"thumbnailUrl\":\"http:\/\/kapitalis.com\/tunisie\/wp-content\/uploads\/2017\/04\/mohamed-trabelsi.jpg\",\"datePublished\":\"2021-04-21T10:47:47+00:00\",\"dateModified\":\"2021-04-21T10:48:07+00:00\",\"breadcrumb\":{\"@id\":\"https:\/\/kapitalis.com\/tunisie\/2021\/04\/21\/coronavirus-les-grandes-surfaces-nont-pas-fait-preuve-de-solidarite-regrette-mohamed-trabelsi\/#breadcrumb\"},\"inLanguage\":\"fr-FR\",\"potentialAction\":[{\"@type\":\"ReadAction\",\"target\":[\"https:\/\/kapitalis.com\/tunisie\/2021\/04\/21\/coronavirus-les-grandes-surfaces-nont-pas-fait-preuve-de-solidarite-regrette-mohamed-trabelsi\/\"]}]},{\"@type\":\"ImageObject\",\"inLanguage\":\"fr-FR\",\"@id\":\"https:\/\/kapitalis.com\/tunisie\/2021\/04\/21\/coronavirus-les-grandes-surfaces-nont-pas-fait-preuve-de-solidarite-regrette-mohamed-trabelsi\/#primaryimage\",\"url\":\"http:\/\/kapitalis.com\/tunisie\/wp-content\/uploads\/2017\/04\/mohamed-trabelsi.jpg\",\"contentUrl\":\"http:\/\/kapitalis.com\/tunisie\/wp-content\/uploads\/2017\/04\/mohamed-trabelsi.jpg\"},{\"@type\":\"BreadcrumbList\",\"@id\":\"https:\/\/kapitalis.com\/tunisie\/2021\/04\/21\/coronavirus-les-grandes-surfaces-nont-pas-fait-preuve-de-solidarite-regrette-mohamed-trabelsi\/#breadcrumb\",\"itemListElement\":[{\"@type\":\"ListItem\",\"position\":1,\"name\":\"Accueil\",\"item\":\"https:\/\/kapitalis.com\/tunisie\/\"},{\"@type\":\"ListItem\",\"position\":2,\"name\":\"Coronavirus : \u00abLes grandes surfaces n&rsquo;ont pas fait preuve de solidarit\u00e9\u00bb, regrette Mohamed Trabelsi\"}]},{\"@type\":\"WebSite\",\"@id\":\"https:\/\/kapitalis.com\/tunisie\/#website\",\"url\":\"https:\/\/kapitalis.com\/tunisie\/\",\"name\":\"Kapitalis\",\"description\":\"L&#039;actualit\u00e9 en Tunisie et dans le monde\",\"publisher\":{\"@id\":\"https:\/\/kapitalis.com\/tunisie\/#organization\"},\"potentialAction\":[{\"@type\":\"SearchAction\",\"target\":{\"@type\":\"EntryPoint\",\"urlTemplate\":\"https:\/\/kapitalis.com\/tunisie\/?s={search_term_string}\"},\"query-input\":{\"@type\":\"PropertyValueSpecification\",\"valueRequired\":true,\"valueName\":\"search_term_string\"}}],\"inLanguage\":\"fr-FR\"},{\"@type\":\"Organization\",\"@id\":\"https:\/\/kapitalis.com\/tunisie\/#organization\",\"name\":\"Kapitalis\",\"url\":\"https:\/\/kapitalis.com\/tunisie\/\",\"logo\":{\"@type\":\"ImageObject\",\"inLanguage\":\"fr-FR\",\"@id\":\"https:\/\/kapitalis.com\/tunisie\/#\/schema\/logo\/image\/\",\"url\":\"https:\/\/kapitalis.com\/tunisie\/wp-content\/uploads\/2022\/05\/Kapitalis-big-size.png\",\"contentUrl\":\"https:\/\/kapitalis.com\/tunisie\/wp-content\/uploads\/2022\/05\/Kapitalis-big-size.png\",\"width\":5000,\"height\":1500,\"caption\":\"Kapitalis\"},\"image\":{\"@id\":\"https:\/\/kapitalis.com\/tunisie\/#\/schema\/logo\/image\/\"},\"sameAs\":[\"https:\/\/www.facebook.com\/KapitalisInfo\/\",\"https:\/\/x.com\/KapitalisInfo\",\"https:\/\/www.youtube.com\/channel\/UC-yDYrHyfFBWWZaOw3FPg9Q\"]},{\"@type\":\"Person\",\"@id\":\"https:\/\/kapitalis.com\/tunisie\/#\/schema\/person\/b35b8d631961131107263178aeb8019e\",\"name\":\"Cherif Benyounes\",\"url\":\"https:\/\/kapitalis.com\/tunisie\/author\/cherif\/\"}]}<\/script>\n<!-- \/ Yoast SEO plugin. -->","yoast_head_json":{"title":"Coronavirus : \u00abLes grandes surfaces n'ont pas fait preuve de solidarit\u00e9\u00bb, regrette Mohamed Trabelsi - Kapitalis","robots":{"index":"index","follow":"follow","max-snippet":"max-snippet:-1","max-image-preview":"max-image-preview:large","max-video-preview":"max-video-preview:-1"},"canonical":"https:\/\/kapitalis.com\/tunisie\/2021\/04\/21\/coronavirus-les-grandes-surfaces-nont-pas-fait-preuve-de-solidarite-regrette-mohamed-trabelsi\/","og_locale":"fr_FR","og_type":"article","og_title":"Coronavirus : \u00abLes grandes surfaces n'ont pas fait preuve de solidarit\u00e9\u00bb, regrette Mohamed Trabelsi - Kapitalis","og_description":"Intervenant, ce mercredi 21 avril 2021, sur la radio nationale, le ministre des Affaires sociales, Mohamed Trabelsi, est revenu sur les aides sociales qui ont \u00e9t\u00e9 consacr\u00e9es aux familles n\u00e9cessiteuses ayant fait les frais de la crise sanitaire. Il a, par ailleurs, point\u00e9 du doigt les grandes surfaces&#8230;","og_url":"https:\/\/kapitalis.com\/tunisie\/2021\/04\/21\/coronavirus-les-grandes-surfaces-nont-pas-fait-preuve-de-solidarite-regrette-mohamed-trabelsi\/","og_site_name":"Kapitalis","article_publisher":"https:\/\/www.facebook.com\/KapitalisInfo\/","article_published_time":"2021-04-21T10:47:47+00:00","article_modified_time":"2021-04-21T10:48:07+00:00","og_image":[{"url":"http:\/\/kapitalis.com\/tunisie\/wp-content\/uploads\/2017\/04\/mohamed-trabelsi.jpg","type":"","width":"","height":""}],"author":"Cherif Benyounes","twitter_card":"summary_large_image","twitter_creator":"@KapitalisInfo","twitter_site":"@KapitalisInfo","twitter_misc":{"\u00c9crit par":"Cherif Benyounes","Dur\u00e9e de lecture estim\u00e9e":"1 minute"},"schema":{"@context":"https:\/\/schema.org","@graph":[{"@type":"Article","@id":"https:\/\/kapitalis.com\/tunisie\/2021\/04\/21\/coronavirus-les-grandes-surfaces-nont-pas-fait-preuve-de-solidarite-regrette-mohamed-trabelsi\/#article","isPartOf":{"@id":"https:\/\/kapitalis.com\/tunisie\/2021\/04\/21\/coronavirus-les-grandes-surfaces-nont-pas-fait-preuve-de-solidarite-regrette-mohamed-trabelsi\/"},"author":{"name":"Cherif Benyounes","@id":"https:\/\/kapitalis.com\/tunisie\/#\/schema\/person\/b35b8d631961131107263178aeb8019e"},"headline":"Coronavirus : \u00abLes grandes surfaces n&rsquo;ont pas fait preuve de solidarit\u00e9\u00bb, regrette Mohamed Trabelsi","datePublished":"2021-04-21T10:47:47+00:00","dateModified":"2021-04-21T10:48:07+00:00","mainEntityOfPage":{"@id":"https:\/\/kapitalis.com\/tunisie\/2021\/04\/21\/coronavirus-les-grandes-surfaces-nont-pas-fait-preuve-de-solidarite-regrette-mohamed-trabelsi\/"},"wordCount":147,"commentCount":0,"publisher":{"@id":"https:\/\/kapitalis.com\/tunisie\/#organization"},"image":{"@id":"https:\/\/kapitalis.com\/tunisie\/2021\/04\/21\/coronavirus-les-grandes-surfaces-nont-pas-fait-preuve-de-solidarite-regrette-mohamed-trabelsi\/#primaryimage"},"thumbnailUrl":"http:\/\/kapitalis.com\/tunisie\/wp-content\/uploads\/2017\/04\/mohamed-trabelsi.jpg","keywords":["Banque Mondiale","Coronavirus","Mohamed Trabelsi"],"articleSection":["ECONOMIE","SOCIETE","Tunisie"],"inLanguage":"fr-FR","potentialAction":[{"@type":"CommentAction","name":"Comment","target":["https:\/\/kapitalis.com\/tunisie\/2021\/04\/21\/coronavirus-les-grandes-surfaces-nont-pas-fait-preuve-de-solidarite-regrette-mohamed-trabelsi\/#respond"]}]},{"@type":"WebPage","@id":"https:\/\/kapitalis.com\/tunisie\/2021\/04\/21\/coronavirus-les-grandes-surfaces-nont-pas-fait-preuve-de-solidarite-regrette-mohamed-trabelsi\/","url":"https:\/\/kapitalis.com\/tunisie\/2021\/04\/21\/coronavirus-les-grandes-surfaces-nont-pas-fait-preuve-de-solidarite-regrette-mohamed-trabelsi\/","name":"Coronavirus : \u00abLes grandes surfaces n'ont pas fait preuve de solidarit\u00e9\u00bb, regrette Mohamed Trabelsi - Kapitalis","isPartOf":{"@id":"https:\/\/kapitalis.com\/tunisie\/#website"},"primaryImageOfPage":{"@id":"https:\/\/kapitalis.com\/tunisie\/2021\/04\/21\/coronavirus-les-grandes-surfaces-nont-pas-fait-preuve-de-solidarite-regrette-mohamed-trabelsi\/#primaryimage"},"image":{"@id":"https:\/\/kapitalis.com\/tunisie\/2021\/04\/21\/coronavirus-les-grandes-surfaces-nont-pas-fait-preuve-de-solidarite-regrette-mohamed-trabelsi\/#primaryimage"},"thumbnailUrl":"http:\/\/kapitalis.com\/tunisie\/wp-content\/uploads\/2017\/04\/mohamed-trabelsi.jpg","datePublished":"2021-04-21T10:47:47+00:00","dateModified":"2021-04-21T10:48:07+00:00","breadcrumb":{"@id":"https:\/\/kapitalis.com\/tunisie\/2021\/04\/21\/coronavirus-les-grandes-surfaces-nont-pas-fait-preuve-de-solidarite-regrette-mohamed-trabelsi\/#breadcrumb"},"inLanguage":"fr-FR","potentialAction":[{"@type":"ReadAction","target":["https:\/\/kapitalis.com\/tunisie\/2021\/04\/21\/coronavirus-les-grandes-surfaces-nont-pas-fait-preuve-de-solidarite-regrette-mohamed-trabelsi\/"]}]},{"@type":"ImageObject","inLanguage":"fr-FR","@id":"https:\/\/kapitalis.com\/tunisie\/2021\/04\/21\/coronavirus-les-grandes-surfaces-nont-pas-fait-preuve-de-solidarite-regrette-mohamed-trabelsi\/#primaryimage","url":"http:\/\/kapitalis.com\/tunisie\/wp-content\/uploads\/2017\/04\/mohamed-trabelsi.jpg","contentUrl":"http:\/\/kapitalis.com\/tunisie\/wp-content\/uploads\/2017\/04\/mohamed-trabelsi.jpg"},{"@type":"BreadcrumbList","@id":"https:\/\/kapitalis.com\/tunisie\/2021\/04\/21\/coronavirus-les-grandes-surfaces-nont-pas-fait-preuve-de-solidarite-regrette-mohamed-trabelsi\/#breadcrumb","itemListElement":[{"@type":"ListItem","position":1,"name":"Accueil","item":"https:\/\/kapitalis.com\/tunisie\/"},{"@type":"ListItem","position":2,"name":"Coronavirus : \u00abLes grandes surfaces n&rsquo;ont pas fait preuve de solidarit\u00e9\u00bb, regrette Mohamed Trabelsi"}]},{"@type":"WebSite","@id":"https:\/\/kapitalis.com\/tunisie\/#website","url":"https:\/\/kapitalis.com\/tunisie\/","name":"Kapitalis","description":"L&#039;actualit\u00e9 en Tunisie et dans le monde","publisher":{"@id":"https:\/\/kapitalis.com\/tunisie\/#organization"},"potentialAction":[{"@type":"SearchAction","target":{"@type":"EntryPoint","urlTemplate":"https:\/\/kapitalis.com\/tunisie\/?s={search_term_string}"},"query-input":{"@type":"PropertyValueSpecification","valueRequired":true,"valueName":"search_term_string"}}],"inLanguage":"fr-FR"},{"@type":"Organization","@id":"https:\/\/kapitalis.com\/tunisie\/#organization","name":"Kapitalis","url":"https:\/\/kapitalis.com\/tunisie\/","logo":{"@type":"ImageObject","inLanguage":"fr-FR","@id":"https:\/\/kapitalis.com\/tunisie\/#\/schema\/logo\/image\/","url":"https:\/\/kapitalis.com\/tunisie\/wp-content\/uploads\/2022\/05\/Kapitalis-big-size.png","contentUrl":"https:\/\/kapitalis.com\/tunisie\/wp-content\/uploads\/2022\/05\/Kapitalis-big-size.png","width":5000,"height":1500,"caption":"Kapitalis"},"image":{"@id":"https:\/\/kapitalis.com\/tunisie\/#\/schema\/logo\/image\/"},"sameAs":["https:\/\/www.facebook.com\/KapitalisInfo\/","https:\/\/x.com\/KapitalisInfo","https:\/\/www.youtube.com\/channel\/UC-yDYrHyfFBWWZaOw3FPg9Q"]},{"@type":"Person","@id":"https:\/\/kapitalis.com\/tunisie\/#\/schema\/person\/b35b8d631961131107263178aeb8019e","name":"Cherif Benyounes","url":"https:\/\/kapitalis.com\/tunisie\/author\/cherif\/"}]}},"_links":{"self":[{"href":"https:\/\/kapitalis.com\/tunisie\/wp-json\/wp\/v2\/posts\/346328","targetHints":{"allow":["GET"]}}],"collection":[{"href":"https:\/\/kapitalis.com\/tunisie\/wp-json\/wp\/v2\/posts"}],"about":[{"href":"https:\/\/kapitalis.com\/tunisie\/wp-json\/wp\/v2\/types\/post"}],"author":[{"embeddable":true,"href":"https:\/\/kapitalis.com\/tunisie\/wp-json\/wp\/v2\/users\/24"}],"replies":[{"embeddable":true,"href":"https:\/\/kapitalis.com\/tunisie\/wp-json\/wp\/v2\/comments?post=346328"}],"version-history":[{"count":0,"href":"https:\/\/kapitalis.com\/tunisie\/wp-json\/wp\/v2\/posts\/346328\/revisions"}],"wp:attachment":[{"href":"https:\/\/kapitalis.com\/tunisie\/wp-json\/wp\/v2\/media?parent=346328"}],"wp:term":[{"taxonomy":"category","embeddable":true,"href":"https:\/\/kapitalis.com\/tunisie\/wp-json\/wp\/v2\/categories?post=346328"},{"taxonomy":"post_tag","embeddable":true,"href":"https:\/\/kapitalis.com\/tunisie\/wp-json\/wp\/v2\/tags?post=346328"}],"curies":[{"name":"wp","href":"https:\/\/api.w.org\/{rel}","templated":true}]}}