{"id":346377,"date":"2021-04-21T15:44:36","date_gmt":"2021-04-21T14:44:36","guid":{"rendered":"http:\/\/kapitalis.com\/tunisie\/?p=346377"},"modified":"2021-04-21T15:49:03","modified_gmt":"2021-04-21T14:49:03","slug":"nejib-chebbi-entre-ennahdha-et-saied-cest-la-guerre-et-il-faut-lutter-contre-les-deux","status":"publish","type":"post","link":"https:\/\/kapitalis.com\/tunisie\/2021\/04\/21\/nejib-chebbi-entre-ennahdha-et-saied-cest-la-guerre-et-il-faut-lutter-contre-les-deux\/","title":{"rendered":"N\u00e9jib Chebbi : Entre Ennahdha et Sa\u00efed c&rsquo;est la guerre, et il faut lutter contre les deux"},"content":{"rendered":"\n<figure class=\"wp-block-image size-large\"><img decoding=\"async\" src=\"http:\/\/kapitalis.com\/tunisie\/wp-content\/uploads\/2019\/08\/Ahmed-Nejib-Chebbi.jpg\" alt=\"\" class=\"wp-image-234085\"\/><\/figure>\n\n\n\n<p><strong><em>Le dirigeant au sein du parti Al-Amal, Ahmed N\u00e9jib Chebbi, est revenu, ce mercredi 21 avril 2021, sur le conflit politique, de plus en plus important, entre le pr\u00e9sident de la r\u00e9publique, Ka\u00efs Sa\u00efed, et le mouvement islamiste, Ennahdha. Pour lui, la guerre est d\u00e9j\u00e0 d\u00e9clench\u00e9e entre eux et il ne faut surtout pas se ranger du c\u00f4t\u00e9 de l&rsquo;un d&rsquo;entre eux.<\/em><\/strong><\/p>\n\n\n\n<!--more-->\n\n\n\n<p>L&rsquo;invit\u00e9 de Mosa\u00efque FM a, d&rsquo;une part, tenu Ennahdha pour responsable de la crise \u00e9conomique que traverse le pays, estimant qu&rsquo;aujourd&rsquo;hui, l&rsquo;\u00c9tat n&rsquo;est plus en mesure d&rsquo;accomplir ses devoirs envers les citoyen, et mettant en garde contre la possibilit\u00e9 de voir le sc\u00e9nario libanais se produire en Tunisie.<\/p>\n\n\n\n<p>Quant \u00e0 Ka\u00efs Sa\u00efed, il est en train d&rsquo;\u00ab<em>\u0153uvrer \u00e0 renverser le r\u00e9gime politique et \u00e0 essayer de s\u2019attribuer des pouvoirs qui ne sont pas les siens<\/em>\u00bb, estime le cofondateur du Parti d\u00e9mocratique progressiste (PDP), ajoutant que le pr\u00e9sident de la r\u00e9publique n&rsquo;a pas les pr\u00e9rogatives qui lui permettent de nommer et de limoger des responsables sans l&rsquo;approbation du gouvernement. <\/p>\n\n\n\n<p>\u00ab<em>Sa\u00efed est contre la d\u00e9mocratie repr\u00e9sentative et les partis et penche pour une gouvernance similaire \u00e0 de Mouammar Kadhafi <\/em>[le dictateur libyen assassin\u00e9 en 2011]\u00bb, poursuite Chebbi, avant de conclure que le conflit id\u00e9ologique entre Ennahdha et le pr\u00e9sident de la r\u00e9publique \u00ab<em>pourrait d\u00e9truire l\u2019\u00c9tat<\/em>\u00bb<\/p>\n\n\n\n<p class=\"has-text-align-right\"><strong>C. B. Y.<\/strong><\/p>\n","protected":false},"excerpt":{"rendered":"<p>Le dirigeant au sein du parti Al-Amal, Ahmed N\u00e9jib Chebbi, est revenu, ce mercredi 21 avril 2021, sur le conflit politique, de plus en plus important, entre le pr\u00e9sident de la r\u00e9publique, Ka\u00efs Sa\u00efed, et le mouvement islamiste, Ennahdha. Pour lui, la guerre est d\u00e9j\u00e0 d\u00e9clench\u00e9e entre eux et il ne faut surtout pas se&#8230;<\/p>\n","protected":false},"author":24,"featured_media":0,"comment_status":"open","ping_status":"open","sticky":false,"template":"","format":"standard","meta":{"footnotes":""},"categories":[997,2433],"tags":[6350,80191,70520,21609],"class_list":["post-346377","post","type-post","status-publish","format-standard","hentry","category-politique","category-tunisie","tag-ahmed-nejib-chebbi","tag-ennahdh","tag-kais-saied-3","tag-pdp"],"yoast_head":"<!-- This site is optimized with the Yoast SEO plugin v26.6 - https:\/\/yoast.com\/wordpress\/plugins\/seo\/ -->\n<title>N\u00e9jib Chebbi : Entre Ennahdha et Sa\u00efed c&#039;est la guerre, et il faut lutter contre les deux - Kapitalis<\/title>\n<meta name=\"robots\" content=\"index, follow, max-snippet:-1, max-image-preview:large, max-video-preview:-1\" \/>\n<link rel=\"canonical\" href=\"https:\/\/kapitalis.com\/tunisie\/2021\/04\/21\/nejib-chebbi-entre-ennahdha-et-saied-cest-la-guerre-et-il-faut-lutter-contre-les-deux\/\" \/>\n<meta property=\"og:locale\" content=\"fr_FR\" \/>\n<meta property=\"og:type\" content=\"article\" \/>\n<meta property=\"og:title\" content=\"N\u00e9jib Chebbi : Entre Ennahdha et Sa\u00efed c&#039;est la guerre, et il faut lutter contre les deux - Kapitalis\" \/>\n<meta property=\"og:description\" content=\"Le dirigeant au sein du parti Al-Amal, Ahmed N\u00e9jib Chebbi, est revenu, ce mercredi 21 avril 2021, sur le conflit politique, de plus en plus important, entre le pr\u00e9sident de la r\u00e9publique, Ka\u00efs Sa\u00efed, et le mouvement islamiste, Ennahdha. Pour lui, la guerre est d\u00e9j\u00e0 d\u00e9clench\u00e9e entre eux et il ne faut surtout pas se...\" \/>\n<meta property=\"og:url\" content=\"https:\/\/kapitalis.com\/tunisie\/2021\/04\/21\/nejib-chebbi-entre-ennahdha-et-saied-cest-la-guerre-et-il-faut-lutter-contre-les-deux\/\" \/>\n<meta property=\"og:site_name\" content=\"Kapitalis\" \/>\n<meta property=\"article:publisher\" content=\"https:\/\/www.facebook.com\/KapitalisInfo\/\" \/>\n<meta property=\"article:published_time\" content=\"2021-04-21T14:44:36+00:00\" \/>\n<meta property=\"article:modified_time\" content=\"2021-04-21T14:49:03+00:00\" \/>\n<meta property=\"og:image\" content=\"http:\/\/kapitalis.com\/tunisie\/wp-content\/uploads\/2019\/08\/Ahmed-Nejib-Chebbi.jpg\" \/>\n<meta name=\"author\" content=\"Cherif Benyounes\" \/>\n<meta name=\"twitter:card\" content=\"summary_large_image\" \/>\n<meta name=\"twitter:creator\" content=\"@KapitalisInfo\" \/>\n<meta name=\"twitter:site\" content=\"@KapitalisInfo\" \/>\n<meta name=\"twitter:label1\" content=\"\u00c9crit par\" \/>\n\t<meta name=\"twitter:data1\" content=\"Cherif Benyounes\" \/>\n\t<meta name=\"twitter:label2\" content=\"Dur\u00e9e de lecture estim\u00e9e\" \/>\n\t<meta name=\"twitter:data2\" content=\"1 minute\" \/>\n<script type=\"application\/ld+json\" class=\"yoast-schema-graph\">{\"@context\":\"https:\/\/schema.org\",\"@graph\":[{\"@type\":\"Article\",\"@id\":\"https:\/\/kapitalis.com\/tunisie\/2021\/04\/21\/nejib-chebbi-entre-ennahdha-et-saied-cest-la-guerre-et-il-faut-lutter-contre-les-deux\/#article\",\"isPartOf\":{\"@id\":\"https:\/\/kapitalis.com\/tunisie\/2021\/04\/21\/nejib-chebbi-entre-ennahdha-et-saied-cest-la-guerre-et-il-faut-lutter-contre-les-deux\/\"},\"author\":{\"name\":\"Cherif Benyounes\",\"@id\":\"https:\/\/kapitalis.com\/tunisie\/#\/schema\/person\/b35b8d631961131107263178aeb8019e\"},\"headline\":\"N\u00e9jib Chebbi : Entre Ennahdha et Sa\u00efed c&rsquo;est la guerre, et il faut lutter contre les deux\",\"datePublished\":\"2021-04-21T14:44:36+00:00\",\"dateModified\":\"2021-04-21T14:49:03+00:00\",\"mainEntityOfPage\":{\"@id\":\"https:\/\/kapitalis.com\/tunisie\/2021\/04\/21\/nejib-chebbi-entre-ennahdha-et-saied-cest-la-guerre-et-il-faut-lutter-contre-les-deux\/\"},\"wordCount\":258,\"commentCount\":4,\"publisher\":{\"@id\":\"https:\/\/kapitalis.com\/tunisie\/#organization\"},\"image\":{\"@id\":\"https:\/\/kapitalis.com\/tunisie\/2021\/04\/21\/nejib-chebbi-entre-ennahdha-et-saied-cest-la-guerre-et-il-faut-lutter-contre-les-deux\/#primaryimage\"},\"thumbnailUrl\":\"http:\/\/kapitalis.com\/tunisie\/wp-content\/uploads\/2019\/08\/Ahmed-Nejib-Chebbi.jpg\",\"keywords\":[\"Ahmed N\u00e9jib Chebbi\",\"Ennahdh\",\"Kais Saied\",\"PDP\"],\"articleSection\":[\"POLITIQUE\",\"Tunisie\"],\"inLanguage\":\"fr-FR\",\"potentialAction\":[{\"@type\":\"CommentAction\",\"name\":\"Comment\",\"target\":[\"https:\/\/kapitalis.com\/tunisie\/2021\/04\/21\/nejib-chebbi-entre-ennahdha-et-saied-cest-la-guerre-et-il-faut-lutter-contre-les-deux\/#respond\"]}]},{\"@type\":\"WebPage\",\"@id\":\"https:\/\/kapitalis.com\/tunisie\/2021\/04\/21\/nejib-chebbi-entre-ennahdha-et-saied-cest-la-guerre-et-il-faut-lutter-contre-les-deux\/\",\"url\":\"https:\/\/kapitalis.com\/tunisie\/2021\/04\/21\/nejib-chebbi-entre-ennahdha-et-saied-cest-la-guerre-et-il-faut-lutter-contre-les-deux\/\",\"name\":\"N\u00e9jib Chebbi : Entre Ennahdha et Sa\u00efed c'est la guerre, et il faut lutter contre les deux - Kapitalis\",\"isPartOf\":{\"@id\":\"https:\/\/kapitalis.com\/tunisie\/#website\"},\"primaryImageOfPage\":{\"@id\":\"https:\/\/kapitalis.com\/tunisie\/2021\/04\/21\/nejib-chebbi-entre-ennahdha-et-saied-cest-la-guerre-et-il-faut-lutter-contre-les-deux\/#primaryimage\"},\"image\":{\"@id\":\"https:\/\/kapitalis.com\/tunisie\/2021\/04\/21\/nejib-chebbi-entre-ennahdha-et-saied-cest-la-guerre-et-il-faut-lutter-contre-les-deux\/#primaryimage\"},\"thumbnailUrl\":\"http:\/\/kapitalis.com\/tunisie\/wp-content\/uploads\/2019\/08\/Ahmed-Nejib-Chebbi.jpg\",\"datePublished\":\"2021-04-21T14:44:36+00:00\",\"dateModified\":\"2021-04-21T14:49:03+00:00\",\"breadcrumb\":{\"@id\":\"https:\/\/kapitalis.com\/tunisie\/2021\/04\/21\/nejib-chebbi-entre-ennahdha-et-saied-cest-la-guerre-et-il-faut-lutter-contre-les-deux\/#breadcrumb\"},\"inLanguage\":\"fr-FR\",\"potentialAction\":[{\"@type\":\"ReadAction\",\"target\":[\"https:\/\/kapitalis.com\/tunisie\/2021\/04\/21\/nejib-chebbi-entre-ennahdha-et-saied-cest-la-guerre-et-il-faut-lutter-contre-les-deux\/\"]}]},{\"@type\":\"ImageObject\",\"inLanguage\":\"fr-FR\",\"@id\":\"https:\/\/kapitalis.com\/tunisie\/2021\/04\/21\/nejib-chebbi-entre-ennahdha-et-saied-cest-la-guerre-et-il-faut-lutter-contre-les-deux\/#primaryimage\",\"url\":\"\",\"contentUrl\":\"\"},{\"@type\":\"BreadcrumbList\",\"@id\":\"https:\/\/kapitalis.com\/tunisie\/2021\/04\/21\/nejib-chebbi-entre-ennahdha-et-saied-cest-la-guerre-et-il-faut-lutter-contre-les-deux\/#breadcrumb\",\"itemListElement\":[{\"@type\":\"ListItem\",\"position\":1,\"name\":\"Accueil\",\"item\":\"https:\/\/kapitalis.com\/tunisie\/\"},{\"@type\":\"ListItem\",\"position\":2,\"name\":\"N\u00e9jib Chebbi : Entre Ennahdha et Sa\u00efed c&rsquo;est la guerre, et il faut lutter contre les deux\"}]},{\"@type\":\"WebSite\",\"@id\":\"https:\/\/kapitalis.com\/tunisie\/#website\",\"url\":\"https:\/\/kapitalis.com\/tunisie\/\",\"name\":\"Kapitalis\",\"description\":\"L&#039;actualit\u00e9 en Tunisie et dans le monde\",\"publisher\":{\"@id\":\"https:\/\/kapitalis.com\/tunisie\/#organization\"},\"potentialAction\":[{\"@type\":\"SearchAction\",\"target\":{\"@type\":\"EntryPoint\",\"urlTemplate\":\"https:\/\/kapitalis.com\/tunisie\/?s={search_term_string}\"},\"query-input\":{\"@type\":\"PropertyValueSpecification\",\"valueRequired\":true,\"valueName\":\"search_term_string\"}}],\"inLanguage\":\"fr-FR\"},{\"@type\":\"Organization\",\"@id\":\"https:\/\/kapitalis.com\/tunisie\/#organization\",\"name\":\"Kapitalis\",\"url\":\"https:\/\/kapitalis.com\/tunisie\/\",\"logo\":{\"@type\":\"ImageObject\",\"inLanguage\":\"fr-FR\",\"@id\":\"https:\/\/kapitalis.com\/tunisie\/#\/schema\/logo\/image\/\",\"url\":\"https:\/\/kapitalis.com\/tunisie\/wp-content\/uploads\/2022\/05\/Kapitalis-big-size.png\",\"contentUrl\":\"https:\/\/kapitalis.com\/tunisie\/wp-content\/uploads\/2022\/05\/Kapitalis-big-size.png\",\"width\":5000,\"height\":1500,\"caption\":\"Kapitalis\"},\"image\":{\"@id\":\"https:\/\/kapitalis.com\/tunisie\/#\/schema\/logo\/image\/\"},\"sameAs\":[\"https:\/\/www.facebook.com\/KapitalisInfo\/\",\"https:\/\/x.com\/KapitalisInfo\",\"https:\/\/www.youtube.com\/channel\/UC-yDYrHyfFBWWZaOw3FPg9Q\"]},{\"@type\":\"Person\",\"@id\":\"https:\/\/kapitalis.com\/tunisie\/#\/schema\/person\/b35b8d631961131107263178aeb8019e\",\"name\":\"Cherif Benyounes\",\"url\":\"https:\/\/kapitalis.com\/tunisie\/author\/cherif\/\"}]}<\/script>\n<!-- \/ Yoast SEO plugin. -->","yoast_head_json":{"title":"N\u00e9jib Chebbi : Entre Ennahdha et Sa\u00efed c'est la guerre, et il faut lutter contre les deux - Kapitalis","robots":{"index":"index","follow":"follow","max-snippet":"max-snippet:-1","max-image-preview":"max-image-preview:large","max-video-preview":"max-video-preview:-1"},"canonical":"https:\/\/kapitalis.com\/tunisie\/2021\/04\/21\/nejib-chebbi-entre-ennahdha-et-saied-cest-la-guerre-et-il-faut-lutter-contre-les-deux\/","og_locale":"fr_FR","og_type":"article","og_title":"N\u00e9jib Chebbi : Entre Ennahdha et Sa\u00efed c'est la guerre, et il faut lutter contre les deux - Kapitalis","og_description":"Le dirigeant au sein du parti Al-Amal, Ahmed N\u00e9jib Chebbi, est revenu, ce mercredi 21 avril 2021, sur le conflit politique, de plus en plus important, entre le pr\u00e9sident de la r\u00e9publique, Ka\u00efs Sa\u00efed, et le mouvement islamiste, Ennahdha. Pour lui, la guerre est d\u00e9j\u00e0 d\u00e9clench\u00e9e entre eux et il ne faut surtout pas se...","og_url":"https:\/\/kapitalis.com\/tunisie\/2021\/04\/21\/nejib-chebbi-entre-ennahdha-et-saied-cest-la-guerre-et-il-faut-lutter-contre-les-deux\/","og_site_name":"Kapitalis","article_publisher":"https:\/\/www.facebook.com\/KapitalisInfo\/","article_published_time":"2021-04-21T14:44:36+00:00","article_modified_time":"2021-04-21T14:49:03+00:00","og_image":[{"url":"http:\/\/kapitalis.com\/tunisie\/wp-content\/uploads\/2019\/08\/Ahmed-Nejib-Chebbi.jpg","type":"","width":"","height":""}],"author":"Cherif Benyounes","twitter_card":"summary_large_image","twitter_creator":"@KapitalisInfo","twitter_site":"@KapitalisInfo","twitter_misc":{"\u00c9crit par":"Cherif Benyounes","Dur\u00e9e de lecture estim\u00e9e":"1 minute"},"schema":{"@context":"https:\/\/schema.org","@graph":[{"@type":"Article","@id":"https:\/\/kapitalis.com\/tunisie\/2021\/04\/21\/nejib-chebbi-entre-ennahdha-et-saied-cest-la-guerre-et-il-faut-lutter-contre-les-deux\/#article","isPartOf":{"@id":"https:\/\/kapitalis.com\/tunisie\/2021\/04\/21\/nejib-chebbi-entre-ennahdha-et-saied-cest-la-guerre-et-il-faut-lutter-contre-les-deux\/"},"author":{"name":"Cherif Benyounes","@id":"https:\/\/kapitalis.com\/tunisie\/#\/schema\/person\/b35b8d631961131107263178aeb8019e"},"headline":"N\u00e9jib Chebbi : Entre Ennahdha et Sa\u00efed c&rsquo;est la guerre, et il faut lutter contre les deux","datePublished":"2021-04-21T14:44:36+00:00","dateModified":"2021-04-21T14:49:03+00:00","mainEntityOfPage":{"@id":"https:\/\/kapitalis.com\/tunisie\/2021\/04\/21\/nejib-chebbi-entre-ennahdha-et-saied-cest-la-guerre-et-il-faut-lutter-contre-les-deux\/"},"wordCount":258,"commentCount":4,"publisher":{"@id":"https:\/\/kapitalis.com\/tunisie\/#organization"},"image":{"@id":"https:\/\/kapitalis.com\/tunisie\/2021\/04\/21\/nejib-chebbi-entre-ennahdha-et-saied-cest-la-guerre-et-il-faut-lutter-contre-les-deux\/#primaryimage"},"thumbnailUrl":"http:\/\/kapitalis.com\/tunisie\/wp-content\/uploads\/2019\/08\/Ahmed-Nejib-Chebbi.jpg","keywords":["Ahmed N\u00e9jib Chebbi","Ennahdh","Kais Saied","PDP"],"articleSection":["POLITIQUE","Tunisie"],"inLanguage":"fr-FR","potentialAction":[{"@type":"CommentAction","name":"Comment","target":["https:\/\/kapitalis.com\/tunisie\/2021\/04\/21\/nejib-chebbi-entre-ennahdha-et-saied-cest-la-guerre-et-il-faut-lutter-contre-les-deux\/#respond"]}]},{"@type":"WebPage","@id":"https:\/\/kapitalis.com\/tunisie\/2021\/04\/21\/nejib-chebbi-entre-ennahdha-et-saied-cest-la-guerre-et-il-faut-lutter-contre-les-deux\/","url":"https:\/\/kapitalis.com\/tunisie\/2021\/04\/21\/nejib-chebbi-entre-ennahdha-et-saied-cest-la-guerre-et-il-faut-lutter-contre-les-deux\/","name":"N\u00e9jib Chebbi : Entre Ennahdha et Sa\u00efed c'est la guerre, et il faut lutter contre les deux - Kapitalis","isPartOf":{"@id":"https:\/\/kapitalis.com\/tunisie\/#website"},"primaryImageOfPage":{"@id":"https:\/\/kapitalis.com\/tunisie\/2021\/04\/21\/nejib-chebbi-entre-ennahdha-et-saied-cest-la-guerre-et-il-faut-lutter-contre-les-deux\/#primaryimage"},"image":{"@id":"https:\/\/kapitalis.com\/tunisie\/2021\/04\/21\/nejib-chebbi-entre-ennahdha-et-saied-cest-la-guerre-et-il-faut-lutter-contre-les-deux\/#primaryimage"},"thumbnailUrl":"http:\/\/kapitalis.com\/tunisie\/wp-content\/uploads\/2019\/08\/Ahmed-Nejib-Chebbi.jpg","datePublished":"2021-04-21T14:44:36+00:00","dateModified":"2021-04-21T14:49:03+00:00","breadcrumb":{"@id":"https:\/\/kapitalis.com\/tunisie\/2021\/04\/21\/nejib-chebbi-entre-ennahdha-et-saied-cest-la-guerre-et-il-faut-lutter-contre-les-deux\/#breadcrumb"},"inLanguage":"fr-FR","potentialAction":[{"@type":"ReadAction","target":["https:\/\/kapitalis.com\/tunisie\/2021\/04\/21\/nejib-chebbi-entre-ennahdha-et-saied-cest-la-guerre-et-il-faut-lutter-contre-les-deux\/"]}]},{"@type":"ImageObject","inLanguage":"fr-FR","@id":"https:\/\/kapitalis.com\/tunisie\/2021\/04\/21\/nejib-chebbi-entre-ennahdha-et-saied-cest-la-guerre-et-il-faut-lutter-contre-les-deux\/#primaryimage","url":"","contentUrl":""},{"@type":"BreadcrumbList","@id":"https:\/\/kapitalis.com\/tunisie\/2021\/04\/21\/nejib-chebbi-entre-ennahdha-et-saied-cest-la-guerre-et-il-faut-lutter-contre-les-deux\/#breadcrumb","itemListElement":[{"@type":"ListItem","position":1,"name":"Accueil","item":"https:\/\/kapitalis.com\/tunisie\/"},{"@type":"ListItem","position":2,"name":"N\u00e9jib Chebbi : Entre Ennahdha et Sa\u00efed c&rsquo;est la guerre, et il faut lutter contre les deux"}]},{"@type":"WebSite","@id":"https:\/\/kapitalis.com\/tunisie\/#website","url":"https:\/\/kapitalis.com\/tunisie\/","name":"Kapitalis","description":"L&#039;actualit\u00e9 en Tunisie et dans le monde","publisher":{"@id":"https:\/\/kapitalis.com\/tunisie\/#organization"},"potentialAction":[{"@type":"SearchAction","target":{"@type":"EntryPoint","urlTemplate":"https:\/\/kapitalis.com\/tunisie\/?s={search_term_string}"},"query-input":{"@type":"PropertyValueSpecification","valueRequired":true,"valueName":"search_term_string"}}],"inLanguage":"fr-FR"},{"@type":"Organization","@id":"https:\/\/kapitalis.com\/tunisie\/#organization","name":"Kapitalis","url":"https:\/\/kapitalis.com\/tunisie\/","logo":{"@type":"ImageObject","inLanguage":"fr-FR","@id":"https:\/\/kapitalis.com\/tunisie\/#\/schema\/logo\/image\/","url":"https:\/\/kapitalis.com\/tunisie\/wp-content\/uploads\/2022\/05\/Kapitalis-big-size.png","contentUrl":"https:\/\/kapitalis.com\/tunisie\/wp-content\/uploads\/2022\/05\/Kapitalis-big-size.png","width":5000,"height":1500,"caption":"Kapitalis"},"image":{"@id":"https:\/\/kapitalis.com\/tunisie\/#\/schema\/logo\/image\/"},"sameAs":["https:\/\/www.facebook.com\/KapitalisInfo\/","https:\/\/x.com\/KapitalisInfo","https:\/\/www.youtube.com\/channel\/UC-yDYrHyfFBWWZaOw3FPg9Q"]},{"@type":"Person","@id":"https:\/\/kapitalis.com\/tunisie\/#\/schema\/person\/b35b8d631961131107263178aeb8019e","name":"Cherif Benyounes","url":"https:\/\/kapitalis.com\/tunisie\/author\/cherif\/"}]}},"_links":{"self":[{"href":"https:\/\/kapitalis.com\/tunisie\/wp-json\/wp\/v2\/posts\/346377","targetHints":{"allow":["GET"]}}],"collection":[{"href":"https:\/\/kapitalis.com\/tunisie\/wp-json\/wp\/v2\/posts"}],"about":[{"href":"https:\/\/kapitalis.com\/tunisie\/wp-json\/wp\/v2\/types\/post"}],"author":[{"embeddable":true,"href":"https:\/\/kapitalis.com\/tunisie\/wp-json\/wp\/v2\/users\/24"}],"replies":[{"embeddable":true,"href":"https:\/\/kapitalis.com\/tunisie\/wp-json\/wp\/v2\/comments?post=346377"}],"version-history":[{"count":0,"href":"https:\/\/kapitalis.com\/tunisie\/wp-json\/wp\/v2\/posts\/346377\/revisions"}],"wp:attachment":[{"href":"https:\/\/kapitalis.com\/tunisie\/wp-json\/wp\/v2\/media?parent=346377"}],"wp:term":[{"taxonomy":"category","embeddable":true,"href":"https:\/\/kapitalis.com\/tunisie\/wp-json\/wp\/v2\/categories?post=346377"},{"taxonomy":"post_tag","embeddable":true,"href":"https:\/\/kapitalis.com\/tunisie\/wp-json\/wp\/v2\/tags?post=346377"}],"curies":[{"name":"wp","href":"https:\/\/api.w.org\/{rel}","templated":true}]}}