{"id":346503,"date":"2021-04-22T14:44:34","date_gmt":"2021-04-22T13:44:34","guid":{"rendered":"http:\/\/kapitalis.com\/tunisie\/?p=346503"},"modified":"2021-04-22T23:50:37","modified_gmt":"2021-04-22T22:50:37","slug":"neji-jmal-rached-khiari-ne-peut-etre-arrete-sans-laccord-de-lassemblee","status":"publish","type":"post","link":"https:\/\/kapitalis.com\/tunisie\/2021\/04\/22\/neji-jmal-rached-khiari-ne-peut-etre-arrete-sans-laccord-de-lassemblee\/","title":{"rendered":"Neji Jmal : \u00abRached Khiari ne peut \u00eatre arr\u00eat\u00e9 sans l&rsquo;accord de l&rsquo;Assembl\u00e9e\u00bb"},"content":{"rendered":"\n<div class=\"wp-block-image\"><figure class=\"aligncenter size-large\"><img decoding=\"async\" src=\"http:\/\/kapitalis.com\/tunisie\/wp-content\/uploads\/2021\/04\/Khiari-assemblee.jpg\" alt=\"\" class=\"wp-image-346515\"\/><\/figure><\/div>\n\n\n\n<p><strong><em>R\u00e9agissant au mandat d&rsquo;amener \u00e9mis par la justice militaire \u00e0 l&rsquo;encontre de Rached Khiari (ancien \u00e9lu Al-Karama), le d\u00e9put\u00e9 Ennahdha Neji Jmal, pr\u00e9sident de la commission du r\u00e8glement int\u00e9rieur et de l\u2019immunit\u00e9 \u00e0 l\u2019Assembl\u00e9e des repr\u00e9sentants du peuple (ARP) a affirm\u00e9 que son coll\u00e8gue ne peut \u00eatre arr\u00eat\u00e9 sans l&rsquo;accord du parlement.<\/em><\/strong>..<\/p>\n\n\n\n<!--more-->\n\n\n\n<p>\u00ab<em>Il existes plusieurs probl\u00e9matiques li\u00e9es \u00e0 cette affaires, notamment le fait qu&rsquo;il soit poursuivi par la justice militaire alors qu&rsquo;il s&rsquo;agit d&rsquo;un civil, d&rsquo;autant qu&rsquo;il n&rsquo;a pas accus\u00e9  Ka\u00efs Sa\u00efed en sa qualit\u00e9 de pr\u00e9sident de la r\u00e9publique, mais en tant que candidat \u00e0 la pr\u00e9sidentielle\u00bb,<\/em> a-t-il indiqu\u00e9 ce jeudi 22 avril 2021, dans une d\u00e9claration \u00e0 Mosa\u00efque FM.<\/p>\n\n\n\n<p>Neji Jmal a ajout\u00e9 que Khiari avait lui m\u00eame appel\u00e9 la justice \u00e0 intervenir, en affirmant sa disposition \u00e0 lui pr\u00e9senter les documents en sa possession, et qu&rsquo;il ne s&rsquo;agit pas de flagrant d\u00e9lit comme indiqu\u00e9 par des parties, ce qui exige une lev\u00e9e de l&rsquo;immunit\u00e9, dit-il : <em>\u00abLa commission annoncera sa position sur cette affaire<\/em>\u00bb, a-t-il ajout\u00e9.<\/p>\n\n\n\n<p>Rappelons que le parquet militaire a \u00e9mis un mandat d\u2019amener contre Khiari, dans le cadre de l\u2019enqu\u00eate ouverte sur la vid\u00e9o qu\u2019il a publi\u00e9e lundi soir, o\u00f9 il accuse le pr\u00e9sident Sa\u00efed d\u2019avoir per\u00e7u de l\u2019argent par des parties am\u00e9ricaines pour financer sa campagne \u00e9lectorale.<\/p>\n\n\n\n<p>Dans un post publi\u00e9 hier soir, sur la page du concern\u00e9, on pr\u00e9tend ne pas savoir o\u00f9 se trouve le d\u00e9put\u00e9 et o\u00f9 l&rsquo;on peut lire : \u00ab<em>Pour tous ceux qui nous interrogent sur le sort du d\u00e9put\u00e9 Rached Khiari, nous tenons \u00e0 informer tout le monde que nous ne savons pas s\u2019il est d\u00e9tenu ou s\u2019il est libre, et que nous ne savons actuellement rien sur lui<\/em>\u00bb\u2026<\/p>\n\n\n\n<p>Rappelons, par ailleurs, que l\u2019ambassade des \u00c9tats-unis en Tunisie, qui a r\u00e9agi aux accusations de Khiari, a publi\u00e9 un tweet  hier pour le d\u00e9mentir en affirmant que le gouvernement am\u00e9ricain n\u2019a pas financ\u00e9 la campagne du pr\u00e9sident Sa\u00efed.<\/p>\n\n\n\n<p class=\"has-text-align-right\"><strong>Y. N.<\/strong><\/p>\n\n\n\n<figure class=\"wp-block-embed is-type-wp-embed is-provider-kapitalis wp-block-embed-kapitalis\"><div class=\"wp-block-embed__wrapper\">\n<blockquote class=\"wp-embedded-content\" data-secret=\"mEVwV8Hor4\"><a href=\"https:\/\/kapitalis.com\/tunisie\/2021\/04\/22\/le-parquet-militaire-emet-un-mandat-damener-contre-rached-khiari\/\">Le parquet militaire \u00e9met un mandat d&rsquo;amener contre Rached Khiari<\/a><\/blockquote><iframe loading=\"lazy\" class=\"wp-embedded-content\" sandbox=\"allow-scripts\" security=\"restricted\" style=\"position: absolute; clip: rect(1px, 1px, 1px, 1px);\" title=\"\u00ab\u00a0Le parquet militaire \u00e9met un mandat d&rsquo;amener contre Rached Khiari\u00a0\u00bb &#8212; Kapitalis\" src=\"https:\/\/kapitalis.com\/tunisie\/2021\/04\/22\/le-parquet-militaire-emet-un-mandat-damener-contre-rached-khiari\/embed\/#?secret=7boC0qLk4U#?secret=mEVwV8Hor4\" data-secret=\"mEVwV8Hor4\" width=\"600\" height=\"338\" frameborder=\"0\" marginwidth=\"0\" marginheight=\"0\" scrolling=\"no\"><\/iframe>\n<\/div><\/figure>\n\n\n\n<figure class=\"wp-block-embed is-type-wp-embed is-provider-kapitalis wp-block-embed-kapitalis\"><div class=\"wp-block-embed__wrapper\">\n<blockquote class=\"wp-embedded-content\" data-secret=\"hjM0Dn2bxW\"><a href=\"https:\/\/kapitalis.com\/tunisie\/2021\/04\/21\/khiari-dementi-le-gouvernement-americain-affirme-ne-pas-avoir-finance-la-campagne-electorale-de-saied\/\">Khiari d\u00e9menti : Le gouvernement am\u00e9ricain affirme ne pas avoir financ\u00e9 la campagne \u00e9lectorale de Sa\u00efed<\/a><\/blockquote><iframe loading=\"lazy\" class=\"wp-embedded-content\" sandbox=\"allow-scripts\" security=\"restricted\" style=\"position: absolute; clip: rect(1px, 1px, 1px, 1px);\" title=\"\u00ab\u00a0Khiari d\u00e9menti : Le gouvernement am\u00e9ricain affirme ne pas avoir financ\u00e9 la campagne \u00e9lectorale de Sa\u00efed\u00a0\u00bb &#8212; Kapitalis\" src=\"https:\/\/kapitalis.com\/tunisie\/2021\/04\/21\/khiari-dementi-le-gouvernement-americain-affirme-ne-pas-avoir-finance-la-campagne-electorale-de-saied\/embed\/#?secret=6mK1tgU0x9#?secret=hjM0Dn2bxW\" data-secret=\"hjM0Dn2bxW\" width=\"600\" height=\"338\" frameborder=\"0\" marginwidth=\"0\" marginheight=\"0\" scrolling=\"no\"><\/iframe>\n<\/div><\/figure>\n","protected":false},"excerpt":{"rendered":"<p>R\u00e9agissant au mandat d&rsquo;amener \u00e9mis par la justice militaire \u00e0 l&rsquo;encontre de Rached Khiari (ancien \u00e9lu Al-Karama), le d\u00e9put\u00e9 Ennahdha Neji Jmal, pr\u00e9sident de la commission du r\u00e8glement int\u00e9rieur et de l\u2019immunit\u00e9 \u00e0 l\u2019Assembl\u00e9e des repr\u00e9sentants du peuple (ARP) a affirm\u00e9 que son coll\u00e8gue ne peut \u00eatre arr\u00eat\u00e9 sans l&rsquo;accord du parlement&#8230;<\/p>\n","protected":false},"author":6,"featured_media":346515,"comment_status":"open","ping_status":"open","sticky":false,"template":"","format":"standard","meta":{"footnotes":""},"categories":[997,2433],"tags":[76464,93,49543,12897,24181,86247,10425,87935],"class_list":["post-346503","post","type-post","status-publish","format-standard","has-post-thumbnail","hentry","category-politique","category-tunisie","tag-al-karama-2","tag-assemblee","tag-ennahdha","tag-immunite","tag-justice-militaire","tag-neji-jmal","tag-rached-khiari","tag-saied-2"],"yoast_head":"<!-- This site is optimized with the Yoast SEO plugin v26.6 - https:\/\/yoast.com\/wordpress\/plugins\/seo\/ -->\n<title>Neji Jmal : \u00abRached Khiari ne peut \u00eatre arr\u00eat\u00e9 sans l&#039;accord de l&#039;Assembl\u00e9e\u00bb - Kapitalis<\/title>\n<meta name=\"robots\" content=\"index, follow, max-snippet:-1, max-image-preview:large, max-video-preview:-1\" \/>\n<link rel=\"canonical\" href=\"https:\/\/kapitalis.com\/tunisie\/2021\/04\/22\/neji-jmal-rached-khiari-ne-peut-etre-arrete-sans-laccord-de-lassemblee\/\" \/>\n<meta property=\"og:locale\" content=\"fr_FR\" \/>\n<meta property=\"og:type\" content=\"article\" \/>\n<meta property=\"og:title\" content=\"Neji Jmal : \u00abRached Khiari ne peut \u00eatre arr\u00eat\u00e9 sans l&#039;accord de l&#039;Assembl\u00e9e\u00bb - Kapitalis\" \/>\n<meta property=\"og:description\" content=\"R\u00e9agissant au mandat d&rsquo;amener \u00e9mis par la justice militaire \u00e0 l&rsquo;encontre de Rached Khiari (ancien \u00e9lu Al-Karama), le d\u00e9put\u00e9 Ennahdha Neji Jmal, pr\u00e9sident de la commission du r\u00e8glement int\u00e9rieur et de l\u2019immunit\u00e9 \u00e0 l\u2019Assembl\u00e9e des repr\u00e9sentants du peuple (ARP) a affirm\u00e9 que son coll\u00e8gue ne peut \u00eatre arr\u00eat\u00e9 sans l&rsquo;accord du parlement...\" \/>\n<meta property=\"og:url\" content=\"https:\/\/kapitalis.com\/tunisie\/2021\/04\/22\/neji-jmal-rached-khiari-ne-peut-etre-arrete-sans-laccord-de-lassemblee\/\" \/>\n<meta property=\"og:site_name\" content=\"Kapitalis\" \/>\n<meta property=\"article:publisher\" content=\"https:\/\/www.facebook.com\/KapitalisInfo\/\" \/>\n<meta property=\"article:published_time\" content=\"2021-04-22T13:44:34+00:00\" \/>\n<meta property=\"article:modified_time\" content=\"2021-04-22T22:50:37+00:00\" \/>\n<meta property=\"og:image\" content=\"https:\/\/kapitalis.com\/tunisie\/wp-content\/uploads\/2022\/05\/kapitalis-logo-fb.png\" \/>\n\t<meta property=\"og:image:width\" content=\"1200\" \/>\n\t<meta property=\"og:image:height\" content=\"630\" \/>\n\t<meta property=\"og:image:type\" content=\"image\/png\" \/>\n<meta name=\"author\" content=\"Yusra NY\" \/>\n<meta name=\"twitter:card\" content=\"summary_large_image\" \/>\n<meta name=\"twitter:creator\" content=\"@KapitalisInfo\" \/>\n<meta name=\"twitter:site\" content=\"@KapitalisInfo\" \/>\n<meta name=\"twitter:label1\" content=\"\u00c9crit par\" \/>\n\t<meta name=\"twitter:data1\" content=\"Yusra NY\" \/>\n\t<meta name=\"twitter:label2\" content=\"Dur\u00e9e de lecture estim\u00e9e\" \/>\n\t<meta name=\"twitter:data2\" content=\"2 minutes\" \/>\n<script type=\"application\/ld+json\" class=\"yoast-schema-graph\">{\"@context\":\"https:\/\/schema.org\",\"@graph\":[{\"@type\":\"Article\",\"@id\":\"https:\/\/kapitalis.com\/tunisie\/2021\/04\/22\/neji-jmal-rached-khiari-ne-peut-etre-arrete-sans-laccord-de-lassemblee\/#article\",\"isPartOf\":{\"@id\":\"https:\/\/kapitalis.com\/tunisie\/2021\/04\/22\/neji-jmal-rached-khiari-ne-peut-etre-arrete-sans-laccord-de-lassemblee\/\"},\"author\":{\"name\":\"Yusra NY\",\"@id\":\"https:\/\/kapitalis.com\/tunisie\/#\/schema\/person\/74bbde0154d49d790a92aaeac5bc01d5\"},\"headline\":\"Neji Jmal : \u00abRached Khiari ne peut \u00eatre arr\u00eat\u00e9 sans l&rsquo;accord de l&rsquo;Assembl\u00e9e\u00bb\",\"datePublished\":\"2021-04-22T13:44:34+00:00\",\"dateModified\":\"2021-04-22T22:50:37+00:00\",\"mainEntityOfPage\":{\"@id\":\"https:\/\/kapitalis.com\/tunisie\/2021\/04\/22\/neji-jmal-rached-khiari-ne-peut-etre-arrete-sans-laccord-de-lassemblee\/\"},\"wordCount\":383,\"commentCount\":3,\"publisher\":{\"@id\":\"https:\/\/kapitalis.com\/tunisie\/#organization\"},\"image\":{\"@id\":\"https:\/\/kapitalis.com\/tunisie\/2021\/04\/22\/neji-jmal-rached-khiari-ne-peut-etre-arrete-sans-laccord-de-lassemblee\/#primaryimage\"},\"thumbnailUrl\":\"\",\"keywords\":[\"Al-Karama\",\"Assembl\u00e9e\",\"Ennahdha\",\"immunit\u00e9\",\"justice militaire\",\"N\u00e9ji Jmal\",\"Rached Khiari\",\"Sa\u00efed\"],\"articleSection\":[\"POLITIQUE\",\"Tunisie\"],\"inLanguage\":\"fr-FR\",\"potentialAction\":[{\"@type\":\"CommentAction\",\"name\":\"Comment\",\"target\":[\"https:\/\/kapitalis.com\/tunisie\/2021\/04\/22\/neji-jmal-rached-khiari-ne-peut-etre-arrete-sans-laccord-de-lassemblee\/#respond\"]}]},{\"@type\":\"WebPage\",\"@id\":\"https:\/\/kapitalis.com\/tunisie\/2021\/04\/22\/neji-jmal-rached-khiari-ne-peut-etre-arrete-sans-laccord-de-lassemblee\/\",\"url\":\"https:\/\/kapitalis.com\/tunisie\/2021\/04\/22\/neji-jmal-rached-khiari-ne-peut-etre-arrete-sans-laccord-de-lassemblee\/\",\"name\":\"Neji Jmal : \u00abRached Khiari ne peut \u00eatre arr\u00eat\u00e9 sans l'accord de l'Assembl\u00e9e\u00bb - Kapitalis\",\"isPartOf\":{\"@id\":\"https:\/\/kapitalis.com\/tunisie\/#website\"},\"primaryImageOfPage\":{\"@id\":\"https:\/\/kapitalis.com\/tunisie\/2021\/04\/22\/neji-jmal-rached-khiari-ne-peut-etre-arrete-sans-laccord-de-lassemblee\/#primaryimage\"},\"image\":{\"@id\":\"https:\/\/kapitalis.com\/tunisie\/2021\/04\/22\/neji-jmal-rached-khiari-ne-peut-etre-arrete-sans-laccord-de-lassemblee\/#primaryimage\"},\"thumbnailUrl\":\"\",\"datePublished\":\"2021-04-22T13:44:34+00:00\",\"dateModified\":\"2021-04-22T22:50:37+00:00\",\"breadcrumb\":{\"@id\":\"https:\/\/kapitalis.com\/tunisie\/2021\/04\/22\/neji-jmal-rached-khiari-ne-peut-etre-arrete-sans-laccord-de-lassemblee\/#breadcrumb\"},\"inLanguage\":\"fr-FR\",\"potentialAction\":[{\"@type\":\"ReadAction\",\"target\":[\"https:\/\/kapitalis.com\/tunisie\/2021\/04\/22\/neji-jmal-rached-khiari-ne-peut-etre-arrete-sans-laccord-de-lassemblee\/\"]}]},{\"@type\":\"ImageObject\",\"inLanguage\":\"fr-FR\",\"@id\":\"https:\/\/kapitalis.com\/tunisie\/2021\/04\/22\/neji-jmal-rached-khiari-ne-peut-etre-arrete-sans-laccord-de-lassemblee\/#primaryimage\",\"url\":\"\",\"contentUrl\":\"\"},{\"@type\":\"BreadcrumbList\",\"@id\":\"https:\/\/kapitalis.com\/tunisie\/2021\/04\/22\/neji-jmal-rached-khiari-ne-peut-etre-arrete-sans-laccord-de-lassemblee\/#breadcrumb\",\"itemListElement\":[{\"@type\":\"ListItem\",\"position\":1,\"name\":\"Accueil\",\"item\":\"https:\/\/kapitalis.com\/tunisie\/\"},{\"@type\":\"ListItem\",\"position\":2,\"name\":\"Neji Jmal : \u00abRached Khiari ne peut \u00eatre arr\u00eat\u00e9 sans l&rsquo;accord de l&rsquo;Assembl\u00e9e\u00bb\"}]},{\"@type\":\"WebSite\",\"@id\":\"https:\/\/kapitalis.com\/tunisie\/#website\",\"url\":\"https:\/\/kapitalis.com\/tunisie\/\",\"name\":\"Kapitalis\",\"description\":\"L&#039;actualit\u00e9 en Tunisie et dans le monde\",\"publisher\":{\"@id\":\"https:\/\/kapitalis.com\/tunisie\/#organization\"},\"potentialAction\":[{\"@type\":\"SearchAction\",\"target\":{\"@type\":\"EntryPoint\",\"urlTemplate\":\"https:\/\/kapitalis.com\/tunisie\/?s={search_term_string}\"},\"query-input\":{\"@type\":\"PropertyValueSpecification\",\"valueRequired\":true,\"valueName\":\"search_term_string\"}}],\"inLanguage\":\"fr-FR\"},{\"@type\":\"Organization\",\"@id\":\"https:\/\/kapitalis.com\/tunisie\/#organization\",\"name\":\"Kapitalis\",\"url\":\"https:\/\/kapitalis.com\/tunisie\/\",\"logo\":{\"@type\":\"ImageObject\",\"inLanguage\":\"fr-FR\",\"@id\":\"https:\/\/kapitalis.com\/tunisie\/#\/schema\/logo\/image\/\",\"url\":\"https:\/\/kapitalis.com\/tunisie\/wp-content\/uploads\/2022\/05\/Kapitalis-big-size.png\",\"contentUrl\":\"https:\/\/kapitalis.com\/tunisie\/wp-content\/uploads\/2022\/05\/Kapitalis-big-size.png\",\"width\":5000,\"height\":1500,\"caption\":\"Kapitalis\"},\"image\":{\"@id\":\"https:\/\/kapitalis.com\/tunisie\/#\/schema\/logo\/image\/\"},\"sameAs\":[\"https:\/\/www.facebook.com\/KapitalisInfo\/\",\"https:\/\/x.com\/KapitalisInfo\",\"https:\/\/www.youtube.com\/channel\/UC-yDYrHyfFBWWZaOw3FPg9Q\"]},{\"@type\":\"Person\",\"@id\":\"https:\/\/kapitalis.com\/tunisie\/#\/schema\/person\/74bbde0154d49d790a92aaeac5bc01d5\",\"name\":\"Yusra NY\",\"url\":\"https:\/\/kapitalis.com\/tunisie\/author\/yuza_adam\/\"}]}<\/script>\n<!-- \/ Yoast SEO plugin. -->","yoast_head_json":{"title":"Neji Jmal : \u00abRached Khiari ne peut \u00eatre arr\u00eat\u00e9 sans l'accord de l'Assembl\u00e9e\u00bb - Kapitalis","robots":{"index":"index","follow":"follow","max-snippet":"max-snippet:-1","max-image-preview":"max-image-preview:large","max-video-preview":"max-video-preview:-1"},"canonical":"https:\/\/kapitalis.com\/tunisie\/2021\/04\/22\/neji-jmal-rached-khiari-ne-peut-etre-arrete-sans-laccord-de-lassemblee\/","og_locale":"fr_FR","og_type":"article","og_title":"Neji Jmal : \u00abRached Khiari ne peut \u00eatre arr\u00eat\u00e9 sans l'accord de l'Assembl\u00e9e\u00bb - Kapitalis","og_description":"R\u00e9agissant au mandat d&rsquo;amener \u00e9mis par la justice militaire \u00e0 l&rsquo;encontre de Rached Khiari (ancien \u00e9lu Al-Karama), le d\u00e9put\u00e9 Ennahdha Neji Jmal, pr\u00e9sident de la commission du r\u00e8glement int\u00e9rieur et de l\u2019immunit\u00e9 \u00e0 l\u2019Assembl\u00e9e des repr\u00e9sentants du peuple (ARP) a affirm\u00e9 que son coll\u00e8gue ne peut \u00eatre arr\u00eat\u00e9 sans l&rsquo;accord du parlement...","og_url":"https:\/\/kapitalis.com\/tunisie\/2021\/04\/22\/neji-jmal-rached-khiari-ne-peut-etre-arrete-sans-laccord-de-lassemblee\/","og_site_name":"Kapitalis","article_publisher":"https:\/\/www.facebook.com\/KapitalisInfo\/","article_published_time":"2021-04-22T13:44:34+00:00","article_modified_time":"2021-04-22T22:50:37+00:00","og_image":[{"width":1200,"height":630,"url":"https:\/\/kapitalis.com\/tunisie\/wp-content\/uploads\/2022\/05\/kapitalis-logo-fb.png","type":"image\/png"}],"author":"Yusra NY","twitter_card":"summary_large_image","twitter_creator":"@KapitalisInfo","twitter_site":"@KapitalisInfo","twitter_misc":{"\u00c9crit par":"Yusra NY","Dur\u00e9e de lecture estim\u00e9e":"2 minutes"},"schema":{"@context":"https:\/\/schema.org","@graph":[{"@type":"Article","@id":"https:\/\/kapitalis.com\/tunisie\/2021\/04\/22\/neji-jmal-rached-khiari-ne-peut-etre-arrete-sans-laccord-de-lassemblee\/#article","isPartOf":{"@id":"https:\/\/kapitalis.com\/tunisie\/2021\/04\/22\/neji-jmal-rached-khiari-ne-peut-etre-arrete-sans-laccord-de-lassemblee\/"},"author":{"name":"Yusra NY","@id":"https:\/\/kapitalis.com\/tunisie\/#\/schema\/person\/74bbde0154d49d790a92aaeac5bc01d5"},"headline":"Neji Jmal : \u00abRached Khiari ne peut \u00eatre arr\u00eat\u00e9 sans l&rsquo;accord de l&rsquo;Assembl\u00e9e\u00bb","datePublished":"2021-04-22T13:44:34+00:00","dateModified":"2021-04-22T22:50:37+00:00","mainEntityOfPage":{"@id":"https:\/\/kapitalis.com\/tunisie\/2021\/04\/22\/neji-jmal-rached-khiari-ne-peut-etre-arrete-sans-laccord-de-lassemblee\/"},"wordCount":383,"commentCount":3,"publisher":{"@id":"https:\/\/kapitalis.com\/tunisie\/#organization"},"image":{"@id":"https:\/\/kapitalis.com\/tunisie\/2021\/04\/22\/neji-jmal-rached-khiari-ne-peut-etre-arrete-sans-laccord-de-lassemblee\/#primaryimage"},"thumbnailUrl":"","keywords":["Al-Karama","Assembl\u00e9e","Ennahdha","immunit\u00e9","justice militaire","N\u00e9ji Jmal","Rached Khiari","Sa\u00efed"],"articleSection":["POLITIQUE","Tunisie"],"inLanguage":"fr-FR","potentialAction":[{"@type":"CommentAction","name":"Comment","target":["https:\/\/kapitalis.com\/tunisie\/2021\/04\/22\/neji-jmal-rached-khiari-ne-peut-etre-arrete-sans-laccord-de-lassemblee\/#respond"]}]},{"@type":"WebPage","@id":"https:\/\/kapitalis.com\/tunisie\/2021\/04\/22\/neji-jmal-rached-khiari-ne-peut-etre-arrete-sans-laccord-de-lassemblee\/","url":"https:\/\/kapitalis.com\/tunisie\/2021\/04\/22\/neji-jmal-rached-khiari-ne-peut-etre-arrete-sans-laccord-de-lassemblee\/","name":"Neji Jmal : \u00abRached Khiari ne peut \u00eatre arr\u00eat\u00e9 sans l'accord de l'Assembl\u00e9e\u00bb - Kapitalis","isPartOf":{"@id":"https:\/\/kapitalis.com\/tunisie\/#website"},"primaryImageOfPage":{"@id":"https:\/\/kapitalis.com\/tunisie\/2021\/04\/22\/neji-jmal-rached-khiari-ne-peut-etre-arrete-sans-laccord-de-lassemblee\/#primaryimage"},"image":{"@id":"https:\/\/kapitalis.com\/tunisie\/2021\/04\/22\/neji-jmal-rached-khiari-ne-peut-etre-arrete-sans-laccord-de-lassemblee\/#primaryimage"},"thumbnailUrl":"","datePublished":"2021-04-22T13:44:34+00:00","dateModified":"2021-04-22T22:50:37+00:00","breadcrumb":{"@id":"https:\/\/kapitalis.com\/tunisie\/2021\/04\/22\/neji-jmal-rached-khiari-ne-peut-etre-arrete-sans-laccord-de-lassemblee\/#breadcrumb"},"inLanguage":"fr-FR","potentialAction":[{"@type":"ReadAction","target":["https:\/\/kapitalis.com\/tunisie\/2021\/04\/22\/neji-jmal-rached-khiari-ne-peut-etre-arrete-sans-laccord-de-lassemblee\/"]}]},{"@type":"ImageObject","inLanguage":"fr-FR","@id":"https:\/\/kapitalis.com\/tunisie\/2021\/04\/22\/neji-jmal-rached-khiari-ne-peut-etre-arrete-sans-laccord-de-lassemblee\/#primaryimage","url":"","contentUrl":""},{"@type":"BreadcrumbList","@id":"https:\/\/kapitalis.com\/tunisie\/2021\/04\/22\/neji-jmal-rached-khiari-ne-peut-etre-arrete-sans-laccord-de-lassemblee\/#breadcrumb","itemListElement":[{"@type":"ListItem","position":1,"name":"Accueil","item":"https:\/\/kapitalis.com\/tunisie\/"},{"@type":"ListItem","position":2,"name":"Neji Jmal : \u00abRached Khiari ne peut \u00eatre arr\u00eat\u00e9 sans l&rsquo;accord de l&rsquo;Assembl\u00e9e\u00bb"}]},{"@type":"WebSite","@id":"https:\/\/kapitalis.com\/tunisie\/#website","url":"https:\/\/kapitalis.com\/tunisie\/","name":"Kapitalis","description":"L&#039;actualit\u00e9 en Tunisie et dans le monde","publisher":{"@id":"https:\/\/kapitalis.com\/tunisie\/#organization"},"potentialAction":[{"@type":"SearchAction","target":{"@type":"EntryPoint","urlTemplate":"https:\/\/kapitalis.com\/tunisie\/?s={search_term_string}"},"query-input":{"@type":"PropertyValueSpecification","valueRequired":true,"valueName":"search_term_string"}}],"inLanguage":"fr-FR"},{"@type":"Organization","@id":"https:\/\/kapitalis.com\/tunisie\/#organization","name":"Kapitalis","url":"https:\/\/kapitalis.com\/tunisie\/","logo":{"@type":"ImageObject","inLanguage":"fr-FR","@id":"https:\/\/kapitalis.com\/tunisie\/#\/schema\/logo\/image\/","url":"https:\/\/kapitalis.com\/tunisie\/wp-content\/uploads\/2022\/05\/Kapitalis-big-size.png","contentUrl":"https:\/\/kapitalis.com\/tunisie\/wp-content\/uploads\/2022\/05\/Kapitalis-big-size.png","width":5000,"height":1500,"caption":"Kapitalis"},"image":{"@id":"https:\/\/kapitalis.com\/tunisie\/#\/schema\/logo\/image\/"},"sameAs":["https:\/\/www.facebook.com\/KapitalisInfo\/","https:\/\/x.com\/KapitalisInfo","https:\/\/www.youtube.com\/channel\/UC-yDYrHyfFBWWZaOw3FPg9Q"]},{"@type":"Person","@id":"https:\/\/kapitalis.com\/tunisie\/#\/schema\/person\/74bbde0154d49d790a92aaeac5bc01d5","name":"Yusra NY","url":"https:\/\/kapitalis.com\/tunisie\/author\/yuza_adam\/"}]}},"_links":{"self":[{"href":"https:\/\/kapitalis.com\/tunisie\/wp-json\/wp\/v2\/posts\/346503","targetHints":{"allow":["GET"]}}],"collection":[{"href":"https:\/\/kapitalis.com\/tunisie\/wp-json\/wp\/v2\/posts"}],"about":[{"href":"https:\/\/kapitalis.com\/tunisie\/wp-json\/wp\/v2\/types\/post"}],"author":[{"embeddable":true,"href":"https:\/\/kapitalis.com\/tunisie\/wp-json\/wp\/v2\/users\/6"}],"replies":[{"embeddable":true,"href":"https:\/\/kapitalis.com\/tunisie\/wp-json\/wp\/v2\/comments?post=346503"}],"version-history":[{"count":0,"href":"https:\/\/kapitalis.com\/tunisie\/wp-json\/wp\/v2\/posts\/346503\/revisions"}],"wp:featuredmedia":[{"embeddable":true,"href":"https:\/\/kapitalis.com\/tunisie\/wp-json\/wp\/v2\/media\/346515"}],"wp:attachment":[{"href":"https:\/\/kapitalis.com\/tunisie\/wp-json\/wp\/v2\/media?parent=346503"}],"wp:term":[{"taxonomy":"category","embeddable":true,"href":"https:\/\/kapitalis.com\/tunisie\/wp-json\/wp\/v2\/categories?post=346503"},{"taxonomy":"post_tag","embeddable":true,"href":"https:\/\/kapitalis.com\/tunisie\/wp-json\/wp\/v2\/tags?post=346503"}],"curies":[{"name":"wp","href":"https:\/\/api.w.org\/{rel}","templated":true}]}}