{"id":346517,"date":"2021-04-22T15:24:49","date_gmt":"2021-04-22T14:24:49","guid":{"rendered":"http:\/\/kapitalis.com\/tunisie\/?p=346517"},"modified":"2021-04-22T15:25:21","modified_gmt":"2021-04-22T14:25:21","slug":"hatem-mliki-harouni-a-appele-a-enfreindre-la-constitution-et-la-loi","status":"publish","type":"post","link":"https:\/\/kapitalis.com\/tunisie\/2021\/04\/22\/hatem-mliki-harouni-a-appele-a-enfreindre-la-constitution-et-la-loi\/","title":{"rendered":"Hatem Mliki : \u00abHarouni a appel\u00e9 \u00e0 enfreindre la constitution et la loi\u00bb"},"content":{"rendered":"\n<figure class=\"wp-block-image size-large\"><img decoding=\"async\" src=\"http:\/\/kapitalis.com\/tunisie\/wp-content\/uploads\/2020\/08\/Hatem-Mliki-1.jpg\" alt=\"\" class=\"wp-image-312395\"\/><\/figure>\n\n\n\n<p><strong><em>Le d\u00e9put\u00e9 ind\u00e9pendant Hatem Mliki estime que l&rsquo;appel qu&rsquo;a lanc\u00e9 hier Abdelkarim Harouni, dirigeant au sein d&rsquo;Ennahdha, \u00e0 l&rsquo;attention du chef du gouvernement, Hichem Mechichi, pour activer le remaniement minist\u00e9riel malgr\u00e9 le refus du pr\u00e9sident de la r\u00e9publique, Ka\u00efs Sa\u00efed d&rsquo;accueillir les nouveaux ministres pour la prestation de serment, \u00e9tait \u00abun appel \u00e0 enfreindre la constitution et la loi\u00bb.<\/em><\/strong><\/p>\n\n\n\n<!--more-->\n\n\n\n<p>\u00ab<em>C&rsquo;est un appel \u00e0 la d\u00e9vastation de l\u2018\u00c9tat \u00e0 l\u2019ill\u00e9gitimit\u00e9<\/em>\u00bb, a-t-il ajout\u00e9, au micro de Shems Fm, ce jeudi 22 avril 2021.<\/p>\n\n\n\n<p>\u00abHarouni avait d\u00e9j\u00e0 fait des d\u00e9clarations insens\u00e9, en appelant les jeunes d\u2019Ennahdha \u00e0 participer aux protestations nocturnes\u00bb, a-t-il rappel\u00e9.<\/p>\n\n\n\n<p>Mliki a, par ailleurs, d\u00e9clar\u00e9 que \u00ab<em>les vainqueurs <\/em>[dans le conflit politique actuel] <em>sont les forces opportunistes car elles sont les plus fortes au parlement et qu&rsquo;elles le contr\u00f4lent<\/em>\u00bb, sachant qu&rsquo;il \u00e9tait des chefs d&rsquo;orchestre de ces forces, lui qui est issu des listes \u00e9lectorales de Qalb Tounes dont il \u00e9tait dirigeant et chef du bloc au Parlement.<\/p>\n\n\n\n<p>Il a, d&rsquo;autre part, critiqu\u00e9 Rached Ghannouchi et sa gestion de l&rsquo;Assembl\u00e9e des repr\u00e9sentants du peuple, dont il est le pr\u00e9sident, estimant qu&rsquo;il adopte une culture de confrontation et de transgression de la loi.<\/p>\n\n\n\n<p class=\"has-text-align-right\"><strong>C. B. Y.<\/strong><\/p>\n\n\n\n<p><blockquote class=\"wp-embedded-content\" data-secret=\"3IPfibNS6Z\"><a href=\"https:\/\/kapitalis.com\/tunisie\/2021\/04\/21\/abdelkarim-harouni-appelle-hichem-mechichi-a-activer-le-remaniement-ministeriel\/\">Abdelkarim Harouni appelle Hichem Mechichi \u00e0 activer le remaniement minist\u00e9riel<\/a><\/blockquote><iframe loading=\"lazy\" class=\"wp-embedded-content\" sandbox=\"allow-scripts\" security=\"restricted\" style=\"position: absolute; clip: rect(1px, 1px, 1px, 1px);\" title=\"\u00ab\u00a0Abdelkarim Harouni appelle Hichem Mechichi \u00e0 activer le remaniement minist\u00e9riel\u00a0\u00bb &#8212; Kapitalis\" src=\"https:\/\/kapitalis.com\/tunisie\/2021\/04\/21\/abdelkarim-harouni-appelle-hichem-mechichi-a-activer-le-remaniement-ministeriel\/embed\/#?secret=Tc2EqAaRJL#?secret=3IPfibNS6Z\" data-secret=\"3IPfibNS6Z\" width=\"600\" height=\"338\" frameborder=\"0\" marginwidth=\"0\" marginheight=\"0\" scrolling=\"no\"><\/iframe><\/p>\n","protected":false},"excerpt":{"rendered":"<p>Le d\u00e9put\u00e9 ind\u00e9pendant Hatem Mliki estime que l&rsquo;appel qu&rsquo;a lanc\u00e9 hier Abdelkarim Harouni, dirigeant au sein d&rsquo;Ennahdha, \u00e0 l&rsquo;attention du chef du gouvernement, Hichem Mechichi, pour activer le remaniement minist\u00e9riel malgr\u00e9 le refus du pr\u00e9sident de la r\u00e9publique, Ka\u00efs Sa\u00efed d&rsquo;accueillir les nouveaux ministres pour la prestation de serment, \u00e9tait \u00abun appel \u00e0 enfreindre la&#8230;<\/p>\n","protected":false},"author":24,"featured_media":0,"comment_status":"open","ping_status":"open","sticky":false,"template":"","format":"standard","meta":{"footnotes":""},"categories":[997,2433],"tags":[],"class_list":["post-346517","post","type-post","status-publish","format-standard","hentry","category-politique","category-tunisie"],"yoast_head":"<!-- This site is optimized with the Yoast SEO plugin v26.6 - https:\/\/yoast.com\/wordpress\/plugins\/seo\/ -->\n<title>Hatem Mliki : \u00abHarouni a appel\u00e9 \u00e0 enfreindre la constitution et la loi\u00bb - Kapitalis<\/title>\n<meta name=\"robots\" content=\"index, follow, max-snippet:-1, max-image-preview:large, max-video-preview:-1\" \/>\n<link rel=\"canonical\" href=\"https:\/\/kapitalis.com\/tunisie\/2021\/04\/22\/hatem-mliki-harouni-a-appele-a-enfreindre-la-constitution-et-la-loi\/\" \/>\n<meta property=\"og:locale\" content=\"fr_FR\" \/>\n<meta property=\"og:type\" content=\"article\" \/>\n<meta property=\"og:title\" content=\"Hatem Mliki : \u00abHarouni a appel\u00e9 \u00e0 enfreindre la constitution et la loi\u00bb - Kapitalis\" \/>\n<meta property=\"og:description\" content=\"Le d\u00e9put\u00e9 ind\u00e9pendant Hatem Mliki estime que l&rsquo;appel qu&rsquo;a lanc\u00e9 hier Abdelkarim Harouni, dirigeant au sein d&rsquo;Ennahdha, \u00e0 l&rsquo;attention du chef du gouvernement, Hichem Mechichi, pour activer le remaniement minist\u00e9riel malgr\u00e9 le refus du pr\u00e9sident de la r\u00e9publique, Ka\u00efs Sa\u00efed d&rsquo;accueillir les nouveaux ministres pour la prestation de serment, \u00e9tait \u00abun appel \u00e0 enfreindre la...\" \/>\n<meta property=\"og:url\" content=\"https:\/\/kapitalis.com\/tunisie\/2021\/04\/22\/hatem-mliki-harouni-a-appele-a-enfreindre-la-constitution-et-la-loi\/\" \/>\n<meta property=\"og:site_name\" content=\"Kapitalis\" \/>\n<meta property=\"article:publisher\" content=\"https:\/\/www.facebook.com\/KapitalisInfo\/\" \/>\n<meta property=\"article:published_time\" content=\"2021-04-22T14:24:49+00:00\" \/>\n<meta property=\"article:modified_time\" content=\"2021-04-22T14:25:21+00:00\" \/>\n<meta property=\"og:image\" content=\"http:\/\/kapitalis.com\/tunisie\/wp-content\/uploads\/2020\/08\/Hatem-Mliki-1.jpg\" \/>\n<meta name=\"author\" content=\"Cherif Benyounes\" \/>\n<meta name=\"twitter:card\" content=\"summary_large_image\" \/>\n<meta name=\"twitter:creator\" content=\"@KapitalisInfo\" \/>\n<meta name=\"twitter:site\" content=\"@KapitalisInfo\" \/>\n<meta name=\"twitter:label1\" content=\"\u00c9crit par\" \/>\n\t<meta name=\"twitter:data1\" content=\"Cherif Benyounes\" \/>\n\t<meta name=\"twitter:label2\" content=\"Dur\u00e9e de lecture estim\u00e9e\" \/>\n\t<meta name=\"twitter:data2\" content=\"1 minute\" \/>\n<script type=\"application\/ld+json\" class=\"yoast-schema-graph\">{\"@context\":\"https:\/\/schema.org\",\"@graph\":[{\"@type\":\"Article\",\"@id\":\"https:\/\/kapitalis.com\/tunisie\/2021\/04\/22\/hatem-mliki-harouni-a-appele-a-enfreindre-la-constitution-et-la-loi\/#article\",\"isPartOf\":{\"@id\":\"https:\/\/kapitalis.com\/tunisie\/2021\/04\/22\/hatem-mliki-harouni-a-appele-a-enfreindre-la-constitution-et-la-loi\/\"},\"author\":{\"name\":\"Cherif Benyounes\",\"@id\":\"https:\/\/kapitalis.com\/tunisie\/#\/schema\/person\/b35b8d631961131107263178aeb8019e\"},\"headline\":\"Hatem Mliki : \u00abHarouni a appel\u00e9 \u00e0 enfreindre la constitution et la loi\u00bb\",\"datePublished\":\"2021-04-22T14:24:49+00:00\",\"dateModified\":\"2021-04-22T14:25:21+00:00\",\"mainEntityOfPage\":{\"@id\":\"https:\/\/kapitalis.com\/tunisie\/2021\/04\/22\/hatem-mliki-harouni-a-appele-a-enfreindre-la-constitution-et-la-loi\/\"},\"wordCount\":223,\"commentCount\":1,\"publisher\":{\"@id\":\"https:\/\/kapitalis.com\/tunisie\/#organization\"},\"image\":{\"@id\":\"https:\/\/kapitalis.com\/tunisie\/2021\/04\/22\/hatem-mliki-harouni-a-appele-a-enfreindre-la-constitution-et-la-loi\/#primaryimage\"},\"thumbnailUrl\":\"http:\/\/kapitalis.com\/tunisie\/wp-content\/uploads\/2020\/08\/Hatem-Mliki-1.jpg\",\"articleSection\":[\"POLITIQUE\",\"Tunisie\"],\"inLanguage\":\"fr-FR\",\"potentialAction\":[{\"@type\":\"CommentAction\",\"name\":\"Comment\",\"target\":[\"https:\/\/kapitalis.com\/tunisie\/2021\/04\/22\/hatem-mliki-harouni-a-appele-a-enfreindre-la-constitution-et-la-loi\/#respond\"]}]},{\"@type\":\"WebPage\",\"@id\":\"https:\/\/kapitalis.com\/tunisie\/2021\/04\/22\/hatem-mliki-harouni-a-appele-a-enfreindre-la-constitution-et-la-loi\/\",\"url\":\"https:\/\/kapitalis.com\/tunisie\/2021\/04\/22\/hatem-mliki-harouni-a-appele-a-enfreindre-la-constitution-et-la-loi\/\",\"name\":\"Hatem Mliki : \u00abHarouni a appel\u00e9 \u00e0 enfreindre la constitution et la loi\u00bb - Kapitalis\",\"isPartOf\":{\"@id\":\"https:\/\/kapitalis.com\/tunisie\/#website\"},\"primaryImageOfPage\":{\"@id\":\"https:\/\/kapitalis.com\/tunisie\/2021\/04\/22\/hatem-mliki-harouni-a-appele-a-enfreindre-la-constitution-et-la-loi\/#primaryimage\"},\"image\":{\"@id\":\"https:\/\/kapitalis.com\/tunisie\/2021\/04\/22\/hatem-mliki-harouni-a-appele-a-enfreindre-la-constitution-et-la-loi\/#primaryimage\"},\"thumbnailUrl\":\"http:\/\/kapitalis.com\/tunisie\/wp-content\/uploads\/2020\/08\/Hatem-Mliki-1.jpg\",\"datePublished\":\"2021-04-22T14:24:49+00:00\",\"dateModified\":\"2021-04-22T14:25:21+00:00\",\"breadcrumb\":{\"@id\":\"https:\/\/kapitalis.com\/tunisie\/2021\/04\/22\/hatem-mliki-harouni-a-appele-a-enfreindre-la-constitution-et-la-loi\/#breadcrumb\"},\"inLanguage\":\"fr-FR\",\"potentialAction\":[{\"@type\":\"ReadAction\",\"target\":[\"https:\/\/kapitalis.com\/tunisie\/2021\/04\/22\/hatem-mliki-harouni-a-appele-a-enfreindre-la-constitution-et-la-loi\/\"]}]},{\"@type\":\"ImageObject\",\"inLanguage\":\"fr-FR\",\"@id\":\"https:\/\/kapitalis.com\/tunisie\/2021\/04\/22\/hatem-mliki-harouni-a-appele-a-enfreindre-la-constitution-et-la-loi\/#primaryimage\",\"url\":\"\",\"contentUrl\":\"\"},{\"@type\":\"BreadcrumbList\",\"@id\":\"https:\/\/kapitalis.com\/tunisie\/2021\/04\/22\/hatem-mliki-harouni-a-appele-a-enfreindre-la-constitution-et-la-loi\/#breadcrumb\",\"itemListElement\":[{\"@type\":\"ListItem\",\"position\":1,\"name\":\"Accueil\",\"item\":\"https:\/\/kapitalis.com\/tunisie\/\"},{\"@type\":\"ListItem\",\"position\":2,\"name\":\"Hatem Mliki : \u00abHarouni a appel\u00e9 \u00e0 enfreindre la constitution et la loi\u00bb\"}]},{\"@type\":\"WebSite\",\"@id\":\"https:\/\/kapitalis.com\/tunisie\/#website\",\"url\":\"https:\/\/kapitalis.com\/tunisie\/\",\"name\":\"Kapitalis\",\"description\":\"L&#039;actualit\u00e9 en Tunisie et dans le monde\",\"publisher\":{\"@id\":\"https:\/\/kapitalis.com\/tunisie\/#organization\"},\"potentialAction\":[{\"@type\":\"SearchAction\",\"target\":{\"@type\":\"EntryPoint\",\"urlTemplate\":\"https:\/\/kapitalis.com\/tunisie\/?s={search_term_string}\"},\"query-input\":{\"@type\":\"PropertyValueSpecification\",\"valueRequired\":true,\"valueName\":\"search_term_string\"}}],\"inLanguage\":\"fr-FR\"},{\"@type\":\"Organization\",\"@id\":\"https:\/\/kapitalis.com\/tunisie\/#organization\",\"name\":\"Kapitalis\",\"url\":\"https:\/\/kapitalis.com\/tunisie\/\",\"logo\":{\"@type\":\"ImageObject\",\"inLanguage\":\"fr-FR\",\"@id\":\"https:\/\/kapitalis.com\/tunisie\/#\/schema\/logo\/image\/\",\"url\":\"https:\/\/kapitalis.com\/tunisie\/wp-content\/uploads\/2022\/05\/Kapitalis-big-size.png\",\"contentUrl\":\"https:\/\/kapitalis.com\/tunisie\/wp-content\/uploads\/2022\/05\/Kapitalis-big-size.png\",\"width\":5000,\"height\":1500,\"caption\":\"Kapitalis\"},\"image\":{\"@id\":\"https:\/\/kapitalis.com\/tunisie\/#\/schema\/logo\/image\/\"},\"sameAs\":[\"https:\/\/www.facebook.com\/KapitalisInfo\/\",\"https:\/\/x.com\/KapitalisInfo\",\"https:\/\/www.youtube.com\/channel\/UC-yDYrHyfFBWWZaOw3FPg9Q\"]},{\"@type\":\"Person\",\"@id\":\"https:\/\/kapitalis.com\/tunisie\/#\/schema\/person\/b35b8d631961131107263178aeb8019e\",\"name\":\"Cherif Benyounes\",\"url\":\"https:\/\/kapitalis.com\/tunisie\/author\/cherif\/\"}]}<\/script>\n<!-- \/ Yoast SEO plugin. -->","yoast_head_json":{"title":"Hatem Mliki : \u00abHarouni a appel\u00e9 \u00e0 enfreindre la constitution et la loi\u00bb - Kapitalis","robots":{"index":"index","follow":"follow","max-snippet":"max-snippet:-1","max-image-preview":"max-image-preview:large","max-video-preview":"max-video-preview:-1"},"canonical":"https:\/\/kapitalis.com\/tunisie\/2021\/04\/22\/hatem-mliki-harouni-a-appele-a-enfreindre-la-constitution-et-la-loi\/","og_locale":"fr_FR","og_type":"article","og_title":"Hatem Mliki : \u00abHarouni a appel\u00e9 \u00e0 enfreindre la constitution et la loi\u00bb - Kapitalis","og_description":"Le d\u00e9put\u00e9 ind\u00e9pendant Hatem Mliki estime que l&rsquo;appel qu&rsquo;a lanc\u00e9 hier Abdelkarim Harouni, dirigeant au sein d&rsquo;Ennahdha, \u00e0 l&rsquo;attention du chef du gouvernement, Hichem Mechichi, pour activer le remaniement minist\u00e9riel malgr\u00e9 le refus du pr\u00e9sident de la r\u00e9publique, Ka\u00efs Sa\u00efed d&rsquo;accueillir les nouveaux ministres pour la prestation de serment, \u00e9tait \u00abun appel \u00e0 enfreindre la...","og_url":"https:\/\/kapitalis.com\/tunisie\/2021\/04\/22\/hatem-mliki-harouni-a-appele-a-enfreindre-la-constitution-et-la-loi\/","og_site_name":"Kapitalis","article_publisher":"https:\/\/www.facebook.com\/KapitalisInfo\/","article_published_time":"2021-04-22T14:24:49+00:00","article_modified_time":"2021-04-22T14:25:21+00:00","og_image":[{"url":"http:\/\/kapitalis.com\/tunisie\/wp-content\/uploads\/2020\/08\/Hatem-Mliki-1.jpg","type":"","width":"","height":""}],"author":"Cherif Benyounes","twitter_card":"summary_large_image","twitter_creator":"@KapitalisInfo","twitter_site":"@KapitalisInfo","twitter_misc":{"\u00c9crit par":"Cherif Benyounes","Dur\u00e9e de lecture estim\u00e9e":"1 minute"},"schema":{"@context":"https:\/\/schema.org","@graph":[{"@type":"Article","@id":"https:\/\/kapitalis.com\/tunisie\/2021\/04\/22\/hatem-mliki-harouni-a-appele-a-enfreindre-la-constitution-et-la-loi\/#article","isPartOf":{"@id":"https:\/\/kapitalis.com\/tunisie\/2021\/04\/22\/hatem-mliki-harouni-a-appele-a-enfreindre-la-constitution-et-la-loi\/"},"author":{"name":"Cherif Benyounes","@id":"https:\/\/kapitalis.com\/tunisie\/#\/schema\/person\/b35b8d631961131107263178aeb8019e"},"headline":"Hatem Mliki : \u00abHarouni a appel\u00e9 \u00e0 enfreindre la constitution et la loi\u00bb","datePublished":"2021-04-22T14:24:49+00:00","dateModified":"2021-04-22T14:25:21+00:00","mainEntityOfPage":{"@id":"https:\/\/kapitalis.com\/tunisie\/2021\/04\/22\/hatem-mliki-harouni-a-appele-a-enfreindre-la-constitution-et-la-loi\/"},"wordCount":223,"commentCount":1,"publisher":{"@id":"https:\/\/kapitalis.com\/tunisie\/#organization"},"image":{"@id":"https:\/\/kapitalis.com\/tunisie\/2021\/04\/22\/hatem-mliki-harouni-a-appele-a-enfreindre-la-constitution-et-la-loi\/#primaryimage"},"thumbnailUrl":"http:\/\/kapitalis.com\/tunisie\/wp-content\/uploads\/2020\/08\/Hatem-Mliki-1.jpg","articleSection":["POLITIQUE","Tunisie"],"inLanguage":"fr-FR","potentialAction":[{"@type":"CommentAction","name":"Comment","target":["https:\/\/kapitalis.com\/tunisie\/2021\/04\/22\/hatem-mliki-harouni-a-appele-a-enfreindre-la-constitution-et-la-loi\/#respond"]}]},{"@type":"WebPage","@id":"https:\/\/kapitalis.com\/tunisie\/2021\/04\/22\/hatem-mliki-harouni-a-appele-a-enfreindre-la-constitution-et-la-loi\/","url":"https:\/\/kapitalis.com\/tunisie\/2021\/04\/22\/hatem-mliki-harouni-a-appele-a-enfreindre-la-constitution-et-la-loi\/","name":"Hatem Mliki : \u00abHarouni a appel\u00e9 \u00e0 enfreindre la constitution et la loi\u00bb - Kapitalis","isPartOf":{"@id":"https:\/\/kapitalis.com\/tunisie\/#website"},"primaryImageOfPage":{"@id":"https:\/\/kapitalis.com\/tunisie\/2021\/04\/22\/hatem-mliki-harouni-a-appele-a-enfreindre-la-constitution-et-la-loi\/#primaryimage"},"image":{"@id":"https:\/\/kapitalis.com\/tunisie\/2021\/04\/22\/hatem-mliki-harouni-a-appele-a-enfreindre-la-constitution-et-la-loi\/#primaryimage"},"thumbnailUrl":"http:\/\/kapitalis.com\/tunisie\/wp-content\/uploads\/2020\/08\/Hatem-Mliki-1.jpg","datePublished":"2021-04-22T14:24:49+00:00","dateModified":"2021-04-22T14:25:21+00:00","breadcrumb":{"@id":"https:\/\/kapitalis.com\/tunisie\/2021\/04\/22\/hatem-mliki-harouni-a-appele-a-enfreindre-la-constitution-et-la-loi\/#breadcrumb"},"inLanguage":"fr-FR","potentialAction":[{"@type":"ReadAction","target":["https:\/\/kapitalis.com\/tunisie\/2021\/04\/22\/hatem-mliki-harouni-a-appele-a-enfreindre-la-constitution-et-la-loi\/"]}]},{"@type":"ImageObject","inLanguage":"fr-FR","@id":"https:\/\/kapitalis.com\/tunisie\/2021\/04\/22\/hatem-mliki-harouni-a-appele-a-enfreindre-la-constitution-et-la-loi\/#primaryimage","url":"","contentUrl":""},{"@type":"BreadcrumbList","@id":"https:\/\/kapitalis.com\/tunisie\/2021\/04\/22\/hatem-mliki-harouni-a-appele-a-enfreindre-la-constitution-et-la-loi\/#breadcrumb","itemListElement":[{"@type":"ListItem","position":1,"name":"Accueil","item":"https:\/\/kapitalis.com\/tunisie\/"},{"@type":"ListItem","position":2,"name":"Hatem Mliki : \u00abHarouni a appel\u00e9 \u00e0 enfreindre la constitution et la loi\u00bb"}]},{"@type":"WebSite","@id":"https:\/\/kapitalis.com\/tunisie\/#website","url":"https:\/\/kapitalis.com\/tunisie\/","name":"Kapitalis","description":"L&#039;actualit\u00e9 en Tunisie et dans le monde","publisher":{"@id":"https:\/\/kapitalis.com\/tunisie\/#organization"},"potentialAction":[{"@type":"SearchAction","target":{"@type":"EntryPoint","urlTemplate":"https:\/\/kapitalis.com\/tunisie\/?s={search_term_string}"},"query-input":{"@type":"PropertyValueSpecification","valueRequired":true,"valueName":"search_term_string"}}],"inLanguage":"fr-FR"},{"@type":"Organization","@id":"https:\/\/kapitalis.com\/tunisie\/#organization","name":"Kapitalis","url":"https:\/\/kapitalis.com\/tunisie\/","logo":{"@type":"ImageObject","inLanguage":"fr-FR","@id":"https:\/\/kapitalis.com\/tunisie\/#\/schema\/logo\/image\/","url":"https:\/\/kapitalis.com\/tunisie\/wp-content\/uploads\/2022\/05\/Kapitalis-big-size.png","contentUrl":"https:\/\/kapitalis.com\/tunisie\/wp-content\/uploads\/2022\/05\/Kapitalis-big-size.png","width":5000,"height":1500,"caption":"Kapitalis"},"image":{"@id":"https:\/\/kapitalis.com\/tunisie\/#\/schema\/logo\/image\/"},"sameAs":["https:\/\/www.facebook.com\/KapitalisInfo\/","https:\/\/x.com\/KapitalisInfo","https:\/\/www.youtube.com\/channel\/UC-yDYrHyfFBWWZaOw3FPg9Q"]},{"@type":"Person","@id":"https:\/\/kapitalis.com\/tunisie\/#\/schema\/person\/b35b8d631961131107263178aeb8019e","name":"Cherif Benyounes","url":"https:\/\/kapitalis.com\/tunisie\/author\/cherif\/"}]}},"_links":{"self":[{"href":"https:\/\/kapitalis.com\/tunisie\/wp-json\/wp\/v2\/posts\/346517","targetHints":{"allow":["GET"]}}],"collection":[{"href":"https:\/\/kapitalis.com\/tunisie\/wp-json\/wp\/v2\/posts"}],"about":[{"href":"https:\/\/kapitalis.com\/tunisie\/wp-json\/wp\/v2\/types\/post"}],"author":[{"embeddable":true,"href":"https:\/\/kapitalis.com\/tunisie\/wp-json\/wp\/v2\/users\/24"}],"replies":[{"embeddable":true,"href":"https:\/\/kapitalis.com\/tunisie\/wp-json\/wp\/v2\/comments?post=346517"}],"version-history":[{"count":0,"href":"https:\/\/kapitalis.com\/tunisie\/wp-json\/wp\/v2\/posts\/346517\/revisions"}],"wp:attachment":[{"href":"https:\/\/kapitalis.com\/tunisie\/wp-json\/wp\/v2\/media?parent=346517"}],"wp:term":[{"taxonomy":"category","embeddable":true,"href":"https:\/\/kapitalis.com\/tunisie\/wp-json\/wp\/v2\/categories?post=346517"},{"taxonomy":"post_tag","embeddable":true,"href":"https:\/\/kapitalis.com\/tunisie\/wp-json\/wp\/v2\/tags?post=346517"}],"curies":[{"name":"wp","href":"https:\/\/api.w.org\/{rel}","templated":true}]}}