{"id":346538,"date":"2021-04-22T16:02:21","date_gmt":"2021-04-22T15:02:21","guid":{"rendered":"http:\/\/kapitalis.com\/tunisie\/?p=346538"},"modified":"2021-04-22T16:02:30","modified_gmt":"2021-04-22T15:02:30","slug":"ghazi-chaouachi-kais-saied-ne-peut-pas-etre-le-commandant-de-toutes-les-forces-armees","status":"publish","type":"post","link":"https:\/\/kapitalis.com\/tunisie\/2021\/04\/22\/ghazi-chaouachi-kais-saied-ne-peut-pas-etre-le-commandant-de-toutes-les-forces-armees\/","title":{"rendered":"Ghazi Chaouachi : \u00abKa\u00efs Sa\u00efed ne peut pas \u00eatre le commandant de toutes les forces arm\u00e9es\u00bb"},"content":{"rendered":"\n<figure class=\"wp-block-image size-large\"><img decoding=\"async\" src=\"http:\/\/kapitalis.com\/tunisie\/wp-content\/uploads\/2020\/05\/ghazi-chaouachi-1.jpg\" alt=\"\" class=\"wp-image-299520\"\/><\/figure>\n\n\n\n<p><strong><em>Malgr\u00e9 la proximit\u00e9 politique entre le pr\u00e9sident de la r\u00e9publique, Ka\u00efs Sa\u00efed, et le parti Attayar, ce dernier n&rsquo;a pas cautionn\u00e9 les r\u00e9centes d\u00e9clarations du chef de l&rsquo;\u00c9tat o\u00f9 il s&rsquo;est r\u00e9clam\u00e9 commandant supr\u00eame de toutes forces arm\u00e9es, militaires et civiles. C&rsquo;est ce qu&rsquo;a confirm\u00e9, ce jeudi 22 avril 2021, le secr\u00e9taire g\u00e9n\u00e9ral d&rsquo;Attayar, Ghazi Chaouachi.<\/em><\/strong><\/p>\n\n\n\n<!--more-->\n\n\n\n<p>Pr\u00e9sent sur le plateau de Mosa\u00efque FM, Chaouachi a indiqu\u00e9 qu&rsquo;en l&rsquo;absence de cour constitutionnelle, les interpr\u00e9tations de la constitution sont multiples et que son parti ne partage pas celle de Ka\u00efs Sa\u00efed concernant ce point, affirmant que la s\u00e9curit\u00e9 int\u00e9rieure fait partie des pr\u00e9rogatives du chef du gouvernement.<\/p>\n\n\n\n<p>\u00ab<em>Sa\u00efed a, certes, plusieurs vertus. Il est honn\u00eate, droit et patriote, toutefois, les paroles ne sont pas suffisantes pour aider le pays \u00e0 sortir de sa crise<\/em>\u00bb, ajoute l&rsquo;ancien ministre des Domaines de l&rsquo;\u00c9tat<strong>\u00a0<\/strong>et des Affaires fonci\u00e8res dans le gouvernement  Fakhfakh.<\/p>\n\n\n\n<p>Sur un autre plan, il a estim\u00e9 que le gouvernement Mechichi a \u00e9chou\u00e9 et que les deux chefs de l&rsquo;ex\u00e9cutif, Sa\u00efed et Mechichi, ne peuvent plus travailler ensemble, appelant \u00e0 un gouvernement de salut national.<\/p>\n\n\n\n<p class=\"has-text-align-right\"><strong>C. B. Y.<\/strong><\/p>\n","protected":false},"excerpt":{"rendered":"<p>Malgr\u00e9 la proximit\u00e9 politique entre le pr\u00e9sident de la r\u00e9publique, Ka\u00efs Sa\u00efed, et le parti Attayar, ce dernier n&rsquo;a pas cautionn\u00e9 les r\u00e9centes d\u00e9clarations du chef de l&rsquo;\u00c9tat o\u00f9 il s&rsquo;est r\u00e9clam\u00e9 commandant supr\u00eame de toutes forces arm\u00e9es, militaires et civiles. C&rsquo;est ce qu&rsquo;a confirm\u00e9, ce jeudi 22 avril 2021, le secr\u00e9taire g\u00e9n\u00e9ral d&rsquo;Attayar, Ghazi&#8230;<\/p>\n","protected":false},"author":24,"featured_media":0,"comment_status":"open","ping_status":"open","sticky":false,"template":"","format":"standard","meta":{"footnotes":""},"categories":[997,2433],"tags":[15519,73109,15936,74899,70520],"class_list":["post-346538","post","type-post","status-publish","format-standard","hentry","category-politique","category-tunisie","tag-attayar","tag-elyes-fakhfakh-2","tag-ghazi-chaouachi","tag-hichem-mechichi","tag-kais-saied-3"],"yoast_head":"<!-- This site is optimized with the Yoast SEO plugin v26.6 - https:\/\/yoast.com\/wordpress\/plugins\/seo\/ -->\n<title>Ghazi Chaouachi : \u00abKa\u00efs Sa\u00efed ne peut pas \u00eatre le commandant de toutes les forces arm\u00e9es\u00bb - Kapitalis<\/title>\n<meta name=\"robots\" content=\"index, follow, max-snippet:-1, max-image-preview:large, max-video-preview:-1\" \/>\n<link rel=\"canonical\" href=\"https:\/\/kapitalis.com\/tunisie\/2021\/04\/22\/ghazi-chaouachi-kais-saied-ne-peut-pas-etre-le-commandant-de-toutes-les-forces-armees\/\" \/>\n<meta property=\"og:locale\" content=\"fr_FR\" \/>\n<meta property=\"og:type\" content=\"article\" \/>\n<meta property=\"og:title\" content=\"Ghazi Chaouachi : \u00abKa\u00efs Sa\u00efed ne peut pas \u00eatre le commandant de toutes les forces arm\u00e9es\u00bb - Kapitalis\" \/>\n<meta property=\"og:description\" content=\"Malgr\u00e9 la proximit\u00e9 politique entre le pr\u00e9sident de la r\u00e9publique, Ka\u00efs Sa\u00efed, et le parti Attayar, ce dernier n&rsquo;a pas cautionn\u00e9 les r\u00e9centes d\u00e9clarations du chef de l&rsquo;\u00c9tat o\u00f9 il s&rsquo;est r\u00e9clam\u00e9 commandant supr\u00eame de toutes forces arm\u00e9es, militaires et civiles. C&rsquo;est ce qu&rsquo;a confirm\u00e9, ce jeudi 22 avril 2021, le secr\u00e9taire g\u00e9n\u00e9ral d&rsquo;Attayar, Ghazi...\" \/>\n<meta property=\"og:url\" content=\"https:\/\/kapitalis.com\/tunisie\/2021\/04\/22\/ghazi-chaouachi-kais-saied-ne-peut-pas-etre-le-commandant-de-toutes-les-forces-armees\/\" \/>\n<meta property=\"og:site_name\" content=\"Kapitalis\" \/>\n<meta property=\"article:publisher\" content=\"https:\/\/www.facebook.com\/KapitalisInfo\/\" \/>\n<meta property=\"article:published_time\" content=\"2021-04-22T15:02:21+00:00\" \/>\n<meta property=\"article:modified_time\" content=\"2021-04-22T15:02:30+00:00\" \/>\n<meta property=\"og:image\" content=\"http:\/\/kapitalis.com\/tunisie\/wp-content\/uploads\/2020\/05\/ghazi-chaouachi-1.jpg\" \/>\n<meta name=\"author\" content=\"Cherif Benyounes\" \/>\n<meta name=\"twitter:card\" content=\"summary_large_image\" \/>\n<meta name=\"twitter:creator\" content=\"@KapitalisInfo\" \/>\n<meta name=\"twitter:site\" content=\"@KapitalisInfo\" \/>\n<meta name=\"twitter:label1\" content=\"\u00c9crit par\" \/>\n\t<meta name=\"twitter:data1\" content=\"Cherif Benyounes\" \/>\n\t<meta name=\"twitter:label2\" content=\"Dur\u00e9e de lecture estim\u00e9e\" \/>\n\t<meta name=\"twitter:data2\" content=\"1 minute\" \/>\n<script type=\"application\/ld+json\" class=\"yoast-schema-graph\">{\"@context\":\"https:\/\/schema.org\",\"@graph\":[{\"@type\":\"Article\",\"@id\":\"https:\/\/kapitalis.com\/tunisie\/2021\/04\/22\/ghazi-chaouachi-kais-saied-ne-peut-pas-etre-le-commandant-de-toutes-les-forces-armees\/#article\",\"isPartOf\":{\"@id\":\"https:\/\/kapitalis.com\/tunisie\/2021\/04\/22\/ghazi-chaouachi-kais-saied-ne-peut-pas-etre-le-commandant-de-toutes-les-forces-armees\/\"},\"author\":{\"name\":\"Cherif Benyounes\",\"@id\":\"https:\/\/kapitalis.com\/tunisie\/#\/schema\/person\/b35b8d631961131107263178aeb8019e\"},\"headline\":\"Ghazi Chaouachi : \u00abKa\u00efs Sa\u00efed ne peut pas \u00eatre le commandant de toutes les forces arm\u00e9es\u00bb\",\"datePublished\":\"2021-04-22T15:02:21+00:00\",\"dateModified\":\"2021-04-22T15:02:30+00:00\",\"mainEntityOfPage\":{\"@id\":\"https:\/\/kapitalis.com\/tunisie\/2021\/04\/22\/ghazi-chaouachi-kais-saied-ne-peut-pas-etre-le-commandant-de-toutes-les-forces-armees\/\"},\"wordCount\":226,\"commentCount\":6,\"publisher\":{\"@id\":\"https:\/\/kapitalis.com\/tunisie\/#organization\"},\"image\":{\"@id\":\"https:\/\/kapitalis.com\/tunisie\/2021\/04\/22\/ghazi-chaouachi-kais-saied-ne-peut-pas-etre-le-commandant-de-toutes-les-forces-armees\/#primaryimage\"},\"thumbnailUrl\":\"http:\/\/kapitalis.com\/tunisie\/wp-content\/uploads\/2020\/05\/ghazi-chaouachi-1.jpg\",\"keywords\":[\"Attayar\",\"Elyes Fakhfakh\",\"Ghazi Chaouachi\",\"Hichem Mechichi\",\"Kais Saied\"],\"articleSection\":[\"POLITIQUE\",\"Tunisie\"],\"inLanguage\":\"fr-FR\",\"potentialAction\":[{\"@type\":\"CommentAction\",\"name\":\"Comment\",\"target\":[\"https:\/\/kapitalis.com\/tunisie\/2021\/04\/22\/ghazi-chaouachi-kais-saied-ne-peut-pas-etre-le-commandant-de-toutes-les-forces-armees\/#respond\"]}]},{\"@type\":\"WebPage\",\"@id\":\"https:\/\/kapitalis.com\/tunisie\/2021\/04\/22\/ghazi-chaouachi-kais-saied-ne-peut-pas-etre-le-commandant-de-toutes-les-forces-armees\/\",\"url\":\"https:\/\/kapitalis.com\/tunisie\/2021\/04\/22\/ghazi-chaouachi-kais-saied-ne-peut-pas-etre-le-commandant-de-toutes-les-forces-armees\/\",\"name\":\"Ghazi Chaouachi : \u00abKa\u00efs Sa\u00efed ne peut pas \u00eatre le commandant de toutes les forces arm\u00e9es\u00bb - Kapitalis\",\"isPartOf\":{\"@id\":\"https:\/\/kapitalis.com\/tunisie\/#website\"},\"primaryImageOfPage\":{\"@id\":\"https:\/\/kapitalis.com\/tunisie\/2021\/04\/22\/ghazi-chaouachi-kais-saied-ne-peut-pas-etre-le-commandant-de-toutes-les-forces-armees\/#primaryimage\"},\"image\":{\"@id\":\"https:\/\/kapitalis.com\/tunisie\/2021\/04\/22\/ghazi-chaouachi-kais-saied-ne-peut-pas-etre-le-commandant-de-toutes-les-forces-armees\/#primaryimage\"},\"thumbnailUrl\":\"http:\/\/kapitalis.com\/tunisie\/wp-content\/uploads\/2020\/05\/ghazi-chaouachi-1.jpg\",\"datePublished\":\"2021-04-22T15:02:21+00:00\",\"dateModified\":\"2021-04-22T15:02:30+00:00\",\"breadcrumb\":{\"@id\":\"https:\/\/kapitalis.com\/tunisie\/2021\/04\/22\/ghazi-chaouachi-kais-saied-ne-peut-pas-etre-le-commandant-de-toutes-les-forces-armees\/#breadcrumb\"},\"inLanguage\":\"fr-FR\",\"potentialAction\":[{\"@type\":\"ReadAction\",\"target\":[\"https:\/\/kapitalis.com\/tunisie\/2021\/04\/22\/ghazi-chaouachi-kais-saied-ne-peut-pas-etre-le-commandant-de-toutes-les-forces-armees\/\"]}]},{\"@type\":\"ImageObject\",\"inLanguage\":\"fr-FR\",\"@id\":\"https:\/\/kapitalis.com\/tunisie\/2021\/04\/22\/ghazi-chaouachi-kais-saied-ne-peut-pas-etre-le-commandant-de-toutes-les-forces-armees\/#primaryimage\",\"url\":\"\",\"contentUrl\":\"\"},{\"@type\":\"BreadcrumbList\",\"@id\":\"https:\/\/kapitalis.com\/tunisie\/2021\/04\/22\/ghazi-chaouachi-kais-saied-ne-peut-pas-etre-le-commandant-de-toutes-les-forces-armees\/#breadcrumb\",\"itemListElement\":[{\"@type\":\"ListItem\",\"position\":1,\"name\":\"Accueil\",\"item\":\"https:\/\/kapitalis.com\/tunisie\/\"},{\"@type\":\"ListItem\",\"position\":2,\"name\":\"Ghazi Chaouachi : \u00abKa\u00efs Sa\u00efed ne peut pas \u00eatre le commandant de toutes les forces arm\u00e9es\u00bb\"}]},{\"@type\":\"WebSite\",\"@id\":\"https:\/\/kapitalis.com\/tunisie\/#website\",\"url\":\"https:\/\/kapitalis.com\/tunisie\/\",\"name\":\"Kapitalis\",\"description\":\"L&#039;actualit\u00e9 en Tunisie et dans le monde\",\"publisher\":{\"@id\":\"https:\/\/kapitalis.com\/tunisie\/#organization\"},\"potentialAction\":[{\"@type\":\"SearchAction\",\"target\":{\"@type\":\"EntryPoint\",\"urlTemplate\":\"https:\/\/kapitalis.com\/tunisie\/?s={search_term_string}\"},\"query-input\":{\"@type\":\"PropertyValueSpecification\",\"valueRequired\":true,\"valueName\":\"search_term_string\"}}],\"inLanguage\":\"fr-FR\"},{\"@type\":\"Organization\",\"@id\":\"https:\/\/kapitalis.com\/tunisie\/#organization\",\"name\":\"Kapitalis\",\"url\":\"https:\/\/kapitalis.com\/tunisie\/\",\"logo\":{\"@type\":\"ImageObject\",\"inLanguage\":\"fr-FR\",\"@id\":\"https:\/\/kapitalis.com\/tunisie\/#\/schema\/logo\/image\/\",\"url\":\"https:\/\/kapitalis.com\/tunisie\/wp-content\/uploads\/2022\/05\/Kapitalis-big-size.png\",\"contentUrl\":\"https:\/\/kapitalis.com\/tunisie\/wp-content\/uploads\/2022\/05\/Kapitalis-big-size.png\",\"width\":5000,\"height\":1500,\"caption\":\"Kapitalis\"},\"image\":{\"@id\":\"https:\/\/kapitalis.com\/tunisie\/#\/schema\/logo\/image\/\"},\"sameAs\":[\"https:\/\/www.facebook.com\/KapitalisInfo\/\",\"https:\/\/x.com\/KapitalisInfo\",\"https:\/\/www.youtube.com\/channel\/UC-yDYrHyfFBWWZaOw3FPg9Q\"]},{\"@type\":\"Person\",\"@id\":\"https:\/\/kapitalis.com\/tunisie\/#\/schema\/person\/b35b8d631961131107263178aeb8019e\",\"name\":\"Cherif Benyounes\",\"url\":\"https:\/\/kapitalis.com\/tunisie\/author\/cherif\/\"}]}<\/script>\n<!-- \/ Yoast SEO plugin. -->","yoast_head_json":{"title":"Ghazi Chaouachi : \u00abKa\u00efs Sa\u00efed ne peut pas \u00eatre le commandant de toutes les forces arm\u00e9es\u00bb - Kapitalis","robots":{"index":"index","follow":"follow","max-snippet":"max-snippet:-1","max-image-preview":"max-image-preview:large","max-video-preview":"max-video-preview:-1"},"canonical":"https:\/\/kapitalis.com\/tunisie\/2021\/04\/22\/ghazi-chaouachi-kais-saied-ne-peut-pas-etre-le-commandant-de-toutes-les-forces-armees\/","og_locale":"fr_FR","og_type":"article","og_title":"Ghazi Chaouachi : \u00abKa\u00efs Sa\u00efed ne peut pas \u00eatre le commandant de toutes les forces arm\u00e9es\u00bb - Kapitalis","og_description":"Malgr\u00e9 la proximit\u00e9 politique entre le pr\u00e9sident de la r\u00e9publique, Ka\u00efs Sa\u00efed, et le parti Attayar, ce dernier n&rsquo;a pas cautionn\u00e9 les r\u00e9centes d\u00e9clarations du chef de l&rsquo;\u00c9tat o\u00f9 il s&rsquo;est r\u00e9clam\u00e9 commandant supr\u00eame de toutes forces arm\u00e9es, militaires et civiles. C&rsquo;est ce qu&rsquo;a confirm\u00e9, ce jeudi 22 avril 2021, le secr\u00e9taire g\u00e9n\u00e9ral d&rsquo;Attayar, Ghazi...","og_url":"https:\/\/kapitalis.com\/tunisie\/2021\/04\/22\/ghazi-chaouachi-kais-saied-ne-peut-pas-etre-le-commandant-de-toutes-les-forces-armees\/","og_site_name":"Kapitalis","article_publisher":"https:\/\/www.facebook.com\/KapitalisInfo\/","article_published_time":"2021-04-22T15:02:21+00:00","article_modified_time":"2021-04-22T15:02:30+00:00","og_image":[{"url":"http:\/\/kapitalis.com\/tunisie\/wp-content\/uploads\/2020\/05\/ghazi-chaouachi-1.jpg","type":"","width":"","height":""}],"author":"Cherif Benyounes","twitter_card":"summary_large_image","twitter_creator":"@KapitalisInfo","twitter_site":"@KapitalisInfo","twitter_misc":{"\u00c9crit par":"Cherif Benyounes","Dur\u00e9e de lecture estim\u00e9e":"1 minute"},"schema":{"@context":"https:\/\/schema.org","@graph":[{"@type":"Article","@id":"https:\/\/kapitalis.com\/tunisie\/2021\/04\/22\/ghazi-chaouachi-kais-saied-ne-peut-pas-etre-le-commandant-de-toutes-les-forces-armees\/#article","isPartOf":{"@id":"https:\/\/kapitalis.com\/tunisie\/2021\/04\/22\/ghazi-chaouachi-kais-saied-ne-peut-pas-etre-le-commandant-de-toutes-les-forces-armees\/"},"author":{"name":"Cherif Benyounes","@id":"https:\/\/kapitalis.com\/tunisie\/#\/schema\/person\/b35b8d631961131107263178aeb8019e"},"headline":"Ghazi Chaouachi : \u00abKa\u00efs Sa\u00efed ne peut pas \u00eatre le commandant de toutes les forces arm\u00e9es\u00bb","datePublished":"2021-04-22T15:02:21+00:00","dateModified":"2021-04-22T15:02:30+00:00","mainEntityOfPage":{"@id":"https:\/\/kapitalis.com\/tunisie\/2021\/04\/22\/ghazi-chaouachi-kais-saied-ne-peut-pas-etre-le-commandant-de-toutes-les-forces-armees\/"},"wordCount":226,"commentCount":6,"publisher":{"@id":"https:\/\/kapitalis.com\/tunisie\/#organization"},"image":{"@id":"https:\/\/kapitalis.com\/tunisie\/2021\/04\/22\/ghazi-chaouachi-kais-saied-ne-peut-pas-etre-le-commandant-de-toutes-les-forces-armees\/#primaryimage"},"thumbnailUrl":"http:\/\/kapitalis.com\/tunisie\/wp-content\/uploads\/2020\/05\/ghazi-chaouachi-1.jpg","keywords":["Attayar","Elyes Fakhfakh","Ghazi Chaouachi","Hichem Mechichi","Kais Saied"],"articleSection":["POLITIQUE","Tunisie"],"inLanguage":"fr-FR","potentialAction":[{"@type":"CommentAction","name":"Comment","target":["https:\/\/kapitalis.com\/tunisie\/2021\/04\/22\/ghazi-chaouachi-kais-saied-ne-peut-pas-etre-le-commandant-de-toutes-les-forces-armees\/#respond"]}]},{"@type":"WebPage","@id":"https:\/\/kapitalis.com\/tunisie\/2021\/04\/22\/ghazi-chaouachi-kais-saied-ne-peut-pas-etre-le-commandant-de-toutes-les-forces-armees\/","url":"https:\/\/kapitalis.com\/tunisie\/2021\/04\/22\/ghazi-chaouachi-kais-saied-ne-peut-pas-etre-le-commandant-de-toutes-les-forces-armees\/","name":"Ghazi Chaouachi : \u00abKa\u00efs Sa\u00efed ne peut pas \u00eatre le commandant de toutes les forces arm\u00e9es\u00bb - Kapitalis","isPartOf":{"@id":"https:\/\/kapitalis.com\/tunisie\/#website"},"primaryImageOfPage":{"@id":"https:\/\/kapitalis.com\/tunisie\/2021\/04\/22\/ghazi-chaouachi-kais-saied-ne-peut-pas-etre-le-commandant-de-toutes-les-forces-armees\/#primaryimage"},"image":{"@id":"https:\/\/kapitalis.com\/tunisie\/2021\/04\/22\/ghazi-chaouachi-kais-saied-ne-peut-pas-etre-le-commandant-de-toutes-les-forces-armees\/#primaryimage"},"thumbnailUrl":"http:\/\/kapitalis.com\/tunisie\/wp-content\/uploads\/2020\/05\/ghazi-chaouachi-1.jpg","datePublished":"2021-04-22T15:02:21+00:00","dateModified":"2021-04-22T15:02:30+00:00","breadcrumb":{"@id":"https:\/\/kapitalis.com\/tunisie\/2021\/04\/22\/ghazi-chaouachi-kais-saied-ne-peut-pas-etre-le-commandant-de-toutes-les-forces-armees\/#breadcrumb"},"inLanguage":"fr-FR","potentialAction":[{"@type":"ReadAction","target":["https:\/\/kapitalis.com\/tunisie\/2021\/04\/22\/ghazi-chaouachi-kais-saied-ne-peut-pas-etre-le-commandant-de-toutes-les-forces-armees\/"]}]},{"@type":"ImageObject","inLanguage":"fr-FR","@id":"https:\/\/kapitalis.com\/tunisie\/2021\/04\/22\/ghazi-chaouachi-kais-saied-ne-peut-pas-etre-le-commandant-de-toutes-les-forces-armees\/#primaryimage","url":"","contentUrl":""},{"@type":"BreadcrumbList","@id":"https:\/\/kapitalis.com\/tunisie\/2021\/04\/22\/ghazi-chaouachi-kais-saied-ne-peut-pas-etre-le-commandant-de-toutes-les-forces-armees\/#breadcrumb","itemListElement":[{"@type":"ListItem","position":1,"name":"Accueil","item":"https:\/\/kapitalis.com\/tunisie\/"},{"@type":"ListItem","position":2,"name":"Ghazi Chaouachi : \u00abKa\u00efs Sa\u00efed ne peut pas \u00eatre le commandant de toutes les forces arm\u00e9es\u00bb"}]},{"@type":"WebSite","@id":"https:\/\/kapitalis.com\/tunisie\/#website","url":"https:\/\/kapitalis.com\/tunisie\/","name":"Kapitalis","description":"L&#039;actualit\u00e9 en Tunisie et dans le monde","publisher":{"@id":"https:\/\/kapitalis.com\/tunisie\/#organization"},"potentialAction":[{"@type":"SearchAction","target":{"@type":"EntryPoint","urlTemplate":"https:\/\/kapitalis.com\/tunisie\/?s={search_term_string}"},"query-input":{"@type":"PropertyValueSpecification","valueRequired":true,"valueName":"search_term_string"}}],"inLanguage":"fr-FR"},{"@type":"Organization","@id":"https:\/\/kapitalis.com\/tunisie\/#organization","name":"Kapitalis","url":"https:\/\/kapitalis.com\/tunisie\/","logo":{"@type":"ImageObject","inLanguage":"fr-FR","@id":"https:\/\/kapitalis.com\/tunisie\/#\/schema\/logo\/image\/","url":"https:\/\/kapitalis.com\/tunisie\/wp-content\/uploads\/2022\/05\/Kapitalis-big-size.png","contentUrl":"https:\/\/kapitalis.com\/tunisie\/wp-content\/uploads\/2022\/05\/Kapitalis-big-size.png","width":5000,"height":1500,"caption":"Kapitalis"},"image":{"@id":"https:\/\/kapitalis.com\/tunisie\/#\/schema\/logo\/image\/"},"sameAs":["https:\/\/www.facebook.com\/KapitalisInfo\/","https:\/\/x.com\/KapitalisInfo","https:\/\/www.youtube.com\/channel\/UC-yDYrHyfFBWWZaOw3FPg9Q"]},{"@type":"Person","@id":"https:\/\/kapitalis.com\/tunisie\/#\/schema\/person\/b35b8d631961131107263178aeb8019e","name":"Cherif Benyounes","url":"https:\/\/kapitalis.com\/tunisie\/author\/cherif\/"}]}},"_links":{"self":[{"href":"https:\/\/kapitalis.com\/tunisie\/wp-json\/wp\/v2\/posts\/346538","targetHints":{"allow":["GET"]}}],"collection":[{"href":"https:\/\/kapitalis.com\/tunisie\/wp-json\/wp\/v2\/posts"}],"about":[{"href":"https:\/\/kapitalis.com\/tunisie\/wp-json\/wp\/v2\/types\/post"}],"author":[{"embeddable":true,"href":"https:\/\/kapitalis.com\/tunisie\/wp-json\/wp\/v2\/users\/24"}],"replies":[{"embeddable":true,"href":"https:\/\/kapitalis.com\/tunisie\/wp-json\/wp\/v2\/comments?post=346538"}],"version-history":[{"count":0,"href":"https:\/\/kapitalis.com\/tunisie\/wp-json\/wp\/v2\/posts\/346538\/revisions"}],"wp:attachment":[{"href":"https:\/\/kapitalis.com\/tunisie\/wp-json\/wp\/v2\/media?parent=346538"}],"wp:term":[{"taxonomy":"category","embeddable":true,"href":"https:\/\/kapitalis.com\/tunisie\/wp-json\/wp\/v2\/categories?post=346538"},{"taxonomy":"post_tag","embeddable":true,"href":"https:\/\/kapitalis.com\/tunisie\/wp-json\/wp\/v2\/tags?post=346538"}],"curies":[{"name":"wp","href":"https:\/\/api.w.org\/{rel}","templated":true}]}}