{"id":346603,"date":"2021-04-23T11:47:58","date_gmt":"2021-04-23T10:47:58","guid":{"rendered":"http:\/\/kapitalis.com\/tunisie\/?p=346603"},"modified":"2021-04-23T11:48:03","modified_gmt":"2021-04-23T10:48:03","slug":"ooredoo-lance-une-action-citoyenne-a-loccasion-du-mois-de-ramadan","status":"publish","type":"post","link":"https:\/\/kapitalis.com\/tunisie\/2021\/04\/23\/ooredoo-lance-une-action-citoyenne-a-loccasion-du-mois-de-ramadan\/","title":{"rendered":"Ooredoo lance une action citoyenne \u00e0 l\u2019occasion du mois de ramadan"},"content":{"rendered":"\n<div class=\"wp-block-image\"><figure class=\"aligncenter size-large\"><img decoding=\"async\" src=\"http:\/\/kapitalis.com\/tunisie\/wp-content\/uploads\/2021\/04\/Ooredoo-Ramadan-1.jpg\" alt=\"\" class=\"wp-image-346604\"\/><\/figure><\/div>\n\n\n\n<p><strong><em>Ooredoo annonce, dans un communiqu\u00e9 publi\u00e9 \u00e0 Tunis vendredi 23 avril 2021, la mise en \u0153uvre d\u2019actions citoyennes au profit des franges les plus n\u00e9cessiteuses de la soci\u00e9t\u00e9. Cette campagne soci\u00e9tale s\u2019inscrit dans le cadre de son programme RSE de l\u2019op\u00e9rateur afin que le mois de ramadan soit une bonne occasion pour renforcer l\u2019\u00e9tat d\u2019esprit positif et la solidarit\u00e9 entre tous.<\/em><\/strong><\/p>\n\n\n\n<!--more-->\n\n\n\n<p>La campagne citoyenne ramadanesque a pris en consid\u00e9ration les sp\u00e9cificit\u00e9s du mois saint musulman surtout suite \u00e0 l\u2019incidence \u00e9conomique et sociale de la pand\u00e9mie de la Covid-19. Ooredoo a ainsi d\u00e9cid\u00e9 de soutenir les familles n\u00e9cessiteuses en finan\u00e7ant la campagne de distribution des paniers alimentaires, lanc\u00e9e par le Croissant rouge tunisien.<\/p>\n\n\n\n<h3 class=\"wp-block-heading\">Appuyer le pouvoir d\u2019achat des familles n\u00e9cessiteuses<\/h3>\n\n\n\n<p>La campagne, qui vise 200 familles au gouvernorat de l\u2019Ariana, permettra de les aider \u00e0 faire face aux d\u00e9penses alimentaires \u00e0 travers des bons d\u2019aide convertibles en produits de premi\u00e8re n\u00e9cessit\u00e9.<\/p>\n\n\n\n<p>L\u2019op\u00e9rateur a choisi de r\u00e9aliser cette action en partenariat avec le Croissant rouge vu sa notori\u00e9t\u00e9 et son exp\u00e9rience dans ce type de campagnes.<\/p>\n\n\n\n<figure class=\"wp-block-gallery columns-2 is-cropped wp-block-gallery-1 is-layout-flex wp-block-gallery-is-layout-flex\"><ul class=\"blocks-gallery-grid\"><li class=\"blocks-gallery-item\"><figure><img decoding=\"async\" src=\"http:\/\/kapitalis.com\/tunisie\/wp-content\/uploads\/2021\/04\/Ooredoo-Ramadan-1-1.jpg\" alt=\"\" data-id=\"346605\" data-full-url=\"http:\/\/kapitalis.com\/tunisie\/wp-content\/uploads\/2021\/04\/Ooredoo-Ramadan-1-1.jpg\" data-link=\"http:\/\/kapitalis.com\/tunisie\/?attachment_id=346605\" class=\"wp-image-346605\"\/><\/figure><\/li><li class=\"blocks-gallery-item\"><figure><img decoding=\"async\" src=\"http:\/\/kapitalis.com\/tunisie\/wp-content\/uploads\/2021\/04\/Ooredoo-Ramadan-2.jpg\" alt=\"\" data-id=\"346606\" data-full-url=\"http:\/\/kapitalis.com\/tunisie\/wp-content\/uploads\/2021\/04\/Ooredoo-Ramadan-2.jpg\" data-link=\"http:\/\/kapitalis.com\/tunisie\/?attachment_id=346606\" class=\"wp-image-346606\"\/><\/figure><\/li><li class=\"blocks-gallery-item\"><figure><img decoding=\"async\" src=\"http:\/\/kapitalis.com\/tunisie\/wp-content\/uploads\/2021\/04\/Ooredoo-Ramadan-3.jpg\" alt=\"\" data-id=\"346607\" data-full-url=\"http:\/\/kapitalis.com\/tunisie\/wp-content\/uploads\/2021\/04\/Ooredoo-Ramadan-3.jpg\" data-link=\"http:\/\/kapitalis.com\/tunisie\/?attachment_id=346607\" class=\"wp-image-346607\"\/><\/figure><\/li><li class=\"blocks-gallery-item\"><figure><img decoding=\"async\" src=\"http:\/\/kapitalis.com\/tunisie\/wp-content\/uploads\/2021\/04\/Ooredoo-Ramadan-4.jpg\" alt=\"\" data-id=\"346608\" data-full-url=\"http:\/\/kapitalis.com\/tunisie\/wp-content\/uploads\/2021\/04\/Ooredoo-Ramadan-4.jpg\" data-link=\"http:\/\/kapitalis.com\/tunisie\/?attachment_id=346608\" class=\"wp-image-346608\"\/><\/figure><\/li><\/ul><\/figure>\n\n\n\n<h3 class=\"wp-block-heading\">\u00abVivez le meilleur ramadan avec Ooredoo\u00bb<\/h3>\n\n\n\n<p>Cette premi\u00e8re campagne ouvrira la porte \u00e0 un partenariat de longue dur\u00e9e avec l\u2019ensemble du tissu associatif social pour des actions au profit des franges n\u00e9cessiteuses de la soci\u00e9t\u00e9 tunisienne.<\/p>\n\n\n\n<p>Parce que le mois de ramadan est un mois de partage, Ooredoo a choisi de mettre ses ressources et moyens \u00e0 la disposition des Tunisiennes et des Tunisiens les plus d\u00e9favoris\u00e9s. L\u2019op\u00e9rateur annoncera tout au long du mois saint d\u2019autres initiatives pour partager joie et bienfaits avec ses abonn\u00e9s ainsi qu\u2019avec toutes les Tunisiennes et les Tunisiens, dans le cadre de sa campagne ramadanesque intitul\u00e9e <em>\u00abVivez le meilleur ramadan avec Ooredoo\u00bb.<\/em><\/p>\n","protected":false},"excerpt":{"rendered":"<p>Ooredoo annonce, dans un communiqu\u00e9 publi\u00e9 \u00e0 Tunis vendredi 23 avril 2021, la mise en \u0153uvre d\u2019actions citoyennes au profit des franges les plus n\u00e9cessiteuses de la soci\u00e9t\u00e9. Cette campagne soci\u00e9tale s\u2019inscrit dans le cadre de son programme RSE de l\u2019op\u00e9rateur afin que le mois de ramadan soit une bonne occasion pour renforcer l\u2019\u00e9tat d\u2019esprit&#8230;<\/p>\n","protected":false},"author":8,"featured_media":346604,"comment_status":"open","ping_status":"open","sticky":false,"template":"","format":"standard","meta":{"footnotes":""},"categories":[998,2433],"tags":[79,75291,78547,89620,678,761],"class_list":["post-346603","post","type-post","status-publish","format-standard","has-post-thumbnail","hentry","category-societe","category-tunisie","tag-ariana","tag-covid-19","tag-croissant-rouge-tunisien-2","tag-familles-necessiteuses","tag-ooredoo","tag-ramadan"],"yoast_head":"<!-- This site is optimized with the Yoast SEO plugin v26.6 - https:\/\/yoast.com\/wordpress\/plugins\/seo\/ -->\n<title>Ooredoo lance une action citoyenne \u00e0 l\u2019occasion du mois de ramadan - Kapitalis<\/title>\n<meta name=\"robots\" content=\"index, follow, max-snippet:-1, max-image-preview:large, max-video-preview:-1\" \/>\n<link rel=\"canonical\" href=\"https:\/\/kapitalis.com\/tunisie\/2021\/04\/23\/ooredoo-lance-une-action-citoyenne-a-loccasion-du-mois-de-ramadan\/\" \/>\n<meta property=\"og:locale\" content=\"fr_FR\" \/>\n<meta property=\"og:type\" content=\"article\" \/>\n<meta property=\"og:title\" content=\"Ooredoo lance une action citoyenne \u00e0 l\u2019occasion du mois de ramadan - Kapitalis\" \/>\n<meta property=\"og:description\" content=\"Ooredoo annonce, dans un communiqu\u00e9 publi\u00e9 \u00e0 Tunis vendredi 23 avril 2021, la mise en \u0153uvre d\u2019actions citoyennes au profit des franges les plus n\u00e9cessiteuses de la soci\u00e9t\u00e9. Cette campagne soci\u00e9tale s\u2019inscrit dans le cadre de son programme RSE de l\u2019op\u00e9rateur afin que le mois de ramadan soit une bonne occasion pour renforcer l\u2019\u00e9tat d\u2019esprit...\" \/>\n<meta property=\"og:url\" content=\"https:\/\/kapitalis.com\/tunisie\/2021\/04\/23\/ooredoo-lance-une-action-citoyenne-a-loccasion-du-mois-de-ramadan\/\" \/>\n<meta property=\"og:site_name\" content=\"Kapitalis\" \/>\n<meta property=\"article:publisher\" content=\"https:\/\/www.facebook.com\/KapitalisInfo\/\" \/>\n<meta property=\"article:published_time\" content=\"2021-04-23T10:47:58+00:00\" \/>\n<meta property=\"article:modified_time\" content=\"2021-04-23T10:48:03+00:00\" \/>\n<meta property=\"og:image\" content=\"https:\/\/kapitalis.com\/tunisie\/wp-content\/uploads\/2022\/05\/kapitalis-logo-fb.png\" \/>\n\t<meta property=\"og:image:width\" content=\"1200\" \/>\n\t<meta property=\"og:image:height\" content=\"630\" \/>\n\t<meta property=\"og:image:type\" content=\"image\/png\" \/>\n<meta name=\"author\" content=\"webmaster kapitalis\" \/>\n<meta name=\"twitter:card\" content=\"summary_large_image\" \/>\n<meta name=\"twitter:creator\" content=\"@KapitalisInfo\" \/>\n<meta name=\"twitter:site\" content=\"@KapitalisInfo\" \/>\n<meta name=\"twitter:label1\" content=\"\u00c9crit par\" \/>\n\t<meta name=\"twitter:data1\" content=\"webmaster kapitalis\" \/>\n\t<meta name=\"twitter:label2\" content=\"Dur\u00e9e de lecture estim\u00e9e\" \/>\n\t<meta name=\"twitter:data2\" content=\"2 minutes\" \/>\n<script type=\"application\/ld+json\" class=\"yoast-schema-graph\">{\"@context\":\"https:\/\/schema.org\",\"@graph\":[{\"@type\":\"Article\",\"@id\":\"https:\/\/kapitalis.com\/tunisie\/2021\/04\/23\/ooredoo-lance-une-action-citoyenne-a-loccasion-du-mois-de-ramadan\/#article\",\"isPartOf\":{\"@id\":\"https:\/\/kapitalis.com\/tunisie\/2021\/04\/23\/ooredoo-lance-une-action-citoyenne-a-loccasion-du-mois-de-ramadan\/\"},\"author\":{\"name\":\"webmaster kapitalis\",\"@id\":\"https:\/\/kapitalis.com\/tunisie\/#\/schema\/person\/d71f33a9ca44f7bad4698210b480c8e9\"},\"headline\":\"Ooredoo lance une action citoyenne \u00e0 l\u2019occasion du mois de ramadan\",\"datePublished\":\"2021-04-23T10:47:58+00:00\",\"dateModified\":\"2021-04-23T10:48:03+00:00\",\"mainEntityOfPage\":{\"@id\":\"https:\/\/kapitalis.com\/tunisie\/2021\/04\/23\/ooredoo-lance-une-action-citoyenne-a-loccasion-du-mois-de-ramadan\/\"},\"wordCount\":326,\"commentCount\":0,\"publisher\":{\"@id\":\"https:\/\/kapitalis.com\/tunisie\/#organization\"},\"image\":{\"@id\":\"https:\/\/kapitalis.com\/tunisie\/2021\/04\/23\/ooredoo-lance-une-action-citoyenne-a-loccasion-du-mois-de-ramadan\/#primaryimage\"},\"thumbnailUrl\":\"\",\"keywords\":[\"Ariana\",\"Covid-19\",\"Croissant rouge tunisien\",\"familles n\u00e9cessiteuses\",\"Ooredoo\",\"Ramadan\"],\"articleSection\":[\"SOCIETE\",\"Tunisie\"],\"inLanguage\":\"fr-FR\",\"potentialAction\":[{\"@type\":\"CommentAction\",\"name\":\"Comment\",\"target\":[\"https:\/\/kapitalis.com\/tunisie\/2021\/04\/23\/ooredoo-lance-une-action-citoyenne-a-loccasion-du-mois-de-ramadan\/#respond\"]}]},{\"@type\":\"WebPage\",\"@id\":\"https:\/\/kapitalis.com\/tunisie\/2021\/04\/23\/ooredoo-lance-une-action-citoyenne-a-loccasion-du-mois-de-ramadan\/\",\"url\":\"https:\/\/kapitalis.com\/tunisie\/2021\/04\/23\/ooredoo-lance-une-action-citoyenne-a-loccasion-du-mois-de-ramadan\/\",\"name\":\"Ooredoo lance une action citoyenne \u00e0 l\u2019occasion du mois de ramadan - Kapitalis\",\"isPartOf\":{\"@id\":\"https:\/\/kapitalis.com\/tunisie\/#website\"},\"primaryImageOfPage\":{\"@id\":\"https:\/\/kapitalis.com\/tunisie\/2021\/04\/23\/ooredoo-lance-une-action-citoyenne-a-loccasion-du-mois-de-ramadan\/#primaryimage\"},\"image\":{\"@id\":\"https:\/\/kapitalis.com\/tunisie\/2021\/04\/23\/ooredoo-lance-une-action-citoyenne-a-loccasion-du-mois-de-ramadan\/#primaryimage\"},\"thumbnailUrl\":\"\",\"datePublished\":\"2021-04-23T10:47:58+00:00\",\"dateModified\":\"2021-04-23T10:48:03+00:00\",\"breadcrumb\":{\"@id\":\"https:\/\/kapitalis.com\/tunisie\/2021\/04\/23\/ooredoo-lance-une-action-citoyenne-a-loccasion-du-mois-de-ramadan\/#breadcrumb\"},\"inLanguage\":\"fr-FR\",\"potentialAction\":[{\"@type\":\"ReadAction\",\"target\":[\"https:\/\/kapitalis.com\/tunisie\/2021\/04\/23\/ooredoo-lance-une-action-citoyenne-a-loccasion-du-mois-de-ramadan\/\"]}]},{\"@type\":\"ImageObject\",\"inLanguage\":\"fr-FR\",\"@id\":\"https:\/\/kapitalis.com\/tunisie\/2021\/04\/23\/ooredoo-lance-une-action-citoyenne-a-loccasion-du-mois-de-ramadan\/#primaryimage\",\"url\":\"\",\"contentUrl\":\"\"},{\"@type\":\"BreadcrumbList\",\"@id\":\"https:\/\/kapitalis.com\/tunisie\/2021\/04\/23\/ooredoo-lance-une-action-citoyenne-a-loccasion-du-mois-de-ramadan\/#breadcrumb\",\"itemListElement\":[{\"@type\":\"ListItem\",\"position\":1,\"name\":\"Accueil\",\"item\":\"https:\/\/kapitalis.com\/tunisie\/\"},{\"@type\":\"ListItem\",\"position\":2,\"name\":\"Ooredoo lance une action citoyenne \u00e0 l\u2019occasion du mois de ramadan\"}]},{\"@type\":\"WebSite\",\"@id\":\"https:\/\/kapitalis.com\/tunisie\/#website\",\"url\":\"https:\/\/kapitalis.com\/tunisie\/\",\"name\":\"Kapitalis\",\"description\":\"L&#039;actualit\u00e9 en Tunisie et dans le monde\",\"publisher\":{\"@id\":\"https:\/\/kapitalis.com\/tunisie\/#organization\"},\"potentialAction\":[{\"@type\":\"SearchAction\",\"target\":{\"@type\":\"EntryPoint\",\"urlTemplate\":\"https:\/\/kapitalis.com\/tunisie\/?s={search_term_string}\"},\"query-input\":{\"@type\":\"PropertyValueSpecification\",\"valueRequired\":true,\"valueName\":\"search_term_string\"}}],\"inLanguage\":\"fr-FR\"},{\"@type\":\"Organization\",\"@id\":\"https:\/\/kapitalis.com\/tunisie\/#organization\",\"name\":\"Kapitalis\",\"url\":\"https:\/\/kapitalis.com\/tunisie\/\",\"logo\":{\"@type\":\"ImageObject\",\"inLanguage\":\"fr-FR\",\"@id\":\"https:\/\/kapitalis.com\/tunisie\/#\/schema\/logo\/image\/\",\"url\":\"https:\/\/kapitalis.com\/tunisie\/wp-content\/uploads\/2022\/05\/Kapitalis-big-size.png\",\"contentUrl\":\"https:\/\/kapitalis.com\/tunisie\/wp-content\/uploads\/2022\/05\/Kapitalis-big-size.png\",\"width\":5000,\"height\":1500,\"caption\":\"Kapitalis\"},\"image\":{\"@id\":\"https:\/\/kapitalis.com\/tunisie\/#\/schema\/logo\/image\/\"},\"sameAs\":[\"https:\/\/www.facebook.com\/KapitalisInfo\/\",\"https:\/\/x.com\/KapitalisInfo\",\"https:\/\/www.youtube.com\/channel\/UC-yDYrHyfFBWWZaOw3FPg9Q\"]},{\"@type\":\"Person\",\"@id\":\"https:\/\/kapitalis.com\/tunisie\/#\/schema\/person\/d71f33a9ca44f7bad4698210b480c8e9\",\"name\":\"webmaster kapitalis\",\"url\":\"https:\/\/kapitalis.com\/tunisie\/author\/webmaster-kapitalis\/\"}]}<\/script>\n<!-- \/ Yoast SEO plugin. -->","yoast_head_json":{"title":"Ooredoo lance une action citoyenne \u00e0 l\u2019occasion du mois de ramadan - Kapitalis","robots":{"index":"index","follow":"follow","max-snippet":"max-snippet:-1","max-image-preview":"max-image-preview:large","max-video-preview":"max-video-preview:-1"},"canonical":"https:\/\/kapitalis.com\/tunisie\/2021\/04\/23\/ooredoo-lance-une-action-citoyenne-a-loccasion-du-mois-de-ramadan\/","og_locale":"fr_FR","og_type":"article","og_title":"Ooredoo lance une action citoyenne \u00e0 l\u2019occasion du mois de ramadan - Kapitalis","og_description":"Ooredoo annonce, dans un communiqu\u00e9 publi\u00e9 \u00e0 Tunis vendredi 23 avril 2021, la mise en \u0153uvre d\u2019actions citoyennes au profit des franges les plus n\u00e9cessiteuses de la soci\u00e9t\u00e9. Cette campagne soci\u00e9tale s\u2019inscrit dans le cadre de son programme RSE de l\u2019op\u00e9rateur afin que le mois de ramadan soit une bonne occasion pour renforcer l\u2019\u00e9tat d\u2019esprit...","og_url":"https:\/\/kapitalis.com\/tunisie\/2021\/04\/23\/ooredoo-lance-une-action-citoyenne-a-loccasion-du-mois-de-ramadan\/","og_site_name":"Kapitalis","article_publisher":"https:\/\/www.facebook.com\/KapitalisInfo\/","article_published_time":"2021-04-23T10:47:58+00:00","article_modified_time":"2021-04-23T10:48:03+00:00","og_image":[{"width":1200,"height":630,"url":"https:\/\/kapitalis.com\/tunisie\/wp-content\/uploads\/2022\/05\/kapitalis-logo-fb.png","type":"image\/png"}],"author":"webmaster kapitalis","twitter_card":"summary_large_image","twitter_creator":"@KapitalisInfo","twitter_site":"@KapitalisInfo","twitter_misc":{"\u00c9crit par":"webmaster kapitalis","Dur\u00e9e de lecture estim\u00e9e":"2 minutes"},"schema":{"@context":"https:\/\/schema.org","@graph":[{"@type":"Article","@id":"https:\/\/kapitalis.com\/tunisie\/2021\/04\/23\/ooredoo-lance-une-action-citoyenne-a-loccasion-du-mois-de-ramadan\/#article","isPartOf":{"@id":"https:\/\/kapitalis.com\/tunisie\/2021\/04\/23\/ooredoo-lance-une-action-citoyenne-a-loccasion-du-mois-de-ramadan\/"},"author":{"name":"webmaster kapitalis","@id":"https:\/\/kapitalis.com\/tunisie\/#\/schema\/person\/d71f33a9ca44f7bad4698210b480c8e9"},"headline":"Ooredoo lance une action citoyenne \u00e0 l\u2019occasion du mois de ramadan","datePublished":"2021-04-23T10:47:58+00:00","dateModified":"2021-04-23T10:48:03+00:00","mainEntityOfPage":{"@id":"https:\/\/kapitalis.com\/tunisie\/2021\/04\/23\/ooredoo-lance-une-action-citoyenne-a-loccasion-du-mois-de-ramadan\/"},"wordCount":326,"commentCount":0,"publisher":{"@id":"https:\/\/kapitalis.com\/tunisie\/#organization"},"image":{"@id":"https:\/\/kapitalis.com\/tunisie\/2021\/04\/23\/ooredoo-lance-une-action-citoyenne-a-loccasion-du-mois-de-ramadan\/#primaryimage"},"thumbnailUrl":"","keywords":["Ariana","Covid-19","Croissant rouge tunisien","familles n\u00e9cessiteuses","Ooredoo","Ramadan"],"articleSection":["SOCIETE","Tunisie"],"inLanguage":"fr-FR","potentialAction":[{"@type":"CommentAction","name":"Comment","target":["https:\/\/kapitalis.com\/tunisie\/2021\/04\/23\/ooredoo-lance-une-action-citoyenne-a-loccasion-du-mois-de-ramadan\/#respond"]}]},{"@type":"WebPage","@id":"https:\/\/kapitalis.com\/tunisie\/2021\/04\/23\/ooredoo-lance-une-action-citoyenne-a-loccasion-du-mois-de-ramadan\/","url":"https:\/\/kapitalis.com\/tunisie\/2021\/04\/23\/ooredoo-lance-une-action-citoyenne-a-loccasion-du-mois-de-ramadan\/","name":"Ooredoo lance une action citoyenne \u00e0 l\u2019occasion du mois de ramadan - Kapitalis","isPartOf":{"@id":"https:\/\/kapitalis.com\/tunisie\/#website"},"primaryImageOfPage":{"@id":"https:\/\/kapitalis.com\/tunisie\/2021\/04\/23\/ooredoo-lance-une-action-citoyenne-a-loccasion-du-mois-de-ramadan\/#primaryimage"},"image":{"@id":"https:\/\/kapitalis.com\/tunisie\/2021\/04\/23\/ooredoo-lance-une-action-citoyenne-a-loccasion-du-mois-de-ramadan\/#primaryimage"},"thumbnailUrl":"","datePublished":"2021-04-23T10:47:58+00:00","dateModified":"2021-04-23T10:48:03+00:00","breadcrumb":{"@id":"https:\/\/kapitalis.com\/tunisie\/2021\/04\/23\/ooredoo-lance-une-action-citoyenne-a-loccasion-du-mois-de-ramadan\/#breadcrumb"},"inLanguage":"fr-FR","potentialAction":[{"@type":"ReadAction","target":["https:\/\/kapitalis.com\/tunisie\/2021\/04\/23\/ooredoo-lance-une-action-citoyenne-a-loccasion-du-mois-de-ramadan\/"]}]},{"@type":"ImageObject","inLanguage":"fr-FR","@id":"https:\/\/kapitalis.com\/tunisie\/2021\/04\/23\/ooredoo-lance-une-action-citoyenne-a-loccasion-du-mois-de-ramadan\/#primaryimage","url":"","contentUrl":""},{"@type":"BreadcrumbList","@id":"https:\/\/kapitalis.com\/tunisie\/2021\/04\/23\/ooredoo-lance-une-action-citoyenne-a-loccasion-du-mois-de-ramadan\/#breadcrumb","itemListElement":[{"@type":"ListItem","position":1,"name":"Accueil","item":"https:\/\/kapitalis.com\/tunisie\/"},{"@type":"ListItem","position":2,"name":"Ooredoo lance une action citoyenne \u00e0 l\u2019occasion du mois de ramadan"}]},{"@type":"WebSite","@id":"https:\/\/kapitalis.com\/tunisie\/#website","url":"https:\/\/kapitalis.com\/tunisie\/","name":"Kapitalis","description":"L&#039;actualit\u00e9 en Tunisie et dans le monde","publisher":{"@id":"https:\/\/kapitalis.com\/tunisie\/#organization"},"potentialAction":[{"@type":"SearchAction","target":{"@type":"EntryPoint","urlTemplate":"https:\/\/kapitalis.com\/tunisie\/?s={search_term_string}"},"query-input":{"@type":"PropertyValueSpecification","valueRequired":true,"valueName":"search_term_string"}}],"inLanguage":"fr-FR"},{"@type":"Organization","@id":"https:\/\/kapitalis.com\/tunisie\/#organization","name":"Kapitalis","url":"https:\/\/kapitalis.com\/tunisie\/","logo":{"@type":"ImageObject","inLanguage":"fr-FR","@id":"https:\/\/kapitalis.com\/tunisie\/#\/schema\/logo\/image\/","url":"https:\/\/kapitalis.com\/tunisie\/wp-content\/uploads\/2022\/05\/Kapitalis-big-size.png","contentUrl":"https:\/\/kapitalis.com\/tunisie\/wp-content\/uploads\/2022\/05\/Kapitalis-big-size.png","width":5000,"height":1500,"caption":"Kapitalis"},"image":{"@id":"https:\/\/kapitalis.com\/tunisie\/#\/schema\/logo\/image\/"},"sameAs":["https:\/\/www.facebook.com\/KapitalisInfo\/","https:\/\/x.com\/KapitalisInfo","https:\/\/www.youtube.com\/channel\/UC-yDYrHyfFBWWZaOw3FPg9Q"]},{"@type":"Person","@id":"https:\/\/kapitalis.com\/tunisie\/#\/schema\/person\/d71f33a9ca44f7bad4698210b480c8e9","name":"webmaster kapitalis","url":"https:\/\/kapitalis.com\/tunisie\/author\/webmaster-kapitalis\/"}]}},"_links":{"self":[{"href":"https:\/\/kapitalis.com\/tunisie\/wp-json\/wp\/v2\/posts\/346603","targetHints":{"allow":["GET"]}}],"collection":[{"href":"https:\/\/kapitalis.com\/tunisie\/wp-json\/wp\/v2\/posts"}],"about":[{"href":"https:\/\/kapitalis.com\/tunisie\/wp-json\/wp\/v2\/types\/post"}],"author":[{"embeddable":true,"href":"https:\/\/kapitalis.com\/tunisie\/wp-json\/wp\/v2\/users\/8"}],"replies":[{"embeddable":true,"href":"https:\/\/kapitalis.com\/tunisie\/wp-json\/wp\/v2\/comments?post=346603"}],"version-history":[{"count":0,"href":"https:\/\/kapitalis.com\/tunisie\/wp-json\/wp\/v2\/posts\/346603\/revisions"}],"wp:featuredmedia":[{"embeddable":true,"href":"https:\/\/kapitalis.com\/tunisie\/wp-json\/wp\/v2\/media\/346604"}],"wp:attachment":[{"href":"https:\/\/kapitalis.com\/tunisie\/wp-json\/wp\/v2\/media?parent=346603"}],"wp:term":[{"taxonomy":"category","embeddable":true,"href":"https:\/\/kapitalis.com\/tunisie\/wp-json\/wp\/v2\/categories?post=346603"},{"taxonomy":"post_tag","embeddable":true,"href":"https:\/\/kapitalis.com\/tunisie\/wp-json\/wp\/v2\/tags?post=346603"}],"curies":[{"name":"wp","href":"https:\/\/api.w.org\/{rel}","templated":true}]}}