{"id":3466800,"date":"2022-08-27T06:16:09","date_gmt":"2022-08-27T05:16:09","guid":{"rendered":"https:\/\/kapitalis.com\/tunisie\/?p=3466800"},"modified":"2022-08-27T06:16:11","modified_gmt":"2022-08-27T05:16:11","slug":"tunisie-maroc-mohsen-marzouk-pointe-une-faute-grave-du-president-saied","status":"publish","type":"post","link":"https:\/\/kapitalis.com\/tunisie\/2022\/08\/27\/tunisie-maroc-mohsen-marzouk-pointe-une-faute-grave-du-president-saied\/","title":{"rendered":"Tunisie &#8211; Maroc\u00a0: Mohsen Marzouk pointe une \u00abfaute grave\u00bb du pr\u00e9sident Sa\u00efed"},"content":{"rendered":"\n<p><strong><em>Premi\u00e8re homme politique tunisien \u00e0 r\u00e9agir \u00e0 la <a href=\"https:\/\/kapitalis.com\/tunisie\/2022\/08\/26\/le-maroc-decide-de-boycotter-la-ticad-8-et-rappelle-son-ambassadeur-a-tunis\/\" target=\"_blank\" rel=\"noreferrer noopener\">d\u00e9cision du Maroc<\/a>, annonc\u00e9e vendredi 26 ao\u00fbt 2022, de rappeler son ambassadeur \u00e0 Tunis, pour consultation, Mohsen Marzouk, le pr\u00e9sident de Machrou Tounes, s\u2019est content\u00e9 d\u2019un post laconique sur sa page Facebook.<\/em><\/strong><\/p>\n\n\n\n<!--more-->\n\n\n\n<p><em>\u00abUne faute grave et qui n\u2019\u00e9tait pas n\u00e9cessaire\u00bb<\/em>, a not\u00e9 Mohsen Marzouk, qui n\u2019est pas le seul \u00e0 condamner la d\u00e9cision du pr\u00e9sident de la r\u00e9publique Ka\u00efs Sa\u00efed d\u2019inviter le chef du Polisario \u00e0 prendre part au sommet nippo-africain qui se tient \u00e0 Tunis, les 27 et 28 ao\u00fbt, et de lui r\u00e9server un accueil pr\u00e9sidentiel.<\/p>\n\n\n\n<p>Par cette d\u00e9cision, qui d\u00e9note une ignorance des fondamentaux de la diplomatique tunisienne et de sa neutralit\u00e9 historique sur la question du Sahara Occidental opposant le Maroc et l\u2019Alg\u00e9rie. \u00a0A moins que le pr\u00e9sident Sa\u00efed ne veuille saccager par ses d\u00e9cisions \u00e0 l\u2019emporte-pi\u00e8ce tout l\u2019\u00e9difice des relations ext\u00e9rieures de la Tunisie. <\/p>\n\n\n\n<p class=\"has-text-align-right\"><strong>I. B.<\/strong> \u00a0<\/p>\n\n\n\n<figure class=\"wp-block-embed is-type-wp-embed is-provider-kapitalis wp-block-embed-kapitalis\"><div class=\"wp-block-embed__wrapper\">\n<blockquote class=\"wp-embedded-content\" data-secret=\"EpaGHvGw1h\"><a href=\"https:\/\/kapitalis.com\/tunisie\/2022\/08\/27\/3466580\/\">Ka\u00efs Sa\u00efed saccage les relations historiques entre la Tunisie et le Maroc<\/a><\/blockquote><iframe loading=\"lazy\" class=\"wp-embedded-content\" sandbox=\"allow-scripts\" security=\"restricted\" style=\"position: absolute; clip: rect(1px, 1px, 1px, 1px);\" title=\"\u00ab\u00a0Ka\u00efs Sa\u00efed saccage les relations historiques entre la Tunisie et le Maroc\u00a0\u00bb &#8212; Kapitalis\" src=\"https:\/\/kapitalis.com\/tunisie\/2022\/08\/27\/3466580\/embed\/#?secret=nrLf0OcnYz#?secret=EpaGHvGw1h\" data-secret=\"EpaGHvGw1h\" width=\"600\" height=\"338\" frameborder=\"0\" marginwidth=\"0\" marginheight=\"0\" scrolling=\"no\"><\/iframe>\n<\/div><\/figure>\n\n\n\n<figure class=\"wp-block-embed is-type-wp-embed is-provider-kapitalis wp-block-embed-kapitalis\"><div class=\"wp-block-embed__wrapper\">\n<blockquote class=\"wp-embedded-content\" data-secret=\"z2mOFJ5VYJ\"><a href=\"https:\/\/kapitalis.com\/tunisie\/2022\/08\/26\/le-maroc-decide-de-boycotter-la-ticad-8-et-rappelle-son-ambassadeur-a-tunis\/\">Le Maroc d\u00e9cide de boycotter la Ticad 8 et rappelle son ambassadeur \u00e0 Tunis<\/a><\/blockquote><iframe loading=\"lazy\" class=\"wp-embedded-content\" sandbox=\"allow-scripts\" security=\"restricted\" style=\"position: absolute; clip: rect(1px, 1px, 1px, 1px);\" title=\"\u00ab\u00a0Le Maroc d\u00e9cide de boycotter la Ticad 8 et rappelle son ambassadeur \u00e0 Tunis\u00a0\u00bb &#8212; Kapitalis\" src=\"https:\/\/kapitalis.com\/tunisie\/2022\/08\/26\/le-maroc-decide-de-boycotter-la-ticad-8-et-rappelle-son-ambassadeur-a-tunis\/embed\/#?secret=70I7wgMKEm#?secret=z2mOFJ5VYJ\" data-secret=\"z2mOFJ5VYJ\" width=\"600\" height=\"338\" frameborder=\"0\" marginwidth=\"0\" marginheight=\"0\" scrolling=\"no\"><\/iframe>\n<\/div><\/figure>\n\n\n\n<p class=\"has-text-align-right\">\u00a0<\/p>\n","protected":false},"excerpt":{"rendered":"<p>\u00abUne faute grave et qui n\u2019\u00e9tait pas n\u00e9cessaire\u00bb, a not\u00e9 Mohsen Marzouk \u00e0 propos de la d\u00e9cision du pr\u00e9sident de la r\u00e9publique Ka\u00efs Sa\u00efed d\u2019inviter le chef du Polisario \u00e0 prendre part au sommet nippo-africain qui se tient \u00e0 Tunis, les 27 et 28 ao\u00fbt, et de lui r\u00e9server un accueil pr\u00e9sidentiel.<\/p>\n","protected":false},"author":8,"featured_media":1417654,"comment_status":"open","ping_status":"open","sticky":false,"template":"","format":"standard","meta":{"footnotes":""},"categories":[997,2433],"tags":[64,76012,16728,577,630,78874,78852,62643],"class_list":["post-3466800","post","type-post","status-publish","format-standard","has-post-thumbnail","hentry","category-politique","category-tunisie","tag-algerie","tag-kais-saied-2","tag-machrou-tounes","tag-maroc","tag-mohsen-marzouk","tag-polisario","tag-sahara-occidental","tag-tunisie"],"yoast_head":"<!-- This site is optimized with the Yoast SEO plugin v26.6 - https:\/\/yoast.com\/wordpress\/plugins\/seo\/ -->\n<title>Tunisie - Maroc\u00a0: Mohsen Marzouk pointe une \u00abfaute grave\u00bb du pr\u00e9sident Sa\u00efed - Kapitalis<\/title>\n<meta name=\"robots\" content=\"index, follow, max-snippet:-1, max-image-preview:large, max-video-preview:-1\" \/>\n<link rel=\"canonical\" href=\"https:\/\/kapitalis.com\/tunisie\/2022\/08\/27\/tunisie-maroc-mohsen-marzouk-pointe-une-faute-grave-du-president-saied\/\" \/>\n<meta property=\"og:locale\" content=\"fr_FR\" \/>\n<meta property=\"og:type\" content=\"article\" \/>\n<meta property=\"og:title\" content=\"Tunisie - Maroc\u00a0: Mohsen Marzouk pointe une \u00abfaute grave\u00bb du pr\u00e9sident Sa\u00efed - Kapitalis\" \/>\n<meta property=\"og:description\" content=\"\u00abUne faute grave et qui n\u2019\u00e9tait pas n\u00e9cessaire\u00bb, a not\u00e9 Mohsen Marzouk \u00e0 propos de la d\u00e9cision du pr\u00e9sident de la r\u00e9publique Ka\u00efs Sa\u00efed d\u2019inviter le chef du Polisario \u00e0 prendre part au sommet nippo-africain qui se tient \u00e0 Tunis, les 27 et 28 ao\u00fbt, et de lui r\u00e9server un accueil pr\u00e9sidentiel.\" \/>\n<meta property=\"og:url\" content=\"https:\/\/kapitalis.com\/tunisie\/2022\/08\/27\/tunisie-maroc-mohsen-marzouk-pointe-une-faute-grave-du-president-saied\/\" \/>\n<meta property=\"og:site_name\" content=\"Kapitalis\" \/>\n<meta property=\"article:publisher\" content=\"https:\/\/www.facebook.com\/KapitalisInfo\/\" \/>\n<meta property=\"article:published_time\" content=\"2022-08-27T05:16:09+00:00\" \/>\n<meta property=\"article:modified_time\" content=\"2022-08-27T05:16:11+00:00\" \/>\n<meta property=\"og:image\" content=\"https:\/\/kapitalis.com\/tunisie\/wp-content\/uploads\/2022\/06\/Mohsen-Marzouk.jpg\" \/>\n\t<meta property=\"og:image:width\" content=\"1200\" \/>\n\t<meta property=\"og:image:height\" content=\"630\" \/>\n\t<meta property=\"og:image:type\" content=\"image\/jpeg\" \/>\n<meta name=\"author\" content=\"webmaster kapitalis\" \/>\n<meta name=\"twitter:card\" content=\"summary_large_image\" \/>\n<meta name=\"twitter:creator\" content=\"@KapitalisInfo\" \/>\n<meta name=\"twitter:site\" content=\"@KapitalisInfo\" \/>\n<meta name=\"twitter:label1\" content=\"\u00c9crit par\" \/>\n\t<meta name=\"twitter:data1\" content=\"webmaster kapitalis\" \/>\n\t<meta name=\"twitter:label2\" content=\"Dur\u00e9e de lecture estim\u00e9e\" \/>\n\t<meta name=\"twitter:data2\" content=\"1 minute\" \/>\n<script type=\"application\/ld+json\" class=\"yoast-schema-graph\">{\"@context\":\"https:\/\/schema.org\",\"@graph\":[{\"@type\":\"Article\",\"@id\":\"https:\/\/kapitalis.com\/tunisie\/2022\/08\/27\/tunisie-maroc-mohsen-marzouk-pointe-une-faute-grave-du-president-saied\/#article\",\"isPartOf\":{\"@id\":\"https:\/\/kapitalis.com\/tunisie\/2022\/08\/27\/tunisie-maroc-mohsen-marzouk-pointe-une-faute-grave-du-president-saied\/\"},\"author\":{\"name\":\"webmaster kapitalis\",\"@id\":\"https:\/\/kapitalis.com\/tunisie\/#\/schema\/person\/d71f33a9ca44f7bad4698210b480c8e9\"},\"headline\":\"Tunisie &#8211; Maroc\u00a0: Mohsen Marzouk pointe une \u00abfaute grave\u00bb du pr\u00e9sident Sa\u00efed\",\"datePublished\":\"2022-08-27T05:16:09+00:00\",\"dateModified\":\"2022-08-27T05:16:11+00:00\",\"mainEntityOfPage\":{\"@id\":\"https:\/\/kapitalis.com\/tunisie\/2022\/08\/27\/tunisie-maroc-mohsen-marzouk-pointe-une-faute-grave-du-president-saied\/\"},\"wordCount\":193,\"commentCount\":9,\"publisher\":{\"@id\":\"https:\/\/kapitalis.com\/tunisie\/#organization\"},\"image\":{\"@id\":\"https:\/\/kapitalis.com\/tunisie\/2022\/08\/27\/tunisie-maroc-mohsen-marzouk-pointe-une-faute-grave-du-president-saied\/#primaryimage\"},\"thumbnailUrl\":\"https:\/\/kapitalis.com\/tunisie\/wp-content\/uploads\/2022\/06\/Mohsen-Marzouk.jpg\",\"keywords\":[\"Alg\u00e9rie\",\"Ka\u00efs Sa\u00efed\",\"Machrou Tounes\",\"Maroc\",\"Mohsen Marzouk\",\"Polisario\",\"Sahara Occidental\",\"Tunisie\"],\"articleSection\":[\"POLITIQUE\",\"Tunisie\"],\"inLanguage\":\"fr-FR\",\"potentialAction\":[{\"@type\":\"CommentAction\",\"name\":\"Comment\",\"target\":[\"https:\/\/kapitalis.com\/tunisie\/2022\/08\/27\/tunisie-maroc-mohsen-marzouk-pointe-une-faute-grave-du-president-saied\/#respond\"]}]},{\"@type\":\"WebPage\",\"@id\":\"https:\/\/kapitalis.com\/tunisie\/2022\/08\/27\/tunisie-maroc-mohsen-marzouk-pointe-une-faute-grave-du-president-saied\/\",\"url\":\"https:\/\/kapitalis.com\/tunisie\/2022\/08\/27\/tunisie-maroc-mohsen-marzouk-pointe-une-faute-grave-du-president-saied\/\",\"name\":\"Tunisie - Maroc\u00a0: Mohsen Marzouk pointe une \u00abfaute grave\u00bb du pr\u00e9sident Sa\u00efed - Kapitalis\",\"isPartOf\":{\"@id\":\"https:\/\/kapitalis.com\/tunisie\/#website\"},\"primaryImageOfPage\":{\"@id\":\"https:\/\/kapitalis.com\/tunisie\/2022\/08\/27\/tunisie-maroc-mohsen-marzouk-pointe-une-faute-grave-du-president-saied\/#primaryimage\"},\"image\":{\"@id\":\"https:\/\/kapitalis.com\/tunisie\/2022\/08\/27\/tunisie-maroc-mohsen-marzouk-pointe-une-faute-grave-du-president-saied\/#primaryimage\"},\"thumbnailUrl\":\"https:\/\/kapitalis.com\/tunisie\/wp-content\/uploads\/2022\/06\/Mohsen-Marzouk.jpg\",\"datePublished\":\"2022-08-27T05:16:09+00:00\",\"dateModified\":\"2022-08-27T05:16:11+00:00\",\"breadcrumb\":{\"@id\":\"https:\/\/kapitalis.com\/tunisie\/2022\/08\/27\/tunisie-maroc-mohsen-marzouk-pointe-une-faute-grave-du-president-saied\/#breadcrumb\"},\"inLanguage\":\"fr-FR\",\"potentialAction\":[{\"@type\":\"ReadAction\",\"target\":[\"https:\/\/kapitalis.com\/tunisie\/2022\/08\/27\/tunisie-maroc-mohsen-marzouk-pointe-une-faute-grave-du-president-saied\/\"]}]},{\"@type\":\"ImageObject\",\"inLanguage\":\"fr-FR\",\"@id\":\"https:\/\/kapitalis.com\/tunisie\/2022\/08\/27\/tunisie-maroc-mohsen-marzouk-pointe-une-faute-grave-du-president-saied\/#primaryimage\",\"url\":\"https:\/\/kapitalis.com\/tunisie\/wp-content\/uploads\/2022\/06\/Mohsen-Marzouk.jpg\",\"contentUrl\":\"https:\/\/kapitalis.com\/tunisie\/wp-content\/uploads\/2022\/06\/Mohsen-Marzouk.jpg\",\"width\":1200,\"height\":630},{\"@type\":\"BreadcrumbList\",\"@id\":\"https:\/\/kapitalis.com\/tunisie\/2022\/08\/27\/tunisie-maroc-mohsen-marzouk-pointe-une-faute-grave-du-president-saied\/#breadcrumb\",\"itemListElement\":[{\"@type\":\"ListItem\",\"position\":1,\"name\":\"Accueil\",\"item\":\"https:\/\/kapitalis.com\/tunisie\/\"},{\"@type\":\"ListItem\",\"position\":2,\"name\":\"Tunisie &#8211; Maroc\u00a0: Mohsen Marzouk pointe une \u00abfaute grave\u00bb du pr\u00e9sident Sa\u00efed\"}]},{\"@type\":\"WebSite\",\"@id\":\"https:\/\/kapitalis.com\/tunisie\/#website\",\"url\":\"https:\/\/kapitalis.com\/tunisie\/\",\"name\":\"Kapitalis\",\"description\":\"L&#039;actualit\u00e9 en Tunisie et dans le monde\",\"publisher\":{\"@id\":\"https:\/\/kapitalis.com\/tunisie\/#organization\"},\"potentialAction\":[{\"@type\":\"SearchAction\",\"target\":{\"@type\":\"EntryPoint\",\"urlTemplate\":\"https:\/\/kapitalis.com\/tunisie\/?s={search_term_string}\"},\"query-input\":{\"@type\":\"PropertyValueSpecification\",\"valueRequired\":true,\"valueName\":\"search_term_string\"}}],\"inLanguage\":\"fr-FR\"},{\"@type\":\"Organization\",\"@id\":\"https:\/\/kapitalis.com\/tunisie\/#organization\",\"name\":\"Kapitalis\",\"url\":\"https:\/\/kapitalis.com\/tunisie\/\",\"logo\":{\"@type\":\"ImageObject\",\"inLanguage\":\"fr-FR\",\"@id\":\"https:\/\/kapitalis.com\/tunisie\/#\/schema\/logo\/image\/\",\"url\":\"https:\/\/kapitalis.com\/tunisie\/wp-content\/uploads\/2022\/05\/Kapitalis-big-size.png\",\"contentUrl\":\"https:\/\/kapitalis.com\/tunisie\/wp-content\/uploads\/2022\/05\/Kapitalis-big-size.png\",\"width\":5000,\"height\":1500,\"caption\":\"Kapitalis\"},\"image\":{\"@id\":\"https:\/\/kapitalis.com\/tunisie\/#\/schema\/logo\/image\/\"},\"sameAs\":[\"https:\/\/www.facebook.com\/KapitalisInfo\/\",\"https:\/\/x.com\/KapitalisInfo\",\"https:\/\/www.youtube.com\/channel\/UC-yDYrHyfFBWWZaOw3FPg9Q\"]},{\"@type\":\"Person\",\"@id\":\"https:\/\/kapitalis.com\/tunisie\/#\/schema\/person\/d71f33a9ca44f7bad4698210b480c8e9\",\"name\":\"webmaster kapitalis\",\"url\":\"https:\/\/kapitalis.com\/tunisie\/author\/webmaster-kapitalis\/\"}]}<\/script>\n<!-- \/ Yoast SEO plugin. -->","yoast_head_json":{"title":"Tunisie - Maroc\u00a0: Mohsen Marzouk pointe une \u00abfaute grave\u00bb du pr\u00e9sident Sa\u00efed - Kapitalis","robots":{"index":"index","follow":"follow","max-snippet":"max-snippet:-1","max-image-preview":"max-image-preview:large","max-video-preview":"max-video-preview:-1"},"canonical":"https:\/\/kapitalis.com\/tunisie\/2022\/08\/27\/tunisie-maroc-mohsen-marzouk-pointe-une-faute-grave-du-president-saied\/","og_locale":"fr_FR","og_type":"article","og_title":"Tunisie - Maroc\u00a0: Mohsen Marzouk pointe une \u00abfaute grave\u00bb du pr\u00e9sident Sa\u00efed - Kapitalis","og_description":"\u00abUne faute grave et qui n\u2019\u00e9tait pas n\u00e9cessaire\u00bb, a not\u00e9 Mohsen Marzouk \u00e0 propos de la d\u00e9cision du pr\u00e9sident de la r\u00e9publique Ka\u00efs Sa\u00efed d\u2019inviter le chef du Polisario \u00e0 prendre part au sommet nippo-africain qui se tient \u00e0 Tunis, les 27 et 28 ao\u00fbt, et de lui r\u00e9server un accueil pr\u00e9sidentiel.","og_url":"https:\/\/kapitalis.com\/tunisie\/2022\/08\/27\/tunisie-maroc-mohsen-marzouk-pointe-une-faute-grave-du-president-saied\/","og_site_name":"Kapitalis","article_publisher":"https:\/\/www.facebook.com\/KapitalisInfo\/","article_published_time":"2022-08-27T05:16:09+00:00","article_modified_time":"2022-08-27T05:16:11+00:00","og_image":[{"width":1200,"height":630,"url":"https:\/\/kapitalis.com\/tunisie\/wp-content\/uploads\/2022\/06\/Mohsen-Marzouk.jpg","type":"image\/jpeg"}],"author":"webmaster kapitalis","twitter_card":"summary_large_image","twitter_creator":"@KapitalisInfo","twitter_site":"@KapitalisInfo","twitter_misc":{"\u00c9crit par":"webmaster kapitalis","Dur\u00e9e de lecture estim\u00e9e":"1 minute"},"schema":{"@context":"https:\/\/schema.org","@graph":[{"@type":"Article","@id":"https:\/\/kapitalis.com\/tunisie\/2022\/08\/27\/tunisie-maroc-mohsen-marzouk-pointe-une-faute-grave-du-president-saied\/#article","isPartOf":{"@id":"https:\/\/kapitalis.com\/tunisie\/2022\/08\/27\/tunisie-maroc-mohsen-marzouk-pointe-une-faute-grave-du-president-saied\/"},"author":{"name":"webmaster kapitalis","@id":"https:\/\/kapitalis.com\/tunisie\/#\/schema\/person\/d71f33a9ca44f7bad4698210b480c8e9"},"headline":"Tunisie &#8211; Maroc\u00a0: Mohsen Marzouk pointe une \u00abfaute grave\u00bb du pr\u00e9sident Sa\u00efed","datePublished":"2022-08-27T05:16:09+00:00","dateModified":"2022-08-27T05:16:11+00:00","mainEntityOfPage":{"@id":"https:\/\/kapitalis.com\/tunisie\/2022\/08\/27\/tunisie-maroc-mohsen-marzouk-pointe-une-faute-grave-du-president-saied\/"},"wordCount":193,"commentCount":9,"publisher":{"@id":"https:\/\/kapitalis.com\/tunisie\/#organization"},"image":{"@id":"https:\/\/kapitalis.com\/tunisie\/2022\/08\/27\/tunisie-maroc-mohsen-marzouk-pointe-une-faute-grave-du-president-saied\/#primaryimage"},"thumbnailUrl":"https:\/\/kapitalis.com\/tunisie\/wp-content\/uploads\/2022\/06\/Mohsen-Marzouk.jpg","keywords":["Alg\u00e9rie","Ka\u00efs Sa\u00efed","Machrou Tounes","Maroc","Mohsen Marzouk","Polisario","Sahara Occidental","Tunisie"],"articleSection":["POLITIQUE","Tunisie"],"inLanguage":"fr-FR","potentialAction":[{"@type":"CommentAction","name":"Comment","target":["https:\/\/kapitalis.com\/tunisie\/2022\/08\/27\/tunisie-maroc-mohsen-marzouk-pointe-une-faute-grave-du-president-saied\/#respond"]}]},{"@type":"WebPage","@id":"https:\/\/kapitalis.com\/tunisie\/2022\/08\/27\/tunisie-maroc-mohsen-marzouk-pointe-une-faute-grave-du-president-saied\/","url":"https:\/\/kapitalis.com\/tunisie\/2022\/08\/27\/tunisie-maroc-mohsen-marzouk-pointe-une-faute-grave-du-president-saied\/","name":"Tunisie - Maroc\u00a0: Mohsen Marzouk pointe une \u00abfaute grave\u00bb du pr\u00e9sident Sa\u00efed - Kapitalis","isPartOf":{"@id":"https:\/\/kapitalis.com\/tunisie\/#website"},"primaryImageOfPage":{"@id":"https:\/\/kapitalis.com\/tunisie\/2022\/08\/27\/tunisie-maroc-mohsen-marzouk-pointe-une-faute-grave-du-president-saied\/#primaryimage"},"image":{"@id":"https:\/\/kapitalis.com\/tunisie\/2022\/08\/27\/tunisie-maroc-mohsen-marzouk-pointe-une-faute-grave-du-president-saied\/#primaryimage"},"thumbnailUrl":"https:\/\/kapitalis.com\/tunisie\/wp-content\/uploads\/2022\/06\/Mohsen-Marzouk.jpg","datePublished":"2022-08-27T05:16:09+00:00","dateModified":"2022-08-27T05:16:11+00:00","breadcrumb":{"@id":"https:\/\/kapitalis.com\/tunisie\/2022\/08\/27\/tunisie-maroc-mohsen-marzouk-pointe-une-faute-grave-du-president-saied\/#breadcrumb"},"inLanguage":"fr-FR","potentialAction":[{"@type":"ReadAction","target":["https:\/\/kapitalis.com\/tunisie\/2022\/08\/27\/tunisie-maroc-mohsen-marzouk-pointe-une-faute-grave-du-president-saied\/"]}]},{"@type":"ImageObject","inLanguage":"fr-FR","@id":"https:\/\/kapitalis.com\/tunisie\/2022\/08\/27\/tunisie-maroc-mohsen-marzouk-pointe-une-faute-grave-du-president-saied\/#primaryimage","url":"https:\/\/kapitalis.com\/tunisie\/wp-content\/uploads\/2022\/06\/Mohsen-Marzouk.jpg","contentUrl":"https:\/\/kapitalis.com\/tunisie\/wp-content\/uploads\/2022\/06\/Mohsen-Marzouk.jpg","width":1200,"height":630},{"@type":"BreadcrumbList","@id":"https:\/\/kapitalis.com\/tunisie\/2022\/08\/27\/tunisie-maroc-mohsen-marzouk-pointe-une-faute-grave-du-president-saied\/#breadcrumb","itemListElement":[{"@type":"ListItem","position":1,"name":"Accueil","item":"https:\/\/kapitalis.com\/tunisie\/"},{"@type":"ListItem","position":2,"name":"Tunisie &#8211; Maroc\u00a0: Mohsen Marzouk pointe une \u00abfaute grave\u00bb du pr\u00e9sident Sa\u00efed"}]},{"@type":"WebSite","@id":"https:\/\/kapitalis.com\/tunisie\/#website","url":"https:\/\/kapitalis.com\/tunisie\/","name":"Kapitalis","description":"L&#039;actualit\u00e9 en Tunisie et dans le monde","publisher":{"@id":"https:\/\/kapitalis.com\/tunisie\/#organization"},"potentialAction":[{"@type":"SearchAction","target":{"@type":"EntryPoint","urlTemplate":"https:\/\/kapitalis.com\/tunisie\/?s={search_term_string}"},"query-input":{"@type":"PropertyValueSpecification","valueRequired":true,"valueName":"search_term_string"}}],"inLanguage":"fr-FR"},{"@type":"Organization","@id":"https:\/\/kapitalis.com\/tunisie\/#organization","name":"Kapitalis","url":"https:\/\/kapitalis.com\/tunisie\/","logo":{"@type":"ImageObject","inLanguage":"fr-FR","@id":"https:\/\/kapitalis.com\/tunisie\/#\/schema\/logo\/image\/","url":"https:\/\/kapitalis.com\/tunisie\/wp-content\/uploads\/2022\/05\/Kapitalis-big-size.png","contentUrl":"https:\/\/kapitalis.com\/tunisie\/wp-content\/uploads\/2022\/05\/Kapitalis-big-size.png","width":5000,"height":1500,"caption":"Kapitalis"},"image":{"@id":"https:\/\/kapitalis.com\/tunisie\/#\/schema\/logo\/image\/"},"sameAs":["https:\/\/www.facebook.com\/KapitalisInfo\/","https:\/\/x.com\/KapitalisInfo","https:\/\/www.youtube.com\/channel\/UC-yDYrHyfFBWWZaOw3FPg9Q"]},{"@type":"Person","@id":"https:\/\/kapitalis.com\/tunisie\/#\/schema\/person\/d71f33a9ca44f7bad4698210b480c8e9","name":"webmaster kapitalis","url":"https:\/\/kapitalis.com\/tunisie\/author\/webmaster-kapitalis\/"}]}},"_links":{"self":[{"href":"https:\/\/kapitalis.com\/tunisie\/wp-json\/wp\/v2\/posts\/3466800","targetHints":{"allow":["GET"]}}],"collection":[{"href":"https:\/\/kapitalis.com\/tunisie\/wp-json\/wp\/v2\/posts"}],"about":[{"href":"https:\/\/kapitalis.com\/tunisie\/wp-json\/wp\/v2\/types\/post"}],"author":[{"embeddable":true,"href":"https:\/\/kapitalis.com\/tunisie\/wp-json\/wp\/v2\/users\/8"}],"replies":[{"embeddable":true,"href":"https:\/\/kapitalis.com\/tunisie\/wp-json\/wp\/v2\/comments?post=3466800"}],"version-history":[{"count":0,"href":"https:\/\/kapitalis.com\/tunisie\/wp-json\/wp\/v2\/posts\/3466800\/revisions"}],"wp:featuredmedia":[{"embeddable":true,"href":"https:\/\/kapitalis.com\/tunisie\/wp-json\/wp\/v2\/media\/1417654"}],"wp:attachment":[{"href":"https:\/\/kapitalis.com\/tunisie\/wp-json\/wp\/v2\/media?parent=3466800"}],"wp:term":[{"taxonomy":"category","embeddable":true,"href":"https:\/\/kapitalis.com\/tunisie\/wp-json\/wp\/v2\/categories?post=3466800"},{"taxonomy":"post_tag","embeddable":true,"href":"https:\/\/kapitalis.com\/tunisie\/wp-json\/wp\/v2\/tags?post=3466800"}],"curies":[{"name":"wp","href":"https:\/\/api.w.org\/{rel}","templated":true}]}}