{"id":346769,"date":"2021-04-24T22:35:20","date_gmt":"2021-04-24T21:35:20","guid":{"rendered":"http:\/\/kapitalis.com\/tunisie\/?p=346769"},"modified":"2021-04-25T01:57:40","modified_gmt":"2021-04-25T00:57:40","slug":"la-tunisie-condamne-fermement-lattaque-terroriste-de-rambouillet","status":"publish","type":"post","link":"https:\/\/kapitalis.com\/tunisie\/2021\/04\/24\/la-tunisie-condamne-fermement-lattaque-terroriste-de-rambouillet\/","title":{"rendered":"La Tunisie condamne fermement l&rsquo;attaque terroriste de Rambouillet"},"content":{"rendered":"\n<div class=\"wp-block-image\"><figure class=\"aligncenter size-large\"><img decoding=\"async\" src=\"http:\/\/kapitalis.com\/tunisie\/wp-content\/uploads\/2021\/04\/Rambouillet-Tunisie-France.jpg\" alt=\"\" class=\"wp-image-346770\"\/><\/figure><\/div>\n\n\n\n<p><strong><em>La Tunisie condamne fermement l&rsquo;attaque de Rambouillet et pr\u00e9sente ses condol\u00e9ances les plus sinc\u00e8res \u00e0 la famille de la fonctionnaire de police, St\u00e9pahnie M., une m\u00e8re de deux enfants, qui a \u00e9t\u00e9 poignard\u00e9e au cou, \u00e0 l&rsquo;entr\u00e9e du commissariat de cette ville situ\u00e9e dans les Yvelines au sud de Paris, par Jamel Gorchene, un Tunisien qui vivait irr\u00e9guli\u00e8rement depuis 2009 en France et qui venait de se faire r\u00e9gulariser\u2026<\/em><\/strong><\/p>\n\n\n\n<!--more-->\n\n\n\n<p>Dans un communiqu\u00e9 publi\u00e9 par le minist\u00e8re des Affaires \u00e9trang\u00e8res, la Tunisie, pr\u00e9sente \u00e9galement ses condol\u00e9ances au gouvernement et aux Fran\u00e7ais, tout en r\u00e9affirmant son rejet total de toute forme de violence, d&rsquo;extr\u00e9misme et de terrorisme et en rappelant sa solidarit\u00e9 avec la France.<\/p>\n\n\n\n<p>\u00ab<em>Rien ne peut justifier de tels crimes aussi l\u00e2ches qu&rsquo;odieux, qui n&rsquo;ont rien \u00e0 voir avec la vraie religion musulmane et ses enseignements tol\u00e9rants, d&rsquo;autant que cet acte barbare co\u00efncidence avec le mois sacr\u00e9 du Ramadan, mois de la justice, de la mis\u00e9ricorde et de la tol\u00e9rance\u00bb<\/em>, lit-on encore dans le communiqu\u00e9.<\/p>\n\n\n\n<p>Rappelons que le terroriste Jamel Gorchene, originaire de Msaken (Sousse), a \u00e9t\u00e9 tu\u00e9 sur place par deux balles tir\u00e9es par un coll\u00e8gue de la victime, \u00e9tait arriv\u00e9 en France en 2009 et a pu b\u00e9n\u00e9ficier d&rsquo;une carte de s\u00e9jour en d\u00e9cembre 2020, valable jusqu\u2019en d\u00e9cembre 2021, selon le parquet antiterroriste fran\u00e7ais.<\/p>\n\n\n\n<p>Inconnu des services de renseignements fran\u00e7ais, le terroriste propageait cependant via sa page Facebook, l&rsquo;extr\u00e9misme religieux\u2026<\/p>\n\n\n\n<div class=\"wp-block-image\"><figure class=\"aligncenter size-large is-resized\"><img loading=\"lazy\" decoding=\"async\" src=\"http:\/\/kapitalis.com\/tunisie\/wp-content\/uploads\/2021\/04\/Tunsiie-France-solidarite.jpg\" alt=\"\" class=\"wp-image-346771\" width=\"480\" height=\"480\"\/><\/figure><\/div>\n\n\n\n<p>L&rsquo;Ambassade de Tunisie en France a \u00e9galement publi\u00e9 un communiqu\u00e9 pour condamner cette attaque terroriste : <em>\u00abEn ces tristes circonstances, l&rsquo;Ambassade tient \u00e0 exprimer son enti\u00e8re solidarit\u00e9 et sa compassion avec le gouvernement et le peuple fran\u00e7ais amis, tout en pr\u00e9sentant ses sinc\u00e8res condol\u00e9ances \u00e0 la famille et aux proches de la victime\u00bb<\/em>.<\/p>\n\n\n\n<p><em>\u00abCet acte barbare intervient en plein mois de Ramadan, mois saint qui incarne plut\u00f4t les valeurs de la tol\u00e9rance et de la fraternit\u00e9 entre les individus<\/em>\u00bb, indique l\u2019ambassade qui affirme son rejet total de toute forme d&rsquo;extr\u00e9misme \u00ab<em>en tout lieu et en toute circonstance, et demeure fortement attach\u00e9e aux valeurs de compr\u00e9hension mutuelle, de mod\u00e9ration et de tol\u00e9rance qui devraient constituer des valeurs partag\u00e9es par tous les peuples dans le monde\u00bb.<\/em><\/p>\n\n\n\n<p class=\"has-text-align-right\"><strong>Y. N.<\/strong><\/p>\n\n\n\n<figure class=\"wp-block-embed is-type-wp-embed is-provider-kapitalis wp-block-embed-kapitalis\"><div class=\"wp-block-embed__wrapper\">\n<blockquote class=\"wp-embedded-content\" data-secret=\"uxxRTm9WQx\"><a href=\"https:\/\/kapitalis.com\/tunisie\/2021\/04\/24\/qui-est-jamel-gorchene-le-terroriste-tunisien-de-rambouillet\/\">Qui est Jamel Gorchene, le terroriste tunisien de Rambouillet ?<\/a><\/blockquote><iframe loading=\"lazy\" class=\"wp-embedded-content\" sandbox=\"allow-scripts\" security=\"restricted\" style=\"position: absolute; clip: rect(1px, 1px, 1px, 1px);\" title=\"\u00ab\u00a0Qui est Jamel Gorchene, le terroriste tunisien de Rambouillet ?\u00a0\u00bb &#8212; Kapitalis\" src=\"https:\/\/kapitalis.com\/tunisie\/2021\/04\/24\/qui-est-jamel-gorchene-le-terroriste-tunisien-de-rambouillet\/embed\/#?secret=X6G8ej6WkP#?secret=uxxRTm9WQx\" data-secret=\"uxxRTm9WQx\" width=\"600\" height=\"338\" frameborder=\"0\" marginwidth=\"0\" marginheight=\"0\" scrolling=\"no\"><\/iframe>\n<\/div><\/figure>\n","protected":false},"excerpt":{"rendered":"<p>La Tunisie condamne fermement l&rsquo;attaque de Rambouillet et pr\u00e9sente ses condol\u00e9ances les plus sinc\u00e8res \u00e0 la famille de la fonctionnaire de police, St\u00e9pahnie M., une m\u00e8re de deux enfants, qui a \u00e9t\u00e9 poignard\u00e9e au cou, \u00e0 l&rsquo;entr\u00e9e du commissariat de cette ville situ\u00e9e dans les Yvelines au sud de Paris, par Jamel Gorchene, un Tunisien&#8230;<\/p>\n","protected":false},"author":6,"featured_media":346770,"comment_status":"open","ping_status":"open","sticky":false,"template":"","format":"standard","meta":{"footnotes":""},"categories":[997,998,2433],"tags":[2021,395,89630,1364,89623,62643],"class_list":["post-346769","post","type-post","status-publish","format-standard","has-post-thumbnail","hentry","category-politique","category-societe","category-tunisie","tag-attaque-terroriste","tag-france","tag-jamel-gorchene","tag-paris","tag-rambouillet","tag-tunisie"],"yoast_head":"<!-- This site is optimized with the Yoast SEO plugin v26.6 - https:\/\/yoast.com\/wordpress\/plugins\/seo\/ -->\n<title>La Tunisie condamne fermement l&#039;attaque terroriste de Rambouillet - Kapitalis<\/title>\n<meta name=\"robots\" content=\"index, follow, max-snippet:-1, max-image-preview:large, max-video-preview:-1\" \/>\n<link rel=\"canonical\" href=\"https:\/\/kapitalis.com\/tunisie\/2021\/04\/24\/la-tunisie-condamne-fermement-lattaque-terroriste-de-rambouillet\/\" \/>\n<meta property=\"og:locale\" content=\"fr_FR\" \/>\n<meta property=\"og:type\" content=\"article\" \/>\n<meta property=\"og:title\" content=\"La Tunisie condamne fermement l&#039;attaque terroriste de Rambouillet - Kapitalis\" \/>\n<meta property=\"og:description\" content=\"La Tunisie condamne fermement l&rsquo;attaque de Rambouillet et pr\u00e9sente ses condol\u00e9ances les plus sinc\u00e8res \u00e0 la famille de la fonctionnaire de police, St\u00e9pahnie M., une m\u00e8re de deux enfants, qui a \u00e9t\u00e9 poignard\u00e9e au cou, \u00e0 l&rsquo;entr\u00e9e du commissariat de cette ville situ\u00e9e dans les Yvelines au sud de Paris, par Jamel Gorchene, un Tunisien...\" \/>\n<meta property=\"og:url\" content=\"https:\/\/kapitalis.com\/tunisie\/2021\/04\/24\/la-tunisie-condamne-fermement-lattaque-terroriste-de-rambouillet\/\" \/>\n<meta property=\"og:site_name\" content=\"Kapitalis\" \/>\n<meta property=\"article:publisher\" content=\"https:\/\/www.facebook.com\/KapitalisInfo\/\" \/>\n<meta property=\"article:published_time\" content=\"2021-04-24T21:35:20+00:00\" \/>\n<meta property=\"article:modified_time\" content=\"2021-04-25T00:57:40+00:00\" \/>\n<meta property=\"og:image\" content=\"https:\/\/kapitalis.com\/tunisie\/wp-content\/uploads\/2022\/05\/kapitalis-logo-fb.png\" \/>\n\t<meta property=\"og:image:width\" content=\"1200\" \/>\n\t<meta property=\"og:image:height\" content=\"630\" \/>\n\t<meta property=\"og:image:type\" content=\"image\/png\" \/>\n<meta name=\"author\" content=\"Yusra NY\" \/>\n<meta name=\"twitter:card\" content=\"summary_large_image\" \/>\n<meta name=\"twitter:creator\" content=\"@KapitalisInfo\" \/>\n<meta name=\"twitter:site\" content=\"@KapitalisInfo\" \/>\n<meta name=\"twitter:label1\" content=\"\u00c9crit par\" \/>\n\t<meta name=\"twitter:data1\" content=\"Yusra NY\" \/>\n\t<meta name=\"twitter:label2\" content=\"Dur\u00e9e de lecture estim\u00e9e\" \/>\n\t<meta name=\"twitter:data2\" content=\"2 minutes\" \/>\n<script type=\"application\/ld+json\" class=\"yoast-schema-graph\">{\"@context\":\"https:\/\/schema.org\",\"@graph\":[{\"@type\":\"Article\",\"@id\":\"https:\/\/kapitalis.com\/tunisie\/2021\/04\/24\/la-tunisie-condamne-fermement-lattaque-terroriste-de-rambouillet\/#article\",\"isPartOf\":{\"@id\":\"https:\/\/kapitalis.com\/tunisie\/2021\/04\/24\/la-tunisie-condamne-fermement-lattaque-terroriste-de-rambouillet\/\"},\"author\":{\"name\":\"Yusra NY\",\"@id\":\"https:\/\/kapitalis.com\/tunisie\/#\/schema\/person\/74bbde0154d49d790a92aaeac5bc01d5\"},\"headline\":\"La Tunisie condamne fermement l&rsquo;attaque terroriste de Rambouillet\",\"datePublished\":\"2021-04-24T21:35:20+00:00\",\"dateModified\":\"2021-04-25T00:57:40+00:00\",\"mainEntityOfPage\":{\"@id\":\"https:\/\/kapitalis.com\/tunisie\/2021\/04\/24\/la-tunisie-condamne-fermement-lattaque-terroriste-de-rambouillet\/\"},\"wordCount\":409,\"commentCount\":12,\"publisher\":{\"@id\":\"https:\/\/kapitalis.com\/tunisie\/#organization\"},\"image\":{\"@id\":\"https:\/\/kapitalis.com\/tunisie\/2021\/04\/24\/la-tunisie-condamne-fermement-lattaque-terroriste-de-rambouillet\/#primaryimage\"},\"thumbnailUrl\":\"\",\"keywords\":[\"attaque terroriste\",\"France\",\"Jamel Gorchene\",\"Paris\",\"Rambouillet\",\"Tunisie\"],\"articleSection\":[\"POLITIQUE\",\"SOCIETE\",\"Tunisie\"],\"inLanguage\":\"fr-FR\",\"potentialAction\":[{\"@type\":\"CommentAction\",\"name\":\"Comment\",\"target\":[\"https:\/\/kapitalis.com\/tunisie\/2021\/04\/24\/la-tunisie-condamne-fermement-lattaque-terroriste-de-rambouillet\/#respond\"]}]},{\"@type\":\"WebPage\",\"@id\":\"https:\/\/kapitalis.com\/tunisie\/2021\/04\/24\/la-tunisie-condamne-fermement-lattaque-terroriste-de-rambouillet\/\",\"url\":\"https:\/\/kapitalis.com\/tunisie\/2021\/04\/24\/la-tunisie-condamne-fermement-lattaque-terroriste-de-rambouillet\/\",\"name\":\"La Tunisie condamne fermement l'attaque terroriste de Rambouillet - Kapitalis\",\"isPartOf\":{\"@id\":\"https:\/\/kapitalis.com\/tunisie\/#website\"},\"primaryImageOfPage\":{\"@id\":\"https:\/\/kapitalis.com\/tunisie\/2021\/04\/24\/la-tunisie-condamne-fermement-lattaque-terroriste-de-rambouillet\/#primaryimage\"},\"image\":{\"@id\":\"https:\/\/kapitalis.com\/tunisie\/2021\/04\/24\/la-tunisie-condamne-fermement-lattaque-terroriste-de-rambouillet\/#primaryimage\"},\"thumbnailUrl\":\"\",\"datePublished\":\"2021-04-24T21:35:20+00:00\",\"dateModified\":\"2021-04-25T00:57:40+00:00\",\"breadcrumb\":{\"@id\":\"https:\/\/kapitalis.com\/tunisie\/2021\/04\/24\/la-tunisie-condamne-fermement-lattaque-terroriste-de-rambouillet\/#breadcrumb\"},\"inLanguage\":\"fr-FR\",\"potentialAction\":[{\"@type\":\"ReadAction\",\"target\":[\"https:\/\/kapitalis.com\/tunisie\/2021\/04\/24\/la-tunisie-condamne-fermement-lattaque-terroriste-de-rambouillet\/\"]}]},{\"@type\":\"ImageObject\",\"inLanguage\":\"fr-FR\",\"@id\":\"https:\/\/kapitalis.com\/tunisie\/2021\/04\/24\/la-tunisie-condamne-fermement-lattaque-terroriste-de-rambouillet\/#primaryimage\",\"url\":\"\",\"contentUrl\":\"\"},{\"@type\":\"BreadcrumbList\",\"@id\":\"https:\/\/kapitalis.com\/tunisie\/2021\/04\/24\/la-tunisie-condamne-fermement-lattaque-terroriste-de-rambouillet\/#breadcrumb\",\"itemListElement\":[{\"@type\":\"ListItem\",\"position\":1,\"name\":\"Accueil\",\"item\":\"https:\/\/kapitalis.com\/tunisie\/\"},{\"@type\":\"ListItem\",\"position\":2,\"name\":\"La Tunisie condamne fermement l&rsquo;attaque terroriste de Rambouillet\"}]},{\"@type\":\"WebSite\",\"@id\":\"https:\/\/kapitalis.com\/tunisie\/#website\",\"url\":\"https:\/\/kapitalis.com\/tunisie\/\",\"name\":\"Kapitalis\",\"description\":\"L&#039;actualit\u00e9 en Tunisie et dans le monde\",\"publisher\":{\"@id\":\"https:\/\/kapitalis.com\/tunisie\/#organization\"},\"potentialAction\":[{\"@type\":\"SearchAction\",\"target\":{\"@type\":\"EntryPoint\",\"urlTemplate\":\"https:\/\/kapitalis.com\/tunisie\/?s={search_term_string}\"},\"query-input\":{\"@type\":\"PropertyValueSpecification\",\"valueRequired\":true,\"valueName\":\"search_term_string\"}}],\"inLanguage\":\"fr-FR\"},{\"@type\":\"Organization\",\"@id\":\"https:\/\/kapitalis.com\/tunisie\/#organization\",\"name\":\"Kapitalis\",\"url\":\"https:\/\/kapitalis.com\/tunisie\/\",\"logo\":{\"@type\":\"ImageObject\",\"inLanguage\":\"fr-FR\",\"@id\":\"https:\/\/kapitalis.com\/tunisie\/#\/schema\/logo\/image\/\",\"url\":\"https:\/\/kapitalis.com\/tunisie\/wp-content\/uploads\/2022\/05\/Kapitalis-big-size.png\",\"contentUrl\":\"https:\/\/kapitalis.com\/tunisie\/wp-content\/uploads\/2022\/05\/Kapitalis-big-size.png\",\"width\":5000,\"height\":1500,\"caption\":\"Kapitalis\"},\"image\":{\"@id\":\"https:\/\/kapitalis.com\/tunisie\/#\/schema\/logo\/image\/\"},\"sameAs\":[\"https:\/\/www.facebook.com\/KapitalisInfo\/\",\"https:\/\/x.com\/KapitalisInfo\",\"https:\/\/www.youtube.com\/channel\/UC-yDYrHyfFBWWZaOw3FPg9Q\"]},{\"@type\":\"Person\",\"@id\":\"https:\/\/kapitalis.com\/tunisie\/#\/schema\/person\/74bbde0154d49d790a92aaeac5bc01d5\",\"name\":\"Yusra NY\",\"url\":\"https:\/\/kapitalis.com\/tunisie\/author\/yuza_adam\/\"}]}<\/script>\n<!-- \/ Yoast SEO plugin. -->","yoast_head_json":{"title":"La Tunisie condamne fermement l'attaque terroriste de Rambouillet - Kapitalis","robots":{"index":"index","follow":"follow","max-snippet":"max-snippet:-1","max-image-preview":"max-image-preview:large","max-video-preview":"max-video-preview:-1"},"canonical":"https:\/\/kapitalis.com\/tunisie\/2021\/04\/24\/la-tunisie-condamne-fermement-lattaque-terroriste-de-rambouillet\/","og_locale":"fr_FR","og_type":"article","og_title":"La Tunisie condamne fermement l'attaque terroriste de Rambouillet - Kapitalis","og_description":"La Tunisie condamne fermement l&rsquo;attaque de Rambouillet et pr\u00e9sente ses condol\u00e9ances les plus sinc\u00e8res \u00e0 la famille de la fonctionnaire de police, St\u00e9pahnie M., une m\u00e8re de deux enfants, qui a \u00e9t\u00e9 poignard\u00e9e au cou, \u00e0 l&rsquo;entr\u00e9e du commissariat de cette ville situ\u00e9e dans les Yvelines au sud de Paris, par Jamel Gorchene, un Tunisien...","og_url":"https:\/\/kapitalis.com\/tunisie\/2021\/04\/24\/la-tunisie-condamne-fermement-lattaque-terroriste-de-rambouillet\/","og_site_name":"Kapitalis","article_publisher":"https:\/\/www.facebook.com\/KapitalisInfo\/","article_published_time":"2021-04-24T21:35:20+00:00","article_modified_time":"2021-04-25T00:57:40+00:00","og_image":[{"width":1200,"height":630,"url":"https:\/\/kapitalis.com\/tunisie\/wp-content\/uploads\/2022\/05\/kapitalis-logo-fb.png","type":"image\/png"}],"author":"Yusra NY","twitter_card":"summary_large_image","twitter_creator":"@KapitalisInfo","twitter_site":"@KapitalisInfo","twitter_misc":{"\u00c9crit par":"Yusra NY","Dur\u00e9e de lecture estim\u00e9e":"2 minutes"},"schema":{"@context":"https:\/\/schema.org","@graph":[{"@type":"Article","@id":"https:\/\/kapitalis.com\/tunisie\/2021\/04\/24\/la-tunisie-condamne-fermement-lattaque-terroriste-de-rambouillet\/#article","isPartOf":{"@id":"https:\/\/kapitalis.com\/tunisie\/2021\/04\/24\/la-tunisie-condamne-fermement-lattaque-terroriste-de-rambouillet\/"},"author":{"name":"Yusra NY","@id":"https:\/\/kapitalis.com\/tunisie\/#\/schema\/person\/74bbde0154d49d790a92aaeac5bc01d5"},"headline":"La Tunisie condamne fermement l&rsquo;attaque terroriste de Rambouillet","datePublished":"2021-04-24T21:35:20+00:00","dateModified":"2021-04-25T00:57:40+00:00","mainEntityOfPage":{"@id":"https:\/\/kapitalis.com\/tunisie\/2021\/04\/24\/la-tunisie-condamne-fermement-lattaque-terroriste-de-rambouillet\/"},"wordCount":409,"commentCount":12,"publisher":{"@id":"https:\/\/kapitalis.com\/tunisie\/#organization"},"image":{"@id":"https:\/\/kapitalis.com\/tunisie\/2021\/04\/24\/la-tunisie-condamne-fermement-lattaque-terroriste-de-rambouillet\/#primaryimage"},"thumbnailUrl":"","keywords":["attaque terroriste","France","Jamel Gorchene","Paris","Rambouillet","Tunisie"],"articleSection":["POLITIQUE","SOCIETE","Tunisie"],"inLanguage":"fr-FR","potentialAction":[{"@type":"CommentAction","name":"Comment","target":["https:\/\/kapitalis.com\/tunisie\/2021\/04\/24\/la-tunisie-condamne-fermement-lattaque-terroriste-de-rambouillet\/#respond"]}]},{"@type":"WebPage","@id":"https:\/\/kapitalis.com\/tunisie\/2021\/04\/24\/la-tunisie-condamne-fermement-lattaque-terroriste-de-rambouillet\/","url":"https:\/\/kapitalis.com\/tunisie\/2021\/04\/24\/la-tunisie-condamne-fermement-lattaque-terroriste-de-rambouillet\/","name":"La Tunisie condamne fermement l'attaque terroriste de Rambouillet - Kapitalis","isPartOf":{"@id":"https:\/\/kapitalis.com\/tunisie\/#website"},"primaryImageOfPage":{"@id":"https:\/\/kapitalis.com\/tunisie\/2021\/04\/24\/la-tunisie-condamne-fermement-lattaque-terroriste-de-rambouillet\/#primaryimage"},"image":{"@id":"https:\/\/kapitalis.com\/tunisie\/2021\/04\/24\/la-tunisie-condamne-fermement-lattaque-terroriste-de-rambouillet\/#primaryimage"},"thumbnailUrl":"","datePublished":"2021-04-24T21:35:20+00:00","dateModified":"2021-04-25T00:57:40+00:00","breadcrumb":{"@id":"https:\/\/kapitalis.com\/tunisie\/2021\/04\/24\/la-tunisie-condamne-fermement-lattaque-terroriste-de-rambouillet\/#breadcrumb"},"inLanguage":"fr-FR","potentialAction":[{"@type":"ReadAction","target":["https:\/\/kapitalis.com\/tunisie\/2021\/04\/24\/la-tunisie-condamne-fermement-lattaque-terroriste-de-rambouillet\/"]}]},{"@type":"ImageObject","inLanguage":"fr-FR","@id":"https:\/\/kapitalis.com\/tunisie\/2021\/04\/24\/la-tunisie-condamne-fermement-lattaque-terroriste-de-rambouillet\/#primaryimage","url":"","contentUrl":""},{"@type":"BreadcrumbList","@id":"https:\/\/kapitalis.com\/tunisie\/2021\/04\/24\/la-tunisie-condamne-fermement-lattaque-terroriste-de-rambouillet\/#breadcrumb","itemListElement":[{"@type":"ListItem","position":1,"name":"Accueil","item":"https:\/\/kapitalis.com\/tunisie\/"},{"@type":"ListItem","position":2,"name":"La Tunisie condamne fermement l&rsquo;attaque terroriste de Rambouillet"}]},{"@type":"WebSite","@id":"https:\/\/kapitalis.com\/tunisie\/#website","url":"https:\/\/kapitalis.com\/tunisie\/","name":"Kapitalis","description":"L&#039;actualit\u00e9 en Tunisie et dans le monde","publisher":{"@id":"https:\/\/kapitalis.com\/tunisie\/#organization"},"potentialAction":[{"@type":"SearchAction","target":{"@type":"EntryPoint","urlTemplate":"https:\/\/kapitalis.com\/tunisie\/?s={search_term_string}"},"query-input":{"@type":"PropertyValueSpecification","valueRequired":true,"valueName":"search_term_string"}}],"inLanguage":"fr-FR"},{"@type":"Organization","@id":"https:\/\/kapitalis.com\/tunisie\/#organization","name":"Kapitalis","url":"https:\/\/kapitalis.com\/tunisie\/","logo":{"@type":"ImageObject","inLanguage":"fr-FR","@id":"https:\/\/kapitalis.com\/tunisie\/#\/schema\/logo\/image\/","url":"https:\/\/kapitalis.com\/tunisie\/wp-content\/uploads\/2022\/05\/Kapitalis-big-size.png","contentUrl":"https:\/\/kapitalis.com\/tunisie\/wp-content\/uploads\/2022\/05\/Kapitalis-big-size.png","width":5000,"height":1500,"caption":"Kapitalis"},"image":{"@id":"https:\/\/kapitalis.com\/tunisie\/#\/schema\/logo\/image\/"},"sameAs":["https:\/\/www.facebook.com\/KapitalisInfo\/","https:\/\/x.com\/KapitalisInfo","https:\/\/www.youtube.com\/channel\/UC-yDYrHyfFBWWZaOw3FPg9Q"]},{"@type":"Person","@id":"https:\/\/kapitalis.com\/tunisie\/#\/schema\/person\/74bbde0154d49d790a92aaeac5bc01d5","name":"Yusra NY","url":"https:\/\/kapitalis.com\/tunisie\/author\/yuza_adam\/"}]}},"_links":{"self":[{"href":"https:\/\/kapitalis.com\/tunisie\/wp-json\/wp\/v2\/posts\/346769","targetHints":{"allow":["GET"]}}],"collection":[{"href":"https:\/\/kapitalis.com\/tunisie\/wp-json\/wp\/v2\/posts"}],"about":[{"href":"https:\/\/kapitalis.com\/tunisie\/wp-json\/wp\/v2\/types\/post"}],"author":[{"embeddable":true,"href":"https:\/\/kapitalis.com\/tunisie\/wp-json\/wp\/v2\/users\/6"}],"replies":[{"embeddable":true,"href":"https:\/\/kapitalis.com\/tunisie\/wp-json\/wp\/v2\/comments?post=346769"}],"version-history":[{"count":0,"href":"https:\/\/kapitalis.com\/tunisie\/wp-json\/wp\/v2\/posts\/346769\/revisions"}],"wp:featuredmedia":[{"embeddable":true,"href":"https:\/\/kapitalis.com\/tunisie\/wp-json\/wp\/v2\/media\/346770"}],"wp:attachment":[{"href":"https:\/\/kapitalis.com\/tunisie\/wp-json\/wp\/v2\/media?parent=346769"}],"wp:term":[{"taxonomy":"category","embeddable":true,"href":"https:\/\/kapitalis.com\/tunisie\/wp-json\/wp\/v2\/categories?post=346769"},{"taxonomy":"post_tag","embeddable":true,"href":"https:\/\/kapitalis.com\/tunisie\/wp-json\/wp\/v2\/tags?post=346769"}],"curies":[{"name":"wp","href":"https:\/\/api.w.org\/{rel}","templated":true}]}}