{"id":346838,"date":"2021-04-26T07:12:34","date_gmt":"2021-04-26T06:12:34","guid":{"rendered":"http:\/\/kapitalis.com\/tunisie\/?p=346838"},"modified":"2021-04-26T07:17:47","modified_gmt":"2021-04-26T06:17:47","slug":"yadh-ben-achour-ennahdha-a-contribue-a-lessor-du-terrorisme-en-tunisie","status":"publish","type":"post","link":"https:\/\/kapitalis.com\/tunisie\/2021\/04\/26\/yadh-ben-achour-ennahdha-a-contribue-a-lessor-du-terrorisme-en-tunisie\/","title":{"rendered":"Yadh Ben Achour : \u00abEnnahdha a contribu\u00e9 \u00e0 l\u2019essor du terrorisme en Tunisie\u00bb"},"content":{"rendered":"\n<div class=\"wp-block-image\"><figure class=\"aligncenter size-large\"><img decoding=\"async\" src=\"http:\/\/kapitalis.com\/tunisie\/wp-content\/uploads\/2019\/09\/yadh-ben-achour.jpg\" alt=\"\" class=\"wp-image-240624\"\/><\/figure><\/div>\n\n\n\n<p><strong><em>Apr\u00e8s l\u2019attaque terroriste du commissariat de police de Rambouillet, au sud de Paris, le 23 avril 2021, la deuxi\u00e8me du genre, en moins de cinq mois, commise par un <a href=\"http:\/\/kapitalis.com\/tunisie\/2021\/04\/24\/qui-est-jamel-gorchene-le-terroriste-tunisien-de-rambouillet\/\" target=\"_blank\" rel=\"noreferrer noopener\">ressortissant tunisien <\/a>sur le sol fran\u00e7ais, l\u2019\u00e9minent juriste tunisien, Yadh Ben Achour, membre du comit\u00e9 des droits de l&rsquo;homme des Nations unies, d\u00e9nonce, dans un entretien avec le magazine fran\u00e7ais \u2018\u2018Le point\u2019\u2019, paru le 25 avril, le r\u00f4le d\u2019Ennahdha au pouvoir dans l\u2019essor du djihadisme en Tunisie. Extraits\u2026<\/em><\/strong><\/p>\n\n\n\n<!--more-->\n\n\n\n<p><em>\u00abIl y a, \u00e0 mon avis, un probl\u00e8me tunisien, ind\u00e9pendamment de l\u2019attentat de Rambouillet. Je vous rappelle qu\u2019apr\u00e8s l&rsquo;assassinat de Samuel Paty, certains islamistes tunisiens ont d\u00e9clar\u00e9 sur les r\u00e9seaux sociaux, et jusqu\u2019<a href=\"http:\/\/kapitalis.com\/tunisie\/2020\/10\/17\/le-depute-tunisien-rached-khiari-justifie-le-meurtre-lenseignant-francais-par-un-takfiriste\/\" target=\"_blank\" rel=\"noreferrer noopener\">\u00e0 l\u2019int\u00e9rieur de l\u2019Assembl\u00e9e<\/a>, qu\u2019il ne fallait pas permettre d\u2019insulter l\u2019islam et de caricaturer le proph\u00e8te. Comme s\u2019ils justifiaient le passage \u00e0 l\u2019acte du terroriste. Il y a un laisser-aller en Tunisie face aux questions de radicalisation et de terrorisme. En tant que Tunisien, je d\u00e9nonce les politiques laxistes du gouvernement en la mati\u00e8re. Je d\u00e9signe la responsabilit\u00e9 de la tro\u00efka <\/em>[le gouvernement de coalition de 2011 \u00e0 2014 form\u00e9 d\u2019Ennahdha, du Congr\u00e8s pour la R\u00e9publique et d\u2019Ettakatol, NDLR],<em> et notamment du Parti islamiste qui a remport\u00e9 les \u00e9lections de 2011. \u00c0 l\u2019\u00e9poque, pendant que les sonnettes d\u2019alarme \u00e9taient agit\u00e9es, et que les journalistes attiraient l\u2019attention sur la pr\u00e9sence de groupes qui s\u2019entra\u00eenaient dans les montagnes du Chambi, le ministre de l\u2019Int\u00e9rieur islamiste r\u00e9pondait qu\u2019il ne s\u2019agissait que de camps de sport et qu\u2019il \u00e9tait impossible de les arr\u00eater ! De la m\u00eame mani\u00e8re, les autorit\u00e9s islamistes ont emp\u00each\u00e9 l\u2019arrestation dans une mosqu\u00e9e \u00e0 Tunis du djihadiste tunisien Abou Iyadh, chef du groupe Ansar Al-Charia, qui sera finalement tu\u00e9 en Libye. Ces multiples complicit\u00e9s des autorit\u00e9s tunisiennes vis-\u00e0-vis de la violence et du terrorisme sont r\u00e9pertori\u00e9es dans le livre de Moustapha El Haddad \u2018\u2018L\u2019embrigadement des jeunes pour le djihad : le paradoxe tunisien\u2019\u2019, aux \u00e9ditions Arabesques.<\/em><\/p>\n\n\n\n<p><em>\u00abSi, je les nomme<\/em> (le parti islamiste Ennahdha, Ndlr), <em>il s\u2019agit bel et bien du parti Ennahdha. M\u00eame s&rsquo;ils ne sont pas directement li\u00e9s \u00e0 l\u2019attentat de Rambouillet, le fait est que ces islamistes ont contribu\u00e9 au d\u00e9veloppement de la violence et du terrorisme en Tunisie, et surtout \u00e0 son exportation au Moyen-Orient. Ils ont pactis\u00e9 \u00e0 une \u00e9poque avec les wahhabites <\/em>[tenants d&rsquo;une vision ultrarigoriste de l\u2019islam, Ndlr],<em> des esprits totalement int\u00e9gristes qu\u2019ils ont invit\u00e9s en Tunisie pour pr\u00eacher des discours r\u00e9trogrades, comme la justification de l\u2019excision des femmes.<\/em><\/p>\n\n\n\n<p><em>\u00abBien que la Tunisie connaisse une d\u00e9mocratie naissante, bien qu\u2019elle se fasse remarquer par certains exploits dans les domaines de l\u2019art, du cin\u00e9ma, du sport et m\u00eame de la conqu\u00eate spatiale, m\u00eame si de nombreux m\u00e9decins en France sont Tunisiens, il faut d\u00e9noncer certaines r\u00e9alit\u00e9s : nous, Tunisiens, sommes victimes d\u2019une politique de complicit\u00e9 vis-\u00e0-vis du terrorisme sciemment maintenue par les autorit\u00e9s de notre pays. Elles ont \u00e0 mon sens une responsabilit\u00e9 dans le d\u00e9part de nombreux jeunes Tunisiens embrigad\u00e9s en Syrie et en Irak, dans leur adh\u00e9sion \u00e0 des mouvements terroristes comme Daech ou Ansar Al-Charia. Il y a un probl\u00e8me politique en Tunisie.<\/em><\/p>\n\n\n\n<p><em>\u00abLes islamistes d\u2019Ennahdha sont tout d\u2019abord les champions du double discours, en fonction de leur interlocuteur. Ils ont ainsi tout int\u00e9r\u00eat \u00e0 se tenir publiquement \u00e9loign\u00e9s de toute violence. Maintenant, m\u00eame si leur prise de distance \u00e9tait r\u00e9elle, le mal est d\u00e9j\u00e0 profond en Tunisie. La complicit\u00e9 que je d\u00e9nonce a d\u00e9but\u00e9 en 2011 apr\u00e8s la prise du pouvoir par les islamistes<\/em> [qui ont remport\u00e9 une majorit\u00e9 de si\u00e8ges \u00e0 l\u2019Assembl\u00e9e constituante, Ndlr]. <em>Jusqu\u2019ici, nous n&rsquo;avons pas \u00e9lucid\u00e9 leur part de responsabilit\u00e9 dans l\u2019assassinat des opposants tunisiens Chokri Bela\u00efd et Mohamed Brahmi en 2013. Or, d\u2019apr\u00e8s les renseignements dont on dispose, tout a \u00e9t\u00e9 fait pour brouiller les pistes afin que la v\u00e9rit\u00e9 n\u2019\u00e9clate pas au grand jour.\u00bb<\/em><\/p>\n","protected":false},"excerpt":{"rendered":"<p>Apr\u00e8s l\u2019attaque terroriste du commissariat de police de Rambouillet, au sud de Paris, le 23 avril 2021, la deuxi\u00e8me du genre, en moins de cinq mois, commise par un ressortissant tunisien sur le sol fran\u00e7ais, l\u2019\u00e9minent juriste tunisien, Yadh Ben Achour, membre du comit\u00e9 des droits de l&rsquo;homme des Nations unies, d\u00e9nonce, dans un entretien&#8230;<\/p>\n","protected":false},"author":8,"featured_media":0,"comment_status":"open","ping_status":"open","sticky":false,"template":"","format":"standard","meta":{"footnotes":""},"categories":[997,2433],"tags":[28857,80570,89651,49543,12351,625,89623,13717],"class_list":["post-346838","post","type-post","status-publish","format-standard","hentry","category-politique","category-tunisie","tag-ansar-al-charia","tag-chokri-belaid-2","tag-djihadisme","tag-ennahdha","tag-islam-politique","tag-mohamed-brahmi","tag-rambouillet","tag-yadh-ben-achour"],"yoast_head":"<!-- This site is optimized with the Yoast SEO plugin v26.6 - https:\/\/yoast.com\/wordpress\/plugins\/seo\/ -->\n<title>Yadh Ben Achour : \u00abEnnahdha a contribu\u00e9 \u00e0 l\u2019essor du terrorisme en Tunisie\u00bb - Kapitalis<\/title>\n<meta name=\"robots\" content=\"index, follow, max-snippet:-1, max-image-preview:large, max-video-preview:-1\" \/>\n<link rel=\"canonical\" href=\"https:\/\/kapitalis.com\/tunisie\/2021\/04\/26\/yadh-ben-achour-ennahdha-a-contribue-a-lessor-du-terrorisme-en-tunisie\/\" \/>\n<meta property=\"og:locale\" content=\"fr_FR\" \/>\n<meta property=\"og:type\" content=\"article\" \/>\n<meta property=\"og:title\" content=\"Yadh Ben Achour : \u00abEnnahdha a contribu\u00e9 \u00e0 l\u2019essor du terrorisme en Tunisie\u00bb - Kapitalis\" \/>\n<meta property=\"og:description\" content=\"Apr\u00e8s l\u2019attaque terroriste du commissariat de police de Rambouillet, au sud de Paris, le 23 avril 2021, la deuxi\u00e8me du genre, en moins de cinq mois, commise par un ressortissant tunisien sur le sol fran\u00e7ais, l\u2019\u00e9minent juriste tunisien, Yadh Ben Achour, membre du comit\u00e9 des droits de l&rsquo;homme des Nations unies, d\u00e9nonce, dans un entretien...\" \/>\n<meta property=\"og:url\" content=\"https:\/\/kapitalis.com\/tunisie\/2021\/04\/26\/yadh-ben-achour-ennahdha-a-contribue-a-lessor-du-terrorisme-en-tunisie\/\" \/>\n<meta property=\"og:site_name\" content=\"Kapitalis\" \/>\n<meta property=\"article:publisher\" content=\"https:\/\/www.facebook.com\/KapitalisInfo\/\" \/>\n<meta property=\"article:published_time\" content=\"2021-04-26T06:12:34+00:00\" \/>\n<meta property=\"article:modified_time\" content=\"2021-04-26T06:17:47+00:00\" \/>\n<meta property=\"og:image\" content=\"http:\/\/kapitalis.com\/tunisie\/wp-content\/uploads\/2019\/09\/yadh-ben-achour.jpg\" \/>\n<meta name=\"author\" content=\"webmaster kapitalis\" \/>\n<meta name=\"twitter:card\" content=\"summary_large_image\" \/>\n<meta name=\"twitter:creator\" content=\"@KapitalisInfo\" \/>\n<meta name=\"twitter:site\" content=\"@KapitalisInfo\" \/>\n<meta name=\"twitter:label1\" content=\"\u00c9crit par\" \/>\n\t<meta name=\"twitter:data1\" content=\"webmaster kapitalis\" \/>\n\t<meta name=\"twitter:label2\" content=\"Dur\u00e9e de lecture estim\u00e9e\" \/>\n\t<meta name=\"twitter:data2\" content=\"4 minutes\" \/>\n<script type=\"application\/ld+json\" class=\"yoast-schema-graph\">{\"@context\":\"https:\/\/schema.org\",\"@graph\":[{\"@type\":\"Article\",\"@id\":\"https:\/\/kapitalis.com\/tunisie\/2021\/04\/26\/yadh-ben-achour-ennahdha-a-contribue-a-lessor-du-terrorisme-en-tunisie\/#article\",\"isPartOf\":{\"@id\":\"https:\/\/kapitalis.com\/tunisie\/2021\/04\/26\/yadh-ben-achour-ennahdha-a-contribue-a-lessor-du-terrorisme-en-tunisie\/\"},\"author\":{\"name\":\"webmaster kapitalis\",\"@id\":\"https:\/\/kapitalis.com\/tunisie\/#\/schema\/person\/d71f33a9ca44f7bad4698210b480c8e9\"},\"headline\":\"Yadh Ben Achour : \u00abEnnahdha a contribu\u00e9 \u00e0 l\u2019essor du terrorisme en Tunisie\u00bb\",\"datePublished\":\"2021-04-26T06:12:34+00:00\",\"dateModified\":\"2021-04-26T06:17:47+00:00\",\"mainEntityOfPage\":{\"@id\":\"https:\/\/kapitalis.com\/tunisie\/2021\/04\/26\/yadh-ben-achour-ennahdha-a-contribue-a-lessor-du-terrorisme-en-tunisie\/\"},\"wordCount\":729,\"commentCount\":7,\"publisher\":{\"@id\":\"https:\/\/kapitalis.com\/tunisie\/#organization\"},\"image\":{\"@id\":\"https:\/\/kapitalis.com\/tunisie\/2021\/04\/26\/yadh-ben-achour-ennahdha-a-contribue-a-lessor-du-terrorisme-en-tunisie\/#primaryimage\"},\"thumbnailUrl\":\"http:\/\/kapitalis.com\/tunisie\/wp-content\/uploads\/2019\/09\/yadh-ben-achour.jpg\",\"keywords\":[\"Ansar Al-Charia\",\"chokri bela\u00efd\",\"djihadisme\",\"Ennahdha\",\"islam politique\",\"Mohamed Brahmi\",\"Rambouillet\",\"Yadh Ben Achour\"],\"articleSection\":[\"POLITIQUE\",\"Tunisie\"],\"inLanguage\":\"fr-FR\",\"potentialAction\":[{\"@type\":\"CommentAction\",\"name\":\"Comment\",\"target\":[\"https:\/\/kapitalis.com\/tunisie\/2021\/04\/26\/yadh-ben-achour-ennahdha-a-contribue-a-lessor-du-terrorisme-en-tunisie\/#respond\"]}]},{\"@type\":\"WebPage\",\"@id\":\"https:\/\/kapitalis.com\/tunisie\/2021\/04\/26\/yadh-ben-achour-ennahdha-a-contribue-a-lessor-du-terrorisme-en-tunisie\/\",\"url\":\"https:\/\/kapitalis.com\/tunisie\/2021\/04\/26\/yadh-ben-achour-ennahdha-a-contribue-a-lessor-du-terrorisme-en-tunisie\/\",\"name\":\"Yadh Ben Achour : \u00abEnnahdha a contribu\u00e9 \u00e0 l\u2019essor du terrorisme en Tunisie\u00bb - Kapitalis\",\"isPartOf\":{\"@id\":\"https:\/\/kapitalis.com\/tunisie\/#website\"},\"primaryImageOfPage\":{\"@id\":\"https:\/\/kapitalis.com\/tunisie\/2021\/04\/26\/yadh-ben-achour-ennahdha-a-contribue-a-lessor-du-terrorisme-en-tunisie\/#primaryimage\"},\"image\":{\"@id\":\"https:\/\/kapitalis.com\/tunisie\/2021\/04\/26\/yadh-ben-achour-ennahdha-a-contribue-a-lessor-du-terrorisme-en-tunisie\/#primaryimage\"},\"thumbnailUrl\":\"http:\/\/kapitalis.com\/tunisie\/wp-content\/uploads\/2019\/09\/yadh-ben-achour.jpg\",\"datePublished\":\"2021-04-26T06:12:34+00:00\",\"dateModified\":\"2021-04-26T06:17:47+00:00\",\"breadcrumb\":{\"@id\":\"https:\/\/kapitalis.com\/tunisie\/2021\/04\/26\/yadh-ben-achour-ennahdha-a-contribue-a-lessor-du-terrorisme-en-tunisie\/#breadcrumb\"},\"inLanguage\":\"fr-FR\",\"potentialAction\":[{\"@type\":\"ReadAction\",\"target\":[\"https:\/\/kapitalis.com\/tunisie\/2021\/04\/26\/yadh-ben-achour-ennahdha-a-contribue-a-lessor-du-terrorisme-en-tunisie\/\"]}]},{\"@type\":\"ImageObject\",\"inLanguage\":\"fr-FR\",\"@id\":\"https:\/\/kapitalis.com\/tunisie\/2021\/04\/26\/yadh-ben-achour-ennahdha-a-contribue-a-lessor-du-terrorisme-en-tunisie\/#primaryimage\",\"url\":\"\",\"contentUrl\":\"\"},{\"@type\":\"BreadcrumbList\",\"@id\":\"https:\/\/kapitalis.com\/tunisie\/2021\/04\/26\/yadh-ben-achour-ennahdha-a-contribue-a-lessor-du-terrorisme-en-tunisie\/#breadcrumb\",\"itemListElement\":[{\"@type\":\"ListItem\",\"position\":1,\"name\":\"Accueil\",\"item\":\"https:\/\/kapitalis.com\/tunisie\/\"},{\"@type\":\"ListItem\",\"position\":2,\"name\":\"Yadh Ben Achour : \u00abEnnahdha a contribu\u00e9 \u00e0 l\u2019essor du terrorisme en Tunisie\u00bb\"}]},{\"@type\":\"WebSite\",\"@id\":\"https:\/\/kapitalis.com\/tunisie\/#website\",\"url\":\"https:\/\/kapitalis.com\/tunisie\/\",\"name\":\"Kapitalis\",\"description\":\"L&#039;actualit\u00e9 en Tunisie et dans le monde\",\"publisher\":{\"@id\":\"https:\/\/kapitalis.com\/tunisie\/#organization\"},\"potentialAction\":[{\"@type\":\"SearchAction\",\"target\":{\"@type\":\"EntryPoint\",\"urlTemplate\":\"https:\/\/kapitalis.com\/tunisie\/?s={search_term_string}\"},\"query-input\":{\"@type\":\"PropertyValueSpecification\",\"valueRequired\":true,\"valueName\":\"search_term_string\"}}],\"inLanguage\":\"fr-FR\"},{\"@type\":\"Organization\",\"@id\":\"https:\/\/kapitalis.com\/tunisie\/#organization\",\"name\":\"Kapitalis\",\"url\":\"https:\/\/kapitalis.com\/tunisie\/\",\"logo\":{\"@type\":\"ImageObject\",\"inLanguage\":\"fr-FR\",\"@id\":\"https:\/\/kapitalis.com\/tunisie\/#\/schema\/logo\/image\/\",\"url\":\"https:\/\/kapitalis.com\/tunisie\/wp-content\/uploads\/2022\/05\/Kapitalis-big-size.png\",\"contentUrl\":\"https:\/\/kapitalis.com\/tunisie\/wp-content\/uploads\/2022\/05\/Kapitalis-big-size.png\",\"width\":5000,\"height\":1500,\"caption\":\"Kapitalis\"},\"image\":{\"@id\":\"https:\/\/kapitalis.com\/tunisie\/#\/schema\/logo\/image\/\"},\"sameAs\":[\"https:\/\/www.facebook.com\/KapitalisInfo\/\",\"https:\/\/x.com\/KapitalisInfo\",\"https:\/\/www.youtube.com\/channel\/UC-yDYrHyfFBWWZaOw3FPg9Q\"]},{\"@type\":\"Person\",\"@id\":\"https:\/\/kapitalis.com\/tunisie\/#\/schema\/person\/d71f33a9ca44f7bad4698210b480c8e9\",\"name\":\"webmaster kapitalis\",\"url\":\"https:\/\/kapitalis.com\/tunisie\/author\/webmaster-kapitalis\/\"}]}<\/script>\n<!-- \/ Yoast SEO plugin. -->","yoast_head_json":{"title":"Yadh Ben Achour : \u00abEnnahdha a contribu\u00e9 \u00e0 l\u2019essor du terrorisme en Tunisie\u00bb - Kapitalis","robots":{"index":"index","follow":"follow","max-snippet":"max-snippet:-1","max-image-preview":"max-image-preview:large","max-video-preview":"max-video-preview:-1"},"canonical":"https:\/\/kapitalis.com\/tunisie\/2021\/04\/26\/yadh-ben-achour-ennahdha-a-contribue-a-lessor-du-terrorisme-en-tunisie\/","og_locale":"fr_FR","og_type":"article","og_title":"Yadh Ben Achour : \u00abEnnahdha a contribu\u00e9 \u00e0 l\u2019essor du terrorisme en Tunisie\u00bb - Kapitalis","og_description":"Apr\u00e8s l\u2019attaque terroriste du commissariat de police de Rambouillet, au sud de Paris, le 23 avril 2021, la deuxi\u00e8me du genre, en moins de cinq mois, commise par un ressortissant tunisien sur le sol fran\u00e7ais, l\u2019\u00e9minent juriste tunisien, Yadh Ben Achour, membre du comit\u00e9 des droits de l&rsquo;homme des Nations unies, d\u00e9nonce, dans un entretien...","og_url":"https:\/\/kapitalis.com\/tunisie\/2021\/04\/26\/yadh-ben-achour-ennahdha-a-contribue-a-lessor-du-terrorisme-en-tunisie\/","og_site_name":"Kapitalis","article_publisher":"https:\/\/www.facebook.com\/KapitalisInfo\/","article_published_time":"2021-04-26T06:12:34+00:00","article_modified_time":"2021-04-26T06:17:47+00:00","og_image":[{"url":"http:\/\/kapitalis.com\/tunisie\/wp-content\/uploads\/2019\/09\/yadh-ben-achour.jpg","type":"","width":"","height":""}],"author":"webmaster kapitalis","twitter_card":"summary_large_image","twitter_creator":"@KapitalisInfo","twitter_site":"@KapitalisInfo","twitter_misc":{"\u00c9crit par":"webmaster kapitalis","Dur\u00e9e de lecture estim\u00e9e":"4 minutes"},"schema":{"@context":"https:\/\/schema.org","@graph":[{"@type":"Article","@id":"https:\/\/kapitalis.com\/tunisie\/2021\/04\/26\/yadh-ben-achour-ennahdha-a-contribue-a-lessor-du-terrorisme-en-tunisie\/#article","isPartOf":{"@id":"https:\/\/kapitalis.com\/tunisie\/2021\/04\/26\/yadh-ben-achour-ennahdha-a-contribue-a-lessor-du-terrorisme-en-tunisie\/"},"author":{"name":"webmaster kapitalis","@id":"https:\/\/kapitalis.com\/tunisie\/#\/schema\/person\/d71f33a9ca44f7bad4698210b480c8e9"},"headline":"Yadh Ben Achour : \u00abEnnahdha a contribu\u00e9 \u00e0 l\u2019essor du terrorisme en Tunisie\u00bb","datePublished":"2021-04-26T06:12:34+00:00","dateModified":"2021-04-26T06:17:47+00:00","mainEntityOfPage":{"@id":"https:\/\/kapitalis.com\/tunisie\/2021\/04\/26\/yadh-ben-achour-ennahdha-a-contribue-a-lessor-du-terrorisme-en-tunisie\/"},"wordCount":729,"commentCount":7,"publisher":{"@id":"https:\/\/kapitalis.com\/tunisie\/#organization"},"image":{"@id":"https:\/\/kapitalis.com\/tunisie\/2021\/04\/26\/yadh-ben-achour-ennahdha-a-contribue-a-lessor-du-terrorisme-en-tunisie\/#primaryimage"},"thumbnailUrl":"http:\/\/kapitalis.com\/tunisie\/wp-content\/uploads\/2019\/09\/yadh-ben-achour.jpg","keywords":["Ansar Al-Charia","chokri bela\u00efd","djihadisme","Ennahdha","islam politique","Mohamed Brahmi","Rambouillet","Yadh Ben Achour"],"articleSection":["POLITIQUE","Tunisie"],"inLanguage":"fr-FR","potentialAction":[{"@type":"CommentAction","name":"Comment","target":["https:\/\/kapitalis.com\/tunisie\/2021\/04\/26\/yadh-ben-achour-ennahdha-a-contribue-a-lessor-du-terrorisme-en-tunisie\/#respond"]}]},{"@type":"WebPage","@id":"https:\/\/kapitalis.com\/tunisie\/2021\/04\/26\/yadh-ben-achour-ennahdha-a-contribue-a-lessor-du-terrorisme-en-tunisie\/","url":"https:\/\/kapitalis.com\/tunisie\/2021\/04\/26\/yadh-ben-achour-ennahdha-a-contribue-a-lessor-du-terrorisme-en-tunisie\/","name":"Yadh Ben Achour : \u00abEnnahdha a contribu\u00e9 \u00e0 l\u2019essor du terrorisme en Tunisie\u00bb - Kapitalis","isPartOf":{"@id":"https:\/\/kapitalis.com\/tunisie\/#website"},"primaryImageOfPage":{"@id":"https:\/\/kapitalis.com\/tunisie\/2021\/04\/26\/yadh-ben-achour-ennahdha-a-contribue-a-lessor-du-terrorisme-en-tunisie\/#primaryimage"},"image":{"@id":"https:\/\/kapitalis.com\/tunisie\/2021\/04\/26\/yadh-ben-achour-ennahdha-a-contribue-a-lessor-du-terrorisme-en-tunisie\/#primaryimage"},"thumbnailUrl":"http:\/\/kapitalis.com\/tunisie\/wp-content\/uploads\/2019\/09\/yadh-ben-achour.jpg","datePublished":"2021-04-26T06:12:34+00:00","dateModified":"2021-04-26T06:17:47+00:00","breadcrumb":{"@id":"https:\/\/kapitalis.com\/tunisie\/2021\/04\/26\/yadh-ben-achour-ennahdha-a-contribue-a-lessor-du-terrorisme-en-tunisie\/#breadcrumb"},"inLanguage":"fr-FR","potentialAction":[{"@type":"ReadAction","target":["https:\/\/kapitalis.com\/tunisie\/2021\/04\/26\/yadh-ben-achour-ennahdha-a-contribue-a-lessor-du-terrorisme-en-tunisie\/"]}]},{"@type":"ImageObject","inLanguage":"fr-FR","@id":"https:\/\/kapitalis.com\/tunisie\/2021\/04\/26\/yadh-ben-achour-ennahdha-a-contribue-a-lessor-du-terrorisme-en-tunisie\/#primaryimage","url":"","contentUrl":""},{"@type":"BreadcrumbList","@id":"https:\/\/kapitalis.com\/tunisie\/2021\/04\/26\/yadh-ben-achour-ennahdha-a-contribue-a-lessor-du-terrorisme-en-tunisie\/#breadcrumb","itemListElement":[{"@type":"ListItem","position":1,"name":"Accueil","item":"https:\/\/kapitalis.com\/tunisie\/"},{"@type":"ListItem","position":2,"name":"Yadh Ben Achour : \u00abEnnahdha a contribu\u00e9 \u00e0 l\u2019essor du terrorisme en Tunisie\u00bb"}]},{"@type":"WebSite","@id":"https:\/\/kapitalis.com\/tunisie\/#website","url":"https:\/\/kapitalis.com\/tunisie\/","name":"Kapitalis","description":"L&#039;actualit\u00e9 en Tunisie et dans le monde","publisher":{"@id":"https:\/\/kapitalis.com\/tunisie\/#organization"},"potentialAction":[{"@type":"SearchAction","target":{"@type":"EntryPoint","urlTemplate":"https:\/\/kapitalis.com\/tunisie\/?s={search_term_string}"},"query-input":{"@type":"PropertyValueSpecification","valueRequired":true,"valueName":"search_term_string"}}],"inLanguage":"fr-FR"},{"@type":"Organization","@id":"https:\/\/kapitalis.com\/tunisie\/#organization","name":"Kapitalis","url":"https:\/\/kapitalis.com\/tunisie\/","logo":{"@type":"ImageObject","inLanguage":"fr-FR","@id":"https:\/\/kapitalis.com\/tunisie\/#\/schema\/logo\/image\/","url":"https:\/\/kapitalis.com\/tunisie\/wp-content\/uploads\/2022\/05\/Kapitalis-big-size.png","contentUrl":"https:\/\/kapitalis.com\/tunisie\/wp-content\/uploads\/2022\/05\/Kapitalis-big-size.png","width":5000,"height":1500,"caption":"Kapitalis"},"image":{"@id":"https:\/\/kapitalis.com\/tunisie\/#\/schema\/logo\/image\/"},"sameAs":["https:\/\/www.facebook.com\/KapitalisInfo\/","https:\/\/x.com\/KapitalisInfo","https:\/\/www.youtube.com\/channel\/UC-yDYrHyfFBWWZaOw3FPg9Q"]},{"@type":"Person","@id":"https:\/\/kapitalis.com\/tunisie\/#\/schema\/person\/d71f33a9ca44f7bad4698210b480c8e9","name":"webmaster kapitalis","url":"https:\/\/kapitalis.com\/tunisie\/author\/webmaster-kapitalis\/"}]}},"_links":{"self":[{"href":"https:\/\/kapitalis.com\/tunisie\/wp-json\/wp\/v2\/posts\/346838","targetHints":{"allow":["GET"]}}],"collection":[{"href":"https:\/\/kapitalis.com\/tunisie\/wp-json\/wp\/v2\/posts"}],"about":[{"href":"https:\/\/kapitalis.com\/tunisie\/wp-json\/wp\/v2\/types\/post"}],"author":[{"embeddable":true,"href":"https:\/\/kapitalis.com\/tunisie\/wp-json\/wp\/v2\/users\/8"}],"replies":[{"embeddable":true,"href":"https:\/\/kapitalis.com\/tunisie\/wp-json\/wp\/v2\/comments?post=346838"}],"version-history":[{"count":0,"href":"https:\/\/kapitalis.com\/tunisie\/wp-json\/wp\/v2\/posts\/346838\/revisions"}],"wp:attachment":[{"href":"https:\/\/kapitalis.com\/tunisie\/wp-json\/wp\/v2\/media?parent=346838"}],"wp:term":[{"taxonomy":"category","embeddable":true,"href":"https:\/\/kapitalis.com\/tunisie\/wp-json\/wp\/v2\/categories?post=346838"},{"taxonomy":"post_tag","embeddable":true,"href":"https:\/\/kapitalis.com\/tunisie\/wp-json\/wp\/v2\/tags?post=346838"}],"curies":[{"name":"wp","href":"https:\/\/api.w.org\/{rel}","templated":true}]}}