{"id":346851,"date":"2021-04-26T10:08:41","date_gmt":"2021-04-26T09:08:41","guid":{"rendered":"http:\/\/kapitalis.com\/tunisie\/?p=346851"},"modified":"2021-04-26T10:08:51","modified_gmt":"2021-04-26T09:08:51","slug":"tunisie-covid-19-les-forces-de-lordre-seront-vaccines-a-partir-de-lundi-26-avril","status":"publish","type":"post","link":"https:\/\/kapitalis.com\/tunisie\/2021\/04\/26\/tunisie-covid-19-les-forces-de-lordre-seront-vaccines-a-partir-de-lundi-26-avril\/","title":{"rendered":"Tunisie &#8211; Covid-19 : Les forces de l&rsquo;ordre seront vaccin\u00e9s \u00e0 partir de lundi 26 avril"},"content":{"rendered":"\n<figure class=\"wp-block-image size-large\"><img decoding=\"async\" src=\"http:\/\/kapitalis.com\/tunisie\/wp-content\/uploads\/2019\/11\/Police-..jpg\" alt=\"\" class=\"wp-image-258062\"\/><\/figure>\n\n\n\n<p><em><strong>Apr\u00e8s les professionnels de la sant\u00e9, les policiers. Ces derniers commenceront \u00e0 recevoir le vaccin anti-Covid-19 ce lundi, 26 avril 2021. Le chef du gouvernement et ministre de l&rsquo;Int\u00e9rieur par int\u00e9rim, Hichem Mechichi, supervisera le lancement de cette campagne de vaccination qui concerne les\u00a0unit\u00e9s des forces de s\u00e9curit\u00e9 int\u00e9rieure.<\/strong><\/em><\/p>\n\n\n\n<!--more-->\n\n\n\n<p>Pour rappel, Mechichi a lui-m\u00eame re\u00e7u la premi\u00e8re dose du vaccin la semaine derni\u00e8re.<\/p>\n\n\n\n<p>Selon la derni\u00e8re mise \u00e0 jour du minist\u00e8re de la Sant\u00e9 publique, plus de 306.000 Tunisiens ont re\u00e7u au moins la premi\u00e8re dose du vaccin. Parmi eux, plus de 62.000 en ont \u00e9galement re\u00e7u la seconde dose.<\/p>\n\n\n\n<p>Les personnes \u00e2g\u00e9es de plus de 75 ans et les professionnels de la sant\u00e9, puis les personnes \u00e2g\u00e9es entre 60 et 75 ans ont \u00e9t\u00e9 les premiers \u00e0 se faire vacciner, conform\u00e9ment \u00e0 l&rsquo;ordre de priorit\u00e9 fix\u00e9 par le gouvernement. <\/p>\n\n\n\n<p>D\u00e9sormais, \u00e7a sera le tour des personnes \u00e2g\u00e9es entre 18 et 60 ans souffrant de maladies chroniques, des professionnels dans les services de base, des forces arm\u00e9es, des enseignants et des employ\u00e9s des soci\u00e9t\u00e9s de transport.<\/p>\n\n\n\n<p>Par la suite, le vaccin sera administr\u00e9 \u00e0 ceux qui sont en contact avec des personnes \u00e0 risque, puis au reste de la population \u00e2g\u00e9e entre 18 et 60 ans. Pour le moment, pour des raisons sanitaires, le vaccin est interdit aux moins de 18 ans.<\/p>\n\n\n\n<p class=\"has-text-align-right\"><strong>C. B. Y.<\/strong><\/p>\n","protected":false},"excerpt":{"rendered":"<p>Apr\u00e8s les professionnels de la sant\u00e9, les policiers. Ces derniers commenceront \u00e0 recevoir le vaccin anti-Covid-19 ce lundi, 26 avril 2021. Le chef du gouvernement et ministre de l&rsquo;Int\u00e9rieur par int\u00e9rim, Hichem Mechichi, supervisera le lancement de cette campagne de vaccination qui concerne les\u00a0unit\u00e9s des forces de s\u00e9curit\u00e9 int\u00e9rieure.<\/p>\n","protected":false},"author":24,"featured_media":0,"comment_status":"open","ping_status":"open","sticky":false,"template":"","format":"standard","meta":{"footnotes":""},"categories":[998,2433],"tags":[74899,84690],"class_list":["post-346851","post","type-post","status-publish","format-standard","hentry","category-societe","category-tunisie","tag-hichem-mechichi","tag-vaccin-covid-19"],"yoast_head":"<!-- This site is optimized with the Yoast SEO plugin v26.6 - https:\/\/yoast.com\/wordpress\/plugins\/seo\/ -->\n<title>Tunisie - Covid-19 : Les forces de l&#039;ordre seront vaccin\u00e9s \u00e0 partir de lundi 26 avril - Kapitalis<\/title>\n<meta name=\"robots\" content=\"index, follow, max-snippet:-1, max-image-preview:large, max-video-preview:-1\" \/>\n<link rel=\"canonical\" href=\"https:\/\/kapitalis.com\/tunisie\/2021\/04\/26\/tunisie-covid-19-les-forces-de-lordre-seront-vaccines-a-partir-de-lundi-26-avril\/\" \/>\n<meta property=\"og:locale\" content=\"fr_FR\" \/>\n<meta property=\"og:type\" content=\"article\" \/>\n<meta property=\"og:title\" content=\"Tunisie - Covid-19 : Les forces de l&#039;ordre seront vaccin\u00e9s \u00e0 partir de lundi 26 avril - Kapitalis\" \/>\n<meta property=\"og:description\" content=\"Apr\u00e8s les professionnels de la sant\u00e9, les policiers. Ces derniers commenceront \u00e0 recevoir le vaccin anti-Covid-19 ce lundi, 26 avril 2021. Le chef du gouvernement et ministre de l&rsquo;Int\u00e9rieur par int\u00e9rim, Hichem Mechichi, supervisera le lancement de cette campagne de vaccination qui concerne les\u00a0unit\u00e9s des forces de s\u00e9curit\u00e9 int\u00e9rieure.\" \/>\n<meta property=\"og:url\" content=\"https:\/\/kapitalis.com\/tunisie\/2021\/04\/26\/tunisie-covid-19-les-forces-de-lordre-seront-vaccines-a-partir-de-lundi-26-avril\/\" \/>\n<meta property=\"og:site_name\" content=\"Kapitalis\" \/>\n<meta property=\"article:publisher\" content=\"https:\/\/www.facebook.com\/KapitalisInfo\/\" \/>\n<meta property=\"article:published_time\" content=\"2021-04-26T09:08:41+00:00\" \/>\n<meta property=\"article:modified_time\" content=\"2021-04-26T09:08:51+00:00\" \/>\n<meta property=\"og:image\" content=\"http:\/\/kapitalis.com\/tunisie\/wp-content\/uploads\/2019\/11\/Police-..jpg\" \/>\n<meta name=\"author\" content=\"Cherif Benyounes\" \/>\n<meta name=\"twitter:card\" content=\"summary_large_image\" \/>\n<meta name=\"twitter:creator\" content=\"@KapitalisInfo\" \/>\n<meta name=\"twitter:site\" content=\"@KapitalisInfo\" \/>\n<meta name=\"twitter:label1\" content=\"\u00c9crit par\" \/>\n\t<meta name=\"twitter:data1\" content=\"Cherif Benyounes\" \/>\n\t<meta name=\"twitter:label2\" content=\"Dur\u00e9e de lecture estim\u00e9e\" \/>\n\t<meta name=\"twitter:data2\" content=\"1 minute\" \/>\n<script type=\"application\/ld+json\" class=\"yoast-schema-graph\">{\"@context\":\"https:\/\/schema.org\",\"@graph\":[{\"@type\":\"Article\",\"@id\":\"https:\/\/kapitalis.com\/tunisie\/2021\/04\/26\/tunisie-covid-19-les-forces-de-lordre-seront-vaccines-a-partir-de-lundi-26-avril\/#article\",\"isPartOf\":{\"@id\":\"https:\/\/kapitalis.com\/tunisie\/2021\/04\/26\/tunisie-covid-19-les-forces-de-lordre-seront-vaccines-a-partir-de-lundi-26-avril\/\"},\"author\":{\"name\":\"Cherif Benyounes\",\"@id\":\"https:\/\/kapitalis.com\/tunisie\/#\/schema\/person\/b35b8d631961131107263178aeb8019e\"},\"headline\":\"Tunisie &#8211; Covid-19 : Les forces de l&rsquo;ordre seront vaccin\u00e9s \u00e0 partir de lundi 26 avril\",\"datePublished\":\"2021-04-26T09:08:41+00:00\",\"dateModified\":\"2021-04-26T09:08:51+00:00\",\"mainEntityOfPage\":{\"@id\":\"https:\/\/kapitalis.com\/tunisie\/2021\/04\/26\/tunisie-covid-19-les-forces-de-lordre-seront-vaccines-a-partir-de-lundi-26-avril\/\"},\"wordCount\":247,\"commentCount\":1,\"publisher\":{\"@id\":\"https:\/\/kapitalis.com\/tunisie\/#organization\"},\"image\":{\"@id\":\"https:\/\/kapitalis.com\/tunisie\/2021\/04\/26\/tunisie-covid-19-les-forces-de-lordre-seront-vaccines-a-partir-de-lundi-26-avril\/#primaryimage\"},\"thumbnailUrl\":\"http:\/\/kapitalis.com\/tunisie\/wp-content\/uploads\/2019\/11\/Police-..jpg\",\"keywords\":[\"Hichem Mechichi\",\"vaccin covid-19\"],\"articleSection\":[\"SOCIETE\",\"Tunisie\"],\"inLanguage\":\"fr-FR\",\"potentialAction\":[{\"@type\":\"CommentAction\",\"name\":\"Comment\",\"target\":[\"https:\/\/kapitalis.com\/tunisie\/2021\/04\/26\/tunisie-covid-19-les-forces-de-lordre-seront-vaccines-a-partir-de-lundi-26-avril\/#respond\"]}]},{\"@type\":\"WebPage\",\"@id\":\"https:\/\/kapitalis.com\/tunisie\/2021\/04\/26\/tunisie-covid-19-les-forces-de-lordre-seront-vaccines-a-partir-de-lundi-26-avril\/\",\"url\":\"https:\/\/kapitalis.com\/tunisie\/2021\/04\/26\/tunisie-covid-19-les-forces-de-lordre-seront-vaccines-a-partir-de-lundi-26-avril\/\",\"name\":\"Tunisie - Covid-19 : Les forces de l'ordre seront vaccin\u00e9s \u00e0 partir de lundi 26 avril - Kapitalis\",\"isPartOf\":{\"@id\":\"https:\/\/kapitalis.com\/tunisie\/#website\"},\"primaryImageOfPage\":{\"@id\":\"https:\/\/kapitalis.com\/tunisie\/2021\/04\/26\/tunisie-covid-19-les-forces-de-lordre-seront-vaccines-a-partir-de-lundi-26-avril\/#primaryimage\"},\"image\":{\"@id\":\"https:\/\/kapitalis.com\/tunisie\/2021\/04\/26\/tunisie-covid-19-les-forces-de-lordre-seront-vaccines-a-partir-de-lundi-26-avril\/#primaryimage\"},\"thumbnailUrl\":\"http:\/\/kapitalis.com\/tunisie\/wp-content\/uploads\/2019\/11\/Police-..jpg\",\"datePublished\":\"2021-04-26T09:08:41+00:00\",\"dateModified\":\"2021-04-26T09:08:51+00:00\",\"breadcrumb\":{\"@id\":\"https:\/\/kapitalis.com\/tunisie\/2021\/04\/26\/tunisie-covid-19-les-forces-de-lordre-seront-vaccines-a-partir-de-lundi-26-avril\/#breadcrumb\"},\"inLanguage\":\"fr-FR\",\"potentialAction\":[{\"@type\":\"ReadAction\",\"target\":[\"https:\/\/kapitalis.com\/tunisie\/2021\/04\/26\/tunisie-covid-19-les-forces-de-lordre-seront-vaccines-a-partir-de-lundi-26-avril\/\"]}]},{\"@type\":\"ImageObject\",\"inLanguage\":\"fr-FR\",\"@id\":\"https:\/\/kapitalis.com\/tunisie\/2021\/04\/26\/tunisie-covid-19-les-forces-de-lordre-seront-vaccines-a-partir-de-lundi-26-avril\/#primaryimage\",\"url\":\"\",\"contentUrl\":\"\"},{\"@type\":\"BreadcrumbList\",\"@id\":\"https:\/\/kapitalis.com\/tunisie\/2021\/04\/26\/tunisie-covid-19-les-forces-de-lordre-seront-vaccines-a-partir-de-lundi-26-avril\/#breadcrumb\",\"itemListElement\":[{\"@type\":\"ListItem\",\"position\":1,\"name\":\"Accueil\",\"item\":\"https:\/\/kapitalis.com\/tunisie\/\"},{\"@type\":\"ListItem\",\"position\":2,\"name\":\"Tunisie &#8211; Covid-19 : Les forces de l&rsquo;ordre seront vaccin\u00e9s \u00e0 partir de lundi 26 avril\"}]},{\"@type\":\"WebSite\",\"@id\":\"https:\/\/kapitalis.com\/tunisie\/#website\",\"url\":\"https:\/\/kapitalis.com\/tunisie\/\",\"name\":\"Kapitalis\",\"description\":\"L&#039;actualit\u00e9 en Tunisie et dans le monde\",\"publisher\":{\"@id\":\"https:\/\/kapitalis.com\/tunisie\/#organization\"},\"potentialAction\":[{\"@type\":\"SearchAction\",\"target\":{\"@type\":\"EntryPoint\",\"urlTemplate\":\"https:\/\/kapitalis.com\/tunisie\/?s={search_term_string}\"},\"query-input\":{\"@type\":\"PropertyValueSpecification\",\"valueRequired\":true,\"valueName\":\"search_term_string\"}}],\"inLanguage\":\"fr-FR\"},{\"@type\":\"Organization\",\"@id\":\"https:\/\/kapitalis.com\/tunisie\/#organization\",\"name\":\"Kapitalis\",\"url\":\"https:\/\/kapitalis.com\/tunisie\/\",\"logo\":{\"@type\":\"ImageObject\",\"inLanguage\":\"fr-FR\",\"@id\":\"https:\/\/kapitalis.com\/tunisie\/#\/schema\/logo\/image\/\",\"url\":\"https:\/\/kapitalis.com\/tunisie\/wp-content\/uploads\/2022\/05\/Kapitalis-big-size.png\",\"contentUrl\":\"https:\/\/kapitalis.com\/tunisie\/wp-content\/uploads\/2022\/05\/Kapitalis-big-size.png\",\"width\":5000,\"height\":1500,\"caption\":\"Kapitalis\"},\"image\":{\"@id\":\"https:\/\/kapitalis.com\/tunisie\/#\/schema\/logo\/image\/\"},\"sameAs\":[\"https:\/\/www.facebook.com\/KapitalisInfo\/\",\"https:\/\/x.com\/KapitalisInfo\",\"https:\/\/www.youtube.com\/channel\/UC-yDYrHyfFBWWZaOw3FPg9Q\"]},{\"@type\":\"Person\",\"@id\":\"https:\/\/kapitalis.com\/tunisie\/#\/schema\/person\/b35b8d631961131107263178aeb8019e\",\"name\":\"Cherif Benyounes\",\"url\":\"https:\/\/kapitalis.com\/tunisie\/author\/cherif\/\"}]}<\/script>\n<!-- \/ Yoast SEO plugin. -->","yoast_head_json":{"title":"Tunisie - Covid-19 : Les forces de l'ordre seront vaccin\u00e9s \u00e0 partir de lundi 26 avril - Kapitalis","robots":{"index":"index","follow":"follow","max-snippet":"max-snippet:-1","max-image-preview":"max-image-preview:large","max-video-preview":"max-video-preview:-1"},"canonical":"https:\/\/kapitalis.com\/tunisie\/2021\/04\/26\/tunisie-covid-19-les-forces-de-lordre-seront-vaccines-a-partir-de-lundi-26-avril\/","og_locale":"fr_FR","og_type":"article","og_title":"Tunisie - Covid-19 : Les forces de l'ordre seront vaccin\u00e9s \u00e0 partir de lundi 26 avril - Kapitalis","og_description":"Apr\u00e8s les professionnels de la sant\u00e9, les policiers. Ces derniers commenceront \u00e0 recevoir le vaccin anti-Covid-19 ce lundi, 26 avril 2021. Le chef du gouvernement et ministre de l&rsquo;Int\u00e9rieur par int\u00e9rim, Hichem Mechichi, supervisera le lancement de cette campagne de vaccination qui concerne les\u00a0unit\u00e9s des forces de s\u00e9curit\u00e9 int\u00e9rieure.","og_url":"https:\/\/kapitalis.com\/tunisie\/2021\/04\/26\/tunisie-covid-19-les-forces-de-lordre-seront-vaccines-a-partir-de-lundi-26-avril\/","og_site_name":"Kapitalis","article_publisher":"https:\/\/www.facebook.com\/KapitalisInfo\/","article_published_time":"2021-04-26T09:08:41+00:00","article_modified_time":"2021-04-26T09:08:51+00:00","og_image":[{"url":"http:\/\/kapitalis.com\/tunisie\/wp-content\/uploads\/2019\/11\/Police-..jpg","type":"","width":"","height":""}],"author":"Cherif Benyounes","twitter_card":"summary_large_image","twitter_creator":"@KapitalisInfo","twitter_site":"@KapitalisInfo","twitter_misc":{"\u00c9crit par":"Cherif Benyounes","Dur\u00e9e de lecture estim\u00e9e":"1 minute"},"schema":{"@context":"https:\/\/schema.org","@graph":[{"@type":"Article","@id":"https:\/\/kapitalis.com\/tunisie\/2021\/04\/26\/tunisie-covid-19-les-forces-de-lordre-seront-vaccines-a-partir-de-lundi-26-avril\/#article","isPartOf":{"@id":"https:\/\/kapitalis.com\/tunisie\/2021\/04\/26\/tunisie-covid-19-les-forces-de-lordre-seront-vaccines-a-partir-de-lundi-26-avril\/"},"author":{"name":"Cherif Benyounes","@id":"https:\/\/kapitalis.com\/tunisie\/#\/schema\/person\/b35b8d631961131107263178aeb8019e"},"headline":"Tunisie &#8211; Covid-19 : Les forces de l&rsquo;ordre seront vaccin\u00e9s \u00e0 partir de lundi 26 avril","datePublished":"2021-04-26T09:08:41+00:00","dateModified":"2021-04-26T09:08:51+00:00","mainEntityOfPage":{"@id":"https:\/\/kapitalis.com\/tunisie\/2021\/04\/26\/tunisie-covid-19-les-forces-de-lordre-seront-vaccines-a-partir-de-lundi-26-avril\/"},"wordCount":247,"commentCount":1,"publisher":{"@id":"https:\/\/kapitalis.com\/tunisie\/#organization"},"image":{"@id":"https:\/\/kapitalis.com\/tunisie\/2021\/04\/26\/tunisie-covid-19-les-forces-de-lordre-seront-vaccines-a-partir-de-lundi-26-avril\/#primaryimage"},"thumbnailUrl":"http:\/\/kapitalis.com\/tunisie\/wp-content\/uploads\/2019\/11\/Police-..jpg","keywords":["Hichem Mechichi","vaccin covid-19"],"articleSection":["SOCIETE","Tunisie"],"inLanguage":"fr-FR","potentialAction":[{"@type":"CommentAction","name":"Comment","target":["https:\/\/kapitalis.com\/tunisie\/2021\/04\/26\/tunisie-covid-19-les-forces-de-lordre-seront-vaccines-a-partir-de-lundi-26-avril\/#respond"]}]},{"@type":"WebPage","@id":"https:\/\/kapitalis.com\/tunisie\/2021\/04\/26\/tunisie-covid-19-les-forces-de-lordre-seront-vaccines-a-partir-de-lundi-26-avril\/","url":"https:\/\/kapitalis.com\/tunisie\/2021\/04\/26\/tunisie-covid-19-les-forces-de-lordre-seront-vaccines-a-partir-de-lundi-26-avril\/","name":"Tunisie - Covid-19 : Les forces de l'ordre seront vaccin\u00e9s \u00e0 partir de lundi 26 avril - Kapitalis","isPartOf":{"@id":"https:\/\/kapitalis.com\/tunisie\/#website"},"primaryImageOfPage":{"@id":"https:\/\/kapitalis.com\/tunisie\/2021\/04\/26\/tunisie-covid-19-les-forces-de-lordre-seront-vaccines-a-partir-de-lundi-26-avril\/#primaryimage"},"image":{"@id":"https:\/\/kapitalis.com\/tunisie\/2021\/04\/26\/tunisie-covid-19-les-forces-de-lordre-seront-vaccines-a-partir-de-lundi-26-avril\/#primaryimage"},"thumbnailUrl":"http:\/\/kapitalis.com\/tunisie\/wp-content\/uploads\/2019\/11\/Police-..jpg","datePublished":"2021-04-26T09:08:41+00:00","dateModified":"2021-04-26T09:08:51+00:00","breadcrumb":{"@id":"https:\/\/kapitalis.com\/tunisie\/2021\/04\/26\/tunisie-covid-19-les-forces-de-lordre-seront-vaccines-a-partir-de-lundi-26-avril\/#breadcrumb"},"inLanguage":"fr-FR","potentialAction":[{"@type":"ReadAction","target":["https:\/\/kapitalis.com\/tunisie\/2021\/04\/26\/tunisie-covid-19-les-forces-de-lordre-seront-vaccines-a-partir-de-lundi-26-avril\/"]}]},{"@type":"ImageObject","inLanguage":"fr-FR","@id":"https:\/\/kapitalis.com\/tunisie\/2021\/04\/26\/tunisie-covid-19-les-forces-de-lordre-seront-vaccines-a-partir-de-lundi-26-avril\/#primaryimage","url":"","contentUrl":""},{"@type":"BreadcrumbList","@id":"https:\/\/kapitalis.com\/tunisie\/2021\/04\/26\/tunisie-covid-19-les-forces-de-lordre-seront-vaccines-a-partir-de-lundi-26-avril\/#breadcrumb","itemListElement":[{"@type":"ListItem","position":1,"name":"Accueil","item":"https:\/\/kapitalis.com\/tunisie\/"},{"@type":"ListItem","position":2,"name":"Tunisie &#8211; Covid-19 : Les forces de l&rsquo;ordre seront vaccin\u00e9s \u00e0 partir de lundi 26 avril"}]},{"@type":"WebSite","@id":"https:\/\/kapitalis.com\/tunisie\/#website","url":"https:\/\/kapitalis.com\/tunisie\/","name":"Kapitalis","description":"L&#039;actualit\u00e9 en Tunisie et dans le monde","publisher":{"@id":"https:\/\/kapitalis.com\/tunisie\/#organization"},"potentialAction":[{"@type":"SearchAction","target":{"@type":"EntryPoint","urlTemplate":"https:\/\/kapitalis.com\/tunisie\/?s={search_term_string}"},"query-input":{"@type":"PropertyValueSpecification","valueRequired":true,"valueName":"search_term_string"}}],"inLanguage":"fr-FR"},{"@type":"Organization","@id":"https:\/\/kapitalis.com\/tunisie\/#organization","name":"Kapitalis","url":"https:\/\/kapitalis.com\/tunisie\/","logo":{"@type":"ImageObject","inLanguage":"fr-FR","@id":"https:\/\/kapitalis.com\/tunisie\/#\/schema\/logo\/image\/","url":"https:\/\/kapitalis.com\/tunisie\/wp-content\/uploads\/2022\/05\/Kapitalis-big-size.png","contentUrl":"https:\/\/kapitalis.com\/tunisie\/wp-content\/uploads\/2022\/05\/Kapitalis-big-size.png","width":5000,"height":1500,"caption":"Kapitalis"},"image":{"@id":"https:\/\/kapitalis.com\/tunisie\/#\/schema\/logo\/image\/"},"sameAs":["https:\/\/www.facebook.com\/KapitalisInfo\/","https:\/\/x.com\/KapitalisInfo","https:\/\/www.youtube.com\/channel\/UC-yDYrHyfFBWWZaOw3FPg9Q"]},{"@type":"Person","@id":"https:\/\/kapitalis.com\/tunisie\/#\/schema\/person\/b35b8d631961131107263178aeb8019e","name":"Cherif Benyounes","url":"https:\/\/kapitalis.com\/tunisie\/author\/cherif\/"}]}},"_links":{"self":[{"href":"https:\/\/kapitalis.com\/tunisie\/wp-json\/wp\/v2\/posts\/346851","targetHints":{"allow":["GET"]}}],"collection":[{"href":"https:\/\/kapitalis.com\/tunisie\/wp-json\/wp\/v2\/posts"}],"about":[{"href":"https:\/\/kapitalis.com\/tunisie\/wp-json\/wp\/v2\/types\/post"}],"author":[{"embeddable":true,"href":"https:\/\/kapitalis.com\/tunisie\/wp-json\/wp\/v2\/users\/24"}],"replies":[{"embeddable":true,"href":"https:\/\/kapitalis.com\/tunisie\/wp-json\/wp\/v2\/comments?post=346851"}],"version-history":[{"count":0,"href":"https:\/\/kapitalis.com\/tunisie\/wp-json\/wp\/v2\/posts\/346851\/revisions"}],"wp:attachment":[{"href":"https:\/\/kapitalis.com\/tunisie\/wp-json\/wp\/v2\/media?parent=346851"}],"wp:term":[{"taxonomy":"category","embeddable":true,"href":"https:\/\/kapitalis.com\/tunisie\/wp-json\/wp\/v2\/categories?post=346851"},{"taxonomy":"post_tag","embeddable":true,"href":"https:\/\/kapitalis.com\/tunisie\/wp-json\/wp\/v2\/tags?post=346851"}],"curies":[{"name":"wp","href":"https:\/\/api.w.org\/{rel}","templated":true}]}}