{"id":346934,"date":"2021-04-26T16:41:43","date_gmt":"2021-04-26T15:41:43","guid":{"rendered":"http:\/\/kapitalis.com\/tunisie\/?p=346934"},"modified":"2021-04-26T16:41:54","modified_gmt":"2021-04-26T15:41:54","slug":"tunisie-coronavirus-hichem-mechichi-reitere-son-rejet-de-lidee-dun-confinement-general","status":"publish","type":"post","link":"https:\/\/kapitalis.com\/tunisie\/2021\/04\/26\/tunisie-coronavirus-hichem-mechichi-reitere-son-rejet-de-lidee-dun-confinement-general\/","title":{"rendered":"Tunisie &#8211; Coronavirus : Hichem Mechichi r\u00e9it\u00e8re son rejet de l&rsquo;id\u00e9e d&rsquo;un confinement g\u00e9n\u00e9ral"},"content":{"rendered":"\n<figure class=\"wp-block-image size-large\"><img decoding=\"async\" src=\"http:\/\/kapitalis.com\/tunisie\/wp-content\/uploads\/2020\/09\/hichem-mechichi-1.jpg\" alt=\"\" class=\"wp-image-318607\"\/><\/figure>\n\n\n\n<p><strong><em>Malgr\u00e9 la d\u00e9t\u00e9rioration de la situation sanitaire en Tunisie, le chef du gouvernement, Hichem Mechichi n&rsquo;a pas chang\u00e9 d&rsquo;avis concernant l&rsquo;id\u00e9e de mettre en place un confinement g\u00e9n\u00e9ral visant \u00e0 endiguer la propagation de la Covid-19, comme lors du printemps 2020. Pour, cette hypoth\u00e8se n&rsquo;est pas (encore) envisageable \u00e0 l&rsquo;heure actuelle. Et pour cause&#8230;<\/em><\/strong><\/p>\n\n\n\n<!--more-->\n\n\n\n<p>En marge du coup d\u2019envoi de la <a href=\"http:\/\/kapitalis.com\/tunisie\/2021\/04\/26\/tunisie-covid-19-les-forces-de-lordre-seront-vaccines-a-partir-de-lundi-26-avril\/\"><strong>campagne de vaccination des forces de s\u00e9curit\u00e9 int\u00e9rieure<\/strong><\/a>, ce lundi 26 avril 2021, Mechichi a logiquement invoqu\u00e9 les raisons \u00e9conomiques pour justifier son rejet de l&rsquo;id\u00e9e d&rsquo;un reconfinement g\u00e9n\u00e9ral.<\/p>\n\n\n\n<p>Tout en reconnaissant la criticit\u00e9 de la situation \u00e9pid\u00e9miologique du pays et en assurant que la pr\u00e9servation de la sant\u00e9 des Tunisiens est une question primordiale, le chef du gouvernement a soulign\u00e9 l&rsquo;importance de garantir une activit\u00e9 \u00e9conomique minimale. Il a, dans ce sens, privil\u00e9gi\u00e9 l&rsquo;option \u00ab<em>confinement cibl\u00e9<\/em>\u00bb.<\/p>\n\n\n\n<p>Mechichi a, par ailleurs, indiqu\u00e9 qu\u2019une \u00e9quipe de travail \u00e0 la pr\u00e9sidence du gouvernement et au minist\u00e8re de la Sant\u00e9 \u0153uvre pr\u00e9sentement \u00e0 affiner les crit\u00e8res de priorit\u00e9 pour la r\u00e9ception du vaccin, en d\u00e9terminant les secteurs dont les processionnels sont plus expos\u00e9s que les autres au virus.<\/p>\n\n\n\n<p>Les professionnels du tourisme, les gouverneurs, les d\u00e9l\u00e9gu\u00e9s ainsi que les journalistes qui travaillant sur terrain pourraient en faire partie. <\/p>\n\n\n\n<p>Le chef du gouvernement a ajout\u00e9 qu&rsquo;\u00e0 les conclusions de cette \u00e9quipe seront soumises au comit\u00e9 directeur de la campagne de vaccination afin de lui permettre d&rsquo;ajuster sa strat\u00e9gie de vaccination.<\/p>\n\n\n\n<p>Rappelons que des membres du comit\u00e9 scientifique de lutte contre la Covid-19 recommandent, depuis plusieurs semaines, le recours \u00e0 un confinement g\u00e9n\u00e9ral d&rsquo;au moins une dizaine de jours afin de casser les cha\u00eenes de contamination et ainsi diminuer la pression subie par les \u00e9tablissements sanitaires.<\/p>\n\n\n\n<p class=\"has-text-align-right\"><strong>C. B. Y.<\/strong><\/p>\n","protected":false},"excerpt":{"rendered":"<p>Malgr\u00e9 la d\u00e9t\u00e9rioration de la situation sanitaire en Tunisie, le chef du gouvernement, Hichem Mechichi n&rsquo;a pas chang\u00e9 d&rsquo;avis concernant l&rsquo;id\u00e9e de mettre en place un confinement g\u00e9n\u00e9ral visant \u00e0 endiguer la propagation de la Covid-19, comme lors du printemps 2020. Pour, cette hypoth\u00e8se n&rsquo;est pas (encore) envisageable \u00e0 l&rsquo;heure actuelle. Et pour cause&#8230;<\/p>\n","protected":false},"author":24,"featured_media":0,"comment_status":"open","ping_status":"open","sticky":false,"template":"","format":"standard","meta":{"footnotes":""},"categories":[997,998,2433],"tags":[76890,73060,74899],"class_list":["post-346934","post","type-post","status-publish","format-standard","hentry","category-politique","category-societe","category-tunisie","tag-confinement-general","tag-coronavirus","tag-hichem-mechichi"],"yoast_head":"<!-- This site is optimized with the Yoast SEO plugin v26.6 - https:\/\/yoast.com\/wordpress\/plugins\/seo\/ -->\n<title>Tunisie - Coronavirus : Hichem Mechichi r\u00e9it\u00e8re son rejet de l&#039;id\u00e9e d&#039;un confinement g\u00e9n\u00e9ral - Kapitalis<\/title>\n<meta name=\"robots\" content=\"index, follow, max-snippet:-1, max-image-preview:large, max-video-preview:-1\" \/>\n<link rel=\"canonical\" href=\"https:\/\/kapitalis.com\/tunisie\/2021\/04\/26\/tunisie-coronavirus-hichem-mechichi-reitere-son-rejet-de-lidee-dun-confinement-general\/\" \/>\n<meta property=\"og:locale\" content=\"fr_FR\" \/>\n<meta property=\"og:type\" content=\"article\" \/>\n<meta property=\"og:title\" content=\"Tunisie - Coronavirus : Hichem Mechichi r\u00e9it\u00e8re son rejet de l&#039;id\u00e9e d&#039;un confinement g\u00e9n\u00e9ral - Kapitalis\" \/>\n<meta property=\"og:description\" content=\"Malgr\u00e9 la d\u00e9t\u00e9rioration de la situation sanitaire en Tunisie, le chef du gouvernement, Hichem Mechichi n&rsquo;a pas chang\u00e9 d&rsquo;avis concernant l&rsquo;id\u00e9e de mettre en place un confinement g\u00e9n\u00e9ral visant \u00e0 endiguer la propagation de la Covid-19, comme lors du printemps 2020. Pour, cette hypoth\u00e8se n&rsquo;est pas (encore) envisageable \u00e0 l&rsquo;heure actuelle. Et pour cause&#8230;\" \/>\n<meta property=\"og:url\" content=\"https:\/\/kapitalis.com\/tunisie\/2021\/04\/26\/tunisie-coronavirus-hichem-mechichi-reitere-son-rejet-de-lidee-dun-confinement-general\/\" \/>\n<meta property=\"og:site_name\" content=\"Kapitalis\" \/>\n<meta property=\"article:publisher\" content=\"https:\/\/www.facebook.com\/KapitalisInfo\/\" \/>\n<meta property=\"article:published_time\" content=\"2021-04-26T15:41:43+00:00\" \/>\n<meta property=\"article:modified_time\" content=\"2021-04-26T15:41:54+00:00\" \/>\n<meta property=\"og:image\" content=\"http:\/\/kapitalis.com\/tunisie\/wp-content\/uploads\/2020\/09\/hichem-mechichi-1.jpg\" \/>\n<meta name=\"author\" content=\"Cherif Benyounes\" \/>\n<meta name=\"twitter:card\" content=\"summary_large_image\" \/>\n<meta name=\"twitter:creator\" content=\"@KapitalisInfo\" \/>\n<meta name=\"twitter:site\" content=\"@KapitalisInfo\" \/>\n<meta name=\"twitter:label1\" content=\"\u00c9crit par\" \/>\n\t<meta name=\"twitter:data1\" content=\"Cherif Benyounes\" \/>\n\t<meta name=\"twitter:label2\" content=\"Dur\u00e9e de lecture estim\u00e9e\" \/>\n\t<meta name=\"twitter:data2\" content=\"2 minutes\" \/>\n<script type=\"application\/ld+json\" class=\"yoast-schema-graph\">{\"@context\":\"https:\/\/schema.org\",\"@graph\":[{\"@type\":\"Article\",\"@id\":\"https:\/\/kapitalis.com\/tunisie\/2021\/04\/26\/tunisie-coronavirus-hichem-mechichi-reitere-son-rejet-de-lidee-dun-confinement-general\/#article\",\"isPartOf\":{\"@id\":\"https:\/\/kapitalis.com\/tunisie\/2021\/04\/26\/tunisie-coronavirus-hichem-mechichi-reitere-son-rejet-de-lidee-dun-confinement-general\/\"},\"author\":{\"name\":\"Cherif Benyounes\",\"@id\":\"https:\/\/kapitalis.com\/tunisie\/#\/schema\/person\/b35b8d631961131107263178aeb8019e\"},\"headline\":\"Tunisie &#8211; Coronavirus : Hichem Mechichi r\u00e9it\u00e8re son rejet de l&rsquo;id\u00e9e d&rsquo;un confinement g\u00e9n\u00e9ral\",\"datePublished\":\"2021-04-26T15:41:43+00:00\",\"dateModified\":\"2021-04-26T15:41:54+00:00\",\"mainEntityOfPage\":{\"@id\":\"https:\/\/kapitalis.com\/tunisie\/2021\/04\/26\/tunisie-coronavirus-hichem-mechichi-reitere-son-rejet-de-lidee-dun-confinement-general\/\"},\"wordCount\":325,\"commentCount\":1,\"publisher\":{\"@id\":\"https:\/\/kapitalis.com\/tunisie\/#organization\"},\"image\":{\"@id\":\"https:\/\/kapitalis.com\/tunisie\/2021\/04\/26\/tunisie-coronavirus-hichem-mechichi-reitere-son-rejet-de-lidee-dun-confinement-general\/#primaryimage\"},\"thumbnailUrl\":\"http:\/\/kapitalis.com\/tunisie\/wp-content\/uploads\/2020\/09\/hichem-mechichi-1.jpg\",\"keywords\":[\"confinement g\u00e9n\u00e9ral\",\"Coronavirus\",\"Hichem Mechichi\"],\"articleSection\":[\"POLITIQUE\",\"SOCIETE\",\"Tunisie\"],\"inLanguage\":\"fr-FR\",\"potentialAction\":[{\"@type\":\"CommentAction\",\"name\":\"Comment\",\"target\":[\"https:\/\/kapitalis.com\/tunisie\/2021\/04\/26\/tunisie-coronavirus-hichem-mechichi-reitere-son-rejet-de-lidee-dun-confinement-general\/#respond\"]}]},{\"@type\":\"WebPage\",\"@id\":\"https:\/\/kapitalis.com\/tunisie\/2021\/04\/26\/tunisie-coronavirus-hichem-mechichi-reitere-son-rejet-de-lidee-dun-confinement-general\/\",\"url\":\"https:\/\/kapitalis.com\/tunisie\/2021\/04\/26\/tunisie-coronavirus-hichem-mechichi-reitere-son-rejet-de-lidee-dun-confinement-general\/\",\"name\":\"Tunisie - Coronavirus : Hichem Mechichi r\u00e9it\u00e8re son rejet de l'id\u00e9e d'un confinement g\u00e9n\u00e9ral - Kapitalis\",\"isPartOf\":{\"@id\":\"https:\/\/kapitalis.com\/tunisie\/#website\"},\"primaryImageOfPage\":{\"@id\":\"https:\/\/kapitalis.com\/tunisie\/2021\/04\/26\/tunisie-coronavirus-hichem-mechichi-reitere-son-rejet-de-lidee-dun-confinement-general\/#primaryimage\"},\"image\":{\"@id\":\"https:\/\/kapitalis.com\/tunisie\/2021\/04\/26\/tunisie-coronavirus-hichem-mechichi-reitere-son-rejet-de-lidee-dun-confinement-general\/#primaryimage\"},\"thumbnailUrl\":\"http:\/\/kapitalis.com\/tunisie\/wp-content\/uploads\/2020\/09\/hichem-mechichi-1.jpg\",\"datePublished\":\"2021-04-26T15:41:43+00:00\",\"dateModified\":\"2021-04-26T15:41:54+00:00\",\"breadcrumb\":{\"@id\":\"https:\/\/kapitalis.com\/tunisie\/2021\/04\/26\/tunisie-coronavirus-hichem-mechichi-reitere-son-rejet-de-lidee-dun-confinement-general\/#breadcrumb\"},\"inLanguage\":\"fr-FR\",\"potentialAction\":[{\"@type\":\"ReadAction\",\"target\":[\"https:\/\/kapitalis.com\/tunisie\/2021\/04\/26\/tunisie-coronavirus-hichem-mechichi-reitere-son-rejet-de-lidee-dun-confinement-general\/\"]}]},{\"@type\":\"ImageObject\",\"inLanguage\":\"fr-FR\",\"@id\":\"https:\/\/kapitalis.com\/tunisie\/2021\/04\/26\/tunisie-coronavirus-hichem-mechichi-reitere-son-rejet-de-lidee-dun-confinement-general\/#primaryimage\",\"url\":\"\",\"contentUrl\":\"\"},{\"@type\":\"BreadcrumbList\",\"@id\":\"https:\/\/kapitalis.com\/tunisie\/2021\/04\/26\/tunisie-coronavirus-hichem-mechichi-reitere-son-rejet-de-lidee-dun-confinement-general\/#breadcrumb\",\"itemListElement\":[{\"@type\":\"ListItem\",\"position\":1,\"name\":\"Accueil\",\"item\":\"https:\/\/kapitalis.com\/tunisie\/\"},{\"@type\":\"ListItem\",\"position\":2,\"name\":\"Tunisie &#8211; Coronavirus : Hichem Mechichi r\u00e9it\u00e8re son rejet de l&rsquo;id\u00e9e d&rsquo;un confinement g\u00e9n\u00e9ral\"}]},{\"@type\":\"WebSite\",\"@id\":\"https:\/\/kapitalis.com\/tunisie\/#website\",\"url\":\"https:\/\/kapitalis.com\/tunisie\/\",\"name\":\"Kapitalis\",\"description\":\"L&#039;actualit\u00e9 en Tunisie et dans le monde\",\"publisher\":{\"@id\":\"https:\/\/kapitalis.com\/tunisie\/#organization\"},\"potentialAction\":[{\"@type\":\"SearchAction\",\"target\":{\"@type\":\"EntryPoint\",\"urlTemplate\":\"https:\/\/kapitalis.com\/tunisie\/?s={search_term_string}\"},\"query-input\":{\"@type\":\"PropertyValueSpecification\",\"valueRequired\":true,\"valueName\":\"search_term_string\"}}],\"inLanguage\":\"fr-FR\"},{\"@type\":\"Organization\",\"@id\":\"https:\/\/kapitalis.com\/tunisie\/#organization\",\"name\":\"Kapitalis\",\"url\":\"https:\/\/kapitalis.com\/tunisie\/\",\"logo\":{\"@type\":\"ImageObject\",\"inLanguage\":\"fr-FR\",\"@id\":\"https:\/\/kapitalis.com\/tunisie\/#\/schema\/logo\/image\/\",\"url\":\"https:\/\/kapitalis.com\/tunisie\/wp-content\/uploads\/2022\/05\/Kapitalis-big-size.png\",\"contentUrl\":\"https:\/\/kapitalis.com\/tunisie\/wp-content\/uploads\/2022\/05\/Kapitalis-big-size.png\",\"width\":5000,\"height\":1500,\"caption\":\"Kapitalis\"},\"image\":{\"@id\":\"https:\/\/kapitalis.com\/tunisie\/#\/schema\/logo\/image\/\"},\"sameAs\":[\"https:\/\/www.facebook.com\/KapitalisInfo\/\",\"https:\/\/x.com\/KapitalisInfo\",\"https:\/\/www.youtube.com\/channel\/UC-yDYrHyfFBWWZaOw3FPg9Q\"]},{\"@type\":\"Person\",\"@id\":\"https:\/\/kapitalis.com\/tunisie\/#\/schema\/person\/b35b8d631961131107263178aeb8019e\",\"name\":\"Cherif Benyounes\",\"url\":\"https:\/\/kapitalis.com\/tunisie\/author\/cherif\/\"}]}<\/script>\n<!-- \/ Yoast SEO plugin. -->","yoast_head_json":{"title":"Tunisie - Coronavirus : Hichem Mechichi r\u00e9it\u00e8re son rejet de l'id\u00e9e d'un confinement g\u00e9n\u00e9ral - Kapitalis","robots":{"index":"index","follow":"follow","max-snippet":"max-snippet:-1","max-image-preview":"max-image-preview:large","max-video-preview":"max-video-preview:-1"},"canonical":"https:\/\/kapitalis.com\/tunisie\/2021\/04\/26\/tunisie-coronavirus-hichem-mechichi-reitere-son-rejet-de-lidee-dun-confinement-general\/","og_locale":"fr_FR","og_type":"article","og_title":"Tunisie - Coronavirus : Hichem Mechichi r\u00e9it\u00e8re son rejet de l'id\u00e9e d'un confinement g\u00e9n\u00e9ral - Kapitalis","og_description":"Malgr\u00e9 la d\u00e9t\u00e9rioration de la situation sanitaire en Tunisie, le chef du gouvernement, Hichem Mechichi n&rsquo;a pas chang\u00e9 d&rsquo;avis concernant l&rsquo;id\u00e9e de mettre en place un confinement g\u00e9n\u00e9ral visant \u00e0 endiguer la propagation de la Covid-19, comme lors du printemps 2020. Pour, cette hypoth\u00e8se n&rsquo;est pas (encore) envisageable \u00e0 l&rsquo;heure actuelle. Et pour cause&#8230;","og_url":"https:\/\/kapitalis.com\/tunisie\/2021\/04\/26\/tunisie-coronavirus-hichem-mechichi-reitere-son-rejet-de-lidee-dun-confinement-general\/","og_site_name":"Kapitalis","article_publisher":"https:\/\/www.facebook.com\/KapitalisInfo\/","article_published_time":"2021-04-26T15:41:43+00:00","article_modified_time":"2021-04-26T15:41:54+00:00","og_image":[{"url":"http:\/\/kapitalis.com\/tunisie\/wp-content\/uploads\/2020\/09\/hichem-mechichi-1.jpg","type":"","width":"","height":""}],"author":"Cherif Benyounes","twitter_card":"summary_large_image","twitter_creator":"@KapitalisInfo","twitter_site":"@KapitalisInfo","twitter_misc":{"\u00c9crit par":"Cherif Benyounes","Dur\u00e9e de lecture estim\u00e9e":"2 minutes"},"schema":{"@context":"https:\/\/schema.org","@graph":[{"@type":"Article","@id":"https:\/\/kapitalis.com\/tunisie\/2021\/04\/26\/tunisie-coronavirus-hichem-mechichi-reitere-son-rejet-de-lidee-dun-confinement-general\/#article","isPartOf":{"@id":"https:\/\/kapitalis.com\/tunisie\/2021\/04\/26\/tunisie-coronavirus-hichem-mechichi-reitere-son-rejet-de-lidee-dun-confinement-general\/"},"author":{"name":"Cherif Benyounes","@id":"https:\/\/kapitalis.com\/tunisie\/#\/schema\/person\/b35b8d631961131107263178aeb8019e"},"headline":"Tunisie &#8211; Coronavirus : Hichem Mechichi r\u00e9it\u00e8re son rejet de l&rsquo;id\u00e9e d&rsquo;un confinement g\u00e9n\u00e9ral","datePublished":"2021-04-26T15:41:43+00:00","dateModified":"2021-04-26T15:41:54+00:00","mainEntityOfPage":{"@id":"https:\/\/kapitalis.com\/tunisie\/2021\/04\/26\/tunisie-coronavirus-hichem-mechichi-reitere-son-rejet-de-lidee-dun-confinement-general\/"},"wordCount":325,"commentCount":1,"publisher":{"@id":"https:\/\/kapitalis.com\/tunisie\/#organization"},"image":{"@id":"https:\/\/kapitalis.com\/tunisie\/2021\/04\/26\/tunisie-coronavirus-hichem-mechichi-reitere-son-rejet-de-lidee-dun-confinement-general\/#primaryimage"},"thumbnailUrl":"http:\/\/kapitalis.com\/tunisie\/wp-content\/uploads\/2020\/09\/hichem-mechichi-1.jpg","keywords":["confinement g\u00e9n\u00e9ral","Coronavirus","Hichem Mechichi"],"articleSection":["POLITIQUE","SOCIETE","Tunisie"],"inLanguage":"fr-FR","potentialAction":[{"@type":"CommentAction","name":"Comment","target":["https:\/\/kapitalis.com\/tunisie\/2021\/04\/26\/tunisie-coronavirus-hichem-mechichi-reitere-son-rejet-de-lidee-dun-confinement-general\/#respond"]}]},{"@type":"WebPage","@id":"https:\/\/kapitalis.com\/tunisie\/2021\/04\/26\/tunisie-coronavirus-hichem-mechichi-reitere-son-rejet-de-lidee-dun-confinement-general\/","url":"https:\/\/kapitalis.com\/tunisie\/2021\/04\/26\/tunisie-coronavirus-hichem-mechichi-reitere-son-rejet-de-lidee-dun-confinement-general\/","name":"Tunisie - Coronavirus : Hichem Mechichi r\u00e9it\u00e8re son rejet de l'id\u00e9e d'un confinement g\u00e9n\u00e9ral - Kapitalis","isPartOf":{"@id":"https:\/\/kapitalis.com\/tunisie\/#website"},"primaryImageOfPage":{"@id":"https:\/\/kapitalis.com\/tunisie\/2021\/04\/26\/tunisie-coronavirus-hichem-mechichi-reitere-son-rejet-de-lidee-dun-confinement-general\/#primaryimage"},"image":{"@id":"https:\/\/kapitalis.com\/tunisie\/2021\/04\/26\/tunisie-coronavirus-hichem-mechichi-reitere-son-rejet-de-lidee-dun-confinement-general\/#primaryimage"},"thumbnailUrl":"http:\/\/kapitalis.com\/tunisie\/wp-content\/uploads\/2020\/09\/hichem-mechichi-1.jpg","datePublished":"2021-04-26T15:41:43+00:00","dateModified":"2021-04-26T15:41:54+00:00","breadcrumb":{"@id":"https:\/\/kapitalis.com\/tunisie\/2021\/04\/26\/tunisie-coronavirus-hichem-mechichi-reitere-son-rejet-de-lidee-dun-confinement-general\/#breadcrumb"},"inLanguage":"fr-FR","potentialAction":[{"@type":"ReadAction","target":["https:\/\/kapitalis.com\/tunisie\/2021\/04\/26\/tunisie-coronavirus-hichem-mechichi-reitere-son-rejet-de-lidee-dun-confinement-general\/"]}]},{"@type":"ImageObject","inLanguage":"fr-FR","@id":"https:\/\/kapitalis.com\/tunisie\/2021\/04\/26\/tunisie-coronavirus-hichem-mechichi-reitere-son-rejet-de-lidee-dun-confinement-general\/#primaryimage","url":"","contentUrl":""},{"@type":"BreadcrumbList","@id":"https:\/\/kapitalis.com\/tunisie\/2021\/04\/26\/tunisie-coronavirus-hichem-mechichi-reitere-son-rejet-de-lidee-dun-confinement-general\/#breadcrumb","itemListElement":[{"@type":"ListItem","position":1,"name":"Accueil","item":"https:\/\/kapitalis.com\/tunisie\/"},{"@type":"ListItem","position":2,"name":"Tunisie &#8211; Coronavirus : Hichem Mechichi r\u00e9it\u00e8re son rejet de l&rsquo;id\u00e9e d&rsquo;un confinement g\u00e9n\u00e9ral"}]},{"@type":"WebSite","@id":"https:\/\/kapitalis.com\/tunisie\/#website","url":"https:\/\/kapitalis.com\/tunisie\/","name":"Kapitalis","description":"L&#039;actualit\u00e9 en Tunisie et dans le monde","publisher":{"@id":"https:\/\/kapitalis.com\/tunisie\/#organization"},"potentialAction":[{"@type":"SearchAction","target":{"@type":"EntryPoint","urlTemplate":"https:\/\/kapitalis.com\/tunisie\/?s={search_term_string}"},"query-input":{"@type":"PropertyValueSpecification","valueRequired":true,"valueName":"search_term_string"}}],"inLanguage":"fr-FR"},{"@type":"Organization","@id":"https:\/\/kapitalis.com\/tunisie\/#organization","name":"Kapitalis","url":"https:\/\/kapitalis.com\/tunisie\/","logo":{"@type":"ImageObject","inLanguage":"fr-FR","@id":"https:\/\/kapitalis.com\/tunisie\/#\/schema\/logo\/image\/","url":"https:\/\/kapitalis.com\/tunisie\/wp-content\/uploads\/2022\/05\/Kapitalis-big-size.png","contentUrl":"https:\/\/kapitalis.com\/tunisie\/wp-content\/uploads\/2022\/05\/Kapitalis-big-size.png","width":5000,"height":1500,"caption":"Kapitalis"},"image":{"@id":"https:\/\/kapitalis.com\/tunisie\/#\/schema\/logo\/image\/"},"sameAs":["https:\/\/www.facebook.com\/KapitalisInfo\/","https:\/\/x.com\/KapitalisInfo","https:\/\/www.youtube.com\/channel\/UC-yDYrHyfFBWWZaOw3FPg9Q"]},{"@type":"Person","@id":"https:\/\/kapitalis.com\/tunisie\/#\/schema\/person\/b35b8d631961131107263178aeb8019e","name":"Cherif Benyounes","url":"https:\/\/kapitalis.com\/tunisie\/author\/cherif\/"}]}},"_links":{"self":[{"href":"https:\/\/kapitalis.com\/tunisie\/wp-json\/wp\/v2\/posts\/346934","targetHints":{"allow":["GET"]}}],"collection":[{"href":"https:\/\/kapitalis.com\/tunisie\/wp-json\/wp\/v2\/posts"}],"about":[{"href":"https:\/\/kapitalis.com\/tunisie\/wp-json\/wp\/v2\/types\/post"}],"author":[{"embeddable":true,"href":"https:\/\/kapitalis.com\/tunisie\/wp-json\/wp\/v2\/users\/24"}],"replies":[{"embeddable":true,"href":"https:\/\/kapitalis.com\/tunisie\/wp-json\/wp\/v2\/comments?post=346934"}],"version-history":[{"count":0,"href":"https:\/\/kapitalis.com\/tunisie\/wp-json\/wp\/v2\/posts\/346934\/revisions"}],"wp:attachment":[{"href":"https:\/\/kapitalis.com\/tunisie\/wp-json\/wp\/v2\/media?parent=346934"}],"wp:term":[{"taxonomy":"category","embeddable":true,"href":"https:\/\/kapitalis.com\/tunisie\/wp-json\/wp\/v2\/categories?post=346934"},{"taxonomy":"post_tag","embeddable":true,"href":"https:\/\/kapitalis.com\/tunisie\/wp-json\/wp\/v2\/tags?post=346934"}],"curies":[{"name":"wp","href":"https:\/\/api.w.org\/{rel}","templated":true}]}}