{"id":347051,"date":"2021-04-28T17:24:18","date_gmt":"2021-04-28T16:24:18","guid":{"rendered":"http:\/\/kapitalis.com\/tunisie\/?p=347051"},"modified":"2021-04-28T17:24:20","modified_gmt":"2021-04-28T16:24:20","slug":"ago-2020-damen-bank-une-annee-difficile-et-une-adaptation-aux-conditions-du-marche","status":"publish","type":"post","link":"https:\/\/kapitalis.com\/tunisie\/2021\/04\/28\/ago-2020-damen-bank-une-annee-difficile-et-une-adaptation-aux-conditions-du-marche\/","title":{"rendered":"AGO 2020 d&rsquo;Amen Bank : Une ann\u00e9e difficile et une adaptation aux conditions du march\u00e9"},"content":{"rendered":"\n<figure class=\"wp-block-image size-large\"><img decoding=\"async\" src=\"http:\/\/kapitalis.com\/tunisie\/wp-content\/uploads\/2021\/04\/AGO-Amen-Bank.jpg\" alt=\"\" class=\"wp-image-347159\"\/><\/figure>\n\n\n\n<p><strong><em>Dans un contexte sanitaire particulier, l&rsquo;assembl\u00e9e g\u00e9n\u00e9rale ordinaire (AGO) des actionnaires d&rsquo;Amen Bak s&rsquo;est tenue, \u00e0 distance, mardi 27 avril 2021. L&rsquo;occasion de revenir sur une ann\u00e9e 2020 tr\u00e8s difficile sur le plan financier et de mettre l&rsquo;accent sur les mesures mises en place par la banque pour s&rsquo;adapter aux conditions du march\u00e9.<\/em><\/strong><\/p>\n\n\n\n<p>Par <strong>Cherif Ben Youn\u00e8s<\/strong><\/p>\n\n\n\n<!--more-->\n\n\n\n<p>Lors de son allocution, le pr\u00e9sident-directeur g\u00e9n\u00e9ral sortant de la banque, Ahmed El Karm, a assur\u00e9 qu&rsquo;Amen Bank \u00abs<em>&lsquo;installe de mani\u00e8re p\u00e9renne, comme \u00e9tant une institution financi\u00e8re majeure dans la place financi\u00e8re de la Tunisie<\/em>\u00bb, ajoutant qu&rsquo;elle sa dynamique d&rsquo;\u00e9volution suit un sens de modernit\u00e9.<\/p>\n\n\n\n<h2 class=\"wp-block-heading\">\u00abUne banque citoyenne\u00bb<\/h2>\n\n\n\n<p>Selon Ahmed El Kram, Amen Bank justifie, aujourd&rsquo;hui, les qualificatifs essentiels qui sont demand\u00e9s \u00e0 toute institution financi\u00e8re, comme le fait d&rsquo;\u00eatre une banque citoyenne. \u00ab<em>C&rsquo;est l&rsquo;une des premi\u00e8re institutions financi\u00e8res tunisiennes \u00e0 avoir apport\u00e9 son soutien aux entreprises affect\u00e9es par la crise sanitaire<\/em>\u00bb, s&rsquo;est-il f\u00e9licit\u00e9.<\/p>\n\n\n\n<p>L&rsquo;ancien PDG a \u00e9galement soulign\u00e9 l&rsquo;importance qu&rsquo;accorde la banque aux d\u00e9fis environnementaux. \u00ab<em>Amen Bank a initi\u00e9 des exp\u00e9riences novatrices dans la mati\u00e8re, est en train de former des cadres et a d\u00e9velopp\u00e9 avec les bailleurs de fonds des relations privil\u00e9gi\u00e9es pour \u00eatre un acteur majeur dans la protection de l&rsquo;environnement<\/em>\u00bb, d\u00e9veloppe-t-il.<\/p>\n\n\n\n<p>El Karm a, sur un autre plan, indiqu\u00e9 que la banque est parfaitement \u00e0 la page sur le plan technologique, regrettant le fait que l&rsquo;arsenal national ne suit pas et qu&rsquo;il est en retard.<\/p>\n\n\n\n<p>Par ailleurs, l\u2019ann\u00e9e 2020, marqu\u00e9e par la propagation du coronavirus et ses impacts \u00e9conomiques d&rsquo;envergure, a fait ressortir la capacit\u00e9 de r\u00e9silience d\u2019Amen Bank, notamment par la poursuite de son activit\u00e9, gr\u00e2ce \u00e0 un plan d\u00e9taill\u00e9 de continuit\u00e9 d\u2019activit\u00e9 (PCA) et une agilit\u00e9, lui permettant de s\u2019adapter aux conditions du march\u00e9.<\/p>\n\n\n\n<p>Ainsi, l&rsquo;AGO permis de rappeler que les d\u00e9p\u00f4ts de la client\u00e8le se sont \u00e9tablis \u00e0 fin d\u00e9cembre 2020 \u00e0 5\u00a0861,0 millions de dinars tunisiens (MDT), marqu\u00e9s principalement par l\u2019\u00e9volution des d\u00e9p\u00f4ts d\u2019\u00e9pargne de 20,5% et des d\u00e9p\u00f4ts \u00e0 vue, de 17,5%.<\/p>\n\n\n\n<p>Amen Bank a, d&rsquo;autre part, continu\u00e9 \u00e0 soutenir l&rsquo;\u00e9conomie nationale, en accompagnant ses clients (particuliers, professionnels et entreprises), directement ou \u00e0 travers la plateforme interactive \u00abNear\u00bb, enregistrant ainsi une augmentation de 4,8% des cr\u00e9dits, qui passent de 5.727,9 \u00e0 6.003,1MD.<\/p>\n\n\n\n<h3 class=\"wp-block-heading\">2020, une ann\u00e9e de r\u00e9silience <\/h3>\n\n\n\n<p>Les mesures sanitaires prises par le gouvernement pour endiguer la propagation de la Covid-19 ont, en revanche ralenti l&rsquo;\u00e9conomie et caus\u00e9 une baisse des produits d\u2019exploitation de 5,7% par rapport \u00e0 2019, passant de 908,1 MDT \u00e0 856,5 MDT. cette r\u00e9gression, compens\u00e9e par la baisse des charges d\u2019exploitation de 9,4%, a entrain\u00e9 une stabilisation du produit net bancaire \u00e0 400,5 MDT, en retrait de 1,05%, par rapport \u00e0 2019.<\/p>\n\n\n\n<p>Le r\u00e9sultat net s\u2019est, quant \u00e0 lui, situ\u00e9 qu&rsquo;\u00e0 99,7 MDT, enregistrant une diminution de 31,4% par rapport \u00e0 2019. Cela s&rsquo;explique notamment par l&rsquo;augmentation des charges op\u00e9ratoires (4,6%), de l\u2019effort de provisionnement (de 99,8 MDT) et par la contribution au fonds 18-18 de lutte contre le Coronavirus (11,4 MD).<\/p>\n\n\n\n<p>Le communiqu\u00e9 d&rsquo;Amen Bank relatif \u00e0 son AGO de 2020 indique, sur un autre plan, que la r\u00e9partition des r\u00e9sultats de de cette ann\u00e9e confirme la volont\u00e9 de la banque de poursuivre le renforcement de ses fonds propres. Ainsi, le niveau de capitaux propres d\u2019Amen Bank a atteint 1\u00a0114 MDT au 31 d\u00e9cembre 2020, soit des capitaux propres par action de 42,066 dinars.<\/p>\n\n\n\n<h3 class=\"wp-block-heading\">Plusieurs r\u00e9compenses en 2020<\/h3>\n\n\n\n<p>\u00ab<em>L\u2019ann\u00e9e 2020 a vu Amen Bank am\u00e9liorer le profil de son risque de liquidit\u00e9 et r\u00e9duire son recours au refinancement, d\u00e9gageant ainsi un ratio de liquidit\u00e9 LCR de 138,4% contre un ratio r\u00e9glementaire minimum fix\u00e9 par la BCT de 100,00%<\/em>. <em>Au 31 d\u00e9cembre 2020, le ratio\u00a0Tier\u00a01 et le ratio de solvabilit\u00e9 se sont \u00e9tablit \u00e0 respectivement, 11,7% et 16,4%, largement au-dessus de l\u2019exigence r\u00e9glementaire confirmant ainsi la solidit\u00e9 de la structure financi\u00e8re d\u2019Amen Bank.<\/em>\u00bb, lit-on \u00e9galement.<\/p>\n\n\n\n<p>Il convient finalement de rappeler qu&rsquo;en 2020, Amen Bank a re\u00e7u plusieurs distinctions, notamment celle de <em>\u00abMeilleure banque en Tunisie 2020\u00bb<\/em> d\u00e9cern\u00e9e par Global Finance et le Prix de la solution digitale AmenPay, par le cabinet TrustedAdvisors. Elle a \u00e9galement \u00e9t\u00e9 class\u00e9e parmi<em> \u00abThe Next100 Global Awards 2020\u00bb <\/em>pour la cat\u00e9gorie \u2018Finance\u2019, par le magazine britannique Global Banking &amp; Finance Review.<\/p>\n\n\n\n<p>Notons qu&rsquo;\u00e0 l&rsquo;issue de cette assembl\u00e9e g\u00e9n\u00e9rale, le conseil de surveillance d\u2019Amen Bank a proc\u00e9d\u00e9 \u00e0 la nomination du directoire appel\u00e9 \u00e0 g\u00e9rer la banque, et qui se compose de N\u00e9ji Ghandri, Karim Ben Yedder et Mehrez Riahi. Les deux premiers ont \u00e9t\u00e9 d\u00e9sign\u00e9s, respectivement, pr\u00e9sident du directoire et directeur g\u00e9n\u00e9ral.<\/p>\n\n\n\n<p>M. Ghandri a ainsi pris le relais d\u2019Ahmed El Karm, qui a dirig\u00e9 Amen Bank depuis f\u00e9vrier 1993 et qui, tout au long de son mandat, a permis de la hisser parmi les premi\u00e8res banques priv\u00e9es du pays.<\/p>\n\n\n\n<p class=\"has-text-align-right\"><\/p>\n","protected":false},"excerpt":{"rendered":"<p>Dans un contexte sanitaire particulier, l&rsquo;assembl\u00e9e g\u00e9n\u00e9rale ordinaire (AGO) des actionnaires d&rsquo;Amen Bak s&rsquo;est tenue, \u00e0 distance, mardi 27 avril 2021. L&rsquo;occasion de revenir sur une ann\u00e9e 2020 tr\u00e8s difficile sur le plan financier et de mettre l&rsquo;accent sur les mesures mises en place par la banque pour s&rsquo;adapter aux conditions du march\u00e9. Par Cherif&#8230;<\/p>\n","protected":false},"author":24,"featured_media":0,"comment_status":"open","ping_status":"open","sticky":false,"template":"","format":"standard","meta":{"footnotes":""},"categories":[992,995,2433],"tags":[31669,68,89713],"class_list":["post-347051","post","type-post","status-publish","format-standard","hentry","category-a-la-une","category-economie","category-tunisie","tag-ahmed-el-karm","tag-amen-bank","tag-neji-ghandri"],"yoast_head":"<!-- This site is optimized with the Yoast SEO plugin v26.6 - https:\/\/yoast.com\/wordpress\/plugins\/seo\/ -->\n<title>AGO 2020 d&#039;Amen Bank : Une ann\u00e9e difficile et une adaptation aux conditions du march\u00e9 - Kapitalis<\/title>\n<meta name=\"robots\" content=\"index, follow, max-snippet:-1, max-image-preview:large, max-video-preview:-1\" \/>\n<link rel=\"canonical\" href=\"https:\/\/kapitalis.com\/tunisie\/2021\/04\/28\/ago-2020-damen-bank-une-annee-difficile-et-une-adaptation-aux-conditions-du-marche\/\" \/>\n<meta property=\"og:locale\" content=\"fr_FR\" \/>\n<meta property=\"og:type\" content=\"article\" \/>\n<meta property=\"og:title\" content=\"AGO 2020 d&#039;Amen Bank : Une ann\u00e9e difficile et une adaptation aux conditions du march\u00e9 - Kapitalis\" \/>\n<meta property=\"og:description\" content=\"Dans un contexte sanitaire particulier, l&rsquo;assembl\u00e9e g\u00e9n\u00e9rale ordinaire (AGO) des actionnaires d&rsquo;Amen Bak s&rsquo;est tenue, \u00e0 distance, mardi 27 avril 2021. L&rsquo;occasion de revenir sur une ann\u00e9e 2020 tr\u00e8s difficile sur le plan financier et de mettre l&rsquo;accent sur les mesures mises en place par la banque pour s&rsquo;adapter aux conditions du march\u00e9. Par Cherif...\" \/>\n<meta property=\"og:url\" content=\"https:\/\/kapitalis.com\/tunisie\/2021\/04\/28\/ago-2020-damen-bank-une-annee-difficile-et-une-adaptation-aux-conditions-du-marche\/\" \/>\n<meta property=\"og:site_name\" content=\"Kapitalis\" \/>\n<meta property=\"article:publisher\" content=\"https:\/\/www.facebook.com\/KapitalisInfo\/\" \/>\n<meta property=\"article:published_time\" content=\"2021-04-28T16:24:18+00:00\" \/>\n<meta property=\"article:modified_time\" content=\"2021-04-28T16:24:20+00:00\" \/>\n<meta property=\"og:image\" content=\"http:\/\/kapitalis.com\/tunisie\/wp-content\/uploads\/2021\/04\/AGO-Amen-Bank.jpg\" \/>\n<meta name=\"author\" content=\"Cherif Benyounes\" \/>\n<meta name=\"twitter:card\" content=\"summary_large_image\" \/>\n<meta name=\"twitter:creator\" content=\"@KapitalisInfo\" \/>\n<meta name=\"twitter:site\" content=\"@KapitalisInfo\" \/>\n<meta name=\"twitter:label1\" content=\"\u00c9crit par\" \/>\n\t<meta name=\"twitter:data1\" content=\"Cherif Benyounes\" \/>\n\t<meta name=\"twitter:label2\" content=\"Dur\u00e9e de lecture estim\u00e9e\" \/>\n\t<meta name=\"twitter:data2\" content=\"4 minutes\" \/>\n<script type=\"application\/ld+json\" class=\"yoast-schema-graph\">{\"@context\":\"https:\/\/schema.org\",\"@graph\":[{\"@type\":\"Article\",\"@id\":\"https:\/\/kapitalis.com\/tunisie\/2021\/04\/28\/ago-2020-damen-bank-une-annee-difficile-et-une-adaptation-aux-conditions-du-marche\/#article\",\"isPartOf\":{\"@id\":\"https:\/\/kapitalis.com\/tunisie\/2021\/04\/28\/ago-2020-damen-bank-une-annee-difficile-et-une-adaptation-aux-conditions-du-marche\/\"},\"author\":{\"name\":\"Cherif Benyounes\",\"@id\":\"https:\/\/kapitalis.com\/tunisie\/#\/schema\/person\/b35b8d631961131107263178aeb8019e\"},\"headline\":\"AGO 2020 d&rsquo;Amen Bank : Une ann\u00e9e difficile et une adaptation aux conditions du march\u00e9\",\"datePublished\":\"2021-04-28T16:24:18+00:00\",\"dateModified\":\"2021-04-28T16:24:20+00:00\",\"mainEntityOfPage\":{\"@id\":\"https:\/\/kapitalis.com\/tunisie\/2021\/04\/28\/ago-2020-damen-bank-une-annee-difficile-et-une-adaptation-aux-conditions-du-marche\/\"},\"wordCount\":836,\"commentCount\":1,\"publisher\":{\"@id\":\"https:\/\/kapitalis.com\/tunisie\/#organization\"},\"image\":{\"@id\":\"https:\/\/kapitalis.com\/tunisie\/2021\/04\/28\/ago-2020-damen-bank-une-annee-difficile-et-une-adaptation-aux-conditions-du-marche\/#primaryimage\"},\"thumbnailUrl\":\"http:\/\/kapitalis.com\/tunisie\/wp-content\/uploads\/2021\/04\/AGO-Amen-Bank.jpg\",\"keywords\":[\"Ahmed El Karm\",\"Amen Bank\",\"N\u00e9ji Ghandri\"],\"articleSection\":[\"A LA UNE\",\"ECONOMIE\",\"Tunisie\"],\"inLanguage\":\"fr-FR\",\"potentialAction\":[{\"@type\":\"CommentAction\",\"name\":\"Comment\",\"target\":[\"https:\/\/kapitalis.com\/tunisie\/2021\/04\/28\/ago-2020-damen-bank-une-annee-difficile-et-une-adaptation-aux-conditions-du-marche\/#respond\"]}]},{\"@type\":\"WebPage\",\"@id\":\"https:\/\/kapitalis.com\/tunisie\/2021\/04\/28\/ago-2020-damen-bank-une-annee-difficile-et-une-adaptation-aux-conditions-du-marche\/\",\"url\":\"https:\/\/kapitalis.com\/tunisie\/2021\/04\/28\/ago-2020-damen-bank-une-annee-difficile-et-une-adaptation-aux-conditions-du-marche\/\",\"name\":\"AGO 2020 d'Amen Bank : Une ann\u00e9e difficile et une adaptation aux conditions du march\u00e9 - Kapitalis\",\"isPartOf\":{\"@id\":\"https:\/\/kapitalis.com\/tunisie\/#website\"},\"primaryImageOfPage\":{\"@id\":\"https:\/\/kapitalis.com\/tunisie\/2021\/04\/28\/ago-2020-damen-bank-une-annee-difficile-et-une-adaptation-aux-conditions-du-marche\/#primaryimage\"},\"image\":{\"@id\":\"https:\/\/kapitalis.com\/tunisie\/2021\/04\/28\/ago-2020-damen-bank-une-annee-difficile-et-une-adaptation-aux-conditions-du-marche\/#primaryimage\"},\"thumbnailUrl\":\"http:\/\/kapitalis.com\/tunisie\/wp-content\/uploads\/2021\/04\/AGO-Amen-Bank.jpg\",\"datePublished\":\"2021-04-28T16:24:18+00:00\",\"dateModified\":\"2021-04-28T16:24:20+00:00\",\"breadcrumb\":{\"@id\":\"https:\/\/kapitalis.com\/tunisie\/2021\/04\/28\/ago-2020-damen-bank-une-annee-difficile-et-une-adaptation-aux-conditions-du-marche\/#breadcrumb\"},\"inLanguage\":\"fr-FR\",\"potentialAction\":[{\"@type\":\"ReadAction\",\"target\":[\"https:\/\/kapitalis.com\/tunisie\/2021\/04\/28\/ago-2020-damen-bank-une-annee-difficile-et-une-adaptation-aux-conditions-du-marche\/\"]}]},{\"@type\":\"ImageObject\",\"inLanguage\":\"fr-FR\",\"@id\":\"https:\/\/kapitalis.com\/tunisie\/2021\/04\/28\/ago-2020-damen-bank-une-annee-difficile-et-une-adaptation-aux-conditions-du-marche\/#primaryimage\",\"url\":\"\",\"contentUrl\":\"\"},{\"@type\":\"BreadcrumbList\",\"@id\":\"https:\/\/kapitalis.com\/tunisie\/2021\/04\/28\/ago-2020-damen-bank-une-annee-difficile-et-une-adaptation-aux-conditions-du-marche\/#breadcrumb\",\"itemListElement\":[{\"@type\":\"ListItem\",\"position\":1,\"name\":\"Accueil\",\"item\":\"https:\/\/kapitalis.com\/tunisie\/\"},{\"@type\":\"ListItem\",\"position\":2,\"name\":\"AGO 2020 d&rsquo;Amen Bank : Une ann\u00e9e difficile et une adaptation aux conditions du march\u00e9\"}]},{\"@type\":\"WebSite\",\"@id\":\"https:\/\/kapitalis.com\/tunisie\/#website\",\"url\":\"https:\/\/kapitalis.com\/tunisie\/\",\"name\":\"Kapitalis\",\"description\":\"L&#039;actualit\u00e9 en Tunisie et dans le monde\",\"publisher\":{\"@id\":\"https:\/\/kapitalis.com\/tunisie\/#organization\"},\"potentialAction\":[{\"@type\":\"SearchAction\",\"target\":{\"@type\":\"EntryPoint\",\"urlTemplate\":\"https:\/\/kapitalis.com\/tunisie\/?s={search_term_string}\"},\"query-input\":{\"@type\":\"PropertyValueSpecification\",\"valueRequired\":true,\"valueName\":\"search_term_string\"}}],\"inLanguage\":\"fr-FR\"},{\"@type\":\"Organization\",\"@id\":\"https:\/\/kapitalis.com\/tunisie\/#organization\",\"name\":\"Kapitalis\",\"url\":\"https:\/\/kapitalis.com\/tunisie\/\",\"logo\":{\"@type\":\"ImageObject\",\"inLanguage\":\"fr-FR\",\"@id\":\"https:\/\/kapitalis.com\/tunisie\/#\/schema\/logo\/image\/\",\"url\":\"https:\/\/kapitalis.com\/tunisie\/wp-content\/uploads\/2022\/05\/Kapitalis-big-size.png\",\"contentUrl\":\"https:\/\/kapitalis.com\/tunisie\/wp-content\/uploads\/2022\/05\/Kapitalis-big-size.png\",\"width\":5000,\"height\":1500,\"caption\":\"Kapitalis\"},\"image\":{\"@id\":\"https:\/\/kapitalis.com\/tunisie\/#\/schema\/logo\/image\/\"},\"sameAs\":[\"https:\/\/www.facebook.com\/KapitalisInfo\/\",\"https:\/\/x.com\/KapitalisInfo\",\"https:\/\/www.youtube.com\/channel\/UC-yDYrHyfFBWWZaOw3FPg9Q\"]},{\"@type\":\"Person\",\"@id\":\"https:\/\/kapitalis.com\/tunisie\/#\/schema\/person\/b35b8d631961131107263178aeb8019e\",\"name\":\"Cherif Benyounes\",\"url\":\"https:\/\/kapitalis.com\/tunisie\/author\/cherif\/\"}]}<\/script>\n<!-- \/ Yoast SEO plugin. -->","yoast_head_json":{"title":"AGO 2020 d'Amen Bank : Une ann\u00e9e difficile et une adaptation aux conditions du march\u00e9 - Kapitalis","robots":{"index":"index","follow":"follow","max-snippet":"max-snippet:-1","max-image-preview":"max-image-preview:large","max-video-preview":"max-video-preview:-1"},"canonical":"https:\/\/kapitalis.com\/tunisie\/2021\/04\/28\/ago-2020-damen-bank-une-annee-difficile-et-une-adaptation-aux-conditions-du-marche\/","og_locale":"fr_FR","og_type":"article","og_title":"AGO 2020 d'Amen Bank : Une ann\u00e9e difficile et une adaptation aux conditions du march\u00e9 - Kapitalis","og_description":"Dans un contexte sanitaire particulier, l&rsquo;assembl\u00e9e g\u00e9n\u00e9rale ordinaire (AGO) des actionnaires d&rsquo;Amen Bak s&rsquo;est tenue, \u00e0 distance, mardi 27 avril 2021. L&rsquo;occasion de revenir sur une ann\u00e9e 2020 tr\u00e8s difficile sur le plan financier et de mettre l&rsquo;accent sur les mesures mises en place par la banque pour s&rsquo;adapter aux conditions du march\u00e9. Par Cherif...","og_url":"https:\/\/kapitalis.com\/tunisie\/2021\/04\/28\/ago-2020-damen-bank-une-annee-difficile-et-une-adaptation-aux-conditions-du-marche\/","og_site_name":"Kapitalis","article_publisher":"https:\/\/www.facebook.com\/KapitalisInfo\/","article_published_time":"2021-04-28T16:24:18+00:00","article_modified_time":"2021-04-28T16:24:20+00:00","og_image":[{"url":"http:\/\/kapitalis.com\/tunisie\/wp-content\/uploads\/2021\/04\/AGO-Amen-Bank.jpg","type":"","width":"","height":""}],"author":"Cherif Benyounes","twitter_card":"summary_large_image","twitter_creator":"@KapitalisInfo","twitter_site":"@KapitalisInfo","twitter_misc":{"\u00c9crit par":"Cherif Benyounes","Dur\u00e9e de lecture estim\u00e9e":"4 minutes"},"schema":{"@context":"https:\/\/schema.org","@graph":[{"@type":"Article","@id":"https:\/\/kapitalis.com\/tunisie\/2021\/04\/28\/ago-2020-damen-bank-une-annee-difficile-et-une-adaptation-aux-conditions-du-marche\/#article","isPartOf":{"@id":"https:\/\/kapitalis.com\/tunisie\/2021\/04\/28\/ago-2020-damen-bank-une-annee-difficile-et-une-adaptation-aux-conditions-du-marche\/"},"author":{"name":"Cherif Benyounes","@id":"https:\/\/kapitalis.com\/tunisie\/#\/schema\/person\/b35b8d631961131107263178aeb8019e"},"headline":"AGO 2020 d&rsquo;Amen Bank : Une ann\u00e9e difficile et une adaptation aux conditions du march\u00e9","datePublished":"2021-04-28T16:24:18+00:00","dateModified":"2021-04-28T16:24:20+00:00","mainEntityOfPage":{"@id":"https:\/\/kapitalis.com\/tunisie\/2021\/04\/28\/ago-2020-damen-bank-une-annee-difficile-et-une-adaptation-aux-conditions-du-marche\/"},"wordCount":836,"commentCount":1,"publisher":{"@id":"https:\/\/kapitalis.com\/tunisie\/#organization"},"image":{"@id":"https:\/\/kapitalis.com\/tunisie\/2021\/04\/28\/ago-2020-damen-bank-une-annee-difficile-et-une-adaptation-aux-conditions-du-marche\/#primaryimage"},"thumbnailUrl":"http:\/\/kapitalis.com\/tunisie\/wp-content\/uploads\/2021\/04\/AGO-Amen-Bank.jpg","keywords":["Ahmed El Karm","Amen Bank","N\u00e9ji Ghandri"],"articleSection":["A LA UNE","ECONOMIE","Tunisie"],"inLanguage":"fr-FR","potentialAction":[{"@type":"CommentAction","name":"Comment","target":["https:\/\/kapitalis.com\/tunisie\/2021\/04\/28\/ago-2020-damen-bank-une-annee-difficile-et-une-adaptation-aux-conditions-du-marche\/#respond"]}]},{"@type":"WebPage","@id":"https:\/\/kapitalis.com\/tunisie\/2021\/04\/28\/ago-2020-damen-bank-une-annee-difficile-et-une-adaptation-aux-conditions-du-marche\/","url":"https:\/\/kapitalis.com\/tunisie\/2021\/04\/28\/ago-2020-damen-bank-une-annee-difficile-et-une-adaptation-aux-conditions-du-marche\/","name":"AGO 2020 d'Amen Bank : Une ann\u00e9e difficile et une adaptation aux conditions du march\u00e9 - Kapitalis","isPartOf":{"@id":"https:\/\/kapitalis.com\/tunisie\/#website"},"primaryImageOfPage":{"@id":"https:\/\/kapitalis.com\/tunisie\/2021\/04\/28\/ago-2020-damen-bank-une-annee-difficile-et-une-adaptation-aux-conditions-du-marche\/#primaryimage"},"image":{"@id":"https:\/\/kapitalis.com\/tunisie\/2021\/04\/28\/ago-2020-damen-bank-une-annee-difficile-et-une-adaptation-aux-conditions-du-marche\/#primaryimage"},"thumbnailUrl":"http:\/\/kapitalis.com\/tunisie\/wp-content\/uploads\/2021\/04\/AGO-Amen-Bank.jpg","datePublished":"2021-04-28T16:24:18+00:00","dateModified":"2021-04-28T16:24:20+00:00","breadcrumb":{"@id":"https:\/\/kapitalis.com\/tunisie\/2021\/04\/28\/ago-2020-damen-bank-une-annee-difficile-et-une-adaptation-aux-conditions-du-marche\/#breadcrumb"},"inLanguage":"fr-FR","potentialAction":[{"@type":"ReadAction","target":["https:\/\/kapitalis.com\/tunisie\/2021\/04\/28\/ago-2020-damen-bank-une-annee-difficile-et-une-adaptation-aux-conditions-du-marche\/"]}]},{"@type":"ImageObject","inLanguage":"fr-FR","@id":"https:\/\/kapitalis.com\/tunisie\/2021\/04\/28\/ago-2020-damen-bank-une-annee-difficile-et-une-adaptation-aux-conditions-du-marche\/#primaryimage","url":"","contentUrl":""},{"@type":"BreadcrumbList","@id":"https:\/\/kapitalis.com\/tunisie\/2021\/04\/28\/ago-2020-damen-bank-une-annee-difficile-et-une-adaptation-aux-conditions-du-marche\/#breadcrumb","itemListElement":[{"@type":"ListItem","position":1,"name":"Accueil","item":"https:\/\/kapitalis.com\/tunisie\/"},{"@type":"ListItem","position":2,"name":"AGO 2020 d&rsquo;Amen Bank : Une ann\u00e9e difficile et une adaptation aux conditions du march\u00e9"}]},{"@type":"WebSite","@id":"https:\/\/kapitalis.com\/tunisie\/#website","url":"https:\/\/kapitalis.com\/tunisie\/","name":"Kapitalis","description":"L&#039;actualit\u00e9 en Tunisie et dans le monde","publisher":{"@id":"https:\/\/kapitalis.com\/tunisie\/#organization"},"potentialAction":[{"@type":"SearchAction","target":{"@type":"EntryPoint","urlTemplate":"https:\/\/kapitalis.com\/tunisie\/?s={search_term_string}"},"query-input":{"@type":"PropertyValueSpecification","valueRequired":true,"valueName":"search_term_string"}}],"inLanguage":"fr-FR"},{"@type":"Organization","@id":"https:\/\/kapitalis.com\/tunisie\/#organization","name":"Kapitalis","url":"https:\/\/kapitalis.com\/tunisie\/","logo":{"@type":"ImageObject","inLanguage":"fr-FR","@id":"https:\/\/kapitalis.com\/tunisie\/#\/schema\/logo\/image\/","url":"https:\/\/kapitalis.com\/tunisie\/wp-content\/uploads\/2022\/05\/Kapitalis-big-size.png","contentUrl":"https:\/\/kapitalis.com\/tunisie\/wp-content\/uploads\/2022\/05\/Kapitalis-big-size.png","width":5000,"height":1500,"caption":"Kapitalis"},"image":{"@id":"https:\/\/kapitalis.com\/tunisie\/#\/schema\/logo\/image\/"},"sameAs":["https:\/\/www.facebook.com\/KapitalisInfo\/","https:\/\/x.com\/KapitalisInfo","https:\/\/www.youtube.com\/channel\/UC-yDYrHyfFBWWZaOw3FPg9Q"]},{"@type":"Person","@id":"https:\/\/kapitalis.com\/tunisie\/#\/schema\/person\/b35b8d631961131107263178aeb8019e","name":"Cherif Benyounes","url":"https:\/\/kapitalis.com\/tunisie\/author\/cherif\/"}]}},"_links":{"self":[{"href":"https:\/\/kapitalis.com\/tunisie\/wp-json\/wp\/v2\/posts\/347051","targetHints":{"allow":["GET"]}}],"collection":[{"href":"https:\/\/kapitalis.com\/tunisie\/wp-json\/wp\/v2\/posts"}],"about":[{"href":"https:\/\/kapitalis.com\/tunisie\/wp-json\/wp\/v2\/types\/post"}],"author":[{"embeddable":true,"href":"https:\/\/kapitalis.com\/tunisie\/wp-json\/wp\/v2\/users\/24"}],"replies":[{"embeddable":true,"href":"https:\/\/kapitalis.com\/tunisie\/wp-json\/wp\/v2\/comments?post=347051"}],"version-history":[{"count":0,"href":"https:\/\/kapitalis.com\/tunisie\/wp-json\/wp\/v2\/posts\/347051\/revisions"}],"wp:attachment":[{"href":"https:\/\/kapitalis.com\/tunisie\/wp-json\/wp\/v2\/media?parent=347051"}],"wp:term":[{"taxonomy":"category","embeddable":true,"href":"https:\/\/kapitalis.com\/tunisie\/wp-json\/wp\/v2\/categories?post=347051"},{"taxonomy":"post_tag","embeddable":true,"href":"https:\/\/kapitalis.com\/tunisie\/wp-json\/wp\/v2\/tags?post=347051"}],"curies":[{"name":"wp","href":"https:\/\/api.w.org\/{rel}","templated":true}]}}