{"id":3471507,"date":"2022-08-27T09:44:16","date_gmt":"2022-08-27T08:44:16","guid":{"rendered":"https:\/\/kapitalis.com\/tunisie\/?p=3471507"},"modified":"2022-08-28T18:36:00","modified_gmt":"2022-08-28T17:36:00","slug":"la-calligraphie-arabe-sera-a-lhonneur-au-sommet-de-la-francophonie-a-djerba","status":"publish","type":"post","link":"https:\/\/kapitalis.com\/tunisie\/2022\/08\/27\/la-calligraphie-arabe-sera-a-lhonneur-au-sommet-de-la-francophonie-a-djerba\/","title":{"rendered":"La calligraphie arabe sera \u00e0 l\u2019honneur au Sommet de la Francophonie \u00e0 Djerba"},"content":{"rendered":"\n<p><em><strong>Un \u00e9v\u00e9nement autour de la calligraphie arabe aura lieu du 13 au 21 novembre 2022 au Village de la Francophonie \u00e0 Djerba dans le cadre d\u2019un partenariat entre le minist\u00e8re des Affaires culturelles et l\u2019ALECSO.<\/strong><\/em><\/p>\n\n\n\n<!--more-->\n\n\n\n<p>Le minist\u00e8re des Affaires culturelles vient de signer un partenariat avec l\u2019Organisation arabe pour l\u2019\u00c9ducation, la Culture et les Sciences (ALECSO) pour organiser une manifestation culturelle autour de l\u2019art de la calligraphie arabe qui a \u00e9t\u00e9 r\u00e9cemment inscrite sur la liste repr\u00e9sentative du patrimoine immat\u00e9riel de l\u2019Unesco.<\/p>\n\n\n\n<p>La ministre Hayet Guettat Guermazi a re\u00e7u hier, vendredi 26 ao\u00fbt, le directeur de l\u2019ALECSO Mohamed Ould Amar pour \u00e9voquer les grandes lignes de cet \u00e9v\u00e9nement qui mettra en valeur des artistes tunisiens calligraphes et o\u00f9 sera projet\u00e9 un court-m\u00e9trage documentaire sur l\u2019histoire de la calligraphie en Tunisie.<\/p>\n\n\n\n<p class=\"has-text-align-right\"><strong>F.B<\/strong><\/p>\n","protected":false},"excerpt":{"rendered":"<p>Un \u00e9v\u00e9nement autour de la calligraphie arabe aura lieu du 13 au 21 novembre 2022 au Village de la Francophonie \u00e0 Djerba dans le cadre d\u2019un partenariat entre le minist\u00e8re des Affaires culturelles et l\u2019ALECSO.<\/p>\n","protected":false},"author":26,"featured_media":3472163,"comment_status":"open","ping_status":"open","sticky":false,"template":"","format":"standard","meta":{"footnotes":""},"categories":[994,2433],"tags":[102348,80133,22337,102349,62643],"class_list":["post-3471507","post","type-post","status-publish","format-standard","has-post-thumbnail","hentry","category-culture","category-tunisie","tag-alesco","tag-calligraphie-arabe","tag-ministere-des-affaires-culturelles","tag-sommet-de-la-francophonie-djerba","tag-tunisie"],"yoast_head":"<!-- This site is optimized with the Yoast SEO plugin v26.6 - https:\/\/yoast.com\/wordpress\/plugins\/seo\/ -->\n<title>La calligraphie arabe sera \u00e0 l\u2019honneur au Sommet de la Francophonie \u00e0 Djerba - Kapitalis<\/title>\n<meta name=\"robots\" content=\"index, follow, max-snippet:-1, max-image-preview:large, max-video-preview:-1\" \/>\n<link rel=\"canonical\" href=\"https:\/\/kapitalis.com\/tunisie\/2022\/08\/27\/la-calligraphie-arabe-sera-a-lhonneur-au-sommet-de-la-francophonie-a-djerba\/\" \/>\n<meta property=\"og:locale\" content=\"fr_FR\" \/>\n<meta property=\"og:type\" content=\"article\" \/>\n<meta property=\"og:title\" content=\"La calligraphie arabe sera \u00e0 l\u2019honneur au Sommet de la Francophonie \u00e0 Djerba - Kapitalis\" \/>\n<meta property=\"og:description\" content=\"Un \u00e9v\u00e9nement autour de la calligraphie arabe aura lieu du 13 au 21 novembre 2022 au Village de la Francophonie \u00e0 Djerba dans le cadre d\u2019un partenariat entre le minist\u00e8re des Affaires culturelles et l\u2019ALECSO.\" \/>\n<meta property=\"og:url\" content=\"https:\/\/kapitalis.com\/tunisie\/2022\/08\/27\/la-calligraphie-arabe-sera-a-lhonneur-au-sommet-de-la-francophonie-a-djerba\/\" \/>\n<meta property=\"og:site_name\" content=\"Kapitalis\" \/>\n<meta property=\"article:publisher\" content=\"https:\/\/www.facebook.com\/KapitalisInfo\/\" \/>\n<meta property=\"article:published_time\" content=\"2022-08-27T08:44:16+00:00\" \/>\n<meta property=\"article:modified_time\" content=\"2022-08-28T17:36:00+00:00\" \/>\n<meta property=\"og:image\" content=\"https:\/\/kapitalis.com\/tunisie\/wp-content\/uploads\/2022\/08\/Alesco.jpg\" \/>\n\t<meta property=\"og:image:width\" content=\"1200\" \/>\n\t<meta property=\"og:image:height\" content=\"630\" \/>\n\t<meta property=\"og:image:type\" content=\"image\/jpeg\" \/>\n<meta name=\"author\" content=\"Fawz BenAli\" \/>\n<meta name=\"twitter:card\" content=\"summary_large_image\" \/>\n<meta name=\"twitter:creator\" content=\"@KapitalisInfo\" \/>\n<meta name=\"twitter:site\" content=\"@KapitalisInfo\" \/>\n<meta name=\"twitter:label1\" content=\"\u00c9crit par\" \/>\n\t<meta name=\"twitter:data1\" content=\"Fawz BenAli\" \/>\n\t<meta name=\"twitter:label2\" content=\"Dur\u00e9e de lecture estim\u00e9e\" \/>\n\t<meta name=\"twitter:data2\" content=\"1 minute\" \/>\n<script type=\"application\/ld+json\" class=\"yoast-schema-graph\">{\"@context\":\"https:\/\/schema.org\",\"@graph\":[{\"@type\":\"Article\",\"@id\":\"https:\/\/kapitalis.com\/tunisie\/2022\/08\/27\/la-calligraphie-arabe-sera-a-lhonneur-au-sommet-de-la-francophonie-a-djerba\/#article\",\"isPartOf\":{\"@id\":\"https:\/\/kapitalis.com\/tunisie\/2022\/08\/27\/la-calligraphie-arabe-sera-a-lhonneur-au-sommet-de-la-francophonie-a-djerba\/\"},\"author\":{\"name\":\"Fawz BenAli\",\"@id\":\"https:\/\/kapitalis.com\/tunisie\/#\/schema\/person\/73a5ecc1f6ae540c6ed91342eadca948\"},\"headline\":\"La calligraphie arabe sera \u00e0 l\u2019honneur au Sommet de la Francophonie \u00e0 Djerba\",\"datePublished\":\"2022-08-27T08:44:16+00:00\",\"dateModified\":\"2022-08-28T17:36:00+00:00\",\"mainEntityOfPage\":{\"@id\":\"https:\/\/kapitalis.com\/tunisie\/2022\/08\/27\/la-calligraphie-arabe-sera-a-lhonneur-au-sommet-de-la-francophonie-a-djerba\/\"},\"wordCount\":157,\"commentCount\":1,\"publisher\":{\"@id\":\"https:\/\/kapitalis.com\/tunisie\/#organization\"},\"image\":{\"@id\":\"https:\/\/kapitalis.com\/tunisie\/2022\/08\/27\/la-calligraphie-arabe-sera-a-lhonneur-au-sommet-de-la-francophonie-a-djerba\/#primaryimage\"},\"thumbnailUrl\":\"https:\/\/kapitalis.com\/tunisie\/wp-content\/uploads\/2022\/08\/Alesco.jpg\",\"keywords\":[\"Alesco\",\"calligraphie arabe\",\"minist\u00e8re des Affaires culturelles\",\"Sommet de la FRancophonie Djerba\",\"Tunisie\"],\"articleSection\":[\"CULTURE\",\"Tunisie\"],\"inLanguage\":\"fr-FR\",\"potentialAction\":[{\"@type\":\"CommentAction\",\"name\":\"Comment\",\"target\":[\"https:\/\/kapitalis.com\/tunisie\/2022\/08\/27\/la-calligraphie-arabe-sera-a-lhonneur-au-sommet-de-la-francophonie-a-djerba\/#respond\"]}]},{\"@type\":\"WebPage\",\"@id\":\"https:\/\/kapitalis.com\/tunisie\/2022\/08\/27\/la-calligraphie-arabe-sera-a-lhonneur-au-sommet-de-la-francophonie-a-djerba\/\",\"url\":\"https:\/\/kapitalis.com\/tunisie\/2022\/08\/27\/la-calligraphie-arabe-sera-a-lhonneur-au-sommet-de-la-francophonie-a-djerba\/\",\"name\":\"La calligraphie arabe sera \u00e0 l\u2019honneur au Sommet de la Francophonie \u00e0 Djerba - Kapitalis\",\"isPartOf\":{\"@id\":\"https:\/\/kapitalis.com\/tunisie\/#website\"},\"primaryImageOfPage\":{\"@id\":\"https:\/\/kapitalis.com\/tunisie\/2022\/08\/27\/la-calligraphie-arabe-sera-a-lhonneur-au-sommet-de-la-francophonie-a-djerba\/#primaryimage\"},\"image\":{\"@id\":\"https:\/\/kapitalis.com\/tunisie\/2022\/08\/27\/la-calligraphie-arabe-sera-a-lhonneur-au-sommet-de-la-francophonie-a-djerba\/#primaryimage\"},\"thumbnailUrl\":\"https:\/\/kapitalis.com\/tunisie\/wp-content\/uploads\/2022\/08\/Alesco.jpg\",\"datePublished\":\"2022-08-27T08:44:16+00:00\",\"dateModified\":\"2022-08-28T17:36:00+00:00\",\"breadcrumb\":{\"@id\":\"https:\/\/kapitalis.com\/tunisie\/2022\/08\/27\/la-calligraphie-arabe-sera-a-lhonneur-au-sommet-de-la-francophonie-a-djerba\/#breadcrumb\"},\"inLanguage\":\"fr-FR\",\"potentialAction\":[{\"@type\":\"ReadAction\",\"target\":[\"https:\/\/kapitalis.com\/tunisie\/2022\/08\/27\/la-calligraphie-arabe-sera-a-lhonneur-au-sommet-de-la-francophonie-a-djerba\/\"]}]},{\"@type\":\"ImageObject\",\"inLanguage\":\"fr-FR\",\"@id\":\"https:\/\/kapitalis.com\/tunisie\/2022\/08\/27\/la-calligraphie-arabe-sera-a-lhonneur-au-sommet-de-la-francophonie-a-djerba\/#primaryimage\",\"url\":\"https:\/\/kapitalis.com\/tunisie\/wp-content\/uploads\/2022\/08\/Alesco.jpg\",\"contentUrl\":\"https:\/\/kapitalis.com\/tunisie\/wp-content\/uploads\/2022\/08\/Alesco.jpg\",\"width\":1200,\"height\":630},{\"@type\":\"BreadcrumbList\",\"@id\":\"https:\/\/kapitalis.com\/tunisie\/2022\/08\/27\/la-calligraphie-arabe-sera-a-lhonneur-au-sommet-de-la-francophonie-a-djerba\/#breadcrumb\",\"itemListElement\":[{\"@type\":\"ListItem\",\"position\":1,\"name\":\"Accueil\",\"item\":\"https:\/\/kapitalis.com\/tunisie\/\"},{\"@type\":\"ListItem\",\"position\":2,\"name\":\"La calligraphie arabe sera \u00e0 l\u2019honneur au Sommet de la Francophonie \u00e0 Djerba\"}]},{\"@type\":\"WebSite\",\"@id\":\"https:\/\/kapitalis.com\/tunisie\/#website\",\"url\":\"https:\/\/kapitalis.com\/tunisie\/\",\"name\":\"Kapitalis\",\"description\":\"L&#039;actualit\u00e9 en Tunisie et dans le monde\",\"publisher\":{\"@id\":\"https:\/\/kapitalis.com\/tunisie\/#organization\"},\"potentialAction\":[{\"@type\":\"SearchAction\",\"target\":{\"@type\":\"EntryPoint\",\"urlTemplate\":\"https:\/\/kapitalis.com\/tunisie\/?s={search_term_string}\"},\"query-input\":{\"@type\":\"PropertyValueSpecification\",\"valueRequired\":true,\"valueName\":\"search_term_string\"}}],\"inLanguage\":\"fr-FR\"},{\"@type\":\"Organization\",\"@id\":\"https:\/\/kapitalis.com\/tunisie\/#organization\",\"name\":\"Kapitalis\",\"url\":\"https:\/\/kapitalis.com\/tunisie\/\",\"logo\":{\"@type\":\"ImageObject\",\"inLanguage\":\"fr-FR\",\"@id\":\"https:\/\/kapitalis.com\/tunisie\/#\/schema\/logo\/image\/\",\"url\":\"https:\/\/kapitalis.com\/tunisie\/wp-content\/uploads\/2022\/05\/Kapitalis-big-size.png\",\"contentUrl\":\"https:\/\/kapitalis.com\/tunisie\/wp-content\/uploads\/2022\/05\/Kapitalis-big-size.png\",\"width\":5000,\"height\":1500,\"caption\":\"Kapitalis\"},\"image\":{\"@id\":\"https:\/\/kapitalis.com\/tunisie\/#\/schema\/logo\/image\/\"},\"sameAs\":[\"https:\/\/www.facebook.com\/KapitalisInfo\/\",\"https:\/\/x.com\/KapitalisInfo\",\"https:\/\/www.youtube.com\/channel\/UC-yDYrHyfFBWWZaOw3FPg9Q\"]},{\"@type\":\"Person\",\"@id\":\"https:\/\/kapitalis.com\/tunisie\/#\/schema\/person\/73a5ecc1f6ae540c6ed91342eadca948\",\"name\":\"Fawz BenAli\",\"url\":\"https:\/\/kapitalis.com\/tunisie\/author\/fawz\/\"}]}<\/script>\n<!-- \/ Yoast SEO plugin. -->","yoast_head_json":{"title":"La calligraphie arabe sera \u00e0 l\u2019honneur au Sommet de la Francophonie \u00e0 Djerba - Kapitalis","robots":{"index":"index","follow":"follow","max-snippet":"max-snippet:-1","max-image-preview":"max-image-preview:large","max-video-preview":"max-video-preview:-1"},"canonical":"https:\/\/kapitalis.com\/tunisie\/2022\/08\/27\/la-calligraphie-arabe-sera-a-lhonneur-au-sommet-de-la-francophonie-a-djerba\/","og_locale":"fr_FR","og_type":"article","og_title":"La calligraphie arabe sera \u00e0 l\u2019honneur au Sommet de la Francophonie \u00e0 Djerba - Kapitalis","og_description":"Un \u00e9v\u00e9nement autour de la calligraphie arabe aura lieu du 13 au 21 novembre 2022 au Village de la Francophonie \u00e0 Djerba dans le cadre d\u2019un partenariat entre le minist\u00e8re des Affaires culturelles et l\u2019ALECSO.","og_url":"https:\/\/kapitalis.com\/tunisie\/2022\/08\/27\/la-calligraphie-arabe-sera-a-lhonneur-au-sommet-de-la-francophonie-a-djerba\/","og_site_name":"Kapitalis","article_publisher":"https:\/\/www.facebook.com\/KapitalisInfo\/","article_published_time":"2022-08-27T08:44:16+00:00","article_modified_time":"2022-08-28T17:36:00+00:00","og_image":[{"width":1200,"height":630,"url":"https:\/\/kapitalis.com\/tunisie\/wp-content\/uploads\/2022\/08\/Alesco.jpg","type":"image\/jpeg"}],"author":"Fawz BenAli","twitter_card":"summary_large_image","twitter_creator":"@KapitalisInfo","twitter_site":"@KapitalisInfo","twitter_misc":{"\u00c9crit par":"Fawz BenAli","Dur\u00e9e de lecture estim\u00e9e":"1 minute"},"schema":{"@context":"https:\/\/schema.org","@graph":[{"@type":"Article","@id":"https:\/\/kapitalis.com\/tunisie\/2022\/08\/27\/la-calligraphie-arabe-sera-a-lhonneur-au-sommet-de-la-francophonie-a-djerba\/#article","isPartOf":{"@id":"https:\/\/kapitalis.com\/tunisie\/2022\/08\/27\/la-calligraphie-arabe-sera-a-lhonneur-au-sommet-de-la-francophonie-a-djerba\/"},"author":{"name":"Fawz BenAli","@id":"https:\/\/kapitalis.com\/tunisie\/#\/schema\/person\/73a5ecc1f6ae540c6ed91342eadca948"},"headline":"La calligraphie arabe sera \u00e0 l\u2019honneur au Sommet de la Francophonie \u00e0 Djerba","datePublished":"2022-08-27T08:44:16+00:00","dateModified":"2022-08-28T17:36:00+00:00","mainEntityOfPage":{"@id":"https:\/\/kapitalis.com\/tunisie\/2022\/08\/27\/la-calligraphie-arabe-sera-a-lhonneur-au-sommet-de-la-francophonie-a-djerba\/"},"wordCount":157,"commentCount":1,"publisher":{"@id":"https:\/\/kapitalis.com\/tunisie\/#organization"},"image":{"@id":"https:\/\/kapitalis.com\/tunisie\/2022\/08\/27\/la-calligraphie-arabe-sera-a-lhonneur-au-sommet-de-la-francophonie-a-djerba\/#primaryimage"},"thumbnailUrl":"https:\/\/kapitalis.com\/tunisie\/wp-content\/uploads\/2022\/08\/Alesco.jpg","keywords":["Alesco","calligraphie arabe","minist\u00e8re des Affaires culturelles","Sommet de la FRancophonie Djerba","Tunisie"],"articleSection":["CULTURE","Tunisie"],"inLanguage":"fr-FR","potentialAction":[{"@type":"CommentAction","name":"Comment","target":["https:\/\/kapitalis.com\/tunisie\/2022\/08\/27\/la-calligraphie-arabe-sera-a-lhonneur-au-sommet-de-la-francophonie-a-djerba\/#respond"]}]},{"@type":"WebPage","@id":"https:\/\/kapitalis.com\/tunisie\/2022\/08\/27\/la-calligraphie-arabe-sera-a-lhonneur-au-sommet-de-la-francophonie-a-djerba\/","url":"https:\/\/kapitalis.com\/tunisie\/2022\/08\/27\/la-calligraphie-arabe-sera-a-lhonneur-au-sommet-de-la-francophonie-a-djerba\/","name":"La calligraphie arabe sera \u00e0 l\u2019honneur au Sommet de la Francophonie \u00e0 Djerba - Kapitalis","isPartOf":{"@id":"https:\/\/kapitalis.com\/tunisie\/#website"},"primaryImageOfPage":{"@id":"https:\/\/kapitalis.com\/tunisie\/2022\/08\/27\/la-calligraphie-arabe-sera-a-lhonneur-au-sommet-de-la-francophonie-a-djerba\/#primaryimage"},"image":{"@id":"https:\/\/kapitalis.com\/tunisie\/2022\/08\/27\/la-calligraphie-arabe-sera-a-lhonneur-au-sommet-de-la-francophonie-a-djerba\/#primaryimage"},"thumbnailUrl":"https:\/\/kapitalis.com\/tunisie\/wp-content\/uploads\/2022\/08\/Alesco.jpg","datePublished":"2022-08-27T08:44:16+00:00","dateModified":"2022-08-28T17:36:00+00:00","breadcrumb":{"@id":"https:\/\/kapitalis.com\/tunisie\/2022\/08\/27\/la-calligraphie-arabe-sera-a-lhonneur-au-sommet-de-la-francophonie-a-djerba\/#breadcrumb"},"inLanguage":"fr-FR","potentialAction":[{"@type":"ReadAction","target":["https:\/\/kapitalis.com\/tunisie\/2022\/08\/27\/la-calligraphie-arabe-sera-a-lhonneur-au-sommet-de-la-francophonie-a-djerba\/"]}]},{"@type":"ImageObject","inLanguage":"fr-FR","@id":"https:\/\/kapitalis.com\/tunisie\/2022\/08\/27\/la-calligraphie-arabe-sera-a-lhonneur-au-sommet-de-la-francophonie-a-djerba\/#primaryimage","url":"https:\/\/kapitalis.com\/tunisie\/wp-content\/uploads\/2022\/08\/Alesco.jpg","contentUrl":"https:\/\/kapitalis.com\/tunisie\/wp-content\/uploads\/2022\/08\/Alesco.jpg","width":1200,"height":630},{"@type":"BreadcrumbList","@id":"https:\/\/kapitalis.com\/tunisie\/2022\/08\/27\/la-calligraphie-arabe-sera-a-lhonneur-au-sommet-de-la-francophonie-a-djerba\/#breadcrumb","itemListElement":[{"@type":"ListItem","position":1,"name":"Accueil","item":"https:\/\/kapitalis.com\/tunisie\/"},{"@type":"ListItem","position":2,"name":"La calligraphie arabe sera \u00e0 l\u2019honneur au Sommet de la Francophonie \u00e0 Djerba"}]},{"@type":"WebSite","@id":"https:\/\/kapitalis.com\/tunisie\/#website","url":"https:\/\/kapitalis.com\/tunisie\/","name":"Kapitalis","description":"L&#039;actualit\u00e9 en Tunisie et dans le monde","publisher":{"@id":"https:\/\/kapitalis.com\/tunisie\/#organization"},"potentialAction":[{"@type":"SearchAction","target":{"@type":"EntryPoint","urlTemplate":"https:\/\/kapitalis.com\/tunisie\/?s={search_term_string}"},"query-input":{"@type":"PropertyValueSpecification","valueRequired":true,"valueName":"search_term_string"}}],"inLanguage":"fr-FR"},{"@type":"Organization","@id":"https:\/\/kapitalis.com\/tunisie\/#organization","name":"Kapitalis","url":"https:\/\/kapitalis.com\/tunisie\/","logo":{"@type":"ImageObject","inLanguage":"fr-FR","@id":"https:\/\/kapitalis.com\/tunisie\/#\/schema\/logo\/image\/","url":"https:\/\/kapitalis.com\/tunisie\/wp-content\/uploads\/2022\/05\/Kapitalis-big-size.png","contentUrl":"https:\/\/kapitalis.com\/tunisie\/wp-content\/uploads\/2022\/05\/Kapitalis-big-size.png","width":5000,"height":1500,"caption":"Kapitalis"},"image":{"@id":"https:\/\/kapitalis.com\/tunisie\/#\/schema\/logo\/image\/"},"sameAs":["https:\/\/www.facebook.com\/KapitalisInfo\/","https:\/\/x.com\/KapitalisInfo","https:\/\/www.youtube.com\/channel\/UC-yDYrHyfFBWWZaOw3FPg9Q"]},{"@type":"Person","@id":"https:\/\/kapitalis.com\/tunisie\/#\/schema\/person\/73a5ecc1f6ae540c6ed91342eadca948","name":"Fawz BenAli","url":"https:\/\/kapitalis.com\/tunisie\/author\/fawz\/"}]}},"_links":{"self":[{"href":"https:\/\/kapitalis.com\/tunisie\/wp-json\/wp\/v2\/posts\/3471507","targetHints":{"allow":["GET"]}}],"collection":[{"href":"https:\/\/kapitalis.com\/tunisie\/wp-json\/wp\/v2\/posts"}],"about":[{"href":"https:\/\/kapitalis.com\/tunisie\/wp-json\/wp\/v2\/types\/post"}],"author":[{"embeddable":true,"href":"https:\/\/kapitalis.com\/tunisie\/wp-json\/wp\/v2\/users\/26"}],"replies":[{"embeddable":true,"href":"https:\/\/kapitalis.com\/tunisie\/wp-json\/wp\/v2\/comments?post=3471507"}],"version-history":[{"count":0,"href":"https:\/\/kapitalis.com\/tunisie\/wp-json\/wp\/v2\/posts\/3471507\/revisions"}],"wp:featuredmedia":[{"embeddable":true,"href":"https:\/\/kapitalis.com\/tunisie\/wp-json\/wp\/v2\/media\/3472163"}],"wp:attachment":[{"href":"https:\/\/kapitalis.com\/tunisie\/wp-json\/wp\/v2\/media?parent=3471507"}],"wp:term":[{"taxonomy":"category","embeddable":true,"href":"https:\/\/kapitalis.com\/tunisie\/wp-json\/wp\/v2\/categories?post=3471507"},{"taxonomy":"post_tag","embeddable":true,"href":"https:\/\/kapitalis.com\/tunisie\/wp-json\/wp\/v2\/tags?post=3471507"}],"curies":[{"name":"wp","href":"https:\/\/api.w.org\/{rel}","templated":true}]}}