{"id":347166,"date":"2021-04-28T10:19:54","date_gmt":"2021-04-28T09:19:54","guid":{"rendered":"http:\/\/kapitalis.com\/tunisie\/?p=347166"},"modified":"2021-04-30T13:39:17","modified_gmt":"2021-04-30T12:39:17","slug":"ennakl-annonce-un-resultat-net-part-du-groupe-en-hausse-de-438-au-1er-trimestre-2021","status":"publish","type":"post","link":"https:\/\/kapitalis.com\/tunisie\/2021\/04\/28\/ennakl-annonce-un-resultat-net-part-du-groupe-en-hausse-de-438-au-1er-trimestre-2021\/","title":{"rendered":"Ennakl annonce un r\u00e9sultat net part du groupe en hausse de 43,8% au 31 d\u00e9cembre 2020"},"content":{"rendered":"\n<div class=\"wp-block-image\"><figure class=\"aligncenter size-large\"><img decoding=\"async\" src=\"http:\/\/kapitalis.com\/tunisie\/wp-content\/uploads\/2020\/04\/Ennakl-Automobiles.jpg\" alt=\"\" class=\"wp-image-292848\"\/><\/figure><\/div>\n\n\n\n<p><strong><em>Les \u00e9tats financiers consolid\u00e9s de la soci\u00e9t\u00e9 Ennakl Automobiles, concessionnaire en Tunisie des marques Volkswagen, Audi, Porsche, Seat et Skoda, au terme de l\u2019exercice 2020 font ressortir un r\u00e9sultat net part du groupe \u00e0 34,9 millions de dinars tunisiens (MDT), contre 24,266 MDT au 31 d\u00e9cembre 2019, soit une progression de 43,8%.<\/em><\/strong><\/p>\n\n\n\n<!--more-->\n\n\n\n<p>Le r\u00e9sultat d\u2019exploitation est ressorti \u00e0 41,635 MDT au 31 d\u00e9cembre 2020, contre 39,105 au 31 d\u00e9cembre 2019, en progression de 6,5%.<\/p>\n\n\n\n<p>Les produits de placements et dividendes sont pass\u00e9s de 4,4 MDT \u00e0 14,7 MDT, dont 12,75 MDT de plus-values de cession de valeurs mobili\u00e8res.<\/p>\n\n\n\n<p>Par ailleurs, les \u00e9tats financiers individuels 2020 de la soci\u00e9t\u00e9 Ennakl Automobiles font ressortir un r\u00e9sultat net de 32,803 MDT contre 18,669 MDT au 31 d\u00e9cembre 2019, en augmentation de 75,7%.<\/p>\n\n\n\n<p>Le r\u00e9sultat d\u2019exploitation s\u2019est accru de 17,6% \u00e0 32,3 MDT et les produits des placements et dividendes re\u00e7us sont pass\u00e9s de 9,3 MDT au 31 d\u00e9cembre 2019 \u00e0 19,6 MDT au 31 d\u00e9cembre 2020.<\/p>\n","protected":false},"excerpt":{"rendered":"<p>Les \u00e9tats financiers consolid\u00e9s de la soci\u00e9t\u00e9 Ennakl Automobiles, concessionnaire en Tunisie des marques Volkswagen, Audi, Porsche, Seat et Skoda, au terme de l\u2019exercice 2020 font ressortir un r\u00e9sultat net part du groupe \u00e0 34,9 millions de dinars tunisiens (MDT), contre 24,266 MDT au 31 d\u00e9cembre 2019, soit une progression de 43,8%.<\/p>\n","protected":false},"author":8,"featured_media":0,"comment_status":"open","ping_status":"open","sticky":false,"template":"","format":"standard","meta":{"footnotes":""},"categories":[54707,995,2433],"tags":[78150,30553,77502,77503,4710],"class_list":["post-347166","post","type-post","status-publish","format-standard","hentry","category-auto","category-economie","category-tunisie","tag-audi","tag-ennakl-automobiles","tag-porsche","tag-skoda","tag-volkswagen"],"yoast_head":"<!-- This site is optimized with the Yoast SEO plugin v26.6 - https:\/\/yoast.com\/wordpress\/plugins\/seo\/ -->\n<title>Ennakl annonce un r\u00e9sultat net part du groupe en hausse de 43,8% au 31 d\u00e9cembre 2020 - Kapitalis<\/title>\n<meta name=\"robots\" content=\"index, follow, max-snippet:-1, max-image-preview:large, max-video-preview:-1\" \/>\n<link rel=\"canonical\" href=\"https:\/\/kapitalis.com\/tunisie\/2021\/04\/28\/ennakl-annonce-un-resultat-net-part-du-groupe-en-hausse-de-438-au-1er-trimestre-2021\/\" \/>\n<meta property=\"og:locale\" content=\"fr_FR\" \/>\n<meta property=\"og:type\" content=\"article\" \/>\n<meta property=\"og:title\" content=\"Ennakl annonce un r\u00e9sultat net part du groupe en hausse de 43,8% au 31 d\u00e9cembre 2020 - Kapitalis\" \/>\n<meta property=\"og:description\" content=\"Les \u00e9tats financiers consolid\u00e9s de la soci\u00e9t\u00e9 Ennakl Automobiles, concessionnaire en Tunisie des marques Volkswagen, Audi, Porsche, Seat et Skoda, au terme de l\u2019exercice 2020 font ressortir un r\u00e9sultat net part du groupe \u00e0 34,9 millions de dinars tunisiens (MDT), contre 24,266 MDT au 31 d\u00e9cembre 2019, soit une progression de 43,8%.\" \/>\n<meta property=\"og:url\" content=\"https:\/\/kapitalis.com\/tunisie\/2021\/04\/28\/ennakl-annonce-un-resultat-net-part-du-groupe-en-hausse-de-438-au-1er-trimestre-2021\/\" \/>\n<meta property=\"og:site_name\" content=\"Kapitalis\" \/>\n<meta property=\"article:publisher\" content=\"https:\/\/www.facebook.com\/KapitalisInfo\/\" \/>\n<meta property=\"article:published_time\" content=\"2021-04-28T09:19:54+00:00\" \/>\n<meta property=\"article:modified_time\" content=\"2021-04-30T12:39:17+00:00\" \/>\n<meta property=\"og:image\" content=\"http:\/\/kapitalis.com\/tunisie\/wp-content\/uploads\/2020\/04\/Ennakl-Automobiles.jpg\" \/>\n<meta name=\"author\" content=\"webmaster kapitalis\" \/>\n<meta name=\"twitter:card\" content=\"summary_large_image\" \/>\n<meta name=\"twitter:creator\" content=\"@KapitalisInfo\" \/>\n<meta name=\"twitter:site\" content=\"@KapitalisInfo\" \/>\n<meta name=\"twitter:label1\" content=\"\u00c9crit par\" \/>\n\t<meta name=\"twitter:data1\" content=\"webmaster kapitalis\" \/>\n\t<meta name=\"twitter:label2\" content=\"Dur\u00e9e de lecture estim\u00e9e\" \/>\n\t<meta name=\"twitter:data2\" content=\"1 minute\" \/>\n<script type=\"application\/ld+json\" class=\"yoast-schema-graph\">{\"@context\":\"https:\/\/schema.org\",\"@graph\":[{\"@type\":\"Article\",\"@id\":\"https:\/\/kapitalis.com\/tunisie\/2021\/04\/28\/ennakl-annonce-un-resultat-net-part-du-groupe-en-hausse-de-438-au-1er-trimestre-2021\/#article\",\"isPartOf\":{\"@id\":\"https:\/\/kapitalis.com\/tunisie\/2021\/04\/28\/ennakl-annonce-un-resultat-net-part-du-groupe-en-hausse-de-438-au-1er-trimestre-2021\/\"},\"author\":{\"name\":\"webmaster kapitalis\",\"@id\":\"https:\/\/kapitalis.com\/tunisie\/#\/schema\/person\/d71f33a9ca44f7bad4698210b480c8e9\"},\"headline\":\"Ennakl annonce un r\u00e9sultat net part du groupe en hausse de 43,8% au 31 d\u00e9cembre 2020\",\"datePublished\":\"2021-04-28T09:19:54+00:00\",\"dateModified\":\"2021-04-30T12:39:17+00:00\",\"mainEntityOfPage\":{\"@id\":\"https:\/\/kapitalis.com\/tunisie\/2021\/04\/28\/ennakl-annonce-un-resultat-net-part-du-groupe-en-hausse-de-438-au-1er-trimestre-2021\/\"},\"wordCount\":164,\"commentCount\":0,\"publisher\":{\"@id\":\"https:\/\/kapitalis.com\/tunisie\/#organization\"},\"image\":{\"@id\":\"https:\/\/kapitalis.com\/tunisie\/2021\/04\/28\/ennakl-annonce-un-resultat-net-part-du-groupe-en-hausse-de-438-au-1er-trimestre-2021\/#primaryimage\"},\"thumbnailUrl\":\"http:\/\/kapitalis.com\/tunisie\/wp-content\/uploads\/2020\/04\/Ennakl-Automobiles.jpg\",\"keywords\":[\"Audi\",\"Ennakl Automobiles\",\"Porsche\",\"Skoda\",\"Volkswagen\"],\"articleSection\":[\"AUTO\",\"ECONOMIE\",\"Tunisie\"],\"inLanguage\":\"fr-FR\",\"potentialAction\":[{\"@type\":\"CommentAction\",\"name\":\"Comment\",\"target\":[\"https:\/\/kapitalis.com\/tunisie\/2021\/04\/28\/ennakl-annonce-un-resultat-net-part-du-groupe-en-hausse-de-438-au-1er-trimestre-2021\/#respond\"]}]},{\"@type\":\"WebPage\",\"@id\":\"https:\/\/kapitalis.com\/tunisie\/2021\/04\/28\/ennakl-annonce-un-resultat-net-part-du-groupe-en-hausse-de-438-au-1er-trimestre-2021\/\",\"url\":\"https:\/\/kapitalis.com\/tunisie\/2021\/04\/28\/ennakl-annonce-un-resultat-net-part-du-groupe-en-hausse-de-438-au-1er-trimestre-2021\/\",\"name\":\"Ennakl annonce un r\u00e9sultat net part du groupe en hausse de 43,8% au 31 d\u00e9cembre 2020 - Kapitalis\",\"isPartOf\":{\"@id\":\"https:\/\/kapitalis.com\/tunisie\/#website\"},\"primaryImageOfPage\":{\"@id\":\"https:\/\/kapitalis.com\/tunisie\/2021\/04\/28\/ennakl-annonce-un-resultat-net-part-du-groupe-en-hausse-de-438-au-1er-trimestre-2021\/#primaryimage\"},\"image\":{\"@id\":\"https:\/\/kapitalis.com\/tunisie\/2021\/04\/28\/ennakl-annonce-un-resultat-net-part-du-groupe-en-hausse-de-438-au-1er-trimestre-2021\/#primaryimage\"},\"thumbnailUrl\":\"http:\/\/kapitalis.com\/tunisie\/wp-content\/uploads\/2020\/04\/Ennakl-Automobiles.jpg\",\"datePublished\":\"2021-04-28T09:19:54+00:00\",\"dateModified\":\"2021-04-30T12:39:17+00:00\",\"breadcrumb\":{\"@id\":\"https:\/\/kapitalis.com\/tunisie\/2021\/04\/28\/ennakl-annonce-un-resultat-net-part-du-groupe-en-hausse-de-438-au-1er-trimestre-2021\/#breadcrumb\"},\"inLanguage\":\"fr-FR\",\"potentialAction\":[{\"@type\":\"ReadAction\",\"target\":[\"https:\/\/kapitalis.com\/tunisie\/2021\/04\/28\/ennakl-annonce-un-resultat-net-part-du-groupe-en-hausse-de-438-au-1er-trimestre-2021\/\"]}]},{\"@type\":\"ImageObject\",\"inLanguage\":\"fr-FR\",\"@id\":\"https:\/\/kapitalis.com\/tunisie\/2021\/04\/28\/ennakl-annonce-un-resultat-net-part-du-groupe-en-hausse-de-438-au-1er-trimestre-2021\/#primaryimage\",\"url\":\"\",\"contentUrl\":\"\"},{\"@type\":\"BreadcrumbList\",\"@id\":\"https:\/\/kapitalis.com\/tunisie\/2021\/04\/28\/ennakl-annonce-un-resultat-net-part-du-groupe-en-hausse-de-438-au-1er-trimestre-2021\/#breadcrumb\",\"itemListElement\":[{\"@type\":\"ListItem\",\"position\":1,\"name\":\"Accueil\",\"item\":\"https:\/\/kapitalis.com\/tunisie\/\"},{\"@type\":\"ListItem\",\"position\":2,\"name\":\"Ennakl annonce un r\u00e9sultat net part du groupe en hausse de 43,8% au 31 d\u00e9cembre 2020\"}]},{\"@type\":\"WebSite\",\"@id\":\"https:\/\/kapitalis.com\/tunisie\/#website\",\"url\":\"https:\/\/kapitalis.com\/tunisie\/\",\"name\":\"Kapitalis\",\"description\":\"L&#039;actualit\u00e9 en Tunisie et dans le monde\",\"publisher\":{\"@id\":\"https:\/\/kapitalis.com\/tunisie\/#organization\"},\"potentialAction\":[{\"@type\":\"SearchAction\",\"target\":{\"@type\":\"EntryPoint\",\"urlTemplate\":\"https:\/\/kapitalis.com\/tunisie\/?s={search_term_string}\"},\"query-input\":{\"@type\":\"PropertyValueSpecification\",\"valueRequired\":true,\"valueName\":\"search_term_string\"}}],\"inLanguage\":\"fr-FR\"},{\"@type\":\"Organization\",\"@id\":\"https:\/\/kapitalis.com\/tunisie\/#organization\",\"name\":\"Kapitalis\",\"url\":\"https:\/\/kapitalis.com\/tunisie\/\",\"logo\":{\"@type\":\"ImageObject\",\"inLanguage\":\"fr-FR\",\"@id\":\"https:\/\/kapitalis.com\/tunisie\/#\/schema\/logo\/image\/\",\"url\":\"https:\/\/kapitalis.com\/tunisie\/wp-content\/uploads\/2022\/05\/Kapitalis-big-size.png\",\"contentUrl\":\"https:\/\/kapitalis.com\/tunisie\/wp-content\/uploads\/2022\/05\/Kapitalis-big-size.png\",\"width\":5000,\"height\":1500,\"caption\":\"Kapitalis\"},\"image\":{\"@id\":\"https:\/\/kapitalis.com\/tunisie\/#\/schema\/logo\/image\/\"},\"sameAs\":[\"https:\/\/www.facebook.com\/KapitalisInfo\/\",\"https:\/\/x.com\/KapitalisInfo\",\"https:\/\/www.youtube.com\/channel\/UC-yDYrHyfFBWWZaOw3FPg9Q\"]},{\"@type\":\"Person\",\"@id\":\"https:\/\/kapitalis.com\/tunisie\/#\/schema\/person\/d71f33a9ca44f7bad4698210b480c8e9\",\"name\":\"webmaster kapitalis\",\"url\":\"https:\/\/kapitalis.com\/tunisie\/author\/webmaster-kapitalis\/\"}]}<\/script>\n<!-- \/ Yoast SEO plugin. -->","yoast_head_json":{"title":"Ennakl annonce un r\u00e9sultat net part du groupe en hausse de 43,8% au 31 d\u00e9cembre 2020 - Kapitalis","robots":{"index":"index","follow":"follow","max-snippet":"max-snippet:-1","max-image-preview":"max-image-preview:large","max-video-preview":"max-video-preview:-1"},"canonical":"https:\/\/kapitalis.com\/tunisie\/2021\/04\/28\/ennakl-annonce-un-resultat-net-part-du-groupe-en-hausse-de-438-au-1er-trimestre-2021\/","og_locale":"fr_FR","og_type":"article","og_title":"Ennakl annonce un r\u00e9sultat net part du groupe en hausse de 43,8% au 31 d\u00e9cembre 2020 - Kapitalis","og_description":"Les \u00e9tats financiers consolid\u00e9s de la soci\u00e9t\u00e9 Ennakl Automobiles, concessionnaire en Tunisie des marques Volkswagen, Audi, Porsche, Seat et Skoda, au terme de l\u2019exercice 2020 font ressortir un r\u00e9sultat net part du groupe \u00e0 34,9 millions de dinars tunisiens (MDT), contre 24,266 MDT au 31 d\u00e9cembre 2019, soit une progression de 43,8%.","og_url":"https:\/\/kapitalis.com\/tunisie\/2021\/04\/28\/ennakl-annonce-un-resultat-net-part-du-groupe-en-hausse-de-438-au-1er-trimestre-2021\/","og_site_name":"Kapitalis","article_publisher":"https:\/\/www.facebook.com\/KapitalisInfo\/","article_published_time":"2021-04-28T09:19:54+00:00","article_modified_time":"2021-04-30T12:39:17+00:00","og_image":[{"url":"http:\/\/kapitalis.com\/tunisie\/wp-content\/uploads\/2020\/04\/Ennakl-Automobiles.jpg","type":"","width":"","height":""}],"author":"webmaster kapitalis","twitter_card":"summary_large_image","twitter_creator":"@KapitalisInfo","twitter_site":"@KapitalisInfo","twitter_misc":{"\u00c9crit par":"webmaster kapitalis","Dur\u00e9e de lecture estim\u00e9e":"1 minute"},"schema":{"@context":"https:\/\/schema.org","@graph":[{"@type":"Article","@id":"https:\/\/kapitalis.com\/tunisie\/2021\/04\/28\/ennakl-annonce-un-resultat-net-part-du-groupe-en-hausse-de-438-au-1er-trimestre-2021\/#article","isPartOf":{"@id":"https:\/\/kapitalis.com\/tunisie\/2021\/04\/28\/ennakl-annonce-un-resultat-net-part-du-groupe-en-hausse-de-438-au-1er-trimestre-2021\/"},"author":{"name":"webmaster kapitalis","@id":"https:\/\/kapitalis.com\/tunisie\/#\/schema\/person\/d71f33a9ca44f7bad4698210b480c8e9"},"headline":"Ennakl annonce un r\u00e9sultat net part du groupe en hausse de 43,8% au 31 d\u00e9cembre 2020","datePublished":"2021-04-28T09:19:54+00:00","dateModified":"2021-04-30T12:39:17+00:00","mainEntityOfPage":{"@id":"https:\/\/kapitalis.com\/tunisie\/2021\/04\/28\/ennakl-annonce-un-resultat-net-part-du-groupe-en-hausse-de-438-au-1er-trimestre-2021\/"},"wordCount":164,"commentCount":0,"publisher":{"@id":"https:\/\/kapitalis.com\/tunisie\/#organization"},"image":{"@id":"https:\/\/kapitalis.com\/tunisie\/2021\/04\/28\/ennakl-annonce-un-resultat-net-part-du-groupe-en-hausse-de-438-au-1er-trimestre-2021\/#primaryimage"},"thumbnailUrl":"http:\/\/kapitalis.com\/tunisie\/wp-content\/uploads\/2020\/04\/Ennakl-Automobiles.jpg","keywords":["Audi","Ennakl Automobiles","Porsche","Skoda","Volkswagen"],"articleSection":["AUTO","ECONOMIE","Tunisie"],"inLanguage":"fr-FR","potentialAction":[{"@type":"CommentAction","name":"Comment","target":["https:\/\/kapitalis.com\/tunisie\/2021\/04\/28\/ennakl-annonce-un-resultat-net-part-du-groupe-en-hausse-de-438-au-1er-trimestre-2021\/#respond"]}]},{"@type":"WebPage","@id":"https:\/\/kapitalis.com\/tunisie\/2021\/04\/28\/ennakl-annonce-un-resultat-net-part-du-groupe-en-hausse-de-438-au-1er-trimestre-2021\/","url":"https:\/\/kapitalis.com\/tunisie\/2021\/04\/28\/ennakl-annonce-un-resultat-net-part-du-groupe-en-hausse-de-438-au-1er-trimestre-2021\/","name":"Ennakl annonce un r\u00e9sultat net part du groupe en hausse de 43,8% au 31 d\u00e9cembre 2020 - Kapitalis","isPartOf":{"@id":"https:\/\/kapitalis.com\/tunisie\/#website"},"primaryImageOfPage":{"@id":"https:\/\/kapitalis.com\/tunisie\/2021\/04\/28\/ennakl-annonce-un-resultat-net-part-du-groupe-en-hausse-de-438-au-1er-trimestre-2021\/#primaryimage"},"image":{"@id":"https:\/\/kapitalis.com\/tunisie\/2021\/04\/28\/ennakl-annonce-un-resultat-net-part-du-groupe-en-hausse-de-438-au-1er-trimestre-2021\/#primaryimage"},"thumbnailUrl":"http:\/\/kapitalis.com\/tunisie\/wp-content\/uploads\/2020\/04\/Ennakl-Automobiles.jpg","datePublished":"2021-04-28T09:19:54+00:00","dateModified":"2021-04-30T12:39:17+00:00","breadcrumb":{"@id":"https:\/\/kapitalis.com\/tunisie\/2021\/04\/28\/ennakl-annonce-un-resultat-net-part-du-groupe-en-hausse-de-438-au-1er-trimestre-2021\/#breadcrumb"},"inLanguage":"fr-FR","potentialAction":[{"@type":"ReadAction","target":["https:\/\/kapitalis.com\/tunisie\/2021\/04\/28\/ennakl-annonce-un-resultat-net-part-du-groupe-en-hausse-de-438-au-1er-trimestre-2021\/"]}]},{"@type":"ImageObject","inLanguage":"fr-FR","@id":"https:\/\/kapitalis.com\/tunisie\/2021\/04\/28\/ennakl-annonce-un-resultat-net-part-du-groupe-en-hausse-de-438-au-1er-trimestre-2021\/#primaryimage","url":"","contentUrl":""},{"@type":"BreadcrumbList","@id":"https:\/\/kapitalis.com\/tunisie\/2021\/04\/28\/ennakl-annonce-un-resultat-net-part-du-groupe-en-hausse-de-438-au-1er-trimestre-2021\/#breadcrumb","itemListElement":[{"@type":"ListItem","position":1,"name":"Accueil","item":"https:\/\/kapitalis.com\/tunisie\/"},{"@type":"ListItem","position":2,"name":"Ennakl annonce un r\u00e9sultat net part du groupe en hausse de 43,8% au 31 d\u00e9cembre 2020"}]},{"@type":"WebSite","@id":"https:\/\/kapitalis.com\/tunisie\/#website","url":"https:\/\/kapitalis.com\/tunisie\/","name":"Kapitalis","description":"L&#039;actualit\u00e9 en Tunisie et dans le monde","publisher":{"@id":"https:\/\/kapitalis.com\/tunisie\/#organization"},"potentialAction":[{"@type":"SearchAction","target":{"@type":"EntryPoint","urlTemplate":"https:\/\/kapitalis.com\/tunisie\/?s={search_term_string}"},"query-input":{"@type":"PropertyValueSpecification","valueRequired":true,"valueName":"search_term_string"}}],"inLanguage":"fr-FR"},{"@type":"Organization","@id":"https:\/\/kapitalis.com\/tunisie\/#organization","name":"Kapitalis","url":"https:\/\/kapitalis.com\/tunisie\/","logo":{"@type":"ImageObject","inLanguage":"fr-FR","@id":"https:\/\/kapitalis.com\/tunisie\/#\/schema\/logo\/image\/","url":"https:\/\/kapitalis.com\/tunisie\/wp-content\/uploads\/2022\/05\/Kapitalis-big-size.png","contentUrl":"https:\/\/kapitalis.com\/tunisie\/wp-content\/uploads\/2022\/05\/Kapitalis-big-size.png","width":5000,"height":1500,"caption":"Kapitalis"},"image":{"@id":"https:\/\/kapitalis.com\/tunisie\/#\/schema\/logo\/image\/"},"sameAs":["https:\/\/www.facebook.com\/KapitalisInfo\/","https:\/\/x.com\/KapitalisInfo","https:\/\/www.youtube.com\/channel\/UC-yDYrHyfFBWWZaOw3FPg9Q"]},{"@type":"Person","@id":"https:\/\/kapitalis.com\/tunisie\/#\/schema\/person\/d71f33a9ca44f7bad4698210b480c8e9","name":"webmaster kapitalis","url":"https:\/\/kapitalis.com\/tunisie\/author\/webmaster-kapitalis\/"}]}},"_links":{"self":[{"href":"https:\/\/kapitalis.com\/tunisie\/wp-json\/wp\/v2\/posts\/347166","targetHints":{"allow":["GET"]}}],"collection":[{"href":"https:\/\/kapitalis.com\/tunisie\/wp-json\/wp\/v2\/posts"}],"about":[{"href":"https:\/\/kapitalis.com\/tunisie\/wp-json\/wp\/v2\/types\/post"}],"author":[{"embeddable":true,"href":"https:\/\/kapitalis.com\/tunisie\/wp-json\/wp\/v2\/users\/8"}],"replies":[{"embeddable":true,"href":"https:\/\/kapitalis.com\/tunisie\/wp-json\/wp\/v2\/comments?post=347166"}],"version-history":[{"count":0,"href":"https:\/\/kapitalis.com\/tunisie\/wp-json\/wp\/v2\/posts\/347166\/revisions"}],"wp:attachment":[{"href":"https:\/\/kapitalis.com\/tunisie\/wp-json\/wp\/v2\/media?parent=347166"}],"wp:term":[{"taxonomy":"category","embeddable":true,"href":"https:\/\/kapitalis.com\/tunisie\/wp-json\/wp\/v2\/categories?post=347166"},{"taxonomy":"post_tag","embeddable":true,"href":"https:\/\/kapitalis.com\/tunisie\/wp-json\/wp\/v2\/tags?post=347166"}],"curies":[{"name":"wp","href":"https:\/\/api.w.org\/{rel}","templated":true}]}}