{"id":347176,"date":"2021-04-28T10:56:24","date_gmt":"2021-04-28T09:56:24","guid":{"rendered":"http:\/\/kapitalis.com\/tunisie\/?p=347176"},"modified":"2021-04-28T10:56:31","modified_gmt":"2021-04-28T09:56:31","slug":"nominations-a-amen-bank-neji-ghandri-succede-a-ahmed-el-karm-a-la-presidence-du-directoire","status":"publish","type":"post","link":"https:\/\/kapitalis.com\/tunisie\/2021\/04\/28\/nominations-a-amen-bank-neji-ghandri-succede-a-ahmed-el-karm-a-la-presidence-du-directoire\/","title":{"rendered":"Nominations \u00e0 Amen Bank : N\u00e9ji Ghandri succ\u00e8de \u00e0 Ahmed El Karm \u00e0 la pr\u00e9sidence du directoire"},"content":{"rendered":"\n<div class=\"wp-block-image\"><figure class=\"aligncenter size-large\"><img decoding=\"async\" src=\"http:\/\/kapitalis.com\/tunisie\/wp-content\/uploads\/2021\/04\/Ahmed-El-Karm-Neji-Ghandri.jpg\" alt=\"\" class=\"wp-image-347177\"\/><figcaption><em>Ahmed El Karm c\u00e8de le flambeau \u00e0 N\u00e9ji Ghandri: changement dans la continuit\u00e9. <\/em><\/figcaption><\/figure><\/div>\n\n\n\n<p><strong><em>Le conseil de surveillance d\u2019Amen Bank qui s\u2019est r\u00e9uni le 27 avril 2021 a proc\u00e9d\u00e9 \u00e0 la nomination du directoire appel\u00e9 \u00e0 g\u00e9rer la banque. Et qui se compose de N\u00e9ji Ghandri, Karim Ben Yedder et Mehrez Riahi. Les deux premiers ont \u00e9t\u00e9 d\u00e9sign\u00e9s, respectivement, pr\u00e9sident du directoire et directeur g\u00e9n\u00e9ral.<\/em><\/strong><\/p>\n\n\n\n<!--more-->\n\n\n\n<p>M. Ghandri prend ainsi le relais d\u2019Ahmed El Karm, qui a dirig\u00e9 Amen Bank depuis f\u00e9vrier 1993 et qui, tout au long de son mandat, a permis de la hisser parmi les premi\u00e8res banques priv\u00e9es du pays.<\/p>\n\n\n\n<p>\u00c0 cette occasion, le conseil de surveillance a tenu \u00e0 remercier chaleureusement M. El Karm pour son engagement, sa vision strat\u00e9gique et sa contribution au service du d\u00e9veloppement d\u2019Amen Bank.<\/p>\n\n\n\n<p>M. Ghandri a fait ses armes au sein d\u2019Amen Bank. Il a \u00e9t\u00e9 d\u00e9sign\u00e9 membre du directoire depuis novembre 2012, et a \u00e9t\u00e9 nomm\u00e9 directeur g\u00e9n\u00e9ral en 2020.<\/p>\n\n\n\n<p>Le conseil a \u00e9galement renouvel\u00e9 les mandats de ses membres pour une p\u00e9riode de trois ans en d\u00e9signant Rached Fourati, pr\u00e9sident, et Selma Babbou, vice-pr\u00e9sidente.<\/p>\n\n\n\n<p>M. Fourati a \u00e9galement \u00e9t\u00e9 nomm\u00e9 pr\u00e9sident du comit\u00e9 de nomination et de r\u00e9mun\u00e9ration.<\/p>\n\n\n\n<p>Oar ailleurs, Rachid Tmar, Abdelkader Boudriga, et Ahmed Bouzguenda ont \u00e9t\u00e9 nomm\u00e9s respectivement pr\u00e9sident du comit\u00e9 d\u2019audit, pr\u00e9sident du comit\u00e9 des risques et repr\u00e9sentant des petits porteurs.<\/p>\n","protected":false},"excerpt":{"rendered":"<p>Le conseil de surveillance d\u2019Amen Bank qui s\u2019est r\u00e9uni le 27 avril 2021 a proc\u00e9d\u00e9 \u00e0 la nomination du directoire appel\u00e9 \u00e0 g\u00e9rer la banque. Et qui se compose de N\u00e9ji Ghandri, Karim Ben Yedder et Mehrez Riahi. Les deux premiers ont \u00e9t\u00e9 d\u00e9sign\u00e9s, respectivement, pr\u00e9sident du directoire et directeur g\u00e9n\u00e9ral.<\/p>\n","protected":false},"author":8,"featured_media":347177,"comment_status":"open","ping_status":"open","sticky":false,"template":"","format":"standard","meta":{"footnotes":""},"categories":[995,2433],"tags":[89719,52,31669,68,89714,89715,89713,89716,89718,89717],"class_list":["post-347176","post","type-post","status-publish","format-standard","has-post-thumbnail","hentry","category-economie","category-tunisie","tag-abdelkader-boudriga","tag-ahmed-bouzguenda","tag-ahmed-el-karm","tag-amen-bank","tag-karim-ben-yedder","tag-mehrez-riahi","tag-neji-ghandri","tag-rached-fourati","tag-rachid-tmar","tag-selma-babbou"],"yoast_head":"<!-- This site is optimized with the Yoast SEO plugin v26.6 - https:\/\/yoast.com\/wordpress\/plugins\/seo\/ -->\n<title>Nominations \u00e0 Amen Bank : N\u00e9ji Ghandri succ\u00e8de \u00e0 Ahmed El Karm \u00e0 la pr\u00e9sidence du directoire - Kapitalis<\/title>\n<meta name=\"robots\" content=\"index, follow, max-snippet:-1, max-image-preview:large, max-video-preview:-1\" \/>\n<link rel=\"canonical\" href=\"https:\/\/kapitalis.com\/tunisie\/2021\/04\/28\/nominations-a-amen-bank-neji-ghandri-succede-a-ahmed-el-karm-a-la-presidence-du-directoire\/\" \/>\n<meta property=\"og:locale\" content=\"fr_FR\" \/>\n<meta property=\"og:type\" content=\"article\" \/>\n<meta property=\"og:title\" content=\"Nominations \u00e0 Amen Bank : N\u00e9ji Ghandri succ\u00e8de \u00e0 Ahmed El Karm \u00e0 la pr\u00e9sidence du directoire - Kapitalis\" \/>\n<meta property=\"og:description\" content=\"Le conseil de surveillance d\u2019Amen Bank qui s\u2019est r\u00e9uni le 27 avril 2021 a proc\u00e9d\u00e9 \u00e0 la nomination du directoire appel\u00e9 \u00e0 g\u00e9rer la banque. Et qui se compose de N\u00e9ji Ghandri, Karim Ben Yedder et Mehrez Riahi. Les deux premiers ont \u00e9t\u00e9 d\u00e9sign\u00e9s, respectivement, pr\u00e9sident du directoire et directeur g\u00e9n\u00e9ral.\" \/>\n<meta property=\"og:url\" content=\"https:\/\/kapitalis.com\/tunisie\/2021\/04\/28\/nominations-a-amen-bank-neji-ghandri-succede-a-ahmed-el-karm-a-la-presidence-du-directoire\/\" \/>\n<meta property=\"og:site_name\" content=\"Kapitalis\" \/>\n<meta property=\"article:publisher\" content=\"https:\/\/www.facebook.com\/KapitalisInfo\/\" \/>\n<meta property=\"article:published_time\" content=\"2021-04-28T09:56:24+00:00\" \/>\n<meta property=\"article:modified_time\" content=\"2021-04-28T09:56:31+00:00\" \/>\n<meta property=\"og:image\" content=\"https:\/\/kapitalis.com\/tunisie\/wp-content\/uploads\/2022\/05\/kapitalis-logo-fb.png\" \/>\n\t<meta property=\"og:image:width\" content=\"1200\" \/>\n\t<meta property=\"og:image:height\" content=\"630\" \/>\n\t<meta property=\"og:image:type\" content=\"image\/png\" \/>\n<meta name=\"author\" content=\"webmaster kapitalis\" \/>\n<meta name=\"twitter:card\" content=\"summary_large_image\" \/>\n<meta name=\"twitter:creator\" content=\"@KapitalisInfo\" \/>\n<meta name=\"twitter:site\" content=\"@KapitalisInfo\" \/>\n<meta name=\"twitter:label1\" content=\"\u00c9crit par\" \/>\n\t<meta name=\"twitter:data1\" content=\"webmaster kapitalis\" \/>\n\t<meta name=\"twitter:label2\" content=\"Dur\u00e9e de lecture estim\u00e9e\" \/>\n\t<meta name=\"twitter:data2\" content=\"1 minute\" \/>\n<script type=\"application\/ld+json\" class=\"yoast-schema-graph\">{\"@context\":\"https:\/\/schema.org\",\"@graph\":[{\"@type\":\"Article\",\"@id\":\"https:\/\/kapitalis.com\/tunisie\/2021\/04\/28\/nominations-a-amen-bank-neji-ghandri-succede-a-ahmed-el-karm-a-la-presidence-du-directoire\/#article\",\"isPartOf\":{\"@id\":\"https:\/\/kapitalis.com\/tunisie\/2021\/04\/28\/nominations-a-amen-bank-neji-ghandri-succede-a-ahmed-el-karm-a-la-presidence-du-directoire\/\"},\"author\":{\"name\":\"webmaster kapitalis\",\"@id\":\"https:\/\/kapitalis.com\/tunisie\/#\/schema\/person\/d71f33a9ca44f7bad4698210b480c8e9\"},\"headline\":\"Nominations \u00e0 Amen Bank : N\u00e9ji Ghandri succ\u00e8de \u00e0 Ahmed El Karm \u00e0 la pr\u00e9sidence du directoire\",\"datePublished\":\"2021-04-28T09:56:24+00:00\",\"dateModified\":\"2021-04-28T09:56:31+00:00\",\"mainEntityOfPage\":{\"@id\":\"https:\/\/kapitalis.com\/tunisie\/2021\/04\/28\/nominations-a-amen-bank-neji-ghandri-succede-a-ahmed-el-karm-a-la-presidence-du-directoire\/\"},\"wordCount\":267,\"commentCount\":0,\"publisher\":{\"@id\":\"https:\/\/kapitalis.com\/tunisie\/#organization\"},\"image\":{\"@id\":\"https:\/\/kapitalis.com\/tunisie\/2021\/04\/28\/nominations-a-amen-bank-neji-ghandri-succede-a-ahmed-el-karm-a-la-presidence-du-directoire\/#primaryimage\"},\"thumbnailUrl\":\"\",\"keywords\":[\"Abdelkader Boudriga\",\"Ahmed Bouzguenda\",\"Ahmed El Karm\",\"Amen Bank\",\"Karim Ben Yedder\",\"Mehrez Riahi\",\"N\u00e9ji Ghandri\",\"Rached Fourati\",\"Rachid Tmar\",\"Selma Babbou\"],\"articleSection\":[\"ECONOMIE\",\"Tunisie\"],\"inLanguage\":\"fr-FR\",\"potentialAction\":[{\"@type\":\"CommentAction\",\"name\":\"Comment\",\"target\":[\"https:\/\/kapitalis.com\/tunisie\/2021\/04\/28\/nominations-a-amen-bank-neji-ghandri-succede-a-ahmed-el-karm-a-la-presidence-du-directoire\/#respond\"]}]},{\"@type\":\"WebPage\",\"@id\":\"https:\/\/kapitalis.com\/tunisie\/2021\/04\/28\/nominations-a-amen-bank-neji-ghandri-succede-a-ahmed-el-karm-a-la-presidence-du-directoire\/\",\"url\":\"https:\/\/kapitalis.com\/tunisie\/2021\/04\/28\/nominations-a-amen-bank-neji-ghandri-succede-a-ahmed-el-karm-a-la-presidence-du-directoire\/\",\"name\":\"Nominations \u00e0 Amen Bank : N\u00e9ji Ghandri succ\u00e8de \u00e0 Ahmed El Karm \u00e0 la pr\u00e9sidence du directoire - Kapitalis\",\"isPartOf\":{\"@id\":\"https:\/\/kapitalis.com\/tunisie\/#website\"},\"primaryImageOfPage\":{\"@id\":\"https:\/\/kapitalis.com\/tunisie\/2021\/04\/28\/nominations-a-amen-bank-neji-ghandri-succede-a-ahmed-el-karm-a-la-presidence-du-directoire\/#primaryimage\"},\"image\":{\"@id\":\"https:\/\/kapitalis.com\/tunisie\/2021\/04\/28\/nominations-a-amen-bank-neji-ghandri-succede-a-ahmed-el-karm-a-la-presidence-du-directoire\/#primaryimage\"},\"thumbnailUrl\":\"\",\"datePublished\":\"2021-04-28T09:56:24+00:00\",\"dateModified\":\"2021-04-28T09:56:31+00:00\",\"breadcrumb\":{\"@id\":\"https:\/\/kapitalis.com\/tunisie\/2021\/04\/28\/nominations-a-amen-bank-neji-ghandri-succede-a-ahmed-el-karm-a-la-presidence-du-directoire\/#breadcrumb\"},\"inLanguage\":\"fr-FR\",\"potentialAction\":[{\"@type\":\"ReadAction\",\"target\":[\"https:\/\/kapitalis.com\/tunisie\/2021\/04\/28\/nominations-a-amen-bank-neji-ghandri-succede-a-ahmed-el-karm-a-la-presidence-du-directoire\/\"]}]},{\"@type\":\"ImageObject\",\"inLanguage\":\"fr-FR\",\"@id\":\"https:\/\/kapitalis.com\/tunisie\/2021\/04\/28\/nominations-a-amen-bank-neji-ghandri-succede-a-ahmed-el-karm-a-la-presidence-du-directoire\/#primaryimage\",\"url\":\"\",\"contentUrl\":\"\"},{\"@type\":\"BreadcrumbList\",\"@id\":\"https:\/\/kapitalis.com\/tunisie\/2021\/04\/28\/nominations-a-amen-bank-neji-ghandri-succede-a-ahmed-el-karm-a-la-presidence-du-directoire\/#breadcrumb\",\"itemListElement\":[{\"@type\":\"ListItem\",\"position\":1,\"name\":\"Accueil\",\"item\":\"https:\/\/kapitalis.com\/tunisie\/\"},{\"@type\":\"ListItem\",\"position\":2,\"name\":\"Nominations \u00e0 Amen Bank : N\u00e9ji Ghandri succ\u00e8de \u00e0 Ahmed El Karm \u00e0 la pr\u00e9sidence du directoire\"}]},{\"@type\":\"WebSite\",\"@id\":\"https:\/\/kapitalis.com\/tunisie\/#website\",\"url\":\"https:\/\/kapitalis.com\/tunisie\/\",\"name\":\"Kapitalis\",\"description\":\"L&#039;actualit\u00e9 en Tunisie et dans le monde\",\"publisher\":{\"@id\":\"https:\/\/kapitalis.com\/tunisie\/#organization\"},\"potentialAction\":[{\"@type\":\"SearchAction\",\"target\":{\"@type\":\"EntryPoint\",\"urlTemplate\":\"https:\/\/kapitalis.com\/tunisie\/?s={search_term_string}\"},\"query-input\":{\"@type\":\"PropertyValueSpecification\",\"valueRequired\":true,\"valueName\":\"search_term_string\"}}],\"inLanguage\":\"fr-FR\"},{\"@type\":\"Organization\",\"@id\":\"https:\/\/kapitalis.com\/tunisie\/#organization\",\"name\":\"Kapitalis\",\"url\":\"https:\/\/kapitalis.com\/tunisie\/\",\"logo\":{\"@type\":\"ImageObject\",\"inLanguage\":\"fr-FR\",\"@id\":\"https:\/\/kapitalis.com\/tunisie\/#\/schema\/logo\/image\/\",\"url\":\"https:\/\/kapitalis.com\/tunisie\/wp-content\/uploads\/2022\/05\/Kapitalis-big-size.png\",\"contentUrl\":\"https:\/\/kapitalis.com\/tunisie\/wp-content\/uploads\/2022\/05\/Kapitalis-big-size.png\",\"width\":5000,\"height\":1500,\"caption\":\"Kapitalis\"},\"image\":{\"@id\":\"https:\/\/kapitalis.com\/tunisie\/#\/schema\/logo\/image\/\"},\"sameAs\":[\"https:\/\/www.facebook.com\/KapitalisInfo\/\",\"https:\/\/x.com\/KapitalisInfo\",\"https:\/\/www.youtube.com\/channel\/UC-yDYrHyfFBWWZaOw3FPg9Q\"]},{\"@type\":\"Person\",\"@id\":\"https:\/\/kapitalis.com\/tunisie\/#\/schema\/person\/d71f33a9ca44f7bad4698210b480c8e9\",\"name\":\"webmaster kapitalis\",\"url\":\"https:\/\/kapitalis.com\/tunisie\/author\/webmaster-kapitalis\/\"}]}<\/script>\n<!-- \/ Yoast SEO plugin. -->","yoast_head_json":{"title":"Nominations \u00e0 Amen Bank : N\u00e9ji Ghandri succ\u00e8de \u00e0 Ahmed El Karm \u00e0 la pr\u00e9sidence du directoire - Kapitalis","robots":{"index":"index","follow":"follow","max-snippet":"max-snippet:-1","max-image-preview":"max-image-preview:large","max-video-preview":"max-video-preview:-1"},"canonical":"https:\/\/kapitalis.com\/tunisie\/2021\/04\/28\/nominations-a-amen-bank-neji-ghandri-succede-a-ahmed-el-karm-a-la-presidence-du-directoire\/","og_locale":"fr_FR","og_type":"article","og_title":"Nominations \u00e0 Amen Bank : N\u00e9ji Ghandri succ\u00e8de \u00e0 Ahmed El Karm \u00e0 la pr\u00e9sidence du directoire - Kapitalis","og_description":"Le conseil de surveillance d\u2019Amen Bank qui s\u2019est r\u00e9uni le 27 avril 2021 a proc\u00e9d\u00e9 \u00e0 la nomination du directoire appel\u00e9 \u00e0 g\u00e9rer la banque. Et qui se compose de N\u00e9ji Ghandri, Karim Ben Yedder et Mehrez Riahi. Les deux premiers ont \u00e9t\u00e9 d\u00e9sign\u00e9s, respectivement, pr\u00e9sident du directoire et directeur g\u00e9n\u00e9ral.","og_url":"https:\/\/kapitalis.com\/tunisie\/2021\/04\/28\/nominations-a-amen-bank-neji-ghandri-succede-a-ahmed-el-karm-a-la-presidence-du-directoire\/","og_site_name":"Kapitalis","article_publisher":"https:\/\/www.facebook.com\/KapitalisInfo\/","article_published_time":"2021-04-28T09:56:24+00:00","article_modified_time":"2021-04-28T09:56:31+00:00","og_image":[{"width":1200,"height":630,"url":"https:\/\/kapitalis.com\/tunisie\/wp-content\/uploads\/2022\/05\/kapitalis-logo-fb.png","type":"image\/png"}],"author":"webmaster kapitalis","twitter_card":"summary_large_image","twitter_creator":"@KapitalisInfo","twitter_site":"@KapitalisInfo","twitter_misc":{"\u00c9crit par":"webmaster kapitalis","Dur\u00e9e de lecture estim\u00e9e":"1 minute"},"schema":{"@context":"https:\/\/schema.org","@graph":[{"@type":"Article","@id":"https:\/\/kapitalis.com\/tunisie\/2021\/04\/28\/nominations-a-amen-bank-neji-ghandri-succede-a-ahmed-el-karm-a-la-presidence-du-directoire\/#article","isPartOf":{"@id":"https:\/\/kapitalis.com\/tunisie\/2021\/04\/28\/nominations-a-amen-bank-neji-ghandri-succede-a-ahmed-el-karm-a-la-presidence-du-directoire\/"},"author":{"name":"webmaster kapitalis","@id":"https:\/\/kapitalis.com\/tunisie\/#\/schema\/person\/d71f33a9ca44f7bad4698210b480c8e9"},"headline":"Nominations \u00e0 Amen Bank : N\u00e9ji Ghandri succ\u00e8de \u00e0 Ahmed El Karm \u00e0 la pr\u00e9sidence du directoire","datePublished":"2021-04-28T09:56:24+00:00","dateModified":"2021-04-28T09:56:31+00:00","mainEntityOfPage":{"@id":"https:\/\/kapitalis.com\/tunisie\/2021\/04\/28\/nominations-a-amen-bank-neji-ghandri-succede-a-ahmed-el-karm-a-la-presidence-du-directoire\/"},"wordCount":267,"commentCount":0,"publisher":{"@id":"https:\/\/kapitalis.com\/tunisie\/#organization"},"image":{"@id":"https:\/\/kapitalis.com\/tunisie\/2021\/04\/28\/nominations-a-amen-bank-neji-ghandri-succede-a-ahmed-el-karm-a-la-presidence-du-directoire\/#primaryimage"},"thumbnailUrl":"","keywords":["Abdelkader Boudriga","Ahmed Bouzguenda","Ahmed El Karm","Amen Bank","Karim Ben Yedder","Mehrez Riahi","N\u00e9ji Ghandri","Rached Fourati","Rachid Tmar","Selma Babbou"],"articleSection":["ECONOMIE","Tunisie"],"inLanguage":"fr-FR","potentialAction":[{"@type":"CommentAction","name":"Comment","target":["https:\/\/kapitalis.com\/tunisie\/2021\/04\/28\/nominations-a-amen-bank-neji-ghandri-succede-a-ahmed-el-karm-a-la-presidence-du-directoire\/#respond"]}]},{"@type":"WebPage","@id":"https:\/\/kapitalis.com\/tunisie\/2021\/04\/28\/nominations-a-amen-bank-neji-ghandri-succede-a-ahmed-el-karm-a-la-presidence-du-directoire\/","url":"https:\/\/kapitalis.com\/tunisie\/2021\/04\/28\/nominations-a-amen-bank-neji-ghandri-succede-a-ahmed-el-karm-a-la-presidence-du-directoire\/","name":"Nominations \u00e0 Amen Bank : N\u00e9ji Ghandri succ\u00e8de \u00e0 Ahmed El Karm \u00e0 la pr\u00e9sidence du directoire - Kapitalis","isPartOf":{"@id":"https:\/\/kapitalis.com\/tunisie\/#website"},"primaryImageOfPage":{"@id":"https:\/\/kapitalis.com\/tunisie\/2021\/04\/28\/nominations-a-amen-bank-neji-ghandri-succede-a-ahmed-el-karm-a-la-presidence-du-directoire\/#primaryimage"},"image":{"@id":"https:\/\/kapitalis.com\/tunisie\/2021\/04\/28\/nominations-a-amen-bank-neji-ghandri-succede-a-ahmed-el-karm-a-la-presidence-du-directoire\/#primaryimage"},"thumbnailUrl":"","datePublished":"2021-04-28T09:56:24+00:00","dateModified":"2021-04-28T09:56:31+00:00","breadcrumb":{"@id":"https:\/\/kapitalis.com\/tunisie\/2021\/04\/28\/nominations-a-amen-bank-neji-ghandri-succede-a-ahmed-el-karm-a-la-presidence-du-directoire\/#breadcrumb"},"inLanguage":"fr-FR","potentialAction":[{"@type":"ReadAction","target":["https:\/\/kapitalis.com\/tunisie\/2021\/04\/28\/nominations-a-amen-bank-neji-ghandri-succede-a-ahmed-el-karm-a-la-presidence-du-directoire\/"]}]},{"@type":"ImageObject","inLanguage":"fr-FR","@id":"https:\/\/kapitalis.com\/tunisie\/2021\/04\/28\/nominations-a-amen-bank-neji-ghandri-succede-a-ahmed-el-karm-a-la-presidence-du-directoire\/#primaryimage","url":"","contentUrl":""},{"@type":"BreadcrumbList","@id":"https:\/\/kapitalis.com\/tunisie\/2021\/04\/28\/nominations-a-amen-bank-neji-ghandri-succede-a-ahmed-el-karm-a-la-presidence-du-directoire\/#breadcrumb","itemListElement":[{"@type":"ListItem","position":1,"name":"Accueil","item":"https:\/\/kapitalis.com\/tunisie\/"},{"@type":"ListItem","position":2,"name":"Nominations \u00e0 Amen Bank : N\u00e9ji Ghandri succ\u00e8de \u00e0 Ahmed El Karm \u00e0 la pr\u00e9sidence du directoire"}]},{"@type":"WebSite","@id":"https:\/\/kapitalis.com\/tunisie\/#website","url":"https:\/\/kapitalis.com\/tunisie\/","name":"Kapitalis","description":"L&#039;actualit\u00e9 en Tunisie et dans le monde","publisher":{"@id":"https:\/\/kapitalis.com\/tunisie\/#organization"},"potentialAction":[{"@type":"SearchAction","target":{"@type":"EntryPoint","urlTemplate":"https:\/\/kapitalis.com\/tunisie\/?s={search_term_string}"},"query-input":{"@type":"PropertyValueSpecification","valueRequired":true,"valueName":"search_term_string"}}],"inLanguage":"fr-FR"},{"@type":"Organization","@id":"https:\/\/kapitalis.com\/tunisie\/#organization","name":"Kapitalis","url":"https:\/\/kapitalis.com\/tunisie\/","logo":{"@type":"ImageObject","inLanguage":"fr-FR","@id":"https:\/\/kapitalis.com\/tunisie\/#\/schema\/logo\/image\/","url":"https:\/\/kapitalis.com\/tunisie\/wp-content\/uploads\/2022\/05\/Kapitalis-big-size.png","contentUrl":"https:\/\/kapitalis.com\/tunisie\/wp-content\/uploads\/2022\/05\/Kapitalis-big-size.png","width":5000,"height":1500,"caption":"Kapitalis"},"image":{"@id":"https:\/\/kapitalis.com\/tunisie\/#\/schema\/logo\/image\/"},"sameAs":["https:\/\/www.facebook.com\/KapitalisInfo\/","https:\/\/x.com\/KapitalisInfo","https:\/\/www.youtube.com\/channel\/UC-yDYrHyfFBWWZaOw3FPg9Q"]},{"@type":"Person","@id":"https:\/\/kapitalis.com\/tunisie\/#\/schema\/person\/d71f33a9ca44f7bad4698210b480c8e9","name":"webmaster kapitalis","url":"https:\/\/kapitalis.com\/tunisie\/author\/webmaster-kapitalis\/"}]}},"_links":{"self":[{"href":"https:\/\/kapitalis.com\/tunisie\/wp-json\/wp\/v2\/posts\/347176","targetHints":{"allow":["GET"]}}],"collection":[{"href":"https:\/\/kapitalis.com\/tunisie\/wp-json\/wp\/v2\/posts"}],"about":[{"href":"https:\/\/kapitalis.com\/tunisie\/wp-json\/wp\/v2\/types\/post"}],"author":[{"embeddable":true,"href":"https:\/\/kapitalis.com\/tunisie\/wp-json\/wp\/v2\/users\/8"}],"replies":[{"embeddable":true,"href":"https:\/\/kapitalis.com\/tunisie\/wp-json\/wp\/v2\/comments?post=347176"}],"version-history":[{"count":0,"href":"https:\/\/kapitalis.com\/tunisie\/wp-json\/wp\/v2\/posts\/347176\/revisions"}],"wp:featuredmedia":[{"embeddable":true,"href":"https:\/\/kapitalis.com\/tunisie\/wp-json\/wp\/v2\/media\/347177"}],"wp:attachment":[{"href":"https:\/\/kapitalis.com\/tunisie\/wp-json\/wp\/v2\/media?parent=347176"}],"wp:term":[{"taxonomy":"category","embeddable":true,"href":"https:\/\/kapitalis.com\/tunisie\/wp-json\/wp\/v2\/categories?post=347176"},{"taxonomy":"post_tag","embeddable":true,"href":"https:\/\/kapitalis.com\/tunisie\/wp-json\/wp\/v2\/tags?post=347176"}],"curies":[{"name":"wp","href":"https:\/\/api.w.org\/{rel}","templated":true}]}}