{"id":347322,"date":"2021-04-29T09:48:36","date_gmt":"2021-04-29T08:48:36","guid":{"rendered":"http:\/\/kapitalis.com\/tunisie\/?p=347322"},"modified":"2021-04-29T09:48:59","modified_gmt":"2021-04-29T08:48:59","slug":"tunisien-mohsen-marzouk-met-en-garde-contre-le-scenario-de-1881","status":"publish","type":"post","link":"https:\/\/kapitalis.com\/tunisie\/2021\/04\/29\/tunisien-mohsen-marzouk-met-en-garde-contre-le-scenario-de-1881\/","title":{"rendered":"Tunisien : Mohsen Marzouk met en garde contre le sc\u00e9nario de 1881"},"content":{"rendered":"\n<figure class=\"wp-block-image size-large\"><img decoding=\"async\" src=\"http:\/\/kapitalis.com\/tunisie\/wp-content\/uploads\/2016\/01\/Mohsen-Marzouk.jpg\" alt=\"\" class=\"wp-image-34305\"\/><\/figure>\n\n\n\n<p><em><strong>Le pr\u00e9sident du parti Machrou Tounes, Mohsen Marzouk, craint un sc\u00e9nario similaire \u00e0 celui de 1881, faisant allusion au Trait\u00e9 du Bardo qui r\u00e9duisit \u00e0 n\u00e9ant la souverainet\u00e9 de la Tunisie au profit de la France et condamna le pays \u00e0 pr\u00e8s de 75 ans de colonisation. C&rsquo;est dire l&rsquo;ampleur de la crise \u00e9conomique aujourd&rsquo;hui que traverse la Tunisie.<\/strong><\/em><\/p>\n\n\n\n<!--more-->\n\n\n\n<p>Dans une d\u00e9claration accord\u00e9e jeudi 29 avril 2021 \u00e0 Shems FM, Marzouk a, par ailleurs, le recours continu aux emprunts aupr\u00e8s des institutions financi\u00e8res internationales, rappelant que les pr\u00eats ne sont pas destin\u00e9s \u00e0 l&rsquo;investissement, mais aux paiement des salaires et \u00e0 la consommation.<\/p>\n\n\n\n<p>L&rsquo;ancien secr\u00e9taire g\u00e9n\u00e9ral de Nidaa Tounes a \u00e9galement pr\u00e9venu contre le chaos, appelant \u00e0 une lutte et un r\u00e9veil nationaux avec la participation de toutes les forces d\u00e9mocratiques pour sortir la Tunisie de sa crise.<\/p>\n\n\n\n<p>Concernant la pand\u00e9mie du coronavirus, Marzouk a estim\u00e9 que les gens ne peuvent pas \u00eatre bl\u00e2m\u00e9s pour ne pas avoir adh\u00e9r\u00e9 aux mesures et protocoles de sant\u00e9, \u00e9tant donn\u00e9 que \u00e7a a \u00e9t\u00e9 le cas de tous les peuples. En revanche, il a bl\u00e2m\u00e9 les autorit\u00e9s tunisiennes pour avoir longtemps n\u00e9glig\u00e9 l&rsquo;importance de la vaccination.<\/p>\n\n\n\n<p class=\"has-text-align-right\"><strong>C. B. Y.<\/strong><\/p>\n","protected":false},"excerpt":{"rendered":"<p>Le pr\u00e9sident du parti Machrou Tounes, Mohsen Marzouk, craint un sc\u00e9nario similaire \u00e0 celui de 1881, faisant allusion au Trait\u00e9 du Bardo qui r\u00e9duisit \u00e0 n\u00e9ant la souverainet\u00e9 de la Tunisie au profit de la France et condamna le pays \u00e0 pr\u00e8s de 75 ans de colonisation. C&rsquo;est dire l&rsquo;ampleur de la crise \u00e9conomique aujourd&rsquo;hui&#8230;<\/p>\n","protected":false},"author":24,"featured_media":0,"comment_status":"open","ping_status":"open","sticky":false,"template":"","format":"standard","meta":{"footnotes":""},"categories":[997,2433],"tags":[73060,16728,630,89742],"class_list":["post-347322","post","type-post","status-publish","format-standard","hentry","category-politique","category-tunisie","tag-coronavirus","tag-machrou-tounes","tag-mohsen-marzouk","tag-traite-du-bardo"],"yoast_head":"<!-- This site is optimized with the Yoast SEO plugin v26.6 - https:\/\/yoast.com\/wordpress\/plugins\/seo\/ -->\n<title>Tunisien : Mohsen Marzouk met en garde contre le sc\u00e9nario de 1881 - Kapitalis<\/title>\n<meta name=\"robots\" content=\"index, follow, max-snippet:-1, max-image-preview:large, max-video-preview:-1\" \/>\n<link rel=\"canonical\" href=\"https:\/\/kapitalis.com\/tunisie\/2021\/04\/29\/tunisien-mohsen-marzouk-met-en-garde-contre-le-scenario-de-1881\/\" \/>\n<meta property=\"og:locale\" content=\"fr_FR\" \/>\n<meta property=\"og:type\" content=\"article\" \/>\n<meta property=\"og:title\" content=\"Tunisien : Mohsen Marzouk met en garde contre le sc\u00e9nario de 1881 - Kapitalis\" \/>\n<meta property=\"og:description\" content=\"Le pr\u00e9sident du parti Machrou Tounes, Mohsen Marzouk, craint un sc\u00e9nario similaire \u00e0 celui de 1881, faisant allusion au Trait\u00e9 du Bardo qui r\u00e9duisit \u00e0 n\u00e9ant la souverainet\u00e9 de la Tunisie au profit de la France et condamna le pays \u00e0 pr\u00e8s de 75 ans de colonisation. C&rsquo;est dire l&rsquo;ampleur de la crise \u00e9conomique aujourd&rsquo;hui...\" \/>\n<meta property=\"og:url\" content=\"https:\/\/kapitalis.com\/tunisie\/2021\/04\/29\/tunisien-mohsen-marzouk-met-en-garde-contre-le-scenario-de-1881\/\" \/>\n<meta property=\"og:site_name\" content=\"Kapitalis\" \/>\n<meta property=\"article:publisher\" content=\"https:\/\/www.facebook.com\/KapitalisInfo\/\" \/>\n<meta property=\"article:published_time\" content=\"2021-04-29T08:48:36+00:00\" \/>\n<meta property=\"article:modified_time\" content=\"2021-04-29T08:48:59+00:00\" \/>\n<meta property=\"og:image\" content=\"http:\/\/kapitalis.com\/tunisie\/wp-content\/uploads\/2016\/01\/Mohsen-Marzouk.jpg\" \/>\n<meta name=\"author\" content=\"Cherif Benyounes\" \/>\n<meta name=\"twitter:card\" content=\"summary_large_image\" \/>\n<meta name=\"twitter:creator\" content=\"@KapitalisInfo\" \/>\n<meta name=\"twitter:site\" content=\"@KapitalisInfo\" \/>\n<meta name=\"twitter:label1\" content=\"\u00c9crit par\" \/>\n\t<meta name=\"twitter:data1\" content=\"Cherif Benyounes\" \/>\n\t<meta name=\"twitter:label2\" content=\"Dur\u00e9e de lecture estim\u00e9e\" \/>\n\t<meta name=\"twitter:data2\" content=\"1 minute\" \/>\n<script type=\"application\/ld+json\" class=\"yoast-schema-graph\">{\"@context\":\"https:\/\/schema.org\",\"@graph\":[{\"@type\":\"Article\",\"@id\":\"https:\/\/kapitalis.com\/tunisie\/2021\/04\/29\/tunisien-mohsen-marzouk-met-en-garde-contre-le-scenario-de-1881\/#article\",\"isPartOf\":{\"@id\":\"https:\/\/kapitalis.com\/tunisie\/2021\/04\/29\/tunisien-mohsen-marzouk-met-en-garde-contre-le-scenario-de-1881\/\"},\"author\":{\"name\":\"Cherif Benyounes\",\"@id\":\"https:\/\/kapitalis.com\/tunisie\/#\/schema\/person\/b35b8d631961131107263178aeb8019e\"},\"headline\":\"Tunisien : Mohsen Marzouk met en garde contre le sc\u00e9nario de 1881\",\"datePublished\":\"2021-04-29T08:48:36+00:00\",\"dateModified\":\"2021-04-29T08:48:59+00:00\",\"mainEntityOfPage\":{\"@id\":\"https:\/\/kapitalis.com\/tunisie\/2021\/04\/29\/tunisien-mohsen-marzouk-met-en-garde-contre-le-scenario-de-1881\/\"},\"wordCount\":220,\"commentCount\":2,\"publisher\":{\"@id\":\"https:\/\/kapitalis.com\/tunisie\/#organization\"},\"image\":{\"@id\":\"https:\/\/kapitalis.com\/tunisie\/2021\/04\/29\/tunisien-mohsen-marzouk-met-en-garde-contre-le-scenario-de-1881\/#primaryimage\"},\"thumbnailUrl\":\"http:\/\/kapitalis.com\/tunisie\/wp-content\/uploads\/2016\/01\/Mohsen-Marzouk.jpg\",\"keywords\":[\"Coronavirus\",\"Machrou Tounes\",\"Mohsen Marzouk\",\"Trait\u00e9 du Bardo\"],\"articleSection\":[\"POLITIQUE\",\"Tunisie\"],\"inLanguage\":\"fr-FR\",\"potentialAction\":[{\"@type\":\"CommentAction\",\"name\":\"Comment\",\"target\":[\"https:\/\/kapitalis.com\/tunisie\/2021\/04\/29\/tunisien-mohsen-marzouk-met-en-garde-contre-le-scenario-de-1881\/#respond\"]}]},{\"@type\":\"WebPage\",\"@id\":\"https:\/\/kapitalis.com\/tunisie\/2021\/04\/29\/tunisien-mohsen-marzouk-met-en-garde-contre-le-scenario-de-1881\/\",\"url\":\"https:\/\/kapitalis.com\/tunisie\/2021\/04\/29\/tunisien-mohsen-marzouk-met-en-garde-contre-le-scenario-de-1881\/\",\"name\":\"Tunisien : Mohsen Marzouk met en garde contre le sc\u00e9nario de 1881 - Kapitalis\",\"isPartOf\":{\"@id\":\"https:\/\/kapitalis.com\/tunisie\/#website\"},\"primaryImageOfPage\":{\"@id\":\"https:\/\/kapitalis.com\/tunisie\/2021\/04\/29\/tunisien-mohsen-marzouk-met-en-garde-contre-le-scenario-de-1881\/#primaryimage\"},\"image\":{\"@id\":\"https:\/\/kapitalis.com\/tunisie\/2021\/04\/29\/tunisien-mohsen-marzouk-met-en-garde-contre-le-scenario-de-1881\/#primaryimage\"},\"thumbnailUrl\":\"http:\/\/kapitalis.com\/tunisie\/wp-content\/uploads\/2016\/01\/Mohsen-Marzouk.jpg\",\"datePublished\":\"2021-04-29T08:48:36+00:00\",\"dateModified\":\"2021-04-29T08:48:59+00:00\",\"breadcrumb\":{\"@id\":\"https:\/\/kapitalis.com\/tunisie\/2021\/04\/29\/tunisien-mohsen-marzouk-met-en-garde-contre-le-scenario-de-1881\/#breadcrumb\"},\"inLanguage\":\"fr-FR\",\"potentialAction\":[{\"@type\":\"ReadAction\",\"target\":[\"https:\/\/kapitalis.com\/tunisie\/2021\/04\/29\/tunisien-mohsen-marzouk-met-en-garde-contre-le-scenario-de-1881\/\"]}]},{\"@type\":\"ImageObject\",\"inLanguage\":\"fr-FR\",\"@id\":\"https:\/\/kapitalis.com\/tunisie\/2021\/04\/29\/tunisien-mohsen-marzouk-met-en-garde-contre-le-scenario-de-1881\/#primaryimage\",\"url\":\"http:\/\/kapitalis.com\/tunisie\/wp-content\/uploads\/2016\/01\/Mohsen-Marzouk.jpg\",\"contentUrl\":\"http:\/\/kapitalis.com\/tunisie\/wp-content\/uploads\/2016\/01\/Mohsen-Marzouk.jpg\"},{\"@type\":\"BreadcrumbList\",\"@id\":\"https:\/\/kapitalis.com\/tunisie\/2021\/04\/29\/tunisien-mohsen-marzouk-met-en-garde-contre-le-scenario-de-1881\/#breadcrumb\",\"itemListElement\":[{\"@type\":\"ListItem\",\"position\":1,\"name\":\"Accueil\",\"item\":\"https:\/\/kapitalis.com\/tunisie\/\"},{\"@type\":\"ListItem\",\"position\":2,\"name\":\"Tunisien : Mohsen Marzouk met en garde contre le sc\u00e9nario de 1881\"}]},{\"@type\":\"WebSite\",\"@id\":\"https:\/\/kapitalis.com\/tunisie\/#website\",\"url\":\"https:\/\/kapitalis.com\/tunisie\/\",\"name\":\"Kapitalis\",\"description\":\"L&#039;actualit\u00e9 en Tunisie et dans le monde\",\"publisher\":{\"@id\":\"https:\/\/kapitalis.com\/tunisie\/#organization\"},\"potentialAction\":[{\"@type\":\"SearchAction\",\"target\":{\"@type\":\"EntryPoint\",\"urlTemplate\":\"https:\/\/kapitalis.com\/tunisie\/?s={search_term_string}\"},\"query-input\":{\"@type\":\"PropertyValueSpecification\",\"valueRequired\":true,\"valueName\":\"search_term_string\"}}],\"inLanguage\":\"fr-FR\"},{\"@type\":\"Organization\",\"@id\":\"https:\/\/kapitalis.com\/tunisie\/#organization\",\"name\":\"Kapitalis\",\"url\":\"https:\/\/kapitalis.com\/tunisie\/\",\"logo\":{\"@type\":\"ImageObject\",\"inLanguage\":\"fr-FR\",\"@id\":\"https:\/\/kapitalis.com\/tunisie\/#\/schema\/logo\/image\/\",\"url\":\"https:\/\/kapitalis.com\/tunisie\/wp-content\/uploads\/2022\/05\/Kapitalis-big-size.png\",\"contentUrl\":\"https:\/\/kapitalis.com\/tunisie\/wp-content\/uploads\/2022\/05\/Kapitalis-big-size.png\",\"width\":5000,\"height\":1500,\"caption\":\"Kapitalis\"},\"image\":{\"@id\":\"https:\/\/kapitalis.com\/tunisie\/#\/schema\/logo\/image\/\"},\"sameAs\":[\"https:\/\/www.facebook.com\/KapitalisInfo\/\",\"https:\/\/x.com\/KapitalisInfo\",\"https:\/\/www.youtube.com\/channel\/UC-yDYrHyfFBWWZaOw3FPg9Q\"]},{\"@type\":\"Person\",\"@id\":\"https:\/\/kapitalis.com\/tunisie\/#\/schema\/person\/b35b8d631961131107263178aeb8019e\",\"name\":\"Cherif Benyounes\",\"url\":\"https:\/\/kapitalis.com\/tunisie\/author\/cherif\/\"}]}<\/script>\n<!-- \/ Yoast SEO plugin. -->","yoast_head_json":{"title":"Tunisien : Mohsen Marzouk met en garde contre le sc\u00e9nario de 1881 - Kapitalis","robots":{"index":"index","follow":"follow","max-snippet":"max-snippet:-1","max-image-preview":"max-image-preview:large","max-video-preview":"max-video-preview:-1"},"canonical":"https:\/\/kapitalis.com\/tunisie\/2021\/04\/29\/tunisien-mohsen-marzouk-met-en-garde-contre-le-scenario-de-1881\/","og_locale":"fr_FR","og_type":"article","og_title":"Tunisien : Mohsen Marzouk met en garde contre le sc\u00e9nario de 1881 - Kapitalis","og_description":"Le pr\u00e9sident du parti Machrou Tounes, Mohsen Marzouk, craint un sc\u00e9nario similaire \u00e0 celui de 1881, faisant allusion au Trait\u00e9 du Bardo qui r\u00e9duisit \u00e0 n\u00e9ant la souverainet\u00e9 de la Tunisie au profit de la France et condamna le pays \u00e0 pr\u00e8s de 75 ans de colonisation. C&rsquo;est dire l&rsquo;ampleur de la crise \u00e9conomique aujourd&rsquo;hui...","og_url":"https:\/\/kapitalis.com\/tunisie\/2021\/04\/29\/tunisien-mohsen-marzouk-met-en-garde-contre-le-scenario-de-1881\/","og_site_name":"Kapitalis","article_publisher":"https:\/\/www.facebook.com\/KapitalisInfo\/","article_published_time":"2021-04-29T08:48:36+00:00","article_modified_time":"2021-04-29T08:48:59+00:00","og_image":[{"url":"http:\/\/kapitalis.com\/tunisie\/wp-content\/uploads\/2016\/01\/Mohsen-Marzouk.jpg","type":"","width":"","height":""}],"author":"Cherif Benyounes","twitter_card":"summary_large_image","twitter_creator":"@KapitalisInfo","twitter_site":"@KapitalisInfo","twitter_misc":{"\u00c9crit par":"Cherif Benyounes","Dur\u00e9e de lecture estim\u00e9e":"1 minute"},"schema":{"@context":"https:\/\/schema.org","@graph":[{"@type":"Article","@id":"https:\/\/kapitalis.com\/tunisie\/2021\/04\/29\/tunisien-mohsen-marzouk-met-en-garde-contre-le-scenario-de-1881\/#article","isPartOf":{"@id":"https:\/\/kapitalis.com\/tunisie\/2021\/04\/29\/tunisien-mohsen-marzouk-met-en-garde-contre-le-scenario-de-1881\/"},"author":{"name":"Cherif Benyounes","@id":"https:\/\/kapitalis.com\/tunisie\/#\/schema\/person\/b35b8d631961131107263178aeb8019e"},"headline":"Tunisien : Mohsen Marzouk met en garde contre le sc\u00e9nario de 1881","datePublished":"2021-04-29T08:48:36+00:00","dateModified":"2021-04-29T08:48:59+00:00","mainEntityOfPage":{"@id":"https:\/\/kapitalis.com\/tunisie\/2021\/04\/29\/tunisien-mohsen-marzouk-met-en-garde-contre-le-scenario-de-1881\/"},"wordCount":220,"commentCount":2,"publisher":{"@id":"https:\/\/kapitalis.com\/tunisie\/#organization"},"image":{"@id":"https:\/\/kapitalis.com\/tunisie\/2021\/04\/29\/tunisien-mohsen-marzouk-met-en-garde-contre-le-scenario-de-1881\/#primaryimage"},"thumbnailUrl":"http:\/\/kapitalis.com\/tunisie\/wp-content\/uploads\/2016\/01\/Mohsen-Marzouk.jpg","keywords":["Coronavirus","Machrou Tounes","Mohsen Marzouk","Trait\u00e9 du Bardo"],"articleSection":["POLITIQUE","Tunisie"],"inLanguage":"fr-FR","potentialAction":[{"@type":"CommentAction","name":"Comment","target":["https:\/\/kapitalis.com\/tunisie\/2021\/04\/29\/tunisien-mohsen-marzouk-met-en-garde-contre-le-scenario-de-1881\/#respond"]}]},{"@type":"WebPage","@id":"https:\/\/kapitalis.com\/tunisie\/2021\/04\/29\/tunisien-mohsen-marzouk-met-en-garde-contre-le-scenario-de-1881\/","url":"https:\/\/kapitalis.com\/tunisie\/2021\/04\/29\/tunisien-mohsen-marzouk-met-en-garde-contre-le-scenario-de-1881\/","name":"Tunisien : Mohsen Marzouk met en garde contre le sc\u00e9nario de 1881 - Kapitalis","isPartOf":{"@id":"https:\/\/kapitalis.com\/tunisie\/#website"},"primaryImageOfPage":{"@id":"https:\/\/kapitalis.com\/tunisie\/2021\/04\/29\/tunisien-mohsen-marzouk-met-en-garde-contre-le-scenario-de-1881\/#primaryimage"},"image":{"@id":"https:\/\/kapitalis.com\/tunisie\/2021\/04\/29\/tunisien-mohsen-marzouk-met-en-garde-contre-le-scenario-de-1881\/#primaryimage"},"thumbnailUrl":"http:\/\/kapitalis.com\/tunisie\/wp-content\/uploads\/2016\/01\/Mohsen-Marzouk.jpg","datePublished":"2021-04-29T08:48:36+00:00","dateModified":"2021-04-29T08:48:59+00:00","breadcrumb":{"@id":"https:\/\/kapitalis.com\/tunisie\/2021\/04\/29\/tunisien-mohsen-marzouk-met-en-garde-contre-le-scenario-de-1881\/#breadcrumb"},"inLanguage":"fr-FR","potentialAction":[{"@type":"ReadAction","target":["https:\/\/kapitalis.com\/tunisie\/2021\/04\/29\/tunisien-mohsen-marzouk-met-en-garde-contre-le-scenario-de-1881\/"]}]},{"@type":"ImageObject","inLanguage":"fr-FR","@id":"https:\/\/kapitalis.com\/tunisie\/2021\/04\/29\/tunisien-mohsen-marzouk-met-en-garde-contre-le-scenario-de-1881\/#primaryimage","url":"http:\/\/kapitalis.com\/tunisie\/wp-content\/uploads\/2016\/01\/Mohsen-Marzouk.jpg","contentUrl":"http:\/\/kapitalis.com\/tunisie\/wp-content\/uploads\/2016\/01\/Mohsen-Marzouk.jpg"},{"@type":"BreadcrumbList","@id":"https:\/\/kapitalis.com\/tunisie\/2021\/04\/29\/tunisien-mohsen-marzouk-met-en-garde-contre-le-scenario-de-1881\/#breadcrumb","itemListElement":[{"@type":"ListItem","position":1,"name":"Accueil","item":"https:\/\/kapitalis.com\/tunisie\/"},{"@type":"ListItem","position":2,"name":"Tunisien : Mohsen Marzouk met en garde contre le sc\u00e9nario de 1881"}]},{"@type":"WebSite","@id":"https:\/\/kapitalis.com\/tunisie\/#website","url":"https:\/\/kapitalis.com\/tunisie\/","name":"Kapitalis","description":"L&#039;actualit\u00e9 en Tunisie et dans le monde","publisher":{"@id":"https:\/\/kapitalis.com\/tunisie\/#organization"},"potentialAction":[{"@type":"SearchAction","target":{"@type":"EntryPoint","urlTemplate":"https:\/\/kapitalis.com\/tunisie\/?s={search_term_string}"},"query-input":{"@type":"PropertyValueSpecification","valueRequired":true,"valueName":"search_term_string"}}],"inLanguage":"fr-FR"},{"@type":"Organization","@id":"https:\/\/kapitalis.com\/tunisie\/#organization","name":"Kapitalis","url":"https:\/\/kapitalis.com\/tunisie\/","logo":{"@type":"ImageObject","inLanguage":"fr-FR","@id":"https:\/\/kapitalis.com\/tunisie\/#\/schema\/logo\/image\/","url":"https:\/\/kapitalis.com\/tunisie\/wp-content\/uploads\/2022\/05\/Kapitalis-big-size.png","contentUrl":"https:\/\/kapitalis.com\/tunisie\/wp-content\/uploads\/2022\/05\/Kapitalis-big-size.png","width":5000,"height":1500,"caption":"Kapitalis"},"image":{"@id":"https:\/\/kapitalis.com\/tunisie\/#\/schema\/logo\/image\/"},"sameAs":["https:\/\/www.facebook.com\/KapitalisInfo\/","https:\/\/x.com\/KapitalisInfo","https:\/\/www.youtube.com\/channel\/UC-yDYrHyfFBWWZaOw3FPg9Q"]},{"@type":"Person","@id":"https:\/\/kapitalis.com\/tunisie\/#\/schema\/person\/b35b8d631961131107263178aeb8019e","name":"Cherif Benyounes","url":"https:\/\/kapitalis.com\/tunisie\/author\/cherif\/"}]}},"_links":{"self":[{"href":"https:\/\/kapitalis.com\/tunisie\/wp-json\/wp\/v2\/posts\/347322","targetHints":{"allow":["GET"]}}],"collection":[{"href":"https:\/\/kapitalis.com\/tunisie\/wp-json\/wp\/v2\/posts"}],"about":[{"href":"https:\/\/kapitalis.com\/tunisie\/wp-json\/wp\/v2\/types\/post"}],"author":[{"embeddable":true,"href":"https:\/\/kapitalis.com\/tunisie\/wp-json\/wp\/v2\/users\/24"}],"replies":[{"embeddable":true,"href":"https:\/\/kapitalis.com\/tunisie\/wp-json\/wp\/v2\/comments?post=347322"}],"version-history":[{"count":0,"href":"https:\/\/kapitalis.com\/tunisie\/wp-json\/wp\/v2\/posts\/347322\/revisions"}],"wp:attachment":[{"href":"https:\/\/kapitalis.com\/tunisie\/wp-json\/wp\/v2\/media?parent=347322"}],"wp:term":[{"taxonomy":"category","embeddable":true,"href":"https:\/\/kapitalis.com\/tunisie\/wp-json\/wp\/v2\/categories?post=347322"},{"taxonomy":"post_tag","embeddable":true,"href":"https:\/\/kapitalis.com\/tunisie\/wp-json\/wp\/v2\/tags?post=347322"}],"curies":[{"name":"wp","href":"https:\/\/api.w.org\/{rel}","templated":true}]}}