{"id":347937,"date":"2021-05-04T19:52:42","date_gmt":"2021-05-04T18:52:42","guid":{"rendered":"http:\/\/kapitalis.com\/tunisie\/?p=347937"},"modified":"2021-05-04T23:43:57","modified_gmt":"2021-05-04T22:43:57","slug":"coronavirus-la-tunisie-deplore-101-deces-en-24h","status":"publish","type":"post","link":"https:\/\/kapitalis.com\/tunisie\/2021\/05\/04\/coronavirus-la-tunisie-deplore-101-deces-en-24h\/","title":{"rendered":"Coronavirus :  La Tunisie d\u00e9plore 101 d\u00e9c\u00e8s en 24h !"},"content":{"rendered":"\n<div class=\"wp-block-image\"><figure class=\"aligncenter size-large\"><img decoding=\"async\" src=\"http:\/\/kapitalis.com\/tunisie\/wp-content\/uploads\/2020\/08\/Ariana-deces-coronavirus.jpg\" alt=\"\" class=\"wp-image-312806\"\/><\/figure><\/div>\n\n\n\n<p><em><strong>Sur 5284 tests de d\u00e9pistage du coronavirus, 1405 sont revenus positifs, annonce le minist\u00e8re de la Sant\u00e9, dans un communiqu\u00e9 publi\u00e9 dans la soir\u00e9e de ce mardi 4 mai 2021, en ajoutant que 101 d\u00e9c\u00e8s et 1966 gu\u00e9risons ont \u00e9t\u00e9 enregistr\u00e9s ces derni\u00e8res 24h (au 3 mai).<\/strong><\/em><\/p>\n\n\n\n<!--more-->\n\n\n\n<p>Avec ces nouveaux cas positifs, le nombre de contaminations au coronavirus, d\u00e9pist\u00e9es depuis l\u2019apparition de la pand\u00e9mie en Tunisie en mars dernier, s\u2019\u00e9l\u00e8ve d\u00e9sormais \u00e0 314152 (sur 1.333.567 tests de d\u00e9pistage), sachant que 266696 personnes ont pu en gu\u00e9rir, alors que 11016 en sont mortes.<\/p>\n\n\n\n<p class=\"has-text-align-right\"><strong>Y. N.<\/strong><\/p>\n","protected":false},"excerpt":{"rendered":"<p>Sur 5284 tests de d\u00e9pistage du coronavirus, 1405 sont revenus positifs, annonce le minist\u00e8re de la Sant\u00e9, dans un communiqu\u00e9 publi\u00e9 dans la soir\u00e9e de ce mardi 4 mai 2021, en ajoutant que 101 d\u00e9c\u00e8s et 1966 gu\u00e9risons ont \u00e9t\u00e9 enregistr\u00e9s ces derni\u00e8res 24h (au 3 mai).<\/p>\n","protected":false},"author":6,"featured_media":0,"comment_status":"open","ping_status":"open","sticky":false,"template":"","format":"standard","meta":{"footnotes":""},"categories":[998,2433],"tags":[73060,78820,64263,77386,810,62643],"class_list":["post-347937","post","type-post","status-publish","format-standard","hentry","category-societe","category-tunisie","tag-coronavirus","tag-covid-2","tag-deces","tag-guerisons","tag-sante","tag-tunisie"],"yoast_head":"<!-- This site is optimized with the Yoast SEO plugin v26.6 - https:\/\/yoast.com\/wordpress\/plugins\/seo\/ -->\n<title>Coronavirus : La Tunisie d\u00e9plore 101 d\u00e9c\u00e8s en 24h ! - Kapitalis<\/title>\n<meta name=\"robots\" content=\"index, follow, max-snippet:-1, max-image-preview:large, max-video-preview:-1\" \/>\n<link rel=\"canonical\" href=\"https:\/\/kapitalis.com\/tunisie\/2021\/05\/04\/coronavirus-la-tunisie-deplore-101-deces-en-24h\/\" \/>\n<meta property=\"og:locale\" content=\"fr_FR\" \/>\n<meta property=\"og:type\" content=\"article\" \/>\n<meta property=\"og:title\" content=\"Coronavirus : La Tunisie d\u00e9plore 101 d\u00e9c\u00e8s en 24h ! - Kapitalis\" \/>\n<meta property=\"og:description\" content=\"Sur 5284 tests de d\u00e9pistage du coronavirus, 1405 sont revenus positifs, annonce le minist\u00e8re de la Sant\u00e9, dans un communiqu\u00e9 publi\u00e9 dans la soir\u00e9e de ce mardi 4 mai 2021, en ajoutant que 101 d\u00e9c\u00e8s et 1966 gu\u00e9risons ont \u00e9t\u00e9 enregistr\u00e9s ces derni\u00e8res 24h (au 3 mai).\" \/>\n<meta property=\"og:url\" content=\"https:\/\/kapitalis.com\/tunisie\/2021\/05\/04\/coronavirus-la-tunisie-deplore-101-deces-en-24h\/\" \/>\n<meta property=\"og:site_name\" content=\"Kapitalis\" \/>\n<meta property=\"article:publisher\" content=\"https:\/\/www.facebook.com\/KapitalisInfo\/\" \/>\n<meta property=\"article:published_time\" content=\"2021-05-04T18:52:42+00:00\" \/>\n<meta property=\"article:modified_time\" content=\"2021-05-04T22:43:57+00:00\" \/>\n<meta property=\"og:image\" content=\"http:\/\/kapitalis.com\/tunisie\/wp-content\/uploads\/2020\/08\/Ariana-deces-coronavirus.jpg\" \/>\n<meta name=\"author\" content=\"Yusra NY\" \/>\n<meta name=\"twitter:card\" content=\"summary_large_image\" \/>\n<meta name=\"twitter:creator\" content=\"@KapitalisInfo\" \/>\n<meta name=\"twitter:site\" content=\"@KapitalisInfo\" \/>\n<meta name=\"twitter:label1\" content=\"\u00c9crit par\" \/>\n\t<meta name=\"twitter:data1\" content=\"Yusra NY\" \/>\n<script type=\"application\/ld+json\" class=\"yoast-schema-graph\">{\"@context\":\"https:\/\/schema.org\",\"@graph\":[{\"@type\":\"Article\",\"@id\":\"https:\/\/kapitalis.com\/tunisie\/2021\/05\/04\/coronavirus-la-tunisie-deplore-101-deces-en-24h\/#article\",\"isPartOf\":{\"@id\":\"https:\/\/kapitalis.com\/tunisie\/2021\/05\/04\/coronavirus-la-tunisie-deplore-101-deces-en-24h\/\"},\"author\":{\"name\":\"Yusra NY\",\"@id\":\"https:\/\/kapitalis.com\/tunisie\/#\/schema\/person\/74bbde0154d49d790a92aaeac5bc01d5\"},\"headline\":\"Coronavirus : La Tunisie d\u00e9plore 101 d\u00e9c\u00e8s en 24h !\",\"datePublished\":\"2021-05-04T18:52:42+00:00\",\"dateModified\":\"2021-05-04T22:43:57+00:00\",\"mainEntityOfPage\":{\"@id\":\"https:\/\/kapitalis.com\/tunisie\/2021\/05\/04\/coronavirus-la-tunisie-deplore-101-deces-en-24h\/\"},\"wordCount\":109,\"commentCount\":1,\"publisher\":{\"@id\":\"https:\/\/kapitalis.com\/tunisie\/#organization\"},\"image\":{\"@id\":\"https:\/\/kapitalis.com\/tunisie\/2021\/05\/04\/coronavirus-la-tunisie-deplore-101-deces-en-24h\/#primaryimage\"},\"thumbnailUrl\":\"http:\/\/kapitalis.com\/tunisie\/wp-content\/uploads\/2020\/08\/Ariana-deces-coronavirus.jpg\",\"keywords\":[\"Coronavirus\",\"covid\",\"d\u00e9c\u00e8s\",\"gu\u00e9risons\",\"Sant\u00e9\",\"Tunisie\"],\"articleSection\":[\"SOCIETE\",\"Tunisie\"],\"inLanguage\":\"fr-FR\",\"potentialAction\":[{\"@type\":\"CommentAction\",\"name\":\"Comment\",\"target\":[\"https:\/\/kapitalis.com\/tunisie\/2021\/05\/04\/coronavirus-la-tunisie-deplore-101-deces-en-24h\/#respond\"]}]},{\"@type\":\"WebPage\",\"@id\":\"https:\/\/kapitalis.com\/tunisie\/2021\/05\/04\/coronavirus-la-tunisie-deplore-101-deces-en-24h\/\",\"url\":\"https:\/\/kapitalis.com\/tunisie\/2021\/05\/04\/coronavirus-la-tunisie-deplore-101-deces-en-24h\/\",\"name\":\"Coronavirus : La Tunisie d\u00e9plore 101 d\u00e9c\u00e8s en 24h ! - Kapitalis\",\"isPartOf\":{\"@id\":\"https:\/\/kapitalis.com\/tunisie\/#website\"},\"primaryImageOfPage\":{\"@id\":\"https:\/\/kapitalis.com\/tunisie\/2021\/05\/04\/coronavirus-la-tunisie-deplore-101-deces-en-24h\/#primaryimage\"},\"image\":{\"@id\":\"https:\/\/kapitalis.com\/tunisie\/2021\/05\/04\/coronavirus-la-tunisie-deplore-101-deces-en-24h\/#primaryimage\"},\"thumbnailUrl\":\"http:\/\/kapitalis.com\/tunisie\/wp-content\/uploads\/2020\/08\/Ariana-deces-coronavirus.jpg\",\"datePublished\":\"2021-05-04T18:52:42+00:00\",\"dateModified\":\"2021-05-04T22:43:57+00:00\",\"breadcrumb\":{\"@id\":\"https:\/\/kapitalis.com\/tunisie\/2021\/05\/04\/coronavirus-la-tunisie-deplore-101-deces-en-24h\/#breadcrumb\"},\"inLanguage\":\"fr-FR\",\"potentialAction\":[{\"@type\":\"ReadAction\",\"target\":[\"https:\/\/kapitalis.com\/tunisie\/2021\/05\/04\/coronavirus-la-tunisie-deplore-101-deces-en-24h\/\"]}]},{\"@type\":\"ImageObject\",\"inLanguage\":\"fr-FR\",\"@id\":\"https:\/\/kapitalis.com\/tunisie\/2021\/05\/04\/coronavirus-la-tunisie-deplore-101-deces-en-24h\/#primaryimage\",\"url\":\"\",\"contentUrl\":\"\"},{\"@type\":\"BreadcrumbList\",\"@id\":\"https:\/\/kapitalis.com\/tunisie\/2021\/05\/04\/coronavirus-la-tunisie-deplore-101-deces-en-24h\/#breadcrumb\",\"itemListElement\":[{\"@type\":\"ListItem\",\"position\":1,\"name\":\"Accueil\",\"item\":\"https:\/\/kapitalis.com\/tunisie\/\"},{\"@type\":\"ListItem\",\"position\":2,\"name\":\"Coronavirus : La Tunisie d\u00e9plore 101 d\u00e9c\u00e8s en 24h !\"}]},{\"@type\":\"WebSite\",\"@id\":\"https:\/\/kapitalis.com\/tunisie\/#website\",\"url\":\"https:\/\/kapitalis.com\/tunisie\/\",\"name\":\"Kapitalis\",\"description\":\"L&#039;actualit\u00e9 en Tunisie et dans le monde\",\"publisher\":{\"@id\":\"https:\/\/kapitalis.com\/tunisie\/#organization\"},\"potentialAction\":[{\"@type\":\"SearchAction\",\"target\":{\"@type\":\"EntryPoint\",\"urlTemplate\":\"https:\/\/kapitalis.com\/tunisie\/?s={search_term_string}\"},\"query-input\":{\"@type\":\"PropertyValueSpecification\",\"valueRequired\":true,\"valueName\":\"search_term_string\"}}],\"inLanguage\":\"fr-FR\"},{\"@type\":\"Organization\",\"@id\":\"https:\/\/kapitalis.com\/tunisie\/#organization\",\"name\":\"Kapitalis\",\"url\":\"https:\/\/kapitalis.com\/tunisie\/\",\"logo\":{\"@type\":\"ImageObject\",\"inLanguage\":\"fr-FR\",\"@id\":\"https:\/\/kapitalis.com\/tunisie\/#\/schema\/logo\/image\/\",\"url\":\"https:\/\/kapitalis.com\/tunisie\/wp-content\/uploads\/2022\/05\/Kapitalis-big-size.png\",\"contentUrl\":\"https:\/\/kapitalis.com\/tunisie\/wp-content\/uploads\/2022\/05\/Kapitalis-big-size.png\",\"width\":5000,\"height\":1500,\"caption\":\"Kapitalis\"},\"image\":{\"@id\":\"https:\/\/kapitalis.com\/tunisie\/#\/schema\/logo\/image\/\"},\"sameAs\":[\"https:\/\/www.facebook.com\/KapitalisInfo\/\",\"https:\/\/x.com\/KapitalisInfo\",\"https:\/\/www.youtube.com\/channel\/UC-yDYrHyfFBWWZaOw3FPg9Q\"]},{\"@type\":\"Person\",\"@id\":\"https:\/\/kapitalis.com\/tunisie\/#\/schema\/person\/74bbde0154d49d790a92aaeac5bc01d5\",\"name\":\"Yusra NY\",\"url\":\"https:\/\/kapitalis.com\/tunisie\/author\/yuza_adam\/\"}]}<\/script>\n<!-- \/ Yoast SEO plugin. -->","yoast_head_json":{"title":"Coronavirus : La Tunisie d\u00e9plore 101 d\u00e9c\u00e8s en 24h ! - Kapitalis","robots":{"index":"index","follow":"follow","max-snippet":"max-snippet:-1","max-image-preview":"max-image-preview:large","max-video-preview":"max-video-preview:-1"},"canonical":"https:\/\/kapitalis.com\/tunisie\/2021\/05\/04\/coronavirus-la-tunisie-deplore-101-deces-en-24h\/","og_locale":"fr_FR","og_type":"article","og_title":"Coronavirus : La Tunisie d\u00e9plore 101 d\u00e9c\u00e8s en 24h ! - Kapitalis","og_description":"Sur 5284 tests de d\u00e9pistage du coronavirus, 1405 sont revenus positifs, annonce le minist\u00e8re de la Sant\u00e9, dans un communiqu\u00e9 publi\u00e9 dans la soir\u00e9e de ce mardi 4 mai 2021, en ajoutant que 101 d\u00e9c\u00e8s et 1966 gu\u00e9risons ont \u00e9t\u00e9 enregistr\u00e9s ces derni\u00e8res 24h (au 3 mai).","og_url":"https:\/\/kapitalis.com\/tunisie\/2021\/05\/04\/coronavirus-la-tunisie-deplore-101-deces-en-24h\/","og_site_name":"Kapitalis","article_publisher":"https:\/\/www.facebook.com\/KapitalisInfo\/","article_published_time":"2021-05-04T18:52:42+00:00","article_modified_time":"2021-05-04T22:43:57+00:00","og_image":[{"url":"http:\/\/kapitalis.com\/tunisie\/wp-content\/uploads\/2020\/08\/Ariana-deces-coronavirus.jpg","type":"","width":"","height":""}],"author":"Yusra NY","twitter_card":"summary_large_image","twitter_creator":"@KapitalisInfo","twitter_site":"@KapitalisInfo","twitter_misc":{"\u00c9crit par":"Yusra NY"},"schema":{"@context":"https:\/\/schema.org","@graph":[{"@type":"Article","@id":"https:\/\/kapitalis.com\/tunisie\/2021\/05\/04\/coronavirus-la-tunisie-deplore-101-deces-en-24h\/#article","isPartOf":{"@id":"https:\/\/kapitalis.com\/tunisie\/2021\/05\/04\/coronavirus-la-tunisie-deplore-101-deces-en-24h\/"},"author":{"name":"Yusra NY","@id":"https:\/\/kapitalis.com\/tunisie\/#\/schema\/person\/74bbde0154d49d790a92aaeac5bc01d5"},"headline":"Coronavirus : La Tunisie d\u00e9plore 101 d\u00e9c\u00e8s en 24h !","datePublished":"2021-05-04T18:52:42+00:00","dateModified":"2021-05-04T22:43:57+00:00","mainEntityOfPage":{"@id":"https:\/\/kapitalis.com\/tunisie\/2021\/05\/04\/coronavirus-la-tunisie-deplore-101-deces-en-24h\/"},"wordCount":109,"commentCount":1,"publisher":{"@id":"https:\/\/kapitalis.com\/tunisie\/#organization"},"image":{"@id":"https:\/\/kapitalis.com\/tunisie\/2021\/05\/04\/coronavirus-la-tunisie-deplore-101-deces-en-24h\/#primaryimage"},"thumbnailUrl":"http:\/\/kapitalis.com\/tunisie\/wp-content\/uploads\/2020\/08\/Ariana-deces-coronavirus.jpg","keywords":["Coronavirus","covid","d\u00e9c\u00e8s","gu\u00e9risons","Sant\u00e9","Tunisie"],"articleSection":["SOCIETE","Tunisie"],"inLanguage":"fr-FR","potentialAction":[{"@type":"CommentAction","name":"Comment","target":["https:\/\/kapitalis.com\/tunisie\/2021\/05\/04\/coronavirus-la-tunisie-deplore-101-deces-en-24h\/#respond"]}]},{"@type":"WebPage","@id":"https:\/\/kapitalis.com\/tunisie\/2021\/05\/04\/coronavirus-la-tunisie-deplore-101-deces-en-24h\/","url":"https:\/\/kapitalis.com\/tunisie\/2021\/05\/04\/coronavirus-la-tunisie-deplore-101-deces-en-24h\/","name":"Coronavirus : La Tunisie d\u00e9plore 101 d\u00e9c\u00e8s en 24h ! - Kapitalis","isPartOf":{"@id":"https:\/\/kapitalis.com\/tunisie\/#website"},"primaryImageOfPage":{"@id":"https:\/\/kapitalis.com\/tunisie\/2021\/05\/04\/coronavirus-la-tunisie-deplore-101-deces-en-24h\/#primaryimage"},"image":{"@id":"https:\/\/kapitalis.com\/tunisie\/2021\/05\/04\/coronavirus-la-tunisie-deplore-101-deces-en-24h\/#primaryimage"},"thumbnailUrl":"http:\/\/kapitalis.com\/tunisie\/wp-content\/uploads\/2020\/08\/Ariana-deces-coronavirus.jpg","datePublished":"2021-05-04T18:52:42+00:00","dateModified":"2021-05-04T22:43:57+00:00","breadcrumb":{"@id":"https:\/\/kapitalis.com\/tunisie\/2021\/05\/04\/coronavirus-la-tunisie-deplore-101-deces-en-24h\/#breadcrumb"},"inLanguage":"fr-FR","potentialAction":[{"@type":"ReadAction","target":["https:\/\/kapitalis.com\/tunisie\/2021\/05\/04\/coronavirus-la-tunisie-deplore-101-deces-en-24h\/"]}]},{"@type":"ImageObject","inLanguage":"fr-FR","@id":"https:\/\/kapitalis.com\/tunisie\/2021\/05\/04\/coronavirus-la-tunisie-deplore-101-deces-en-24h\/#primaryimage","url":"","contentUrl":""},{"@type":"BreadcrumbList","@id":"https:\/\/kapitalis.com\/tunisie\/2021\/05\/04\/coronavirus-la-tunisie-deplore-101-deces-en-24h\/#breadcrumb","itemListElement":[{"@type":"ListItem","position":1,"name":"Accueil","item":"https:\/\/kapitalis.com\/tunisie\/"},{"@type":"ListItem","position":2,"name":"Coronavirus : La Tunisie d\u00e9plore 101 d\u00e9c\u00e8s en 24h !"}]},{"@type":"WebSite","@id":"https:\/\/kapitalis.com\/tunisie\/#website","url":"https:\/\/kapitalis.com\/tunisie\/","name":"Kapitalis","description":"L&#039;actualit\u00e9 en Tunisie et dans le monde","publisher":{"@id":"https:\/\/kapitalis.com\/tunisie\/#organization"},"potentialAction":[{"@type":"SearchAction","target":{"@type":"EntryPoint","urlTemplate":"https:\/\/kapitalis.com\/tunisie\/?s={search_term_string}"},"query-input":{"@type":"PropertyValueSpecification","valueRequired":true,"valueName":"search_term_string"}}],"inLanguage":"fr-FR"},{"@type":"Organization","@id":"https:\/\/kapitalis.com\/tunisie\/#organization","name":"Kapitalis","url":"https:\/\/kapitalis.com\/tunisie\/","logo":{"@type":"ImageObject","inLanguage":"fr-FR","@id":"https:\/\/kapitalis.com\/tunisie\/#\/schema\/logo\/image\/","url":"https:\/\/kapitalis.com\/tunisie\/wp-content\/uploads\/2022\/05\/Kapitalis-big-size.png","contentUrl":"https:\/\/kapitalis.com\/tunisie\/wp-content\/uploads\/2022\/05\/Kapitalis-big-size.png","width":5000,"height":1500,"caption":"Kapitalis"},"image":{"@id":"https:\/\/kapitalis.com\/tunisie\/#\/schema\/logo\/image\/"},"sameAs":["https:\/\/www.facebook.com\/KapitalisInfo\/","https:\/\/x.com\/KapitalisInfo","https:\/\/www.youtube.com\/channel\/UC-yDYrHyfFBWWZaOw3FPg9Q"]},{"@type":"Person","@id":"https:\/\/kapitalis.com\/tunisie\/#\/schema\/person\/74bbde0154d49d790a92aaeac5bc01d5","name":"Yusra NY","url":"https:\/\/kapitalis.com\/tunisie\/author\/yuza_adam\/"}]}},"_links":{"self":[{"href":"https:\/\/kapitalis.com\/tunisie\/wp-json\/wp\/v2\/posts\/347937","targetHints":{"allow":["GET"]}}],"collection":[{"href":"https:\/\/kapitalis.com\/tunisie\/wp-json\/wp\/v2\/posts"}],"about":[{"href":"https:\/\/kapitalis.com\/tunisie\/wp-json\/wp\/v2\/types\/post"}],"author":[{"embeddable":true,"href":"https:\/\/kapitalis.com\/tunisie\/wp-json\/wp\/v2\/users\/6"}],"replies":[{"embeddable":true,"href":"https:\/\/kapitalis.com\/tunisie\/wp-json\/wp\/v2\/comments?post=347937"}],"version-history":[{"count":0,"href":"https:\/\/kapitalis.com\/tunisie\/wp-json\/wp\/v2\/posts\/347937\/revisions"}],"wp:attachment":[{"href":"https:\/\/kapitalis.com\/tunisie\/wp-json\/wp\/v2\/media?parent=347937"}],"wp:term":[{"taxonomy":"category","embeddable":true,"href":"https:\/\/kapitalis.com\/tunisie\/wp-json\/wp\/v2\/categories?post=347937"},{"taxonomy":"post_tag","embeddable":true,"href":"https:\/\/kapitalis.com\/tunisie\/wp-json\/wp\/v2\/tags?post=347937"}],"curies":[{"name":"wp","href":"https:\/\/api.w.org\/{rel}","templated":true}]}}