{"id":34811,"date":"2016-01-14T13:20:06","date_gmt":"2016-01-14T12:20:06","guid":{"rendered":"http:\/\/kapitalis.com\/tunisie\/?p=34811"},"modified":"2016-01-14T15:34:10","modified_gmt":"2016-01-14T14:34:10","slug":"majdoub-le-nouveau-ministre-de-linterieur-hue-par-des-securitaires","status":"publish","type":"post","link":"https:\/\/kapitalis.com\/tunisie\/2016\/01\/14\/majdoub-le-nouveau-ministre-de-linterieur-hue-par-des-securitaires\/","title":{"rendered":"Le nouveau ministre de l\u2019Int\u00e9rieur hu\u00e9 par des s\u00e9curitaires"},"content":{"rendered":"<p style=\"text-align: center;\"><img loading=\"lazy\" decoding=\"async\" class=\"alignnone size-full wp-image-34812\" src=\"http:\/\/kapitalis.com\/tunisie\/wp-content\/uploads\/2016\/01\/Martyrs-securitaire-5e-anniv-revolution.jpg\" alt=\"Martyrs securitaire 5e anniv revolution\" width=\"626\" height=\"380\" \/><\/p>\n<p style=\"text-align: center;\"><em>Familles et coll\u00e8gues des martyrs c\u00e9l\u00e8brent le 5<sup>e<\/sup> anniversaire de la r\u00e9volution, \u00e0 Tunis.<\/em><\/p>\n<p><em><strong>Le ministre de l\u2019Int\u00e9rieur, H\u00e9di Majdoub, a \u00e9t\u00e9 hu\u00e9 pour ne s&rsquo;\u00eatre pas recueilli sur la m\u00e9moire des agents de s\u00e9curit\u00e9 morts pour la nation.<\/strong><\/em><\/p>\n<p><!--more--><\/p>\n<p>A l\u2019occasion de la c\u00e9l\u00e9bration du 5<sup>e<\/sup> anniversaire de la r\u00e9volution tunisienne, des agents de s\u00e9curit\u00e9 se sont rassembl\u00e9s \u00e0 l\u2019Avenue Habib Bourguiba, \u00e0 Tunis, pour rendre hommage \u00e0 leurs coll\u00e8gues tomb\u00e9s pour la nation.<\/p>\n<p>Selon le Syndicat des forces de s\u00e9curit\u00e9 int\u00e9rieure (SFSI), le nouveau ministre de l\u2019Int\u00e9rieur, en poste depuis le 6 janvier 2016, a refus\u00e9 de se recueillir sur le m\u00e9morial des martyrs des agents de s\u00e9curit\u00e9. En r\u00e9action, des agents pr\u00e9sents ont cri\u00e9 \u00ab<em>D\u00e9gage!<\/em>\u00bb \u00e0 l&rsquo;adresse de M. Majdoub. Ils n&rsquo;ont pas appr\u00e9ci\u00e9 ce qu&rsquo;ils ont consid\u00e9r\u00e9 comme du m\u00e9pris pour les sacrifices des forces de s\u00e9curit\u00e9 pour prot\u00e9ger le pays.<\/p>\n<p>\u00ab<em>Il aurait pu observer un petite minute de silence. C\u2019est une insulte aux familles des martyrs, venus aujourd\u2019hui se recueillir sur la m\u00e9moire de leurs enfants qui ont donn\u00e9 leur vie pour d\u00e9fendre le pays et prot\u00e9ger les citoyens<\/em>\u00bb, d\u00e9nonce le SFSI.<\/p>\n<p>Le minist\u00e8re de l&rsquo;Int\u00e9rieur n\u2019a pas encore r\u00e9agi \u00e0 cette accusation ni expliqu\u00e9 les raisons qui auraient emp\u00each\u00e9 le ministre d&rsquo;observer une minute de silence devant le m\u00e9morial des des agents de s\u00e9curit\u00e9.<\/p>\n<p><em><strong>Mise \u00e0 jour<\/strong> <\/em>: Le porte-parole du minist\u00e8re de l&rsquo;<wbr \/>int\u00e9rieur, Walid<span class=\"Apple-converted-space\">\u00a0<\/span>Louguini, a pr\u00e9cis\u00e9 que le ministre de l&rsquo;Int\u00e9rieur se trouvait au Palais de Carthage pour\u00a0<span class=\"ft\">la c\u00e9r\u00e9monie de<span class=\"Apple-converted-space\">\u00a0<\/span>c\u00e9l\u00e9bration<span class=\"Apple-converted-space\">\u00a0<\/span>du 5e<span class=\"Apple-converted-space\">\u00a0<\/span>anniversaire<span class=\"Apple-converted-space\">\u00a0<\/span>de la<span class=\"Apple-converted-space\">\u00a0<\/span>r\u00e9volution<span class=\"Apple-converted-space\"> et n&rsquo;avait donc pas refus\u00e9 de rendre hommage aux martyrs.<br \/>\n<\/span><\/span><\/p>\n<p style=\"text-align: right;\"><strong>Y. N.<\/strong><\/p>\n","protected":false},"excerpt":{"rendered":"<p>Familles et coll\u00e8gues des martyrs c\u00e9l\u00e8brent le 5e anniversaire de la r\u00e9volution, \u00e0 Tunis. Le ministre de l\u2019Int\u00e9rieur, H\u00e9di Majdoub, a \u00e9t\u00e9 hu\u00e9 pour ne s&rsquo;\u00eatre pas recueilli sur la m\u00e9moire des agents de s\u00e9curit\u00e9 morts pour la nation.<\/p>\n","protected":false},"author":6,"featured_media":34812,"comment_status":"open","ping_status":"open","sticky":false,"template":"","format":"standard","meta":{"footnotes":""},"categories":[997,2433],"tags":[12570,10640,2358,5849,1383,5068,788,872],"class_list":["post-34811","post","type-post","status-publish","format-standard","has-post-thumbnail","hentry","category-politique","category-tunisie","tag-degage","tag-forces-securitaires","tag-habib-bourguiba","tag-hedi-majdoub","tag-martyrs","tag-ministre-interieur","tag-revolution","tag-syndicat"],"yoast_head":"<!-- This site is optimized with the Yoast SEO plugin v26.6 - https:\/\/yoast.com\/wordpress\/plugins\/seo\/ -->\n<title>Le nouveau ministre de l\u2019Int\u00e9rieur hu\u00e9 par des s\u00e9curitaires - Kapitalis<\/title>\n<meta name=\"robots\" content=\"index, follow, max-snippet:-1, max-image-preview:large, max-video-preview:-1\" \/>\n<link rel=\"canonical\" href=\"https:\/\/kapitalis.com\/tunisie\/2016\/01\/14\/majdoub-le-nouveau-ministre-de-linterieur-hue-par-des-securitaires\/\" \/>\n<meta property=\"og:locale\" content=\"fr_FR\" \/>\n<meta property=\"og:type\" content=\"article\" \/>\n<meta property=\"og:title\" content=\"Le nouveau ministre de l\u2019Int\u00e9rieur hu\u00e9 par des s\u00e9curitaires - Kapitalis\" \/>\n<meta property=\"og:description\" content=\"Familles et coll\u00e8gues des martyrs c\u00e9l\u00e8brent le 5e anniversaire de la r\u00e9volution, \u00e0 Tunis. Le ministre de l\u2019Int\u00e9rieur, H\u00e9di Majdoub, a \u00e9t\u00e9 hu\u00e9 pour ne s&rsquo;\u00eatre pas recueilli sur la m\u00e9moire des agents de s\u00e9curit\u00e9 morts pour la nation.\" \/>\n<meta property=\"og:url\" content=\"https:\/\/kapitalis.com\/tunisie\/2016\/01\/14\/majdoub-le-nouveau-ministre-de-linterieur-hue-par-des-securitaires\/\" \/>\n<meta property=\"og:site_name\" content=\"Kapitalis\" \/>\n<meta property=\"article:publisher\" content=\"https:\/\/www.facebook.com\/KapitalisInfo\/\" \/>\n<meta property=\"article:published_time\" content=\"2016-01-14T12:20:06+00:00\" \/>\n<meta property=\"article:modified_time\" content=\"2016-01-14T14:34:10+00:00\" \/>\n<meta property=\"og:image\" content=\"https:\/\/kapitalis.com\/tunisie\/wp-content\/uploads\/2022\/05\/kapitalis-logo-fb.png\" \/>\n\t<meta property=\"og:image:width\" content=\"1200\" \/>\n\t<meta property=\"og:image:height\" content=\"630\" \/>\n\t<meta property=\"og:image:type\" content=\"image\/png\" \/>\n<meta name=\"author\" content=\"Yusra NY\" \/>\n<meta name=\"twitter:card\" content=\"summary_large_image\" \/>\n<meta name=\"twitter:creator\" content=\"@KapitalisInfo\" \/>\n<meta name=\"twitter:site\" content=\"@KapitalisInfo\" \/>\n<meta name=\"twitter:label1\" content=\"\u00c9crit par\" \/>\n\t<meta name=\"twitter:data1\" content=\"Yusra NY\" \/>\n\t<meta name=\"twitter:label2\" content=\"Dur\u00e9e de lecture estim\u00e9e\" \/>\n\t<meta name=\"twitter:data2\" content=\"2 minutes\" \/>\n<script type=\"application\/ld+json\" class=\"yoast-schema-graph\">{\"@context\":\"https:\/\/schema.org\",\"@graph\":[{\"@type\":\"Article\",\"@id\":\"https:\/\/kapitalis.com\/tunisie\/2016\/01\/14\/majdoub-le-nouveau-ministre-de-linterieur-hue-par-des-securitaires\/#article\",\"isPartOf\":{\"@id\":\"https:\/\/kapitalis.com\/tunisie\/2016\/01\/14\/majdoub-le-nouveau-ministre-de-linterieur-hue-par-des-securitaires\/\"},\"author\":{\"name\":\"Yusra NY\",\"@id\":\"https:\/\/kapitalis.com\/tunisie\/#\/schema\/person\/74bbde0154d49d790a92aaeac5bc01d5\"},\"headline\":\"Le nouveau ministre de l\u2019Int\u00e9rieur hu\u00e9 par des s\u00e9curitaires\",\"datePublished\":\"2016-01-14T12:20:06+00:00\",\"dateModified\":\"2016-01-14T14:34:10+00:00\",\"mainEntityOfPage\":{\"@id\":\"https:\/\/kapitalis.com\/tunisie\/2016\/01\/14\/majdoub-le-nouveau-ministre-de-linterieur-hue-par-des-securitaires\/\"},\"wordCount\":324,\"commentCount\":5,\"publisher\":{\"@id\":\"https:\/\/kapitalis.com\/tunisie\/#organization\"},\"image\":{\"@id\":\"https:\/\/kapitalis.com\/tunisie\/2016\/01\/14\/majdoub-le-nouveau-ministre-de-linterieur-hue-par-des-securitaires\/#primaryimage\"},\"thumbnailUrl\":\"\",\"keywords\":[\"d\u00e9gage\",\"forces s\u00e9curitaires\",\"Habib Bourguiba\",\"H\u00e9di Majdoub\",\"martyrs\",\"ministre Int\u00e9rieur\",\"r\u00e9volution\",\"syndicat\"],\"articleSection\":[\"POLITIQUE\",\"Tunisie\"],\"inLanguage\":\"fr-FR\",\"potentialAction\":[{\"@type\":\"CommentAction\",\"name\":\"Comment\",\"target\":[\"https:\/\/kapitalis.com\/tunisie\/2016\/01\/14\/majdoub-le-nouveau-ministre-de-linterieur-hue-par-des-securitaires\/#respond\"]}]},{\"@type\":\"WebPage\",\"@id\":\"https:\/\/kapitalis.com\/tunisie\/2016\/01\/14\/majdoub-le-nouveau-ministre-de-linterieur-hue-par-des-securitaires\/\",\"url\":\"https:\/\/kapitalis.com\/tunisie\/2016\/01\/14\/majdoub-le-nouveau-ministre-de-linterieur-hue-par-des-securitaires\/\",\"name\":\"Le nouveau ministre de l\u2019Int\u00e9rieur hu\u00e9 par des s\u00e9curitaires - Kapitalis\",\"isPartOf\":{\"@id\":\"https:\/\/kapitalis.com\/tunisie\/#website\"},\"primaryImageOfPage\":{\"@id\":\"https:\/\/kapitalis.com\/tunisie\/2016\/01\/14\/majdoub-le-nouveau-ministre-de-linterieur-hue-par-des-securitaires\/#primaryimage\"},\"image\":{\"@id\":\"https:\/\/kapitalis.com\/tunisie\/2016\/01\/14\/majdoub-le-nouveau-ministre-de-linterieur-hue-par-des-securitaires\/#primaryimage\"},\"thumbnailUrl\":\"\",\"datePublished\":\"2016-01-14T12:20:06+00:00\",\"dateModified\":\"2016-01-14T14:34:10+00:00\",\"breadcrumb\":{\"@id\":\"https:\/\/kapitalis.com\/tunisie\/2016\/01\/14\/majdoub-le-nouveau-ministre-de-linterieur-hue-par-des-securitaires\/#breadcrumb\"},\"inLanguage\":\"fr-FR\",\"potentialAction\":[{\"@type\":\"ReadAction\",\"target\":[\"https:\/\/kapitalis.com\/tunisie\/2016\/01\/14\/majdoub-le-nouveau-ministre-de-linterieur-hue-par-des-securitaires\/\"]}]},{\"@type\":\"ImageObject\",\"inLanguage\":\"fr-FR\",\"@id\":\"https:\/\/kapitalis.com\/tunisie\/2016\/01\/14\/majdoub-le-nouveau-ministre-de-linterieur-hue-par-des-securitaires\/#primaryimage\",\"url\":\"\",\"contentUrl\":\"\"},{\"@type\":\"BreadcrumbList\",\"@id\":\"https:\/\/kapitalis.com\/tunisie\/2016\/01\/14\/majdoub-le-nouveau-ministre-de-linterieur-hue-par-des-securitaires\/#breadcrumb\",\"itemListElement\":[{\"@type\":\"ListItem\",\"position\":1,\"name\":\"Accueil\",\"item\":\"https:\/\/kapitalis.com\/tunisie\/\"},{\"@type\":\"ListItem\",\"position\":2,\"name\":\"Le nouveau ministre de l\u2019Int\u00e9rieur hu\u00e9 par des s\u00e9curitaires\"}]},{\"@type\":\"WebSite\",\"@id\":\"https:\/\/kapitalis.com\/tunisie\/#website\",\"url\":\"https:\/\/kapitalis.com\/tunisie\/\",\"name\":\"Kapitalis\",\"description\":\"L&#039;actualit\u00e9 en Tunisie et dans le monde\",\"publisher\":{\"@id\":\"https:\/\/kapitalis.com\/tunisie\/#organization\"},\"potentialAction\":[{\"@type\":\"SearchAction\",\"target\":{\"@type\":\"EntryPoint\",\"urlTemplate\":\"https:\/\/kapitalis.com\/tunisie\/?s={search_term_string}\"},\"query-input\":{\"@type\":\"PropertyValueSpecification\",\"valueRequired\":true,\"valueName\":\"search_term_string\"}}],\"inLanguage\":\"fr-FR\"},{\"@type\":\"Organization\",\"@id\":\"https:\/\/kapitalis.com\/tunisie\/#organization\",\"name\":\"Kapitalis\",\"url\":\"https:\/\/kapitalis.com\/tunisie\/\",\"logo\":{\"@type\":\"ImageObject\",\"inLanguage\":\"fr-FR\",\"@id\":\"https:\/\/kapitalis.com\/tunisie\/#\/schema\/logo\/image\/\",\"url\":\"https:\/\/kapitalis.com\/tunisie\/wp-content\/uploads\/2022\/05\/Kapitalis-big-size.png\",\"contentUrl\":\"https:\/\/kapitalis.com\/tunisie\/wp-content\/uploads\/2022\/05\/Kapitalis-big-size.png\",\"width\":5000,\"height\":1500,\"caption\":\"Kapitalis\"},\"image\":{\"@id\":\"https:\/\/kapitalis.com\/tunisie\/#\/schema\/logo\/image\/\"},\"sameAs\":[\"https:\/\/www.facebook.com\/KapitalisInfo\/\",\"https:\/\/x.com\/KapitalisInfo\",\"https:\/\/www.youtube.com\/channel\/UC-yDYrHyfFBWWZaOw3FPg9Q\"]},{\"@type\":\"Person\",\"@id\":\"https:\/\/kapitalis.com\/tunisie\/#\/schema\/person\/74bbde0154d49d790a92aaeac5bc01d5\",\"name\":\"Yusra NY\",\"url\":\"https:\/\/kapitalis.com\/tunisie\/author\/yuza_adam\/\"}]}<\/script>\n<!-- \/ Yoast SEO plugin. -->","yoast_head_json":{"title":"Le nouveau ministre de l\u2019Int\u00e9rieur hu\u00e9 par des s\u00e9curitaires - Kapitalis","robots":{"index":"index","follow":"follow","max-snippet":"max-snippet:-1","max-image-preview":"max-image-preview:large","max-video-preview":"max-video-preview:-1"},"canonical":"https:\/\/kapitalis.com\/tunisie\/2016\/01\/14\/majdoub-le-nouveau-ministre-de-linterieur-hue-par-des-securitaires\/","og_locale":"fr_FR","og_type":"article","og_title":"Le nouveau ministre de l\u2019Int\u00e9rieur hu\u00e9 par des s\u00e9curitaires - Kapitalis","og_description":"Familles et coll\u00e8gues des martyrs c\u00e9l\u00e8brent le 5e anniversaire de la r\u00e9volution, \u00e0 Tunis. Le ministre de l\u2019Int\u00e9rieur, H\u00e9di Majdoub, a \u00e9t\u00e9 hu\u00e9 pour ne s&rsquo;\u00eatre pas recueilli sur la m\u00e9moire des agents de s\u00e9curit\u00e9 morts pour la nation.","og_url":"https:\/\/kapitalis.com\/tunisie\/2016\/01\/14\/majdoub-le-nouveau-ministre-de-linterieur-hue-par-des-securitaires\/","og_site_name":"Kapitalis","article_publisher":"https:\/\/www.facebook.com\/KapitalisInfo\/","article_published_time":"2016-01-14T12:20:06+00:00","article_modified_time":"2016-01-14T14:34:10+00:00","og_image":[{"width":1200,"height":630,"url":"https:\/\/kapitalis.com\/tunisie\/wp-content\/uploads\/2022\/05\/kapitalis-logo-fb.png","type":"image\/png"}],"author":"Yusra NY","twitter_card":"summary_large_image","twitter_creator":"@KapitalisInfo","twitter_site":"@KapitalisInfo","twitter_misc":{"\u00c9crit par":"Yusra NY","Dur\u00e9e de lecture estim\u00e9e":"2 minutes"},"schema":{"@context":"https:\/\/schema.org","@graph":[{"@type":"Article","@id":"https:\/\/kapitalis.com\/tunisie\/2016\/01\/14\/majdoub-le-nouveau-ministre-de-linterieur-hue-par-des-securitaires\/#article","isPartOf":{"@id":"https:\/\/kapitalis.com\/tunisie\/2016\/01\/14\/majdoub-le-nouveau-ministre-de-linterieur-hue-par-des-securitaires\/"},"author":{"name":"Yusra NY","@id":"https:\/\/kapitalis.com\/tunisie\/#\/schema\/person\/74bbde0154d49d790a92aaeac5bc01d5"},"headline":"Le nouveau ministre de l\u2019Int\u00e9rieur hu\u00e9 par des s\u00e9curitaires","datePublished":"2016-01-14T12:20:06+00:00","dateModified":"2016-01-14T14:34:10+00:00","mainEntityOfPage":{"@id":"https:\/\/kapitalis.com\/tunisie\/2016\/01\/14\/majdoub-le-nouveau-ministre-de-linterieur-hue-par-des-securitaires\/"},"wordCount":324,"commentCount":5,"publisher":{"@id":"https:\/\/kapitalis.com\/tunisie\/#organization"},"image":{"@id":"https:\/\/kapitalis.com\/tunisie\/2016\/01\/14\/majdoub-le-nouveau-ministre-de-linterieur-hue-par-des-securitaires\/#primaryimage"},"thumbnailUrl":"","keywords":["d\u00e9gage","forces s\u00e9curitaires","Habib Bourguiba","H\u00e9di Majdoub","martyrs","ministre Int\u00e9rieur","r\u00e9volution","syndicat"],"articleSection":["POLITIQUE","Tunisie"],"inLanguage":"fr-FR","potentialAction":[{"@type":"CommentAction","name":"Comment","target":["https:\/\/kapitalis.com\/tunisie\/2016\/01\/14\/majdoub-le-nouveau-ministre-de-linterieur-hue-par-des-securitaires\/#respond"]}]},{"@type":"WebPage","@id":"https:\/\/kapitalis.com\/tunisie\/2016\/01\/14\/majdoub-le-nouveau-ministre-de-linterieur-hue-par-des-securitaires\/","url":"https:\/\/kapitalis.com\/tunisie\/2016\/01\/14\/majdoub-le-nouveau-ministre-de-linterieur-hue-par-des-securitaires\/","name":"Le nouveau ministre de l\u2019Int\u00e9rieur hu\u00e9 par des s\u00e9curitaires - Kapitalis","isPartOf":{"@id":"https:\/\/kapitalis.com\/tunisie\/#website"},"primaryImageOfPage":{"@id":"https:\/\/kapitalis.com\/tunisie\/2016\/01\/14\/majdoub-le-nouveau-ministre-de-linterieur-hue-par-des-securitaires\/#primaryimage"},"image":{"@id":"https:\/\/kapitalis.com\/tunisie\/2016\/01\/14\/majdoub-le-nouveau-ministre-de-linterieur-hue-par-des-securitaires\/#primaryimage"},"thumbnailUrl":"","datePublished":"2016-01-14T12:20:06+00:00","dateModified":"2016-01-14T14:34:10+00:00","breadcrumb":{"@id":"https:\/\/kapitalis.com\/tunisie\/2016\/01\/14\/majdoub-le-nouveau-ministre-de-linterieur-hue-par-des-securitaires\/#breadcrumb"},"inLanguage":"fr-FR","potentialAction":[{"@type":"ReadAction","target":["https:\/\/kapitalis.com\/tunisie\/2016\/01\/14\/majdoub-le-nouveau-ministre-de-linterieur-hue-par-des-securitaires\/"]}]},{"@type":"ImageObject","inLanguage":"fr-FR","@id":"https:\/\/kapitalis.com\/tunisie\/2016\/01\/14\/majdoub-le-nouveau-ministre-de-linterieur-hue-par-des-securitaires\/#primaryimage","url":"","contentUrl":""},{"@type":"BreadcrumbList","@id":"https:\/\/kapitalis.com\/tunisie\/2016\/01\/14\/majdoub-le-nouveau-ministre-de-linterieur-hue-par-des-securitaires\/#breadcrumb","itemListElement":[{"@type":"ListItem","position":1,"name":"Accueil","item":"https:\/\/kapitalis.com\/tunisie\/"},{"@type":"ListItem","position":2,"name":"Le nouveau ministre de l\u2019Int\u00e9rieur hu\u00e9 par des s\u00e9curitaires"}]},{"@type":"WebSite","@id":"https:\/\/kapitalis.com\/tunisie\/#website","url":"https:\/\/kapitalis.com\/tunisie\/","name":"Kapitalis","description":"L&#039;actualit\u00e9 en Tunisie et dans le monde","publisher":{"@id":"https:\/\/kapitalis.com\/tunisie\/#organization"},"potentialAction":[{"@type":"SearchAction","target":{"@type":"EntryPoint","urlTemplate":"https:\/\/kapitalis.com\/tunisie\/?s={search_term_string}"},"query-input":{"@type":"PropertyValueSpecification","valueRequired":true,"valueName":"search_term_string"}}],"inLanguage":"fr-FR"},{"@type":"Organization","@id":"https:\/\/kapitalis.com\/tunisie\/#organization","name":"Kapitalis","url":"https:\/\/kapitalis.com\/tunisie\/","logo":{"@type":"ImageObject","inLanguage":"fr-FR","@id":"https:\/\/kapitalis.com\/tunisie\/#\/schema\/logo\/image\/","url":"https:\/\/kapitalis.com\/tunisie\/wp-content\/uploads\/2022\/05\/Kapitalis-big-size.png","contentUrl":"https:\/\/kapitalis.com\/tunisie\/wp-content\/uploads\/2022\/05\/Kapitalis-big-size.png","width":5000,"height":1500,"caption":"Kapitalis"},"image":{"@id":"https:\/\/kapitalis.com\/tunisie\/#\/schema\/logo\/image\/"},"sameAs":["https:\/\/www.facebook.com\/KapitalisInfo\/","https:\/\/x.com\/KapitalisInfo","https:\/\/www.youtube.com\/channel\/UC-yDYrHyfFBWWZaOw3FPg9Q"]},{"@type":"Person","@id":"https:\/\/kapitalis.com\/tunisie\/#\/schema\/person\/74bbde0154d49d790a92aaeac5bc01d5","name":"Yusra NY","url":"https:\/\/kapitalis.com\/tunisie\/author\/yuza_adam\/"}]}},"_links":{"self":[{"href":"https:\/\/kapitalis.com\/tunisie\/wp-json\/wp\/v2\/posts\/34811","targetHints":{"allow":["GET"]}}],"collection":[{"href":"https:\/\/kapitalis.com\/tunisie\/wp-json\/wp\/v2\/posts"}],"about":[{"href":"https:\/\/kapitalis.com\/tunisie\/wp-json\/wp\/v2\/types\/post"}],"author":[{"embeddable":true,"href":"https:\/\/kapitalis.com\/tunisie\/wp-json\/wp\/v2\/users\/6"}],"replies":[{"embeddable":true,"href":"https:\/\/kapitalis.com\/tunisie\/wp-json\/wp\/v2\/comments?post=34811"}],"version-history":[{"count":0,"href":"https:\/\/kapitalis.com\/tunisie\/wp-json\/wp\/v2\/posts\/34811\/revisions"}],"wp:featuredmedia":[{"embeddable":true,"href":"https:\/\/kapitalis.com\/tunisie\/wp-json\/wp\/v2\/media\/34812"}],"wp:attachment":[{"href":"https:\/\/kapitalis.com\/tunisie\/wp-json\/wp\/v2\/media?parent=34811"}],"wp:term":[{"taxonomy":"category","embeddable":true,"href":"https:\/\/kapitalis.com\/tunisie\/wp-json\/wp\/v2\/categories?post=34811"},{"taxonomy":"post_tag","embeddable":true,"href":"https:\/\/kapitalis.com\/tunisie\/wp-json\/wp\/v2\/tags?post=34811"}],"curies":[{"name":"wp","href":"https:\/\/api.w.org\/{rel}","templated":true}]}}