{"id":348201,"date":"2021-05-06T18:51:03","date_gmt":"2021-05-06T17:51:03","guid":{"rendered":"http:\/\/kapitalis.com\/tunisie\/?p=348201"},"modified":"2021-05-07T01:53:30","modified_gmt":"2021-05-07T00:53:30","slug":"coronavirus-les-mesures-sanitaires-pour-la-fete-de-laid-seront-annoncees-vendredi-7-mai","status":"publish","type":"post","link":"https:\/\/kapitalis.com\/tunisie\/2021\/05\/06\/coronavirus-les-mesures-sanitaires-pour-la-fete-de-laid-seront-annoncees-vendredi-7-mai\/","title":{"rendered":"Coronavirus : Les mesures sanitaires pour la f\u00eate de l&rsquo;A\u00efd seront annonc\u00e9es vendredi 7 mai"},"content":{"rendered":"\n<div class=\"wp-block-image\"><figure class=\"aligncenter size-large\"><img decoding=\"async\" src=\"http:\/\/kapitalis.com\/tunisie\/wp-content\/uploads\/2020\/04\/Gu\u00e9rison-Ariana.jpg\" alt=\"\" class=\"wp-image-296206\"\/><\/figure><\/div>\n\n\n\n<p><em><strong>Attendues ce soir, les nouvelles mesures sanitaires pour la f\u00eate de l&rsquo;A\u00efd El-fitr, seront finalement annonc\u00e9es demain, vendredi 7 mai 2021, par la commission nationale charg\u00e9e de la lutte contre le coronavirus, qui est d\u00e9sormais en r\u00e9union permanente.<\/strong><\/em><\/p>\n\n\n\n<!--more-->\n\n\n\n<p>C&rsquo;est ce qu&rsquo;a annonc\u00e9 la pr\u00e9sidence du gouvernement, en pr\u00e9cisant qu&rsquo;une conf\u00e9rence de presse sera organis\u00e9e demain, \u00e0 partir de 10h, pour annoncer les nouvelles mesures d\u00e9cid\u00e9es apr\u00e8s les recommandations du Comit\u00e9 scientifique qui ont \u00e9t\u00e9 soumises, hier, aux autorit\u00e9s, notamment un confinement total durant les jours de l&rsquo;A\u00efd et l&rsquo;interdiction de se d\u00e9placer entre les r\u00e9gions.<\/p>\n\n\n\n<p>Rappelons que les mesures annonc\u00e9es la semaine derni\u00e8re, \u00e0 l&rsquo;instar du couvre-feu de 19h \u00e0 5h, l&rsquo;interdiction de circulation aux v\u00e9hicules \u00e0 partir de 19h, l&rsquo;interdiction aux caf\u00e9s de servir \u00e0 l&rsquo;int\u00e9rieur et la suspension des cours, entre autres consignes, se poursuivront jusqu&rsquo;au 16 mai.<\/p>\n\n\n\n<p class=\"has-text-align-right\"><strong>Y. N.<\/strong><\/p>\n\n\n\n<figure class=\"wp-block-embed is-type-wp-embed is-provider-kapitalis wp-block-embed-kapitalis\"><div class=\"wp-block-embed__wrapper\">\n<blockquote class=\"wp-embedded-content\" data-secret=\"nRjP5Q2O5l\"><a href=\"https:\/\/kapitalis.com\/tunisie\/2021\/05\/06\/covid-19-le-ministre-de-la-sante-rappelle-la-gravite-de-la-situation-et-appelle-a-une-prise-de-conscience-generale\/\">Covid-19 : Le ministre de la Sant\u00e9 rappelle la gravit\u00e9 de la situation et appelle \u00e0 une prise de conscience g\u00e9n\u00e9rale<\/a><\/blockquote><iframe loading=\"lazy\" class=\"wp-embedded-content\" sandbox=\"allow-scripts\" security=\"restricted\" style=\"position: absolute; clip: rect(1px, 1px, 1px, 1px);\" title=\"\u00ab\u00a0Covid-19 : Le ministre de la Sant\u00e9 rappelle la gravit\u00e9 de la situation et appelle \u00e0 une prise de conscience g\u00e9n\u00e9rale\u00a0\u00bb &#8212; Kapitalis\" src=\"https:\/\/kapitalis.com\/tunisie\/2021\/05\/06\/covid-19-le-ministre-de-la-sante-rappelle-la-gravite-de-la-situation-et-appelle-a-une-prise-de-conscience-generale\/embed\/#?secret=muUVnYbThC#?secret=nRjP5Q2O5l\" data-secret=\"nRjP5Q2O5l\" width=\"600\" height=\"338\" frameborder=\"0\" marginwidth=\"0\" marginheight=\"0\" scrolling=\"no\"><\/iframe>\n<\/div><\/figure>\n\n\n\n<figure class=\"wp-block-embed is-type-wp-embed is-provider-kapitalis wp-block-embed-kapitalis\"><div class=\"wp-block-embed__wrapper\">\n<blockquote class=\"wp-embedded-content\" data-secret=\"MrUNUXDESF\"><a href=\"https:\/\/kapitalis.com\/tunisie\/2021\/05\/01\/non-respect-des-mesures-sanitaires-en-tunisie-un-suicide-collectif-deplore-pr-ben-alaya\/\">Non-respect des mesures sanitaires en Tunisie : \u00abUn suicide collectif !\u00bb, d\u00e9plore Pr Ben Alaya<\/a><\/blockquote><iframe loading=\"lazy\" class=\"wp-embedded-content\" sandbox=\"allow-scripts\" security=\"restricted\" style=\"position: absolute; clip: rect(1px, 1px, 1px, 1px);\" title=\"\u00ab\u00a0Non-respect des mesures sanitaires en Tunisie : \u00abUn suicide collectif !\u00bb, d\u00e9plore Pr Ben Alaya\u00a0\u00bb &#8212; Kapitalis\" src=\"https:\/\/kapitalis.com\/tunisie\/2021\/05\/01\/non-respect-des-mesures-sanitaires-en-tunisie-un-suicide-collectif-deplore-pr-ben-alaya\/embed\/#?secret=0x8eYppn0a#?secret=MrUNUXDESF\" data-secret=\"MrUNUXDESF\" width=\"600\" height=\"338\" frameborder=\"0\" marginwidth=\"0\" marginheight=\"0\" scrolling=\"no\"><\/iframe>\n<\/div><\/figure>\n","protected":false},"excerpt":{"rendered":"<p>Attendues ce soir, les nouvelles mesures sanitaires pour la f\u00eate de l&rsquo;A\u00efd El-fitr, seront finalement annonc\u00e9es demain, vendredi 7 mai 2021, par la commission nationale charg\u00e9e de la lutte contre le coronavirus, qui est d\u00e9sormais en r\u00e9union permanente.<\/p>\n","protected":false},"author":6,"featured_media":0,"comment_status":"open","ping_status":"open","sticky":false,"template":"","format":"standard","meta":{"footnotes":""},"categories":[998,2433],"tags":[3110,73060,78820,76945,810,62643],"class_list":["post-348201","post","type-post","status-publish","format-standard","hentry","category-societe","category-tunisie","tag-aid-el-fitr","tag-coronavirus","tag-covid-2","tag-mesures-sanitaires","tag-sante","tag-tunisie"],"yoast_head":"<!-- This site is optimized with the Yoast SEO plugin v26.6 - https:\/\/yoast.com\/wordpress\/plugins\/seo\/ -->\n<title>Coronavirus : Les mesures sanitaires pour la f\u00eate de l&#039;A\u00efd seront annonc\u00e9es vendredi 7 mai - Kapitalis<\/title>\n<meta name=\"robots\" content=\"index, follow, max-snippet:-1, max-image-preview:large, max-video-preview:-1\" \/>\n<link rel=\"canonical\" href=\"https:\/\/kapitalis.com\/tunisie\/2021\/05\/06\/coronavirus-les-mesures-sanitaires-pour-la-fete-de-laid-seront-annoncees-vendredi-7-mai\/\" \/>\n<meta property=\"og:locale\" content=\"fr_FR\" \/>\n<meta property=\"og:type\" content=\"article\" \/>\n<meta property=\"og:title\" content=\"Coronavirus : Les mesures sanitaires pour la f\u00eate de l&#039;A\u00efd seront annonc\u00e9es vendredi 7 mai - Kapitalis\" \/>\n<meta property=\"og:description\" content=\"Attendues ce soir, les nouvelles mesures sanitaires pour la f\u00eate de l&rsquo;A\u00efd El-fitr, seront finalement annonc\u00e9es demain, vendredi 7 mai 2021, par la commission nationale charg\u00e9e de la lutte contre le coronavirus, qui est d\u00e9sormais en r\u00e9union permanente.\" \/>\n<meta property=\"og:url\" content=\"https:\/\/kapitalis.com\/tunisie\/2021\/05\/06\/coronavirus-les-mesures-sanitaires-pour-la-fete-de-laid-seront-annoncees-vendredi-7-mai\/\" \/>\n<meta property=\"og:site_name\" content=\"Kapitalis\" \/>\n<meta property=\"article:publisher\" content=\"https:\/\/www.facebook.com\/KapitalisInfo\/\" \/>\n<meta property=\"article:published_time\" content=\"2021-05-06T17:51:03+00:00\" \/>\n<meta property=\"article:modified_time\" content=\"2021-05-07T00:53:30+00:00\" \/>\n<meta property=\"og:image\" content=\"https:\/\/kapitalis.com\/tunisie\/wp-content\/uploads\/2022\/05\/kapitalis-logo-fb.png\" \/>\n\t<meta property=\"og:image:width\" content=\"1200\" \/>\n\t<meta property=\"og:image:height\" content=\"630\" \/>\n\t<meta property=\"og:image:type\" content=\"image\/png\" \/>\n<meta name=\"author\" content=\"Yusra NY\" \/>\n<meta name=\"twitter:card\" content=\"summary_large_image\" \/>\n<meta name=\"twitter:creator\" content=\"@KapitalisInfo\" \/>\n<meta name=\"twitter:site\" content=\"@KapitalisInfo\" \/>\n<meta name=\"twitter:label1\" content=\"\u00c9crit par\" \/>\n\t<meta name=\"twitter:data1\" content=\"Yusra NY\" \/>\n\t<meta name=\"twitter:label2\" content=\"Dur\u00e9e de lecture estim\u00e9e\" \/>\n\t<meta name=\"twitter:data2\" content=\"1 minute\" \/>\n<script type=\"application\/ld+json\" class=\"yoast-schema-graph\">{\"@context\":\"https:\/\/schema.org\",\"@graph\":[{\"@type\":\"Article\",\"@id\":\"https:\/\/kapitalis.com\/tunisie\/2021\/05\/06\/coronavirus-les-mesures-sanitaires-pour-la-fete-de-laid-seront-annoncees-vendredi-7-mai\/#article\",\"isPartOf\":{\"@id\":\"https:\/\/kapitalis.com\/tunisie\/2021\/05\/06\/coronavirus-les-mesures-sanitaires-pour-la-fete-de-laid-seront-annoncees-vendredi-7-mai\/\"},\"author\":{\"name\":\"Yusra NY\",\"@id\":\"https:\/\/kapitalis.com\/tunisie\/#\/schema\/person\/74bbde0154d49d790a92aaeac5bc01d5\"},\"headline\":\"Coronavirus : Les mesures sanitaires pour la f\u00eate de l&rsquo;A\u00efd seront annonc\u00e9es vendredi 7 mai\",\"datePublished\":\"2021-05-06T17:51:03+00:00\",\"dateModified\":\"2021-05-07T00:53:30+00:00\",\"mainEntityOfPage\":{\"@id\":\"https:\/\/kapitalis.com\/tunisie\/2021\/05\/06\/coronavirus-les-mesures-sanitaires-pour-la-fete-de-laid-seront-annoncees-vendredi-7-mai\/\"},\"wordCount\":183,\"commentCount\":0,\"publisher\":{\"@id\":\"https:\/\/kapitalis.com\/tunisie\/#organization\"},\"keywords\":[\"A\u00efd El-Fitr\",\"Coronavirus\",\"covid\",\"mesures sanitaires\",\"Sant\u00e9\",\"Tunisie\"],\"articleSection\":[\"SOCIETE\",\"Tunisie\"],\"inLanguage\":\"fr-FR\",\"potentialAction\":[{\"@type\":\"CommentAction\",\"name\":\"Comment\",\"target\":[\"https:\/\/kapitalis.com\/tunisie\/2021\/05\/06\/coronavirus-les-mesures-sanitaires-pour-la-fete-de-laid-seront-annoncees-vendredi-7-mai\/#respond\"]}]},{\"@type\":\"WebPage\",\"@id\":\"https:\/\/kapitalis.com\/tunisie\/2021\/05\/06\/coronavirus-les-mesures-sanitaires-pour-la-fete-de-laid-seront-annoncees-vendredi-7-mai\/\",\"url\":\"https:\/\/kapitalis.com\/tunisie\/2021\/05\/06\/coronavirus-les-mesures-sanitaires-pour-la-fete-de-laid-seront-annoncees-vendredi-7-mai\/\",\"name\":\"Coronavirus : Les mesures sanitaires pour la f\u00eate de l'A\u00efd seront annonc\u00e9es vendredi 7 mai - Kapitalis\",\"isPartOf\":{\"@id\":\"https:\/\/kapitalis.com\/tunisie\/#website\"},\"datePublished\":\"2021-05-06T17:51:03+00:00\",\"dateModified\":\"2021-05-07T00:53:30+00:00\",\"breadcrumb\":{\"@id\":\"https:\/\/kapitalis.com\/tunisie\/2021\/05\/06\/coronavirus-les-mesures-sanitaires-pour-la-fete-de-laid-seront-annoncees-vendredi-7-mai\/#breadcrumb\"},\"inLanguage\":\"fr-FR\",\"potentialAction\":[{\"@type\":\"ReadAction\",\"target\":[\"https:\/\/kapitalis.com\/tunisie\/2021\/05\/06\/coronavirus-les-mesures-sanitaires-pour-la-fete-de-laid-seront-annoncees-vendredi-7-mai\/\"]}]},{\"@type\":\"BreadcrumbList\",\"@id\":\"https:\/\/kapitalis.com\/tunisie\/2021\/05\/06\/coronavirus-les-mesures-sanitaires-pour-la-fete-de-laid-seront-annoncees-vendredi-7-mai\/#breadcrumb\",\"itemListElement\":[{\"@type\":\"ListItem\",\"position\":1,\"name\":\"Accueil\",\"item\":\"https:\/\/kapitalis.com\/tunisie\/\"},{\"@type\":\"ListItem\",\"position\":2,\"name\":\"Coronavirus : Les mesures sanitaires pour la f\u00eate de l&rsquo;A\u00efd seront annonc\u00e9es vendredi 7 mai\"}]},{\"@type\":\"WebSite\",\"@id\":\"https:\/\/kapitalis.com\/tunisie\/#website\",\"url\":\"https:\/\/kapitalis.com\/tunisie\/\",\"name\":\"Kapitalis\",\"description\":\"L&#039;actualit\u00e9 en Tunisie et dans le monde\",\"publisher\":{\"@id\":\"https:\/\/kapitalis.com\/tunisie\/#organization\"},\"potentialAction\":[{\"@type\":\"SearchAction\",\"target\":{\"@type\":\"EntryPoint\",\"urlTemplate\":\"https:\/\/kapitalis.com\/tunisie\/?s={search_term_string}\"},\"query-input\":{\"@type\":\"PropertyValueSpecification\",\"valueRequired\":true,\"valueName\":\"search_term_string\"}}],\"inLanguage\":\"fr-FR\"},{\"@type\":\"Organization\",\"@id\":\"https:\/\/kapitalis.com\/tunisie\/#organization\",\"name\":\"Kapitalis\",\"url\":\"https:\/\/kapitalis.com\/tunisie\/\",\"logo\":{\"@type\":\"ImageObject\",\"inLanguage\":\"fr-FR\",\"@id\":\"https:\/\/kapitalis.com\/tunisie\/#\/schema\/logo\/image\/\",\"url\":\"https:\/\/kapitalis.com\/tunisie\/wp-content\/uploads\/2022\/05\/Kapitalis-big-size.png\",\"contentUrl\":\"https:\/\/kapitalis.com\/tunisie\/wp-content\/uploads\/2022\/05\/Kapitalis-big-size.png\",\"width\":5000,\"height\":1500,\"caption\":\"Kapitalis\"},\"image\":{\"@id\":\"https:\/\/kapitalis.com\/tunisie\/#\/schema\/logo\/image\/\"},\"sameAs\":[\"https:\/\/www.facebook.com\/KapitalisInfo\/\",\"https:\/\/x.com\/KapitalisInfo\",\"https:\/\/www.youtube.com\/channel\/UC-yDYrHyfFBWWZaOw3FPg9Q\"]},{\"@type\":\"Person\",\"@id\":\"https:\/\/kapitalis.com\/tunisie\/#\/schema\/person\/74bbde0154d49d790a92aaeac5bc01d5\",\"name\":\"Yusra NY\",\"url\":\"https:\/\/kapitalis.com\/tunisie\/author\/yuza_adam\/\"}]}<\/script>\n<!-- \/ Yoast SEO plugin. -->","yoast_head_json":{"title":"Coronavirus : Les mesures sanitaires pour la f\u00eate de l'A\u00efd seront annonc\u00e9es vendredi 7 mai - Kapitalis","robots":{"index":"index","follow":"follow","max-snippet":"max-snippet:-1","max-image-preview":"max-image-preview:large","max-video-preview":"max-video-preview:-1"},"canonical":"https:\/\/kapitalis.com\/tunisie\/2021\/05\/06\/coronavirus-les-mesures-sanitaires-pour-la-fete-de-laid-seront-annoncees-vendredi-7-mai\/","og_locale":"fr_FR","og_type":"article","og_title":"Coronavirus : Les mesures sanitaires pour la f\u00eate de l'A\u00efd seront annonc\u00e9es vendredi 7 mai - Kapitalis","og_description":"Attendues ce soir, les nouvelles mesures sanitaires pour la f\u00eate de l&rsquo;A\u00efd El-fitr, seront finalement annonc\u00e9es demain, vendredi 7 mai 2021, par la commission nationale charg\u00e9e de la lutte contre le coronavirus, qui est d\u00e9sormais en r\u00e9union permanente.","og_url":"https:\/\/kapitalis.com\/tunisie\/2021\/05\/06\/coronavirus-les-mesures-sanitaires-pour-la-fete-de-laid-seront-annoncees-vendredi-7-mai\/","og_site_name":"Kapitalis","article_publisher":"https:\/\/www.facebook.com\/KapitalisInfo\/","article_published_time":"2021-05-06T17:51:03+00:00","article_modified_time":"2021-05-07T00:53:30+00:00","og_image":[{"width":1200,"height":630,"url":"https:\/\/kapitalis.com\/tunisie\/wp-content\/uploads\/2022\/05\/kapitalis-logo-fb.png","type":"image\/png"}],"author":"Yusra NY","twitter_card":"summary_large_image","twitter_creator":"@KapitalisInfo","twitter_site":"@KapitalisInfo","twitter_misc":{"\u00c9crit par":"Yusra NY","Dur\u00e9e de lecture estim\u00e9e":"1 minute"},"schema":{"@context":"https:\/\/schema.org","@graph":[{"@type":"Article","@id":"https:\/\/kapitalis.com\/tunisie\/2021\/05\/06\/coronavirus-les-mesures-sanitaires-pour-la-fete-de-laid-seront-annoncees-vendredi-7-mai\/#article","isPartOf":{"@id":"https:\/\/kapitalis.com\/tunisie\/2021\/05\/06\/coronavirus-les-mesures-sanitaires-pour-la-fete-de-laid-seront-annoncees-vendredi-7-mai\/"},"author":{"name":"Yusra NY","@id":"https:\/\/kapitalis.com\/tunisie\/#\/schema\/person\/74bbde0154d49d790a92aaeac5bc01d5"},"headline":"Coronavirus : Les mesures sanitaires pour la f\u00eate de l&rsquo;A\u00efd seront annonc\u00e9es vendredi 7 mai","datePublished":"2021-05-06T17:51:03+00:00","dateModified":"2021-05-07T00:53:30+00:00","mainEntityOfPage":{"@id":"https:\/\/kapitalis.com\/tunisie\/2021\/05\/06\/coronavirus-les-mesures-sanitaires-pour-la-fete-de-laid-seront-annoncees-vendredi-7-mai\/"},"wordCount":183,"commentCount":0,"publisher":{"@id":"https:\/\/kapitalis.com\/tunisie\/#organization"},"keywords":["A\u00efd El-Fitr","Coronavirus","covid","mesures sanitaires","Sant\u00e9","Tunisie"],"articleSection":["SOCIETE","Tunisie"],"inLanguage":"fr-FR","potentialAction":[{"@type":"CommentAction","name":"Comment","target":["https:\/\/kapitalis.com\/tunisie\/2021\/05\/06\/coronavirus-les-mesures-sanitaires-pour-la-fete-de-laid-seront-annoncees-vendredi-7-mai\/#respond"]}]},{"@type":"WebPage","@id":"https:\/\/kapitalis.com\/tunisie\/2021\/05\/06\/coronavirus-les-mesures-sanitaires-pour-la-fete-de-laid-seront-annoncees-vendredi-7-mai\/","url":"https:\/\/kapitalis.com\/tunisie\/2021\/05\/06\/coronavirus-les-mesures-sanitaires-pour-la-fete-de-laid-seront-annoncees-vendredi-7-mai\/","name":"Coronavirus : Les mesures sanitaires pour la f\u00eate de l'A\u00efd seront annonc\u00e9es vendredi 7 mai - Kapitalis","isPartOf":{"@id":"https:\/\/kapitalis.com\/tunisie\/#website"},"datePublished":"2021-05-06T17:51:03+00:00","dateModified":"2021-05-07T00:53:30+00:00","breadcrumb":{"@id":"https:\/\/kapitalis.com\/tunisie\/2021\/05\/06\/coronavirus-les-mesures-sanitaires-pour-la-fete-de-laid-seront-annoncees-vendredi-7-mai\/#breadcrumb"},"inLanguage":"fr-FR","potentialAction":[{"@type":"ReadAction","target":["https:\/\/kapitalis.com\/tunisie\/2021\/05\/06\/coronavirus-les-mesures-sanitaires-pour-la-fete-de-laid-seront-annoncees-vendredi-7-mai\/"]}]},{"@type":"BreadcrumbList","@id":"https:\/\/kapitalis.com\/tunisie\/2021\/05\/06\/coronavirus-les-mesures-sanitaires-pour-la-fete-de-laid-seront-annoncees-vendredi-7-mai\/#breadcrumb","itemListElement":[{"@type":"ListItem","position":1,"name":"Accueil","item":"https:\/\/kapitalis.com\/tunisie\/"},{"@type":"ListItem","position":2,"name":"Coronavirus : Les mesures sanitaires pour la f\u00eate de l&rsquo;A\u00efd seront annonc\u00e9es vendredi 7 mai"}]},{"@type":"WebSite","@id":"https:\/\/kapitalis.com\/tunisie\/#website","url":"https:\/\/kapitalis.com\/tunisie\/","name":"Kapitalis","description":"L&#039;actualit\u00e9 en Tunisie et dans le monde","publisher":{"@id":"https:\/\/kapitalis.com\/tunisie\/#organization"},"potentialAction":[{"@type":"SearchAction","target":{"@type":"EntryPoint","urlTemplate":"https:\/\/kapitalis.com\/tunisie\/?s={search_term_string}"},"query-input":{"@type":"PropertyValueSpecification","valueRequired":true,"valueName":"search_term_string"}}],"inLanguage":"fr-FR"},{"@type":"Organization","@id":"https:\/\/kapitalis.com\/tunisie\/#organization","name":"Kapitalis","url":"https:\/\/kapitalis.com\/tunisie\/","logo":{"@type":"ImageObject","inLanguage":"fr-FR","@id":"https:\/\/kapitalis.com\/tunisie\/#\/schema\/logo\/image\/","url":"https:\/\/kapitalis.com\/tunisie\/wp-content\/uploads\/2022\/05\/Kapitalis-big-size.png","contentUrl":"https:\/\/kapitalis.com\/tunisie\/wp-content\/uploads\/2022\/05\/Kapitalis-big-size.png","width":5000,"height":1500,"caption":"Kapitalis"},"image":{"@id":"https:\/\/kapitalis.com\/tunisie\/#\/schema\/logo\/image\/"},"sameAs":["https:\/\/www.facebook.com\/KapitalisInfo\/","https:\/\/x.com\/KapitalisInfo","https:\/\/www.youtube.com\/channel\/UC-yDYrHyfFBWWZaOw3FPg9Q"]},{"@type":"Person","@id":"https:\/\/kapitalis.com\/tunisie\/#\/schema\/person\/74bbde0154d49d790a92aaeac5bc01d5","name":"Yusra NY","url":"https:\/\/kapitalis.com\/tunisie\/author\/yuza_adam\/"}]}},"_links":{"self":[{"href":"https:\/\/kapitalis.com\/tunisie\/wp-json\/wp\/v2\/posts\/348201","targetHints":{"allow":["GET"]}}],"collection":[{"href":"https:\/\/kapitalis.com\/tunisie\/wp-json\/wp\/v2\/posts"}],"about":[{"href":"https:\/\/kapitalis.com\/tunisie\/wp-json\/wp\/v2\/types\/post"}],"author":[{"embeddable":true,"href":"https:\/\/kapitalis.com\/tunisie\/wp-json\/wp\/v2\/users\/6"}],"replies":[{"embeddable":true,"href":"https:\/\/kapitalis.com\/tunisie\/wp-json\/wp\/v2\/comments?post=348201"}],"version-history":[{"count":0,"href":"https:\/\/kapitalis.com\/tunisie\/wp-json\/wp\/v2\/posts\/348201\/revisions"}],"wp:attachment":[{"href":"https:\/\/kapitalis.com\/tunisie\/wp-json\/wp\/v2\/media?parent=348201"}],"wp:term":[{"taxonomy":"category","embeddable":true,"href":"https:\/\/kapitalis.com\/tunisie\/wp-json\/wp\/v2\/categories?post=348201"},{"taxonomy":"post_tag","embeddable":true,"href":"https:\/\/kapitalis.com\/tunisie\/wp-json\/wp\/v2\/tags?post=348201"}],"curies":[{"name":"wp","href":"https:\/\/api.w.org\/{rel}","templated":true}]}}