{"id":348544,"date":"2021-05-11T07:08:23","date_gmt":"2021-05-11T06:08:23","guid":{"rendered":"http:\/\/kapitalis.com\/tunisie\/?p=348544"},"modified":"2021-05-11T07:08:27","modified_gmt":"2021-05-11T06:08:27","slug":"lhistoire-des-migrations-entre-litalie-et-la-tunisie-a-travers-le-cinema","status":"publish","type":"post","link":"https:\/\/kapitalis.com\/tunisie\/2021\/05\/11\/lhistoire-des-migrations-entre-litalie-et-la-tunisie-a-travers-le-cinema\/","title":{"rendered":"L\u2019histoire des migrations entre l\u2019Italie et la Tunisie \u00e0 travers le cin\u00e9ma"},"content":{"rendered":"\n<div class=\"wp-block-image\"><figure class=\"aligncenter size-large\"><img decoding=\"async\" src=\"http:\/\/kapitalis.com\/tunisie\/wp-content\/uploads\/2021\/05\/Cinema-et-migrations.jpg\" alt=\"\" class=\"wp-image-348545\"\/><\/figure><\/div>\n\n\n\n<p><strong><em>L\u2019association Cin\u00e9-Sud Patrimoine organise en collaboration avec l\u2019ambassade de Tunisie \u00e0 Rome, sous le th\u00e8me \u00abCin\u00e9ma et migrations\u00bb, une r\u00e9trospective cin\u00e9matographique en ligne intitul\u00e9e \u00abDe la Casbah de Mazara del Vallo \u00e0 la Petite Sicile de La Goulette\u00bb, consacr\u00e9 \u00e0 la longue histoire des \u00e9changes entre l\u2019Italie et la Tunisie.<\/em><\/strong><\/p>\n\n\n\n<!--more-->\n\n\n\n<p>L\u2019\u00e9v\u00e9nement se tiendra du 15 au 22 mai 2021, 24 heures sur 24, en acc\u00e8s libre sur le site <a href=\"http:\/\/www.cinemaaumus\u00e9e.org\" target=\"_blank\" rel=\"noreferrer noopener\">Cin\u00e9ma au mus\u00e9e<\/a>. <\/p>\n\n\n\n<p>La manifestation proposera au public 12 films, de longs et courts m\u00e9trages entre documentaires et films de fiction, r\u00e9alis\u00e9s par des cin\u00e9astes tunisiens et italiens qui, au cours des trente derni\u00e8res ann\u00e9es, ont racont\u00e9 l\u2019importance et l\u2019intensit\u00e9 des migrations entre l\u2019Italie et la Tunisie. Ce patrimoine de plus d\u2019un si\u00e8cle d\u2019\u00e9changes Nord-Sud, Sud-Nord, depuis l\u2019arriv\u00e9e des premiers siciliens et livournais \u00e9migr\u00e9s en Tunisie, ne cesse de s\u2019enrichir jusqu\u2019\u00e0 nos jours.<\/p>\n\n\n\n<p>Cette initiative revient au cin\u00e9aste et producteur Mohamed Challouf, l\u2019un des fondateurs de l\u2019association Cin\u00e9-Sud Patrimoine. \u00c0 travers cette programmation, explique-t-il, <em>\u00abnous avons voulu mettre \u00e0 la disposition du public ce pr\u00e9cieux patrimoine audiovisuel cr\u00e9\u00e9 gr\u00e2ce au travail de r\u00e9alisateurs tunisiens et italiens tels que Mahmoud Ben Mahmoud, Giovanna Taviani, Stefano Savona, Olfa Chakroun, Marcello Bivona, Tarek Ben Abdallah, Gianfranco Pannone Ernesto Pagano et Enrico Montalbano qui, chacun et chacune avec sa propre sensibilit\u00e9, ont racont\u00e9 diff\u00e9rentes histoires de migrations en exhumant des archives oubli\u00e9s et en faisant appel a des t\u00e9moignages de premi\u00e8re main\u00bb.<\/em><\/p>\n\n\n\n<p><em>\u00abCet \u00e9v\u00e9nement <\/em>\u2013 comme le souligne l\u2019ambassadeur de Tunisie en Italie, Moez Sinaoui \u2013 <em>nous invite \u00e0 regarder le ph\u00e9nom\u00e8ne de la migration entre nos deux pays dans toutes ses dimensions: historique, sociale et culturelle en nous permettant aussi de le conna\u00eetre en profondeur et de comprendre son importance et son impact sur notre pr\u00e9sent\u00bb.<\/em><\/p>\n\n\n\n<p>L\u2019inauguration de cette manifestation le samedi 15 mai \u00e0 21h00 sera assur\u00e9e par une performance musicale \u00e0 partir de la ville de Naples du duo italo-tunisien Salvatore Morra (Oud ou luth arabe) et Marzouk Mejri (voix et percussions) en direct sur le site <a href=\"http:\/\/www.cinemaaumusee.org\" target=\"_blank\" rel=\"noreferrer noopener\">Cin\u00e9ma au mus\u00e9e<\/a>. Elle sera suivie par la projection du documentaire-portrait <em>\u2018\u2018Claudia Cardinale, la plus belle italienne de Tunis\u2019\u2019<\/em> de Mohamed Ben Mahmoud (1994).<\/p>\n\n\n\n<p>Le jeudi 20 mai \u00e0 16h00 (toujours en direct sur <a href=\"http:\/\/www.cinemaaumusee.org\" target=\"_blank\" rel=\"noreferrer noopener\">Cin\u00e9ma au Mus\u00e9e<\/a>, se tiendra une table ronde intitul\u00e9e<em> \u00abLe r\u00f4le du cin\u00e9ma dans la sauvegarde de la m\u00e9moire italo-tunisienne\u00bb <\/em>\u00e0 laquelle participeront tous les r\u00e9alisateurs des films propos\u00e9s dans cette r\u00e9trospective.<\/p>\n\n\n\n<p>Pour cl\u00f4turer cet \u00e9v\u00e9nement, samedi 22 mai \u00e0 21h00, une <a href=\"http:\/\/www.cinemaaumusee.org\" target=\"_blank\" rel=\"noreferrer noopener\">rencontre virtuelle<\/a> intitul\u00e9e \u00abDe la Petite Sicile de La Goulette \u00e0 la Casbah de Mazara del Vallo\u00bb, \u00e0 laquelle participeront le professeur Abdelkarim Hannachi et le chercheur Jamel Louini, qui retraceront l\u2019histoire de deux quartiers embl\u00e9matiques de la pr\u00e9sence italienne en Tunisie (la Petite Sicile \u00e0 La Goulette) et celui tunisien en Italie (la Casbah de Mazara del Vallo). Cette s\u00e9ance de cl\u00f4ture sera introduite et anim\u00e9e par le professeur Gabriele Montalbano, enseignant au d\u00e9partement histoire, culture et civilisation de l\u2019Universit\u00e9 de Bologne.<\/p>\n\n\n\n<p>Les projections sont dans la version originale sous-titr\u00e9e (italien \/ fran\u00e7ais).<\/p>\n","protected":false},"excerpt":{"rendered":"<p>L\u2019association Cin\u00e9-Sud Patrimoine organise en collaboration avec l\u2019ambassade de Tunisie \u00e0 Rome, sous le th\u00e8me \u00abCin\u00e9ma et migrations\u00bb, une r\u00e9trospective cin\u00e9matographique en ligne intitul\u00e9e \u00abDe la Casbah de Mazara del Vallo \u00e0 la Petite Sicile de La Goulette\u00bb, consacr\u00e9 \u00e0 la longue histoire des \u00e9changes entre l\u2019Italie et la Tunisie.<\/p>\n","protected":false},"author":8,"featured_media":348545,"comment_status":"open","ping_status":"open","sticky":false,"template":"","format":"standard","meta":{"footnotes":""},"categories":[994,2433],"tags":[90060,90062,24475,505,46539,90063,4211,22313,90061,90064],"class_list":["post-348544","post","type-post","status-publish","format-standard","has-post-thumbnail","hentry","category-culture","category-tunisie","tag-casbah-de-mazara-del-vallo","tag-cinema-et-migrations","tag-claudia-cardinale","tag-italie","tag-mahmoud-ben-mahmoud","tag-marzouk-mejri","tag-moez-sinaoui","tag-mohamed-challouf","tag-petite-sicile-de-la-goulette","tag-salvatore-morra"],"yoast_head":"<!-- This site is optimized with the Yoast SEO plugin v26.6 - https:\/\/yoast.com\/wordpress\/plugins\/seo\/ -->\n<title>L\u2019histoire des migrations entre l\u2019Italie et la Tunisie \u00e0 travers le cin\u00e9ma - Kapitalis<\/title>\n<meta name=\"robots\" content=\"index, follow, max-snippet:-1, max-image-preview:large, max-video-preview:-1\" \/>\n<link rel=\"canonical\" href=\"https:\/\/kapitalis.com\/tunisie\/2021\/05\/11\/lhistoire-des-migrations-entre-litalie-et-la-tunisie-a-travers-le-cinema\/\" \/>\n<meta property=\"og:locale\" content=\"fr_FR\" \/>\n<meta property=\"og:type\" content=\"article\" \/>\n<meta property=\"og:title\" content=\"L\u2019histoire des migrations entre l\u2019Italie et la Tunisie \u00e0 travers le cin\u00e9ma - Kapitalis\" \/>\n<meta property=\"og:description\" content=\"L\u2019association Cin\u00e9-Sud Patrimoine organise en collaboration avec l\u2019ambassade de Tunisie \u00e0 Rome, sous le th\u00e8me \u00abCin\u00e9ma et migrations\u00bb, une r\u00e9trospective cin\u00e9matographique en ligne intitul\u00e9e \u00abDe la Casbah de Mazara del Vallo \u00e0 la Petite Sicile de La Goulette\u00bb, consacr\u00e9 \u00e0 la longue histoire des \u00e9changes entre l\u2019Italie et la Tunisie.\" \/>\n<meta property=\"og:url\" content=\"https:\/\/kapitalis.com\/tunisie\/2021\/05\/11\/lhistoire-des-migrations-entre-litalie-et-la-tunisie-a-travers-le-cinema\/\" \/>\n<meta property=\"og:site_name\" content=\"Kapitalis\" \/>\n<meta property=\"article:publisher\" content=\"https:\/\/www.facebook.com\/KapitalisInfo\/\" \/>\n<meta property=\"article:published_time\" content=\"2021-05-11T06:08:23+00:00\" \/>\n<meta property=\"article:modified_time\" content=\"2021-05-11T06:08:27+00:00\" \/>\n<meta property=\"og:image\" content=\"https:\/\/kapitalis.com\/tunisie\/wp-content\/uploads\/2022\/05\/kapitalis-logo-fb.png\" \/>\n\t<meta property=\"og:image:width\" content=\"1200\" \/>\n\t<meta property=\"og:image:height\" content=\"630\" \/>\n\t<meta property=\"og:image:type\" content=\"image\/png\" \/>\n<meta name=\"author\" content=\"webmaster kapitalis\" \/>\n<meta name=\"twitter:card\" content=\"summary_large_image\" \/>\n<meta name=\"twitter:creator\" content=\"@KapitalisInfo\" \/>\n<meta name=\"twitter:site\" content=\"@KapitalisInfo\" \/>\n<meta name=\"twitter:label1\" content=\"\u00c9crit par\" \/>\n\t<meta name=\"twitter:data1\" content=\"webmaster kapitalis\" \/>\n\t<meta name=\"twitter:label2\" content=\"Dur\u00e9e de lecture estim\u00e9e\" \/>\n\t<meta name=\"twitter:data2\" content=\"3 minutes\" \/>\n<script type=\"application\/ld+json\" class=\"yoast-schema-graph\">{\"@context\":\"https:\/\/schema.org\",\"@graph\":[{\"@type\":\"Article\",\"@id\":\"https:\/\/kapitalis.com\/tunisie\/2021\/05\/11\/lhistoire-des-migrations-entre-litalie-et-la-tunisie-a-travers-le-cinema\/#article\",\"isPartOf\":{\"@id\":\"https:\/\/kapitalis.com\/tunisie\/2021\/05\/11\/lhistoire-des-migrations-entre-litalie-et-la-tunisie-a-travers-le-cinema\/\"},\"author\":{\"name\":\"webmaster kapitalis\",\"@id\":\"https:\/\/kapitalis.com\/tunisie\/#\/schema\/person\/d71f33a9ca44f7bad4698210b480c8e9\"},\"headline\":\"L\u2019histoire des migrations entre l\u2019Italie et la Tunisie \u00e0 travers le cin\u00e9ma\",\"datePublished\":\"2021-05-11T06:08:23+00:00\",\"dateModified\":\"2021-05-11T06:08:27+00:00\",\"mainEntityOfPage\":{\"@id\":\"https:\/\/kapitalis.com\/tunisie\/2021\/05\/11\/lhistoire-des-migrations-entre-litalie-et-la-tunisie-a-travers-le-cinema\/\"},\"wordCount\":565,\"commentCount\":0,\"publisher\":{\"@id\":\"https:\/\/kapitalis.com\/tunisie\/#organization\"},\"image\":{\"@id\":\"https:\/\/kapitalis.com\/tunisie\/2021\/05\/11\/lhistoire-des-migrations-entre-litalie-et-la-tunisie-a-travers-le-cinema\/#primaryimage\"},\"thumbnailUrl\":\"\",\"keywords\":[\"Casbah de Mazara del Vallo\",\"Cin\u00e9ma et migrations\",\"Claudia Cardinale\",\"Italie\",\"Mahmoud Ben Mahmoud\",\"Marzouk Mejri\",\"Moez Sinaoui\",\"Mohamed Challouf\",\"Petite Sicile de La Goulette\",\"Salvatore Morra\"],\"articleSection\":[\"CULTURE\",\"Tunisie\"],\"inLanguage\":\"fr-FR\",\"potentialAction\":[{\"@type\":\"CommentAction\",\"name\":\"Comment\",\"target\":[\"https:\/\/kapitalis.com\/tunisie\/2021\/05\/11\/lhistoire-des-migrations-entre-litalie-et-la-tunisie-a-travers-le-cinema\/#respond\"]}]},{\"@type\":\"WebPage\",\"@id\":\"https:\/\/kapitalis.com\/tunisie\/2021\/05\/11\/lhistoire-des-migrations-entre-litalie-et-la-tunisie-a-travers-le-cinema\/\",\"url\":\"https:\/\/kapitalis.com\/tunisie\/2021\/05\/11\/lhistoire-des-migrations-entre-litalie-et-la-tunisie-a-travers-le-cinema\/\",\"name\":\"L\u2019histoire des migrations entre l\u2019Italie et la Tunisie \u00e0 travers le cin\u00e9ma - Kapitalis\",\"isPartOf\":{\"@id\":\"https:\/\/kapitalis.com\/tunisie\/#website\"},\"primaryImageOfPage\":{\"@id\":\"https:\/\/kapitalis.com\/tunisie\/2021\/05\/11\/lhistoire-des-migrations-entre-litalie-et-la-tunisie-a-travers-le-cinema\/#primaryimage\"},\"image\":{\"@id\":\"https:\/\/kapitalis.com\/tunisie\/2021\/05\/11\/lhistoire-des-migrations-entre-litalie-et-la-tunisie-a-travers-le-cinema\/#primaryimage\"},\"thumbnailUrl\":\"\",\"datePublished\":\"2021-05-11T06:08:23+00:00\",\"dateModified\":\"2021-05-11T06:08:27+00:00\",\"breadcrumb\":{\"@id\":\"https:\/\/kapitalis.com\/tunisie\/2021\/05\/11\/lhistoire-des-migrations-entre-litalie-et-la-tunisie-a-travers-le-cinema\/#breadcrumb\"},\"inLanguage\":\"fr-FR\",\"potentialAction\":[{\"@type\":\"ReadAction\",\"target\":[\"https:\/\/kapitalis.com\/tunisie\/2021\/05\/11\/lhistoire-des-migrations-entre-litalie-et-la-tunisie-a-travers-le-cinema\/\"]}]},{\"@type\":\"ImageObject\",\"inLanguage\":\"fr-FR\",\"@id\":\"https:\/\/kapitalis.com\/tunisie\/2021\/05\/11\/lhistoire-des-migrations-entre-litalie-et-la-tunisie-a-travers-le-cinema\/#primaryimage\",\"url\":\"\",\"contentUrl\":\"\"},{\"@type\":\"BreadcrumbList\",\"@id\":\"https:\/\/kapitalis.com\/tunisie\/2021\/05\/11\/lhistoire-des-migrations-entre-litalie-et-la-tunisie-a-travers-le-cinema\/#breadcrumb\",\"itemListElement\":[{\"@type\":\"ListItem\",\"position\":1,\"name\":\"Accueil\",\"item\":\"https:\/\/kapitalis.com\/tunisie\/\"},{\"@type\":\"ListItem\",\"position\":2,\"name\":\"L\u2019histoire des migrations entre l\u2019Italie et la Tunisie \u00e0 travers le cin\u00e9ma\"}]},{\"@type\":\"WebSite\",\"@id\":\"https:\/\/kapitalis.com\/tunisie\/#website\",\"url\":\"https:\/\/kapitalis.com\/tunisie\/\",\"name\":\"Kapitalis\",\"description\":\"L&#039;actualit\u00e9 en Tunisie et dans le monde\",\"publisher\":{\"@id\":\"https:\/\/kapitalis.com\/tunisie\/#organization\"},\"potentialAction\":[{\"@type\":\"SearchAction\",\"target\":{\"@type\":\"EntryPoint\",\"urlTemplate\":\"https:\/\/kapitalis.com\/tunisie\/?s={search_term_string}\"},\"query-input\":{\"@type\":\"PropertyValueSpecification\",\"valueRequired\":true,\"valueName\":\"search_term_string\"}}],\"inLanguage\":\"fr-FR\"},{\"@type\":\"Organization\",\"@id\":\"https:\/\/kapitalis.com\/tunisie\/#organization\",\"name\":\"Kapitalis\",\"url\":\"https:\/\/kapitalis.com\/tunisie\/\",\"logo\":{\"@type\":\"ImageObject\",\"inLanguage\":\"fr-FR\",\"@id\":\"https:\/\/kapitalis.com\/tunisie\/#\/schema\/logo\/image\/\",\"url\":\"https:\/\/kapitalis.com\/tunisie\/wp-content\/uploads\/2022\/05\/Kapitalis-big-size.png\",\"contentUrl\":\"https:\/\/kapitalis.com\/tunisie\/wp-content\/uploads\/2022\/05\/Kapitalis-big-size.png\",\"width\":5000,\"height\":1500,\"caption\":\"Kapitalis\"},\"image\":{\"@id\":\"https:\/\/kapitalis.com\/tunisie\/#\/schema\/logo\/image\/\"},\"sameAs\":[\"https:\/\/www.facebook.com\/KapitalisInfo\/\",\"https:\/\/x.com\/KapitalisInfo\",\"https:\/\/www.youtube.com\/channel\/UC-yDYrHyfFBWWZaOw3FPg9Q\"]},{\"@type\":\"Person\",\"@id\":\"https:\/\/kapitalis.com\/tunisie\/#\/schema\/person\/d71f33a9ca44f7bad4698210b480c8e9\",\"name\":\"webmaster kapitalis\",\"url\":\"https:\/\/kapitalis.com\/tunisie\/author\/webmaster-kapitalis\/\"}]}<\/script>\n<!-- \/ Yoast SEO plugin. -->","yoast_head_json":{"title":"L\u2019histoire des migrations entre l\u2019Italie et la Tunisie \u00e0 travers le cin\u00e9ma - Kapitalis","robots":{"index":"index","follow":"follow","max-snippet":"max-snippet:-1","max-image-preview":"max-image-preview:large","max-video-preview":"max-video-preview:-1"},"canonical":"https:\/\/kapitalis.com\/tunisie\/2021\/05\/11\/lhistoire-des-migrations-entre-litalie-et-la-tunisie-a-travers-le-cinema\/","og_locale":"fr_FR","og_type":"article","og_title":"L\u2019histoire des migrations entre l\u2019Italie et la Tunisie \u00e0 travers le cin\u00e9ma - Kapitalis","og_description":"L\u2019association Cin\u00e9-Sud Patrimoine organise en collaboration avec l\u2019ambassade de Tunisie \u00e0 Rome, sous le th\u00e8me \u00abCin\u00e9ma et migrations\u00bb, une r\u00e9trospective cin\u00e9matographique en ligne intitul\u00e9e \u00abDe la Casbah de Mazara del Vallo \u00e0 la Petite Sicile de La Goulette\u00bb, consacr\u00e9 \u00e0 la longue histoire des \u00e9changes entre l\u2019Italie et la Tunisie.","og_url":"https:\/\/kapitalis.com\/tunisie\/2021\/05\/11\/lhistoire-des-migrations-entre-litalie-et-la-tunisie-a-travers-le-cinema\/","og_site_name":"Kapitalis","article_publisher":"https:\/\/www.facebook.com\/KapitalisInfo\/","article_published_time":"2021-05-11T06:08:23+00:00","article_modified_time":"2021-05-11T06:08:27+00:00","og_image":[{"width":1200,"height":630,"url":"https:\/\/kapitalis.com\/tunisie\/wp-content\/uploads\/2022\/05\/kapitalis-logo-fb.png","type":"image\/png"}],"author":"webmaster kapitalis","twitter_card":"summary_large_image","twitter_creator":"@KapitalisInfo","twitter_site":"@KapitalisInfo","twitter_misc":{"\u00c9crit par":"webmaster kapitalis","Dur\u00e9e de lecture estim\u00e9e":"3 minutes"},"schema":{"@context":"https:\/\/schema.org","@graph":[{"@type":"Article","@id":"https:\/\/kapitalis.com\/tunisie\/2021\/05\/11\/lhistoire-des-migrations-entre-litalie-et-la-tunisie-a-travers-le-cinema\/#article","isPartOf":{"@id":"https:\/\/kapitalis.com\/tunisie\/2021\/05\/11\/lhistoire-des-migrations-entre-litalie-et-la-tunisie-a-travers-le-cinema\/"},"author":{"name":"webmaster kapitalis","@id":"https:\/\/kapitalis.com\/tunisie\/#\/schema\/person\/d71f33a9ca44f7bad4698210b480c8e9"},"headline":"L\u2019histoire des migrations entre l\u2019Italie et la Tunisie \u00e0 travers le cin\u00e9ma","datePublished":"2021-05-11T06:08:23+00:00","dateModified":"2021-05-11T06:08:27+00:00","mainEntityOfPage":{"@id":"https:\/\/kapitalis.com\/tunisie\/2021\/05\/11\/lhistoire-des-migrations-entre-litalie-et-la-tunisie-a-travers-le-cinema\/"},"wordCount":565,"commentCount":0,"publisher":{"@id":"https:\/\/kapitalis.com\/tunisie\/#organization"},"image":{"@id":"https:\/\/kapitalis.com\/tunisie\/2021\/05\/11\/lhistoire-des-migrations-entre-litalie-et-la-tunisie-a-travers-le-cinema\/#primaryimage"},"thumbnailUrl":"","keywords":["Casbah de Mazara del Vallo","Cin\u00e9ma et migrations","Claudia Cardinale","Italie","Mahmoud Ben Mahmoud","Marzouk Mejri","Moez Sinaoui","Mohamed Challouf","Petite Sicile de La Goulette","Salvatore Morra"],"articleSection":["CULTURE","Tunisie"],"inLanguage":"fr-FR","potentialAction":[{"@type":"CommentAction","name":"Comment","target":["https:\/\/kapitalis.com\/tunisie\/2021\/05\/11\/lhistoire-des-migrations-entre-litalie-et-la-tunisie-a-travers-le-cinema\/#respond"]}]},{"@type":"WebPage","@id":"https:\/\/kapitalis.com\/tunisie\/2021\/05\/11\/lhistoire-des-migrations-entre-litalie-et-la-tunisie-a-travers-le-cinema\/","url":"https:\/\/kapitalis.com\/tunisie\/2021\/05\/11\/lhistoire-des-migrations-entre-litalie-et-la-tunisie-a-travers-le-cinema\/","name":"L\u2019histoire des migrations entre l\u2019Italie et la Tunisie \u00e0 travers le cin\u00e9ma - Kapitalis","isPartOf":{"@id":"https:\/\/kapitalis.com\/tunisie\/#website"},"primaryImageOfPage":{"@id":"https:\/\/kapitalis.com\/tunisie\/2021\/05\/11\/lhistoire-des-migrations-entre-litalie-et-la-tunisie-a-travers-le-cinema\/#primaryimage"},"image":{"@id":"https:\/\/kapitalis.com\/tunisie\/2021\/05\/11\/lhistoire-des-migrations-entre-litalie-et-la-tunisie-a-travers-le-cinema\/#primaryimage"},"thumbnailUrl":"","datePublished":"2021-05-11T06:08:23+00:00","dateModified":"2021-05-11T06:08:27+00:00","breadcrumb":{"@id":"https:\/\/kapitalis.com\/tunisie\/2021\/05\/11\/lhistoire-des-migrations-entre-litalie-et-la-tunisie-a-travers-le-cinema\/#breadcrumb"},"inLanguage":"fr-FR","potentialAction":[{"@type":"ReadAction","target":["https:\/\/kapitalis.com\/tunisie\/2021\/05\/11\/lhistoire-des-migrations-entre-litalie-et-la-tunisie-a-travers-le-cinema\/"]}]},{"@type":"ImageObject","inLanguage":"fr-FR","@id":"https:\/\/kapitalis.com\/tunisie\/2021\/05\/11\/lhistoire-des-migrations-entre-litalie-et-la-tunisie-a-travers-le-cinema\/#primaryimage","url":"","contentUrl":""},{"@type":"BreadcrumbList","@id":"https:\/\/kapitalis.com\/tunisie\/2021\/05\/11\/lhistoire-des-migrations-entre-litalie-et-la-tunisie-a-travers-le-cinema\/#breadcrumb","itemListElement":[{"@type":"ListItem","position":1,"name":"Accueil","item":"https:\/\/kapitalis.com\/tunisie\/"},{"@type":"ListItem","position":2,"name":"L\u2019histoire des migrations entre l\u2019Italie et la Tunisie \u00e0 travers le cin\u00e9ma"}]},{"@type":"WebSite","@id":"https:\/\/kapitalis.com\/tunisie\/#website","url":"https:\/\/kapitalis.com\/tunisie\/","name":"Kapitalis","description":"L&#039;actualit\u00e9 en Tunisie et dans le monde","publisher":{"@id":"https:\/\/kapitalis.com\/tunisie\/#organization"},"potentialAction":[{"@type":"SearchAction","target":{"@type":"EntryPoint","urlTemplate":"https:\/\/kapitalis.com\/tunisie\/?s={search_term_string}"},"query-input":{"@type":"PropertyValueSpecification","valueRequired":true,"valueName":"search_term_string"}}],"inLanguage":"fr-FR"},{"@type":"Organization","@id":"https:\/\/kapitalis.com\/tunisie\/#organization","name":"Kapitalis","url":"https:\/\/kapitalis.com\/tunisie\/","logo":{"@type":"ImageObject","inLanguage":"fr-FR","@id":"https:\/\/kapitalis.com\/tunisie\/#\/schema\/logo\/image\/","url":"https:\/\/kapitalis.com\/tunisie\/wp-content\/uploads\/2022\/05\/Kapitalis-big-size.png","contentUrl":"https:\/\/kapitalis.com\/tunisie\/wp-content\/uploads\/2022\/05\/Kapitalis-big-size.png","width":5000,"height":1500,"caption":"Kapitalis"},"image":{"@id":"https:\/\/kapitalis.com\/tunisie\/#\/schema\/logo\/image\/"},"sameAs":["https:\/\/www.facebook.com\/KapitalisInfo\/","https:\/\/x.com\/KapitalisInfo","https:\/\/www.youtube.com\/channel\/UC-yDYrHyfFBWWZaOw3FPg9Q"]},{"@type":"Person","@id":"https:\/\/kapitalis.com\/tunisie\/#\/schema\/person\/d71f33a9ca44f7bad4698210b480c8e9","name":"webmaster kapitalis","url":"https:\/\/kapitalis.com\/tunisie\/author\/webmaster-kapitalis\/"}]}},"_links":{"self":[{"href":"https:\/\/kapitalis.com\/tunisie\/wp-json\/wp\/v2\/posts\/348544","targetHints":{"allow":["GET"]}}],"collection":[{"href":"https:\/\/kapitalis.com\/tunisie\/wp-json\/wp\/v2\/posts"}],"about":[{"href":"https:\/\/kapitalis.com\/tunisie\/wp-json\/wp\/v2\/types\/post"}],"author":[{"embeddable":true,"href":"https:\/\/kapitalis.com\/tunisie\/wp-json\/wp\/v2\/users\/8"}],"replies":[{"embeddable":true,"href":"https:\/\/kapitalis.com\/tunisie\/wp-json\/wp\/v2\/comments?post=348544"}],"version-history":[{"count":0,"href":"https:\/\/kapitalis.com\/tunisie\/wp-json\/wp\/v2\/posts\/348544\/revisions"}],"wp:featuredmedia":[{"embeddable":true,"href":"https:\/\/kapitalis.com\/tunisie\/wp-json\/wp\/v2\/media\/348545"}],"wp:attachment":[{"href":"https:\/\/kapitalis.com\/tunisie\/wp-json\/wp\/v2\/media?parent=348544"}],"wp:term":[{"taxonomy":"category","embeddable":true,"href":"https:\/\/kapitalis.com\/tunisie\/wp-json\/wp\/v2\/categories?post=348544"},{"taxonomy":"post_tag","embeddable":true,"href":"https:\/\/kapitalis.com\/tunisie\/wp-json\/wp\/v2\/tags?post=348544"}],"curies":[{"name":"wp","href":"https:\/\/api.w.org\/{rel}","templated":true}]}}