{"id":348776,"date":"2021-05-12T16:05:28","date_gmt":"2021-05-12T15:05:28","guid":{"rendered":"http:\/\/kapitalis.com\/tunisie\/?p=348776"},"modified":"2021-05-12T16:05:33","modified_gmt":"2021-05-12T15:05:33","slug":"abdessalem-abassi-le-gouvernement-prendra-des-mesures-importantes-au-profit-des-personnes-affectees-par-la-crise-sanitaire","status":"publish","type":"post","link":"https:\/\/kapitalis.com\/tunisie\/2021\/05\/12\/abdessalem-abassi-le-gouvernement-prendra-des-mesures-importantes-au-profit-des-personnes-affectees-par-la-crise-sanitaire\/","title":{"rendered":"Abdessalem Abassi : \u00abLe gouvernement prendra des mesures importantes au profit des personnes affect\u00e9es par la crise sanitaire\u00bb"},"content":{"rendered":"\n<figure class=\"wp-block-image size-large\"><img decoding=\"async\" src=\"http:\/\/kapitalis.com\/tunisie\/wp-content\/uploads\/2021\/05\/Abdessalem-Abassi.jpg\" alt=\"\" class=\"wp-image-348781\"\/><\/figure>\n\n\n\n<p><strong><em>Le conseiller \u00e9conomique \u00e0 la pr\u00e9sidence du gouvernement, Abdessalem Abassi, a assur\u00e9 aujourd&rsquo;hui, mercredi 12 mai 2021, dans une d\u00e9claration accord\u00e9e \u00e0 Shems FM, que le gouvernement mettra bient\u00f4t en place des mesures importantes au profit des personnes touch\u00e9es \u00e9conomiquement par le confinement g\u00e9n\u00e9ral et la pand\u00e9mie de coronavirus, telles que l&rsquo;approbation des indemnisations, des facilitations et des reports de pr\u00eats.<\/em><\/strong><\/p>\n\n\n\n<!--more-->\n\n\n\n<p>Abassi a, par ailleurs, rappel\u00e9 que les mesures sanitaires d\u00e9cr\u00e9t\u00e9es par le gouvernement ont pour but de prot\u00e9ger les Tunisiens au vu de la situation \u00e9pid\u00e9miologique actuelle, estimant que la sant\u00e9 des Tunisiens est bien plus que les r\u00e9percussions financi\u00e8res n\u00e9fastes.<\/p>\n\n\n\n<p>Il a, d&rsquo;un autre c\u00f4t\u00e9, affirm\u00e9 que la renonciation \u00e0 certaines d\u00e9cisions de la part du gouvernement n&rsquo;est en aucun cas motiv\u00e9e par la soumission \u00e0 des parties \u00e9conomiques.<\/p>\n\n\n\n<p class=\"has-text-align-right\"><strong>C. B. Y.<\/strong><\/p>\n\n\n\n<p><\/p>\n","protected":false},"excerpt":{"rendered":"<p>Le conseiller \u00e9conomique \u00e0 la pr\u00e9sidence du gouvernement, Abdessalem Abassi, a assur\u00e9 aujourd&rsquo;hui, mercredi 12 mai 2021, dans une d\u00e9claration accord\u00e9e \u00e0 Shems FM, que le gouvernement mettra bient\u00f4t en place des mesures importantes au profit des personnes touch\u00e9es \u00e9conomiquement par le confinement g\u00e9n\u00e9ral et la pand\u00e9mie de coronavirus, telles que l&rsquo;approbation des indemnisations, des&#8230;<\/p>\n","protected":false},"author":24,"featured_media":348781,"comment_status":"open","ping_status":"open","sticky":false,"template":"","format":"standard","meta":{"footnotes":""},"categories":[995,998,2433],"tags":[90126],"class_list":["post-348776","post","type-post","status-publish","format-standard","has-post-thumbnail","hentry","category-economie","category-societe","category-tunisie","tag-abdessalem-abassi"],"yoast_head":"<!-- This site is optimized with the Yoast SEO plugin v26.6 - https:\/\/yoast.com\/wordpress\/plugins\/seo\/ -->\n<title>Abdessalem Abassi : \u00abLe gouvernement prendra des mesures importantes au profit des personnes affect\u00e9es par la crise sanitaire\u00bb - Kapitalis<\/title>\n<meta name=\"robots\" content=\"index, follow, max-snippet:-1, max-image-preview:large, max-video-preview:-1\" \/>\n<link rel=\"canonical\" href=\"https:\/\/kapitalis.com\/tunisie\/2021\/05\/12\/abdessalem-abassi-le-gouvernement-prendra-des-mesures-importantes-au-profit-des-personnes-affectees-par-la-crise-sanitaire\/\" \/>\n<meta property=\"og:locale\" content=\"fr_FR\" \/>\n<meta property=\"og:type\" content=\"article\" \/>\n<meta property=\"og:title\" content=\"Abdessalem Abassi : \u00abLe gouvernement prendra des mesures importantes au profit des personnes affect\u00e9es par la crise sanitaire\u00bb - Kapitalis\" \/>\n<meta property=\"og:description\" content=\"Le conseiller \u00e9conomique \u00e0 la pr\u00e9sidence du gouvernement, Abdessalem Abassi, a assur\u00e9 aujourd&rsquo;hui, mercredi 12 mai 2021, dans une d\u00e9claration accord\u00e9e \u00e0 Shems FM, que le gouvernement mettra bient\u00f4t en place des mesures importantes au profit des personnes touch\u00e9es \u00e9conomiquement par le confinement g\u00e9n\u00e9ral et la pand\u00e9mie de coronavirus, telles que l&rsquo;approbation des indemnisations, des...\" \/>\n<meta property=\"og:url\" content=\"https:\/\/kapitalis.com\/tunisie\/2021\/05\/12\/abdessalem-abassi-le-gouvernement-prendra-des-mesures-importantes-au-profit-des-personnes-affectees-par-la-crise-sanitaire\/\" \/>\n<meta property=\"og:site_name\" content=\"Kapitalis\" \/>\n<meta property=\"article:publisher\" content=\"https:\/\/www.facebook.com\/KapitalisInfo\/\" \/>\n<meta property=\"article:published_time\" content=\"2021-05-12T15:05:28+00:00\" \/>\n<meta property=\"article:modified_time\" content=\"2021-05-12T15:05:33+00:00\" \/>\n<meta property=\"og:image\" content=\"https:\/\/kapitalis.com\/tunisie\/wp-content\/uploads\/2022\/05\/kapitalis-logo-fb.png\" \/>\n\t<meta property=\"og:image:width\" content=\"1200\" \/>\n\t<meta property=\"og:image:height\" content=\"630\" \/>\n\t<meta property=\"og:image:type\" content=\"image\/png\" \/>\n<meta name=\"author\" content=\"Cherif Benyounes\" \/>\n<meta name=\"twitter:card\" content=\"summary_large_image\" \/>\n<meta name=\"twitter:creator\" content=\"@KapitalisInfo\" \/>\n<meta name=\"twitter:site\" content=\"@KapitalisInfo\" \/>\n<meta name=\"twitter:label1\" content=\"\u00c9crit par\" \/>\n\t<meta name=\"twitter:data1\" content=\"Cherif Benyounes\" \/>\n\t<meta name=\"twitter:label2\" content=\"Dur\u00e9e de lecture estim\u00e9e\" \/>\n\t<meta name=\"twitter:data2\" content=\"1 minute\" \/>\n<script type=\"application\/ld+json\" class=\"yoast-schema-graph\">{\"@context\":\"https:\/\/schema.org\",\"@graph\":[{\"@type\":\"Article\",\"@id\":\"https:\/\/kapitalis.com\/tunisie\/2021\/05\/12\/abdessalem-abassi-le-gouvernement-prendra-des-mesures-importantes-au-profit-des-personnes-affectees-par-la-crise-sanitaire\/#article\",\"isPartOf\":{\"@id\":\"https:\/\/kapitalis.com\/tunisie\/2021\/05\/12\/abdessalem-abassi-le-gouvernement-prendra-des-mesures-importantes-au-profit-des-personnes-affectees-par-la-crise-sanitaire\/\"},\"author\":{\"name\":\"Cherif Benyounes\",\"@id\":\"https:\/\/kapitalis.com\/tunisie\/#\/schema\/person\/b35b8d631961131107263178aeb8019e\"},\"headline\":\"Abdessalem Abassi : \u00abLe gouvernement prendra des mesures importantes au profit des personnes affect\u00e9es par la crise sanitaire\u00bb\",\"datePublished\":\"2021-05-12T15:05:28+00:00\",\"dateModified\":\"2021-05-12T15:05:33+00:00\",\"mainEntityOfPage\":{\"@id\":\"https:\/\/kapitalis.com\/tunisie\/2021\/05\/12\/abdessalem-abassi-le-gouvernement-prendra-des-mesures-importantes-au-profit-des-personnes-affectees-par-la-crise-sanitaire\/\"},\"wordCount\":166,\"commentCount\":1,\"publisher\":{\"@id\":\"https:\/\/kapitalis.com\/tunisie\/#organization\"},\"image\":{\"@id\":\"https:\/\/kapitalis.com\/tunisie\/2021\/05\/12\/abdessalem-abassi-le-gouvernement-prendra-des-mesures-importantes-au-profit-des-personnes-affectees-par-la-crise-sanitaire\/#primaryimage\"},\"thumbnailUrl\":\"\",\"keywords\":[\"Abdessalem Abassi\"],\"articleSection\":[\"ECONOMIE\",\"SOCIETE\",\"Tunisie\"],\"inLanguage\":\"fr-FR\",\"potentialAction\":[{\"@type\":\"CommentAction\",\"name\":\"Comment\",\"target\":[\"https:\/\/kapitalis.com\/tunisie\/2021\/05\/12\/abdessalem-abassi-le-gouvernement-prendra-des-mesures-importantes-au-profit-des-personnes-affectees-par-la-crise-sanitaire\/#respond\"]}]},{\"@type\":\"WebPage\",\"@id\":\"https:\/\/kapitalis.com\/tunisie\/2021\/05\/12\/abdessalem-abassi-le-gouvernement-prendra-des-mesures-importantes-au-profit-des-personnes-affectees-par-la-crise-sanitaire\/\",\"url\":\"https:\/\/kapitalis.com\/tunisie\/2021\/05\/12\/abdessalem-abassi-le-gouvernement-prendra-des-mesures-importantes-au-profit-des-personnes-affectees-par-la-crise-sanitaire\/\",\"name\":\"Abdessalem Abassi : \u00abLe gouvernement prendra des mesures importantes au profit des personnes affect\u00e9es par la crise sanitaire\u00bb - Kapitalis\",\"isPartOf\":{\"@id\":\"https:\/\/kapitalis.com\/tunisie\/#website\"},\"primaryImageOfPage\":{\"@id\":\"https:\/\/kapitalis.com\/tunisie\/2021\/05\/12\/abdessalem-abassi-le-gouvernement-prendra-des-mesures-importantes-au-profit-des-personnes-affectees-par-la-crise-sanitaire\/#primaryimage\"},\"image\":{\"@id\":\"https:\/\/kapitalis.com\/tunisie\/2021\/05\/12\/abdessalem-abassi-le-gouvernement-prendra-des-mesures-importantes-au-profit-des-personnes-affectees-par-la-crise-sanitaire\/#primaryimage\"},\"thumbnailUrl\":\"\",\"datePublished\":\"2021-05-12T15:05:28+00:00\",\"dateModified\":\"2021-05-12T15:05:33+00:00\",\"breadcrumb\":{\"@id\":\"https:\/\/kapitalis.com\/tunisie\/2021\/05\/12\/abdessalem-abassi-le-gouvernement-prendra-des-mesures-importantes-au-profit-des-personnes-affectees-par-la-crise-sanitaire\/#breadcrumb\"},\"inLanguage\":\"fr-FR\",\"potentialAction\":[{\"@type\":\"ReadAction\",\"target\":[\"https:\/\/kapitalis.com\/tunisie\/2021\/05\/12\/abdessalem-abassi-le-gouvernement-prendra-des-mesures-importantes-au-profit-des-personnes-affectees-par-la-crise-sanitaire\/\"]}]},{\"@type\":\"ImageObject\",\"inLanguage\":\"fr-FR\",\"@id\":\"https:\/\/kapitalis.com\/tunisie\/2021\/05\/12\/abdessalem-abassi-le-gouvernement-prendra-des-mesures-importantes-au-profit-des-personnes-affectees-par-la-crise-sanitaire\/#primaryimage\",\"url\":\"\",\"contentUrl\":\"\"},{\"@type\":\"BreadcrumbList\",\"@id\":\"https:\/\/kapitalis.com\/tunisie\/2021\/05\/12\/abdessalem-abassi-le-gouvernement-prendra-des-mesures-importantes-au-profit-des-personnes-affectees-par-la-crise-sanitaire\/#breadcrumb\",\"itemListElement\":[{\"@type\":\"ListItem\",\"position\":1,\"name\":\"Accueil\",\"item\":\"https:\/\/kapitalis.com\/tunisie\/\"},{\"@type\":\"ListItem\",\"position\":2,\"name\":\"Abdessalem Abassi : \u00abLe gouvernement prendra des mesures importantes au profit des personnes affect\u00e9es par la crise sanitaire\u00bb\"}]},{\"@type\":\"WebSite\",\"@id\":\"https:\/\/kapitalis.com\/tunisie\/#website\",\"url\":\"https:\/\/kapitalis.com\/tunisie\/\",\"name\":\"Kapitalis\",\"description\":\"L&#039;actualit\u00e9 en Tunisie et dans le monde\",\"publisher\":{\"@id\":\"https:\/\/kapitalis.com\/tunisie\/#organization\"},\"potentialAction\":[{\"@type\":\"SearchAction\",\"target\":{\"@type\":\"EntryPoint\",\"urlTemplate\":\"https:\/\/kapitalis.com\/tunisie\/?s={search_term_string}\"},\"query-input\":{\"@type\":\"PropertyValueSpecification\",\"valueRequired\":true,\"valueName\":\"search_term_string\"}}],\"inLanguage\":\"fr-FR\"},{\"@type\":\"Organization\",\"@id\":\"https:\/\/kapitalis.com\/tunisie\/#organization\",\"name\":\"Kapitalis\",\"url\":\"https:\/\/kapitalis.com\/tunisie\/\",\"logo\":{\"@type\":\"ImageObject\",\"inLanguage\":\"fr-FR\",\"@id\":\"https:\/\/kapitalis.com\/tunisie\/#\/schema\/logo\/image\/\",\"url\":\"https:\/\/kapitalis.com\/tunisie\/wp-content\/uploads\/2022\/05\/Kapitalis-big-size.png\",\"contentUrl\":\"https:\/\/kapitalis.com\/tunisie\/wp-content\/uploads\/2022\/05\/Kapitalis-big-size.png\",\"width\":5000,\"height\":1500,\"caption\":\"Kapitalis\"},\"image\":{\"@id\":\"https:\/\/kapitalis.com\/tunisie\/#\/schema\/logo\/image\/\"},\"sameAs\":[\"https:\/\/www.facebook.com\/KapitalisInfo\/\",\"https:\/\/x.com\/KapitalisInfo\",\"https:\/\/www.youtube.com\/channel\/UC-yDYrHyfFBWWZaOw3FPg9Q\"]},{\"@type\":\"Person\",\"@id\":\"https:\/\/kapitalis.com\/tunisie\/#\/schema\/person\/b35b8d631961131107263178aeb8019e\",\"name\":\"Cherif Benyounes\",\"url\":\"https:\/\/kapitalis.com\/tunisie\/author\/cherif\/\"}]}<\/script>\n<!-- \/ Yoast SEO plugin. -->","yoast_head_json":{"title":"Abdessalem Abassi : \u00abLe gouvernement prendra des mesures importantes au profit des personnes affect\u00e9es par la crise sanitaire\u00bb - Kapitalis","robots":{"index":"index","follow":"follow","max-snippet":"max-snippet:-1","max-image-preview":"max-image-preview:large","max-video-preview":"max-video-preview:-1"},"canonical":"https:\/\/kapitalis.com\/tunisie\/2021\/05\/12\/abdessalem-abassi-le-gouvernement-prendra-des-mesures-importantes-au-profit-des-personnes-affectees-par-la-crise-sanitaire\/","og_locale":"fr_FR","og_type":"article","og_title":"Abdessalem Abassi : \u00abLe gouvernement prendra des mesures importantes au profit des personnes affect\u00e9es par la crise sanitaire\u00bb - Kapitalis","og_description":"Le conseiller \u00e9conomique \u00e0 la pr\u00e9sidence du gouvernement, Abdessalem Abassi, a assur\u00e9 aujourd&rsquo;hui, mercredi 12 mai 2021, dans une d\u00e9claration accord\u00e9e \u00e0 Shems FM, que le gouvernement mettra bient\u00f4t en place des mesures importantes au profit des personnes touch\u00e9es \u00e9conomiquement par le confinement g\u00e9n\u00e9ral et la pand\u00e9mie de coronavirus, telles que l&rsquo;approbation des indemnisations, des...","og_url":"https:\/\/kapitalis.com\/tunisie\/2021\/05\/12\/abdessalem-abassi-le-gouvernement-prendra-des-mesures-importantes-au-profit-des-personnes-affectees-par-la-crise-sanitaire\/","og_site_name":"Kapitalis","article_publisher":"https:\/\/www.facebook.com\/KapitalisInfo\/","article_published_time":"2021-05-12T15:05:28+00:00","article_modified_time":"2021-05-12T15:05:33+00:00","og_image":[{"width":1200,"height":630,"url":"https:\/\/kapitalis.com\/tunisie\/wp-content\/uploads\/2022\/05\/kapitalis-logo-fb.png","type":"image\/png"}],"author":"Cherif Benyounes","twitter_card":"summary_large_image","twitter_creator":"@KapitalisInfo","twitter_site":"@KapitalisInfo","twitter_misc":{"\u00c9crit par":"Cherif Benyounes","Dur\u00e9e de lecture estim\u00e9e":"1 minute"},"schema":{"@context":"https:\/\/schema.org","@graph":[{"@type":"Article","@id":"https:\/\/kapitalis.com\/tunisie\/2021\/05\/12\/abdessalem-abassi-le-gouvernement-prendra-des-mesures-importantes-au-profit-des-personnes-affectees-par-la-crise-sanitaire\/#article","isPartOf":{"@id":"https:\/\/kapitalis.com\/tunisie\/2021\/05\/12\/abdessalem-abassi-le-gouvernement-prendra-des-mesures-importantes-au-profit-des-personnes-affectees-par-la-crise-sanitaire\/"},"author":{"name":"Cherif Benyounes","@id":"https:\/\/kapitalis.com\/tunisie\/#\/schema\/person\/b35b8d631961131107263178aeb8019e"},"headline":"Abdessalem Abassi : \u00abLe gouvernement prendra des mesures importantes au profit des personnes affect\u00e9es par la crise sanitaire\u00bb","datePublished":"2021-05-12T15:05:28+00:00","dateModified":"2021-05-12T15:05:33+00:00","mainEntityOfPage":{"@id":"https:\/\/kapitalis.com\/tunisie\/2021\/05\/12\/abdessalem-abassi-le-gouvernement-prendra-des-mesures-importantes-au-profit-des-personnes-affectees-par-la-crise-sanitaire\/"},"wordCount":166,"commentCount":1,"publisher":{"@id":"https:\/\/kapitalis.com\/tunisie\/#organization"},"image":{"@id":"https:\/\/kapitalis.com\/tunisie\/2021\/05\/12\/abdessalem-abassi-le-gouvernement-prendra-des-mesures-importantes-au-profit-des-personnes-affectees-par-la-crise-sanitaire\/#primaryimage"},"thumbnailUrl":"","keywords":["Abdessalem Abassi"],"articleSection":["ECONOMIE","SOCIETE","Tunisie"],"inLanguage":"fr-FR","potentialAction":[{"@type":"CommentAction","name":"Comment","target":["https:\/\/kapitalis.com\/tunisie\/2021\/05\/12\/abdessalem-abassi-le-gouvernement-prendra-des-mesures-importantes-au-profit-des-personnes-affectees-par-la-crise-sanitaire\/#respond"]}]},{"@type":"WebPage","@id":"https:\/\/kapitalis.com\/tunisie\/2021\/05\/12\/abdessalem-abassi-le-gouvernement-prendra-des-mesures-importantes-au-profit-des-personnes-affectees-par-la-crise-sanitaire\/","url":"https:\/\/kapitalis.com\/tunisie\/2021\/05\/12\/abdessalem-abassi-le-gouvernement-prendra-des-mesures-importantes-au-profit-des-personnes-affectees-par-la-crise-sanitaire\/","name":"Abdessalem Abassi : \u00abLe gouvernement prendra des mesures importantes au profit des personnes affect\u00e9es par la crise sanitaire\u00bb - Kapitalis","isPartOf":{"@id":"https:\/\/kapitalis.com\/tunisie\/#website"},"primaryImageOfPage":{"@id":"https:\/\/kapitalis.com\/tunisie\/2021\/05\/12\/abdessalem-abassi-le-gouvernement-prendra-des-mesures-importantes-au-profit-des-personnes-affectees-par-la-crise-sanitaire\/#primaryimage"},"image":{"@id":"https:\/\/kapitalis.com\/tunisie\/2021\/05\/12\/abdessalem-abassi-le-gouvernement-prendra-des-mesures-importantes-au-profit-des-personnes-affectees-par-la-crise-sanitaire\/#primaryimage"},"thumbnailUrl":"","datePublished":"2021-05-12T15:05:28+00:00","dateModified":"2021-05-12T15:05:33+00:00","breadcrumb":{"@id":"https:\/\/kapitalis.com\/tunisie\/2021\/05\/12\/abdessalem-abassi-le-gouvernement-prendra-des-mesures-importantes-au-profit-des-personnes-affectees-par-la-crise-sanitaire\/#breadcrumb"},"inLanguage":"fr-FR","potentialAction":[{"@type":"ReadAction","target":["https:\/\/kapitalis.com\/tunisie\/2021\/05\/12\/abdessalem-abassi-le-gouvernement-prendra-des-mesures-importantes-au-profit-des-personnes-affectees-par-la-crise-sanitaire\/"]}]},{"@type":"ImageObject","inLanguage":"fr-FR","@id":"https:\/\/kapitalis.com\/tunisie\/2021\/05\/12\/abdessalem-abassi-le-gouvernement-prendra-des-mesures-importantes-au-profit-des-personnes-affectees-par-la-crise-sanitaire\/#primaryimage","url":"","contentUrl":""},{"@type":"BreadcrumbList","@id":"https:\/\/kapitalis.com\/tunisie\/2021\/05\/12\/abdessalem-abassi-le-gouvernement-prendra-des-mesures-importantes-au-profit-des-personnes-affectees-par-la-crise-sanitaire\/#breadcrumb","itemListElement":[{"@type":"ListItem","position":1,"name":"Accueil","item":"https:\/\/kapitalis.com\/tunisie\/"},{"@type":"ListItem","position":2,"name":"Abdessalem Abassi : \u00abLe gouvernement prendra des mesures importantes au profit des personnes affect\u00e9es par la crise sanitaire\u00bb"}]},{"@type":"WebSite","@id":"https:\/\/kapitalis.com\/tunisie\/#website","url":"https:\/\/kapitalis.com\/tunisie\/","name":"Kapitalis","description":"L&#039;actualit\u00e9 en Tunisie et dans le monde","publisher":{"@id":"https:\/\/kapitalis.com\/tunisie\/#organization"},"potentialAction":[{"@type":"SearchAction","target":{"@type":"EntryPoint","urlTemplate":"https:\/\/kapitalis.com\/tunisie\/?s={search_term_string}"},"query-input":{"@type":"PropertyValueSpecification","valueRequired":true,"valueName":"search_term_string"}}],"inLanguage":"fr-FR"},{"@type":"Organization","@id":"https:\/\/kapitalis.com\/tunisie\/#organization","name":"Kapitalis","url":"https:\/\/kapitalis.com\/tunisie\/","logo":{"@type":"ImageObject","inLanguage":"fr-FR","@id":"https:\/\/kapitalis.com\/tunisie\/#\/schema\/logo\/image\/","url":"https:\/\/kapitalis.com\/tunisie\/wp-content\/uploads\/2022\/05\/Kapitalis-big-size.png","contentUrl":"https:\/\/kapitalis.com\/tunisie\/wp-content\/uploads\/2022\/05\/Kapitalis-big-size.png","width":5000,"height":1500,"caption":"Kapitalis"},"image":{"@id":"https:\/\/kapitalis.com\/tunisie\/#\/schema\/logo\/image\/"},"sameAs":["https:\/\/www.facebook.com\/KapitalisInfo\/","https:\/\/x.com\/KapitalisInfo","https:\/\/www.youtube.com\/channel\/UC-yDYrHyfFBWWZaOw3FPg9Q"]},{"@type":"Person","@id":"https:\/\/kapitalis.com\/tunisie\/#\/schema\/person\/b35b8d631961131107263178aeb8019e","name":"Cherif Benyounes","url":"https:\/\/kapitalis.com\/tunisie\/author\/cherif\/"}]}},"_links":{"self":[{"href":"https:\/\/kapitalis.com\/tunisie\/wp-json\/wp\/v2\/posts\/348776","targetHints":{"allow":["GET"]}}],"collection":[{"href":"https:\/\/kapitalis.com\/tunisie\/wp-json\/wp\/v2\/posts"}],"about":[{"href":"https:\/\/kapitalis.com\/tunisie\/wp-json\/wp\/v2\/types\/post"}],"author":[{"embeddable":true,"href":"https:\/\/kapitalis.com\/tunisie\/wp-json\/wp\/v2\/users\/24"}],"replies":[{"embeddable":true,"href":"https:\/\/kapitalis.com\/tunisie\/wp-json\/wp\/v2\/comments?post=348776"}],"version-history":[{"count":0,"href":"https:\/\/kapitalis.com\/tunisie\/wp-json\/wp\/v2\/posts\/348776\/revisions"}],"wp:featuredmedia":[{"embeddable":true,"href":"https:\/\/kapitalis.com\/tunisie\/wp-json\/wp\/v2\/media\/348781"}],"wp:attachment":[{"href":"https:\/\/kapitalis.com\/tunisie\/wp-json\/wp\/v2\/media?parent=348776"}],"wp:term":[{"taxonomy":"category","embeddable":true,"href":"https:\/\/kapitalis.com\/tunisie\/wp-json\/wp\/v2\/categories?post=348776"},{"taxonomy":"post_tag","embeddable":true,"href":"https:\/\/kapitalis.com\/tunisie\/wp-json\/wp\/v2\/tags?post=348776"}],"curies":[{"name":"wp","href":"https:\/\/api.w.org\/{rel}","templated":true}]}}