{"id":348791,"date":"2021-05-12T17:59:43","date_gmt":"2021-05-12T16:59:43","guid":{"rendered":"http:\/\/kapitalis.com\/tunisie\/?p=348791"},"modified":"2021-05-13T01:05:30","modified_gmt":"2021-05-13T00:05:30","slug":"levee-de-linterdiction-des-deplacements-entre-les-regions-a-partir-du-vendredi-14-mai","status":"publish","type":"post","link":"https:\/\/kapitalis.com\/tunisie\/2021\/05\/12\/levee-de-linterdiction-des-deplacements-entre-les-regions-a-partir-du-vendredi-14-mai\/","title":{"rendered":"Lev\u00e9e de \u00abl&rsquo;interdiction\u00bb des d\u00e9placements entre les r\u00e9gions \u00e0 partir du vendredi 14 mai"},"content":{"rendered":"\n<div class=\"wp-block-image\"><figure class=\"aligncenter size-large\"><img decoding=\"async\" src=\"http:\/\/kapitalis.com\/tunisie\/wp-content\/uploads\/2021\/04\/route-tunisie-circulation.jpg\" alt=\"\" class=\"wp-image-345941\"\/><\/figure><\/div>\n\n\n\n<p><strong><em>La mesure d&rsquo;interdiction des d\u00e9placements entre les r\u00e9gions, d\u00e9cid\u00e9e la semaine derni\u00e8re en Tunisie pour lutter contre le coronavirus, lors du confinement g\u00e9n\u00e9ral qui se poursuit jusqu&rsquo;\u00e0 dimanche, sera lev\u00e9e \u00e0 partir de vendredi prochain, 14 mai 2021.<\/em><\/strong><\/p>\n\n\n\n<!--more-->\n\n\n\n<p>Cette d\u00e9cision a \u00e9t\u00e9 prise par la commission nationale charg\u00e9e de la lutte contre le coronavirus, pour \u00e9viter l&rsquo;encombrement dans les transports ainsi que les embouteillages, d&rsquo;autant que les cours reprendront \u00e9galement des lundi prochain dans les \u00e9coles, coll\u00e8ges et lyc\u00e9es, alors que dans les universit\u00e9s, ils reprendront mercredi 19 mai, sachant que les foyers rouvriront d\u00e8s dimanche.<\/p>\n\n\n\n<p>Cette mesure d&rsquo;interdiction n&rsquo;a pas vraiment \u00e9t\u00e9 respect\u00e9e durant le confinement g\u00e9n\u00e9ral, d&rsquo;autant que des responsables, qui devaient donner l&rsquo;exemple et respecter la loi, ont brav\u00e9 cette mesure, \u00e0 commencer par Rached Ghannouchi chef du parti islamiste Ennahdha et pr\u00e9sident de l&rsquo;Assembl\u00e9e qui s&rsquo;\u00e9tait rendu \u00e0 Kasserine, au 1er jour du confinement, pour assister \u00e0 un enterrement. <\/p>\n\n\n\n<p>Tout comme, aujourd&rsquo;hui, de nombreux dirigeants nahdhaouis, dont encore Ghannouchi, Abdelkarim Harouni et Abdellatif Mekki, ainsi que ceux d&rsquo;Al-Karama comme Seifeddine Makhlouf, qui se sont d\u00e9plac\u00e9s au Kef pour l\u2019enterrement du d\u00e9put\u00e9 Ennahdha Mokhtar Lamouchi, o\u00f9 le protocole sanitaire n&rsquo;a pas \u00e9t\u00e9 respect\u00e9s\u2026<\/p>\n\n\n\n<p class=\"has-text-align-right\"><strong>Y. N.<\/strong><\/p>\n\n\n\n<figure class=\"wp-block-embed is-type-wp-embed is-provider-kapitalis wp-block-embed-kapitalis\"><div class=\"wp-block-embed__wrapper\">\n<blockquote class=\"wp-embedded-content\" data-secret=\"CYJwMrfEeR\"><a href=\"https:\/\/kapitalis.com\/tunisie\/2021\/05\/12\/malgre-le-coronavirus-grande-affluence-a-lenterrement-du-depute-mokhtar-lamouchi-video\/\">Malgr\u00e9 le coronavirus, grande affluence \u00e0 l&rsquo;enterrement du d\u00e9put\u00e9 Mokhtar Lamouchi (Vid\u00e9o)<\/a><\/blockquote><iframe loading=\"lazy\" class=\"wp-embedded-content\" sandbox=\"allow-scripts\" security=\"restricted\" style=\"position: absolute; clip: rect(1px, 1px, 1px, 1px);\" title=\"\u00ab\u00a0Malgr\u00e9 le coronavirus, grande affluence \u00e0 l&rsquo;enterrement du d\u00e9put\u00e9 Mokhtar Lamouchi (Vid\u00e9o)\u00a0\u00bb &#8212; Kapitalis\" src=\"https:\/\/kapitalis.com\/tunisie\/2021\/05\/12\/malgre-le-coronavirus-grande-affluence-a-lenterrement-du-depute-mokhtar-lamouchi-video\/embed\/#?secret=eM5WMJATgZ#?secret=CYJwMrfEeR\" data-secret=\"CYJwMrfEeR\" width=\"600\" height=\"338\" frameborder=\"0\" marginwidth=\"0\" marginheight=\"0\" scrolling=\"no\"><\/iframe>\n<\/div><\/figure>\n","protected":false},"excerpt":{"rendered":"<p>La mesure d&rsquo;interdiction des d\u00e9placements entre les r\u00e9gions, d\u00e9cid\u00e9e la semaine derni\u00e8re en Tunisie pour lutter contre le coronavirus, lors du confinement g\u00e9n\u00e9ral qui se poursuit jusqu&rsquo;\u00e0 dimanche, sera lev\u00e9e \u00e0 partir de vendredi prochain, 14 mai 2021.<\/p>\n","protected":false},"author":6,"featured_media":0,"comment_status":"open","ping_status":"open","sticky":false,"template":"","format":"standard","meta":{"footnotes":""},"categories":[998,2433],"tags":[76605,73060,78820,90128,90129,62643],"class_list":["post-348791","post","type-post","status-publish","format-standard","hentry","category-societe","category-tunisie","tag-confinement","tag-coronavirus","tag-covid-2","tag-deplacements-entre-regions","tag-repris-cours","tag-tunisie"],"yoast_head":"<!-- This site is optimized with the Yoast SEO plugin v26.6 - https:\/\/yoast.com\/wordpress\/plugins\/seo\/ -->\n<title>Lev\u00e9e de \u00abl&#039;interdiction\u00bb des d\u00e9placements entre les r\u00e9gions \u00e0 partir du vendredi 14 mai - Kapitalis<\/title>\n<meta name=\"robots\" content=\"index, follow, max-snippet:-1, max-image-preview:large, max-video-preview:-1\" \/>\n<link rel=\"canonical\" href=\"https:\/\/kapitalis.com\/tunisie\/2021\/05\/12\/levee-de-linterdiction-des-deplacements-entre-les-regions-a-partir-du-vendredi-14-mai\/\" \/>\n<meta property=\"og:locale\" content=\"fr_FR\" \/>\n<meta property=\"og:type\" content=\"article\" \/>\n<meta property=\"og:title\" content=\"Lev\u00e9e de \u00abl&#039;interdiction\u00bb des d\u00e9placements entre les r\u00e9gions \u00e0 partir du vendredi 14 mai - Kapitalis\" \/>\n<meta property=\"og:description\" content=\"La mesure d&rsquo;interdiction des d\u00e9placements entre les r\u00e9gions, d\u00e9cid\u00e9e la semaine derni\u00e8re en Tunisie pour lutter contre le coronavirus, lors du confinement g\u00e9n\u00e9ral qui se poursuit jusqu&rsquo;\u00e0 dimanche, sera lev\u00e9e \u00e0 partir de vendredi prochain, 14 mai 2021.\" \/>\n<meta property=\"og:url\" content=\"https:\/\/kapitalis.com\/tunisie\/2021\/05\/12\/levee-de-linterdiction-des-deplacements-entre-les-regions-a-partir-du-vendredi-14-mai\/\" \/>\n<meta property=\"og:site_name\" content=\"Kapitalis\" \/>\n<meta property=\"article:publisher\" content=\"https:\/\/www.facebook.com\/KapitalisInfo\/\" \/>\n<meta property=\"article:published_time\" content=\"2021-05-12T16:59:43+00:00\" \/>\n<meta property=\"article:modified_time\" content=\"2021-05-13T00:05:30+00:00\" \/>\n<meta property=\"og:image\" content=\"http:\/\/kapitalis.com\/tunisie\/wp-content\/uploads\/2021\/04\/route-tunisie-circulation.jpg\" \/>\n<meta name=\"author\" content=\"Yusra NY\" \/>\n<meta name=\"twitter:card\" content=\"summary_large_image\" \/>\n<meta name=\"twitter:creator\" content=\"@KapitalisInfo\" \/>\n<meta name=\"twitter:site\" content=\"@KapitalisInfo\" \/>\n<meta name=\"twitter:label1\" content=\"\u00c9crit par\" \/>\n\t<meta name=\"twitter:data1\" content=\"Yusra NY\" \/>\n\t<meta name=\"twitter:label2\" content=\"Dur\u00e9e de lecture estim\u00e9e\" \/>\n\t<meta name=\"twitter:data2\" content=\"1 minute\" \/>\n<script type=\"application\/ld+json\" class=\"yoast-schema-graph\">{\"@context\":\"https:\/\/schema.org\",\"@graph\":[{\"@type\":\"Article\",\"@id\":\"https:\/\/kapitalis.com\/tunisie\/2021\/05\/12\/levee-de-linterdiction-des-deplacements-entre-les-regions-a-partir-du-vendredi-14-mai\/#article\",\"isPartOf\":{\"@id\":\"https:\/\/kapitalis.com\/tunisie\/2021\/05\/12\/levee-de-linterdiction-des-deplacements-entre-les-regions-a-partir-du-vendredi-14-mai\/\"},\"author\":{\"name\":\"Yusra NY\",\"@id\":\"https:\/\/kapitalis.com\/tunisie\/#\/schema\/person\/74bbde0154d49d790a92aaeac5bc01d5\"},\"headline\":\"Lev\u00e9e de \u00abl&rsquo;interdiction\u00bb des d\u00e9placements entre les r\u00e9gions \u00e0 partir du vendredi 14 mai\",\"datePublished\":\"2021-05-12T16:59:43+00:00\",\"dateModified\":\"2021-05-13T00:05:30+00:00\",\"mainEntityOfPage\":{\"@id\":\"https:\/\/kapitalis.com\/tunisie\/2021\/05\/12\/levee-de-linterdiction-des-deplacements-entre-les-regions-a-partir-du-vendredi-14-mai\/\"},\"wordCount\":236,\"commentCount\":0,\"publisher\":{\"@id\":\"https:\/\/kapitalis.com\/tunisie\/#organization\"},\"image\":{\"@id\":\"https:\/\/kapitalis.com\/tunisie\/2021\/05\/12\/levee-de-linterdiction-des-deplacements-entre-les-regions-a-partir-du-vendredi-14-mai\/#primaryimage\"},\"thumbnailUrl\":\"http:\/\/kapitalis.com\/tunisie\/wp-content\/uploads\/2021\/04\/route-tunisie-circulation.jpg\",\"keywords\":[\"confinement\",\"Coronavirus\",\"covid\",\"d\u00e9placements entre r\u00e9gions\",\"repris cours\",\"Tunisie\"],\"articleSection\":[\"SOCIETE\",\"Tunisie\"],\"inLanguage\":\"fr-FR\",\"potentialAction\":[{\"@type\":\"CommentAction\",\"name\":\"Comment\",\"target\":[\"https:\/\/kapitalis.com\/tunisie\/2021\/05\/12\/levee-de-linterdiction-des-deplacements-entre-les-regions-a-partir-du-vendredi-14-mai\/#respond\"]}]},{\"@type\":\"WebPage\",\"@id\":\"https:\/\/kapitalis.com\/tunisie\/2021\/05\/12\/levee-de-linterdiction-des-deplacements-entre-les-regions-a-partir-du-vendredi-14-mai\/\",\"url\":\"https:\/\/kapitalis.com\/tunisie\/2021\/05\/12\/levee-de-linterdiction-des-deplacements-entre-les-regions-a-partir-du-vendredi-14-mai\/\",\"name\":\"Lev\u00e9e de \u00abl'interdiction\u00bb des d\u00e9placements entre les r\u00e9gions \u00e0 partir du vendredi 14 mai - Kapitalis\",\"isPartOf\":{\"@id\":\"https:\/\/kapitalis.com\/tunisie\/#website\"},\"primaryImageOfPage\":{\"@id\":\"https:\/\/kapitalis.com\/tunisie\/2021\/05\/12\/levee-de-linterdiction-des-deplacements-entre-les-regions-a-partir-du-vendredi-14-mai\/#primaryimage\"},\"image\":{\"@id\":\"https:\/\/kapitalis.com\/tunisie\/2021\/05\/12\/levee-de-linterdiction-des-deplacements-entre-les-regions-a-partir-du-vendredi-14-mai\/#primaryimage\"},\"thumbnailUrl\":\"http:\/\/kapitalis.com\/tunisie\/wp-content\/uploads\/2021\/04\/route-tunisie-circulation.jpg\",\"datePublished\":\"2021-05-12T16:59:43+00:00\",\"dateModified\":\"2021-05-13T00:05:30+00:00\",\"breadcrumb\":{\"@id\":\"https:\/\/kapitalis.com\/tunisie\/2021\/05\/12\/levee-de-linterdiction-des-deplacements-entre-les-regions-a-partir-du-vendredi-14-mai\/#breadcrumb\"},\"inLanguage\":\"fr-FR\",\"potentialAction\":[{\"@type\":\"ReadAction\",\"target\":[\"https:\/\/kapitalis.com\/tunisie\/2021\/05\/12\/levee-de-linterdiction-des-deplacements-entre-les-regions-a-partir-du-vendredi-14-mai\/\"]}]},{\"@type\":\"ImageObject\",\"inLanguage\":\"fr-FR\",\"@id\":\"https:\/\/kapitalis.com\/tunisie\/2021\/05\/12\/levee-de-linterdiction-des-deplacements-entre-les-regions-a-partir-du-vendredi-14-mai\/#primaryimage\",\"url\":\"\",\"contentUrl\":\"\"},{\"@type\":\"BreadcrumbList\",\"@id\":\"https:\/\/kapitalis.com\/tunisie\/2021\/05\/12\/levee-de-linterdiction-des-deplacements-entre-les-regions-a-partir-du-vendredi-14-mai\/#breadcrumb\",\"itemListElement\":[{\"@type\":\"ListItem\",\"position\":1,\"name\":\"Accueil\",\"item\":\"https:\/\/kapitalis.com\/tunisie\/\"},{\"@type\":\"ListItem\",\"position\":2,\"name\":\"Lev\u00e9e de \u00abl&rsquo;interdiction\u00bb des d\u00e9placements entre les r\u00e9gions \u00e0 partir du vendredi 14 mai\"}]},{\"@type\":\"WebSite\",\"@id\":\"https:\/\/kapitalis.com\/tunisie\/#website\",\"url\":\"https:\/\/kapitalis.com\/tunisie\/\",\"name\":\"Kapitalis\",\"description\":\"L&#039;actualit\u00e9 en Tunisie et dans le monde\",\"publisher\":{\"@id\":\"https:\/\/kapitalis.com\/tunisie\/#organization\"},\"potentialAction\":[{\"@type\":\"SearchAction\",\"target\":{\"@type\":\"EntryPoint\",\"urlTemplate\":\"https:\/\/kapitalis.com\/tunisie\/?s={search_term_string}\"},\"query-input\":{\"@type\":\"PropertyValueSpecification\",\"valueRequired\":true,\"valueName\":\"search_term_string\"}}],\"inLanguage\":\"fr-FR\"},{\"@type\":\"Organization\",\"@id\":\"https:\/\/kapitalis.com\/tunisie\/#organization\",\"name\":\"Kapitalis\",\"url\":\"https:\/\/kapitalis.com\/tunisie\/\",\"logo\":{\"@type\":\"ImageObject\",\"inLanguage\":\"fr-FR\",\"@id\":\"https:\/\/kapitalis.com\/tunisie\/#\/schema\/logo\/image\/\",\"url\":\"https:\/\/kapitalis.com\/tunisie\/wp-content\/uploads\/2022\/05\/Kapitalis-big-size.png\",\"contentUrl\":\"https:\/\/kapitalis.com\/tunisie\/wp-content\/uploads\/2022\/05\/Kapitalis-big-size.png\",\"width\":5000,\"height\":1500,\"caption\":\"Kapitalis\"},\"image\":{\"@id\":\"https:\/\/kapitalis.com\/tunisie\/#\/schema\/logo\/image\/\"},\"sameAs\":[\"https:\/\/www.facebook.com\/KapitalisInfo\/\",\"https:\/\/x.com\/KapitalisInfo\",\"https:\/\/www.youtube.com\/channel\/UC-yDYrHyfFBWWZaOw3FPg9Q\"]},{\"@type\":\"Person\",\"@id\":\"https:\/\/kapitalis.com\/tunisie\/#\/schema\/person\/74bbde0154d49d790a92aaeac5bc01d5\",\"name\":\"Yusra NY\",\"url\":\"https:\/\/kapitalis.com\/tunisie\/author\/yuza_adam\/\"}]}<\/script>\n<!-- \/ Yoast SEO plugin. -->","yoast_head_json":{"title":"Lev\u00e9e de \u00abl'interdiction\u00bb des d\u00e9placements entre les r\u00e9gions \u00e0 partir du vendredi 14 mai - Kapitalis","robots":{"index":"index","follow":"follow","max-snippet":"max-snippet:-1","max-image-preview":"max-image-preview:large","max-video-preview":"max-video-preview:-1"},"canonical":"https:\/\/kapitalis.com\/tunisie\/2021\/05\/12\/levee-de-linterdiction-des-deplacements-entre-les-regions-a-partir-du-vendredi-14-mai\/","og_locale":"fr_FR","og_type":"article","og_title":"Lev\u00e9e de \u00abl'interdiction\u00bb des d\u00e9placements entre les r\u00e9gions \u00e0 partir du vendredi 14 mai - Kapitalis","og_description":"La mesure d&rsquo;interdiction des d\u00e9placements entre les r\u00e9gions, d\u00e9cid\u00e9e la semaine derni\u00e8re en Tunisie pour lutter contre le coronavirus, lors du confinement g\u00e9n\u00e9ral qui se poursuit jusqu&rsquo;\u00e0 dimanche, sera lev\u00e9e \u00e0 partir de vendredi prochain, 14 mai 2021.","og_url":"https:\/\/kapitalis.com\/tunisie\/2021\/05\/12\/levee-de-linterdiction-des-deplacements-entre-les-regions-a-partir-du-vendredi-14-mai\/","og_site_name":"Kapitalis","article_publisher":"https:\/\/www.facebook.com\/KapitalisInfo\/","article_published_time":"2021-05-12T16:59:43+00:00","article_modified_time":"2021-05-13T00:05:30+00:00","og_image":[{"url":"http:\/\/kapitalis.com\/tunisie\/wp-content\/uploads\/2021\/04\/route-tunisie-circulation.jpg","type":"","width":"","height":""}],"author":"Yusra NY","twitter_card":"summary_large_image","twitter_creator":"@KapitalisInfo","twitter_site":"@KapitalisInfo","twitter_misc":{"\u00c9crit par":"Yusra NY","Dur\u00e9e de lecture estim\u00e9e":"1 minute"},"schema":{"@context":"https:\/\/schema.org","@graph":[{"@type":"Article","@id":"https:\/\/kapitalis.com\/tunisie\/2021\/05\/12\/levee-de-linterdiction-des-deplacements-entre-les-regions-a-partir-du-vendredi-14-mai\/#article","isPartOf":{"@id":"https:\/\/kapitalis.com\/tunisie\/2021\/05\/12\/levee-de-linterdiction-des-deplacements-entre-les-regions-a-partir-du-vendredi-14-mai\/"},"author":{"name":"Yusra NY","@id":"https:\/\/kapitalis.com\/tunisie\/#\/schema\/person\/74bbde0154d49d790a92aaeac5bc01d5"},"headline":"Lev\u00e9e de \u00abl&rsquo;interdiction\u00bb des d\u00e9placements entre les r\u00e9gions \u00e0 partir du vendredi 14 mai","datePublished":"2021-05-12T16:59:43+00:00","dateModified":"2021-05-13T00:05:30+00:00","mainEntityOfPage":{"@id":"https:\/\/kapitalis.com\/tunisie\/2021\/05\/12\/levee-de-linterdiction-des-deplacements-entre-les-regions-a-partir-du-vendredi-14-mai\/"},"wordCount":236,"commentCount":0,"publisher":{"@id":"https:\/\/kapitalis.com\/tunisie\/#organization"},"image":{"@id":"https:\/\/kapitalis.com\/tunisie\/2021\/05\/12\/levee-de-linterdiction-des-deplacements-entre-les-regions-a-partir-du-vendredi-14-mai\/#primaryimage"},"thumbnailUrl":"http:\/\/kapitalis.com\/tunisie\/wp-content\/uploads\/2021\/04\/route-tunisie-circulation.jpg","keywords":["confinement","Coronavirus","covid","d\u00e9placements entre r\u00e9gions","repris cours","Tunisie"],"articleSection":["SOCIETE","Tunisie"],"inLanguage":"fr-FR","potentialAction":[{"@type":"CommentAction","name":"Comment","target":["https:\/\/kapitalis.com\/tunisie\/2021\/05\/12\/levee-de-linterdiction-des-deplacements-entre-les-regions-a-partir-du-vendredi-14-mai\/#respond"]}]},{"@type":"WebPage","@id":"https:\/\/kapitalis.com\/tunisie\/2021\/05\/12\/levee-de-linterdiction-des-deplacements-entre-les-regions-a-partir-du-vendredi-14-mai\/","url":"https:\/\/kapitalis.com\/tunisie\/2021\/05\/12\/levee-de-linterdiction-des-deplacements-entre-les-regions-a-partir-du-vendredi-14-mai\/","name":"Lev\u00e9e de \u00abl'interdiction\u00bb des d\u00e9placements entre les r\u00e9gions \u00e0 partir du vendredi 14 mai - Kapitalis","isPartOf":{"@id":"https:\/\/kapitalis.com\/tunisie\/#website"},"primaryImageOfPage":{"@id":"https:\/\/kapitalis.com\/tunisie\/2021\/05\/12\/levee-de-linterdiction-des-deplacements-entre-les-regions-a-partir-du-vendredi-14-mai\/#primaryimage"},"image":{"@id":"https:\/\/kapitalis.com\/tunisie\/2021\/05\/12\/levee-de-linterdiction-des-deplacements-entre-les-regions-a-partir-du-vendredi-14-mai\/#primaryimage"},"thumbnailUrl":"http:\/\/kapitalis.com\/tunisie\/wp-content\/uploads\/2021\/04\/route-tunisie-circulation.jpg","datePublished":"2021-05-12T16:59:43+00:00","dateModified":"2021-05-13T00:05:30+00:00","breadcrumb":{"@id":"https:\/\/kapitalis.com\/tunisie\/2021\/05\/12\/levee-de-linterdiction-des-deplacements-entre-les-regions-a-partir-du-vendredi-14-mai\/#breadcrumb"},"inLanguage":"fr-FR","potentialAction":[{"@type":"ReadAction","target":["https:\/\/kapitalis.com\/tunisie\/2021\/05\/12\/levee-de-linterdiction-des-deplacements-entre-les-regions-a-partir-du-vendredi-14-mai\/"]}]},{"@type":"ImageObject","inLanguage":"fr-FR","@id":"https:\/\/kapitalis.com\/tunisie\/2021\/05\/12\/levee-de-linterdiction-des-deplacements-entre-les-regions-a-partir-du-vendredi-14-mai\/#primaryimage","url":"","contentUrl":""},{"@type":"BreadcrumbList","@id":"https:\/\/kapitalis.com\/tunisie\/2021\/05\/12\/levee-de-linterdiction-des-deplacements-entre-les-regions-a-partir-du-vendredi-14-mai\/#breadcrumb","itemListElement":[{"@type":"ListItem","position":1,"name":"Accueil","item":"https:\/\/kapitalis.com\/tunisie\/"},{"@type":"ListItem","position":2,"name":"Lev\u00e9e de \u00abl&rsquo;interdiction\u00bb des d\u00e9placements entre les r\u00e9gions \u00e0 partir du vendredi 14 mai"}]},{"@type":"WebSite","@id":"https:\/\/kapitalis.com\/tunisie\/#website","url":"https:\/\/kapitalis.com\/tunisie\/","name":"Kapitalis","description":"L&#039;actualit\u00e9 en Tunisie et dans le monde","publisher":{"@id":"https:\/\/kapitalis.com\/tunisie\/#organization"},"potentialAction":[{"@type":"SearchAction","target":{"@type":"EntryPoint","urlTemplate":"https:\/\/kapitalis.com\/tunisie\/?s={search_term_string}"},"query-input":{"@type":"PropertyValueSpecification","valueRequired":true,"valueName":"search_term_string"}}],"inLanguage":"fr-FR"},{"@type":"Organization","@id":"https:\/\/kapitalis.com\/tunisie\/#organization","name":"Kapitalis","url":"https:\/\/kapitalis.com\/tunisie\/","logo":{"@type":"ImageObject","inLanguage":"fr-FR","@id":"https:\/\/kapitalis.com\/tunisie\/#\/schema\/logo\/image\/","url":"https:\/\/kapitalis.com\/tunisie\/wp-content\/uploads\/2022\/05\/Kapitalis-big-size.png","contentUrl":"https:\/\/kapitalis.com\/tunisie\/wp-content\/uploads\/2022\/05\/Kapitalis-big-size.png","width":5000,"height":1500,"caption":"Kapitalis"},"image":{"@id":"https:\/\/kapitalis.com\/tunisie\/#\/schema\/logo\/image\/"},"sameAs":["https:\/\/www.facebook.com\/KapitalisInfo\/","https:\/\/x.com\/KapitalisInfo","https:\/\/www.youtube.com\/channel\/UC-yDYrHyfFBWWZaOw3FPg9Q"]},{"@type":"Person","@id":"https:\/\/kapitalis.com\/tunisie\/#\/schema\/person\/74bbde0154d49d790a92aaeac5bc01d5","name":"Yusra NY","url":"https:\/\/kapitalis.com\/tunisie\/author\/yuza_adam\/"}]}},"_links":{"self":[{"href":"https:\/\/kapitalis.com\/tunisie\/wp-json\/wp\/v2\/posts\/348791","targetHints":{"allow":["GET"]}}],"collection":[{"href":"https:\/\/kapitalis.com\/tunisie\/wp-json\/wp\/v2\/posts"}],"about":[{"href":"https:\/\/kapitalis.com\/tunisie\/wp-json\/wp\/v2\/types\/post"}],"author":[{"embeddable":true,"href":"https:\/\/kapitalis.com\/tunisie\/wp-json\/wp\/v2\/users\/6"}],"replies":[{"embeddable":true,"href":"https:\/\/kapitalis.com\/tunisie\/wp-json\/wp\/v2\/comments?post=348791"}],"version-history":[{"count":0,"href":"https:\/\/kapitalis.com\/tunisie\/wp-json\/wp\/v2\/posts\/348791\/revisions"}],"wp:attachment":[{"href":"https:\/\/kapitalis.com\/tunisie\/wp-json\/wp\/v2\/media?parent=348791"}],"wp:term":[{"taxonomy":"category","embeddable":true,"href":"https:\/\/kapitalis.com\/tunisie\/wp-json\/wp\/v2\/categories?post=348791"},{"taxonomy":"post_tag","embeddable":true,"href":"https:\/\/kapitalis.com\/tunisie\/wp-json\/wp\/v2\/tags?post=348791"}],"curies":[{"name":"wp","href":"https:\/\/api.w.org\/{rel}","templated":true}]}}