{"id":34888,"date":"2016-01-14T18:37:45","date_gmt":"2016-01-14T17:37:45","guid":{"rendered":"http:\/\/kapitalis.com\/tunisie\/?p=34888"},"modified":"2016-01-14T19:36:18","modified_gmt":"2016-01-14T18:36:18","slug":"jendouba-hommage-au-martyr-wissem-akaichi","status":"publish","type":"post","link":"https:\/\/kapitalis.com\/tunisie\/2016\/01\/14\/jendouba-hommage-au-martyr-wissem-akaichi\/","title":{"rendered":"Jendouba : Hommage au martyr Wissem Aka\u00efchi"},"content":{"rendered":"<p style=\"text-align: center;\"><img loading=\"lazy\" decoding=\"async\" class=\"alignnone size-full wp-image-34891\" src=\"http:\/\/kapitalis.com\/tunisie\/wp-content\/uploads\/2016\/01\/Jendouba-Wissem-Aka\u00efchi.jpg\" alt=\"Jendouba Wissem Aka\u00efchi\" width=\"626\" height=\"380\" \/><\/p>\n<p><em><strong>La soci\u00e9t\u00e9 civile a rendu hommage au commandant Wissem Aka\u00efchi, tomb\u00e9 en juillet 2014, dans l\u2019attaque terroriste \u00e0 Henchir Ettalla, \u00e0 Chaambi (Kasserine).<\/strong><\/em><\/p>\n<p style=\"text-align: left;\"><!--more--><\/p>\n<p>Des activistes de la soci\u00e9t\u00e9 civile de Jendouba ont organis\u00e9, aujourd\u2019hui, 14 janvier 2016, un rassemblement \u00e0 la m\u00e9moire du commandant Wissem Aka\u00efchi, \u00e0 Balta, sa r\u00e9gion natale.<\/p>\n<p>La famille du martyr et les jeunes de la r\u00e9gion ont particip\u00e9 \u00e0 des animations sportives et culturelles. On a \u00e9galement install\u00e9 un m\u00e9morial \u00e0 la m\u00e9moire de feu Aka\u00efchi, sur la route menant \u00e0 son village.<\/p>\n<p>\u00ab<em>L\u2019\u00e9v\u00e8nement a \u00e9t\u00e9 organis\u00e9 en dehors de tout cadre politique et sans la participation des responsables politiques, qui ont oubli\u00e9 les vrais h\u00e9ros du pays, ceux qui ont contribu\u00e9 \u00e0 la r\u00e9ussite de la transition d\u00e9mocratique et \u00e0 la s\u00e9curit\u00e9 du pays, et qui sont tomb\u00e9s pour nous prot\u00e9ger<\/em>\u00bb, a confi\u00e9 Foued Hamdi \u00e0 Kapitalis, ajoutant que les enfants des villages pauvres sont souvent ceux qui luttent au quotidien alors que les politiques les ont oubli\u00e9s et sacrifi\u00e9s sur l&rsquo;autel de leur ambitions et int\u00e9r\u00eats.<\/p>\n<p style=\"text-align: center;\"><img loading=\"lazy\" decoding=\"async\" class=\"alignnone size-full wp-image-34892\" src=\"http:\/\/kapitalis.com\/tunisie\/wp-content\/uploads\/2016\/01\/Jendouba-Wissem-Aka\u00efchi-PF.jpg\" alt=\"Jendouba- Wissem Aka\u00efchi PF\" width=\"500\" height=\"300\" \/><\/p>\n<p>\u00ab<em>Nous avons voulu par ce geste symbolique soutenir la famille du martyr et leur montrer notre reconnaissance et c\u2019est un minimum que nous pouvions faire<\/em>\u00bb, a ajout\u00e9 Foued Hamdi.<\/p>\n<p>Rappelons que 14 militaires ont \u00e9t\u00e9 tu\u00e9s, le 16 juillet 2014, \u00e0 l\u2019heure de la rupture du je\u00fbne du ramadan, par des terroristes appartenant \u00e0 l\u2019organisation terroriste de Katibet Okba Ibn Nafaa.<\/p>\n<p style=\"text-align: right;\"><strong>Y. N.<\/strong><\/p>\n","protected":false},"excerpt":{"rendered":"<p>La soci\u00e9t\u00e9 civile a rendu hommage au commandant Wissem Aka\u00efchi, tomb\u00e9 en juillet 2014, dans l\u2019attaque terroriste \u00e0 Henchir Ettalla, \u00e0 Chaambi (Kasserine).<\/p>\n","protected":false},"author":6,"featured_media":34891,"comment_status":"open","ping_status":"open","sticky":false,"template":"","format":"standard","meta":{"footnotes":""},"categories":[998,2433],"tags":[2849,7951,581,12592,898],"class_list":["post-34888","post","type-post","status-publish","format-standard","has-post-thumbnail","hentry","category-societe","category-tunisie","tag-chaambi","tag-commandant","tag-martyr","tag-memorial","tag-terroriste"],"yoast_head":"<!-- This site is optimized with the Yoast SEO plugin v26.6 - https:\/\/yoast.com\/wordpress\/plugins\/seo\/ -->\n<title>Jendouba : Hommage au martyr Wissem Aka\u00efchi - Kapitalis<\/title>\n<meta name=\"robots\" content=\"index, follow, max-snippet:-1, max-image-preview:large, max-video-preview:-1\" \/>\n<link rel=\"canonical\" href=\"https:\/\/kapitalis.com\/tunisie\/2016\/01\/14\/jendouba-hommage-au-martyr-wissem-akaichi\/\" \/>\n<meta property=\"og:locale\" content=\"fr_FR\" \/>\n<meta property=\"og:type\" content=\"article\" \/>\n<meta property=\"og:title\" content=\"Jendouba : Hommage au martyr Wissem Aka\u00efchi - Kapitalis\" \/>\n<meta property=\"og:description\" content=\"La soci\u00e9t\u00e9 civile a rendu hommage au commandant Wissem Aka\u00efchi, tomb\u00e9 en juillet 2014, dans l\u2019attaque terroriste \u00e0 Henchir Ettalla, \u00e0 Chaambi (Kasserine).\" \/>\n<meta property=\"og:url\" content=\"https:\/\/kapitalis.com\/tunisie\/2016\/01\/14\/jendouba-hommage-au-martyr-wissem-akaichi\/\" \/>\n<meta property=\"og:site_name\" content=\"Kapitalis\" \/>\n<meta property=\"article:publisher\" content=\"https:\/\/www.facebook.com\/KapitalisInfo\/\" \/>\n<meta property=\"article:published_time\" content=\"2016-01-14T17:37:45+00:00\" \/>\n<meta property=\"article:modified_time\" content=\"2016-01-14T18:36:18+00:00\" \/>\n<meta property=\"og:image\" content=\"https:\/\/kapitalis.com\/tunisie\/wp-content\/uploads\/2022\/05\/kapitalis-logo-fb.png\" \/>\n\t<meta property=\"og:image:width\" content=\"1200\" \/>\n\t<meta property=\"og:image:height\" content=\"630\" \/>\n\t<meta property=\"og:image:type\" content=\"image\/png\" \/>\n<meta name=\"author\" content=\"Yusra NY\" \/>\n<meta name=\"twitter:card\" content=\"summary_large_image\" \/>\n<meta name=\"twitter:creator\" content=\"@KapitalisInfo\" \/>\n<meta name=\"twitter:site\" content=\"@KapitalisInfo\" \/>\n<meta name=\"twitter:label1\" content=\"\u00c9crit par\" \/>\n\t<meta name=\"twitter:data1\" content=\"Yusra NY\" \/>\n\t<meta name=\"twitter:label2\" content=\"Dur\u00e9e de lecture estim\u00e9e\" \/>\n\t<meta name=\"twitter:data2\" content=\"1 minute\" \/>\n<script type=\"application\/ld+json\" class=\"yoast-schema-graph\">{\"@context\":\"https:\/\/schema.org\",\"@graph\":[{\"@type\":\"Article\",\"@id\":\"https:\/\/kapitalis.com\/tunisie\/2016\/01\/14\/jendouba-hommage-au-martyr-wissem-akaichi\/#article\",\"isPartOf\":{\"@id\":\"https:\/\/kapitalis.com\/tunisie\/2016\/01\/14\/jendouba-hommage-au-martyr-wissem-akaichi\/\"},\"author\":{\"name\":\"Yusra NY\",\"@id\":\"https:\/\/kapitalis.com\/tunisie\/#\/schema\/person\/74bbde0154d49d790a92aaeac5bc01d5\"},\"headline\":\"Jendouba : Hommage au martyr Wissem Aka\u00efchi\",\"datePublished\":\"2016-01-14T17:37:45+00:00\",\"dateModified\":\"2016-01-14T18:36:18+00:00\",\"mainEntityOfPage\":{\"@id\":\"https:\/\/kapitalis.com\/tunisie\/2016\/01\/14\/jendouba-hommage-au-martyr-wissem-akaichi\/\"},\"wordCount\":254,\"commentCount\":0,\"publisher\":{\"@id\":\"https:\/\/kapitalis.com\/tunisie\/#organization\"},\"image\":{\"@id\":\"https:\/\/kapitalis.com\/tunisie\/2016\/01\/14\/jendouba-hommage-au-martyr-wissem-akaichi\/#primaryimage\"},\"thumbnailUrl\":\"\",\"keywords\":[\"Chaambi\",\"commandant\",\"martyr\",\"m\u00e9morial\",\"terroriste\"],\"articleSection\":[\"SOCIETE\",\"Tunisie\"],\"inLanguage\":\"fr-FR\",\"potentialAction\":[{\"@type\":\"CommentAction\",\"name\":\"Comment\",\"target\":[\"https:\/\/kapitalis.com\/tunisie\/2016\/01\/14\/jendouba-hommage-au-martyr-wissem-akaichi\/#respond\"]}]},{\"@type\":\"WebPage\",\"@id\":\"https:\/\/kapitalis.com\/tunisie\/2016\/01\/14\/jendouba-hommage-au-martyr-wissem-akaichi\/\",\"url\":\"https:\/\/kapitalis.com\/tunisie\/2016\/01\/14\/jendouba-hommage-au-martyr-wissem-akaichi\/\",\"name\":\"Jendouba : Hommage au martyr Wissem Aka\u00efchi - Kapitalis\",\"isPartOf\":{\"@id\":\"https:\/\/kapitalis.com\/tunisie\/#website\"},\"primaryImageOfPage\":{\"@id\":\"https:\/\/kapitalis.com\/tunisie\/2016\/01\/14\/jendouba-hommage-au-martyr-wissem-akaichi\/#primaryimage\"},\"image\":{\"@id\":\"https:\/\/kapitalis.com\/tunisie\/2016\/01\/14\/jendouba-hommage-au-martyr-wissem-akaichi\/#primaryimage\"},\"thumbnailUrl\":\"\",\"datePublished\":\"2016-01-14T17:37:45+00:00\",\"dateModified\":\"2016-01-14T18:36:18+00:00\",\"breadcrumb\":{\"@id\":\"https:\/\/kapitalis.com\/tunisie\/2016\/01\/14\/jendouba-hommage-au-martyr-wissem-akaichi\/#breadcrumb\"},\"inLanguage\":\"fr-FR\",\"potentialAction\":[{\"@type\":\"ReadAction\",\"target\":[\"https:\/\/kapitalis.com\/tunisie\/2016\/01\/14\/jendouba-hommage-au-martyr-wissem-akaichi\/\"]}]},{\"@type\":\"ImageObject\",\"inLanguage\":\"fr-FR\",\"@id\":\"https:\/\/kapitalis.com\/tunisie\/2016\/01\/14\/jendouba-hommage-au-martyr-wissem-akaichi\/#primaryimage\",\"url\":\"\",\"contentUrl\":\"\"},{\"@type\":\"BreadcrumbList\",\"@id\":\"https:\/\/kapitalis.com\/tunisie\/2016\/01\/14\/jendouba-hommage-au-martyr-wissem-akaichi\/#breadcrumb\",\"itemListElement\":[{\"@type\":\"ListItem\",\"position\":1,\"name\":\"Accueil\",\"item\":\"https:\/\/kapitalis.com\/tunisie\/\"},{\"@type\":\"ListItem\",\"position\":2,\"name\":\"Jendouba : Hommage au martyr Wissem Aka\u00efchi\"}]},{\"@type\":\"WebSite\",\"@id\":\"https:\/\/kapitalis.com\/tunisie\/#website\",\"url\":\"https:\/\/kapitalis.com\/tunisie\/\",\"name\":\"Kapitalis\",\"description\":\"L&#039;actualit\u00e9 en Tunisie et dans le monde\",\"publisher\":{\"@id\":\"https:\/\/kapitalis.com\/tunisie\/#organization\"},\"potentialAction\":[{\"@type\":\"SearchAction\",\"target\":{\"@type\":\"EntryPoint\",\"urlTemplate\":\"https:\/\/kapitalis.com\/tunisie\/?s={search_term_string}\"},\"query-input\":{\"@type\":\"PropertyValueSpecification\",\"valueRequired\":true,\"valueName\":\"search_term_string\"}}],\"inLanguage\":\"fr-FR\"},{\"@type\":\"Organization\",\"@id\":\"https:\/\/kapitalis.com\/tunisie\/#organization\",\"name\":\"Kapitalis\",\"url\":\"https:\/\/kapitalis.com\/tunisie\/\",\"logo\":{\"@type\":\"ImageObject\",\"inLanguage\":\"fr-FR\",\"@id\":\"https:\/\/kapitalis.com\/tunisie\/#\/schema\/logo\/image\/\",\"url\":\"https:\/\/kapitalis.com\/tunisie\/wp-content\/uploads\/2022\/05\/Kapitalis-big-size.png\",\"contentUrl\":\"https:\/\/kapitalis.com\/tunisie\/wp-content\/uploads\/2022\/05\/Kapitalis-big-size.png\",\"width\":5000,\"height\":1500,\"caption\":\"Kapitalis\"},\"image\":{\"@id\":\"https:\/\/kapitalis.com\/tunisie\/#\/schema\/logo\/image\/\"},\"sameAs\":[\"https:\/\/www.facebook.com\/KapitalisInfo\/\",\"https:\/\/x.com\/KapitalisInfo\",\"https:\/\/www.youtube.com\/channel\/UC-yDYrHyfFBWWZaOw3FPg9Q\"]},{\"@type\":\"Person\",\"@id\":\"https:\/\/kapitalis.com\/tunisie\/#\/schema\/person\/74bbde0154d49d790a92aaeac5bc01d5\",\"name\":\"Yusra NY\",\"url\":\"https:\/\/kapitalis.com\/tunisie\/author\/yuza_adam\/\"}]}<\/script>\n<!-- \/ Yoast SEO plugin. -->","yoast_head_json":{"title":"Jendouba : Hommage au martyr Wissem Aka\u00efchi - Kapitalis","robots":{"index":"index","follow":"follow","max-snippet":"max-snippet:-1","max-image-preview":"max-image-preview:large","max-video-preview":"max-video-preview:-1"},"canonical":"https:\/\/kapitalis.com\/tunisie\/2016\/01\/14\/jendouba-hommage-au-martyr-wissem-akaichi\/","og_locale":"fr_FR","og_type":"article","og_title":"Jendouba : Hommage au martyr Wissem Aka\u00efchi - Kapitalis","og_description":"La soci\u00e9t\u00e9 civile a rendu hommage au commandant Wissem Aka\u00efchi, tomb\u00e9 en juillet 2014, dans l\u2019attaque terroriste \u00e0 Henchir Ettalla, \u00e0 Chaambi (Kasserine).","og_url":"https:\/\/kapitalis.com\/tunisie\/2016\/01\/14\/jendouba-hommage-au-martyr-wissem-akaichi\/","og_site_name":"Kapitalis","article_publisher":"https:\/\/www.facebook.com\/KapitalisInfo\/","article_published_time":"2016-01-14T17:37:45+00:00","article_modified_time":"2016-01-14T18:36:18+00:00","og_image":[{"width":1200,"height":630,"url":"https:\/\/kapitalis.com\/tunisie\/wp-content\/uploads\/2022\/05\/kapitalis-logo-fb.png","type":"image\/png"}],"author":"Yusra NY","twitter_card":"summary_large_image","twitter_creator":"@KapitalisInfo","twitter_site":"@KapitalisInfo","twitter_misc":{"\u00c9crit par":"Yusra NY","Dur\u00e9e de lecture estim\u00e9e":"1 minute"},"schema":{"@context":"https:\/\/schema.org","@graph":[{"@type":"Article","@id":"https:\/\/kapitalis.com\/tunisie\/2016\/01\/14\/jendouba-hommage-au-martyr-wissem-akaichi\/#article","isPartOf":{"@id":"https:\/\/kapitalis.com\/tunisie\/2016\/01\/14\/jendouba-hommage-au-martyr-wissem-akaichi\/"},"author":{"name":"Yusra NY","@id":"https:\/\/kapitalis.com\/tunisie\/#\/schema\/person\/74bbde0154d49d790a92aaeac5bc01d5"},"headline":"Jendouba : Hommage au martyr Wissem Aka\u00efchi","datePublished":"2016-01-14T17:37:45+00:00","dateModified":"2016-01-14T18:36:18+00:00","mainEntityOfPage":{"@id":"https:\/\/kapitalis.com\/tunisie\/2016\/01\/14\/jendouba-hommage-au-martyr-wissem-akaichi\/"},"wordCount":254,"commentCount":0,"publisher":{"@id":"https:\/\/kapitalis.com\/tunisie\/#organization"},"image":{"@id":"https:\/\/kapitalis.com\/tunisie\/2016\/01\/14\/jendouba-hommage-au-martyr-wissem-akaichi\/#primaryimage"},"thumbnailUrl":"","keywords":["Chaambi","commandant","martyr","m\u00e9morial","terroriste"],"articleSection":["SOCIETE","Tunisie"],"inLanguage":"fr-FR","potentialAction":[{"@type":"CommentAction","name":"Comment","target":["https:\/\/kapitalis.com\/tunisie\/2016\/01\/14\/jendouba-hommage-au-martyr-wissem-akaichi\/#respond"]}]},{"@type":"WebPage","@id":"https:\/\/kapitalis.com\/tunisie\/2016\/01\/14\/jendouba-hommage-au-martyr-wissem-akaichi\/","url":"https:\/\/kapitalis.com\/tunisie\/2016\/01\/14\/jendouba-hommage-au-martyr-wissem-akaichi\/","name":"Jendouba : Hommage au martyr Wissem Aka\u00efchi - Kapitalis","isPartOf":{"@id":"https:\/\/kapitalis.com\/tunisie\/#website"},"primaryImageOfPage":{"@id":"https:\/\/kapitalis.com\/tunisie\/2016\/01\/14\/jendouba-hommage-au-martyr-wissem-akaichi\/#primaryimage"},"image":{"@id":"https:\/\/kapitalis.com\/tunisie\/2016\/01\/14\/jendouba-hommage-au-martyr-wissem-akaichi\/#primaryimage"},"thumbnailUrl":"","datePublished":"2016-01-14T17:37:45+00:00","dateModified":"2016-01-14T18:36:18+00:00","breadcrumb":{"@id":"https:\/\/kapitalis.com\/tunisie\/2016\/01\/14\/jendouba-hommage-au-martyr-wissem-akaichi\/#breadcrumb"},"inLanguage":"fr-FR","potentialAction":[{"@type":"ReadAction","target":["https:\/\/kapitalis.com\/tunisie\/2016\/01\/14\/jendouba-hommage-au-martyr-wissem-akaichi\/"]}]},{"@type":"ImageObject","inLanguage":"fr-FR","@id":"https:\/\/kapitalis.com\/tunisie\/2016\/01\/14\/jendouba-hommage-au-martyr-wissem-akaichi\/#primaryimage","url":"","contentUrl":""},{"@type":"BreadcrumbList","@id":"https:\/\/kapitalis.com\/tunisie\/2016\/01\/14\/jendouba-hommage-au-martyr-wissem-akaichi\/#breadcrumb","itemListElement":[{"@type":"ListItem","position":1,"name":"Accueil","item":"https:\/\/kapitalis.com\/tunisie\/"},{"@type":"ListItem","position":2,"name":"Jendouba : Hommage au martyr Wissem Aka\u00efchi"}]},{"@type":"WebSite","@id":"https:\/\/kapitalis.com\/tunisie\/#website","url":"https:\/\/kapitalis.com\/tunisie\/","name":"Kapitalis","description":"L&#039;actualit\u00e9 en Tunisie et dans le monde","publisher":{"@id":"https:\/\/kapitalis.com\/tunisie\/#organization"},"potentialAction":[{"@type":"SearchAction","target":{"@type":"EntryPoint","urlTemplate":"https:\/\/kapitalis.com\/tunisie\/?s={search_term_string}"},"query-input":{"@type":"PropertyValueSpecification","valueRequired":true,"valueName":"search_term_string"}}],"inLanguage":"fr-FR"},{"@type":"Organization","@id":"https:\/\/kapitalis.com\/tunisie\/#organization","name":"Kapitalis","url":"https:\/\/kapitalis.com\/tunisie\/","logo":{"@type":"ImageObject","inLanguage":"fr-FR","@id":"https:\/\/kapitalis.com\/tunisie\/#\/schema\/logo\/image\/","url":"https:\/\/kapitalis.com\/tunisie\/wp-content\/uploads\/2022\/05\/Kapitalis-big-size.png","contentUrl":"https:\/\/kapitalis.com\/tunisie\/wp-content\/uploads\/2022\/05\/Kapitalis-big-size.png","width":5000,"height":1500,"caption":"Kapitalis"},"image":{"@id":"https:\/\/kapitalis.com\/tunisie\/#\/schema\/logo\/image\/"},"sameAs":["https:\/\/www.facebook.com\/KapitalisInfo\/","https:\/\/x.com\/KapitalisInfo","https:\/\/www.youtube.com\/channel\/UC-yDYrHyfFBWWZaOw3FPg9Q"]},{"@type":"Person","@id":"https:\/\/kapitalis.com\/tunisie\/#\/schema\/person\/74bbde0154d49d790a92aaeac5bc01d5","name":"Yusra NY","url":"https:\/\/kapitalis.com\/tunisie\/author\/yuza_adam\/"}]}},"_links":{"self":[{"href":"https:\/\/kapitalis.com\/tunisie\/wp-json\/wp\/v2\/posts\/34888","targetHints":{"allow":["GET"]}}],"collection":[{"href":"https:\/\/kapitalis.com\/tunisie\/wp-json\/wp\/v2\/posts"}],"about":[{"href":"https:\/\/kapitalis.com\/tunisie\/wp-json\/wp\/v2\/types\/post"}],"author":[{"embeddable":true,"href":"https:\/\/kapitalis.com\/tunisie\/wp-json\/wp\/v2\/users\/6"}],"replies":[{"embeddable":true,"href":"https:\/\/kapitalis.com\/tunisie\/wp-json\/wp\/v2\/comments?post=34888"}],"version-history":[{"count":0,"href":"https:\/\/kapitalis.com\/tunisie\/wp-json\/wp\/v2\/posts\/34888\/revisions"}],"wp:featuredmedia":[{"embeddable":true,"href":"https:\/\/kapitalis.com\/tunisie\/wp-json\/wp\/v2\/media\/34891"}],"wp:attachment":[{"href":"https:\/\/kapitalis.com\/tunisie\/wp-json\/wp\/v2\/media?parent=34888"}],"wp:term":[{"taxonomy":"category","embeddable":true,"href":"https:\/\/kapitalis.com\/tunisie\/wp-json\/wp\/v2\/categories?post=34888"},{"taxonomy":"post_tag","embeddable":true,"href":"https:\/\/kapitalis.com\/tunisie\/wp-json\/wp\/v2\/tags?post=34888"}],"curies":[{"name":"wp","href":"https:\/\/api.w.org\/{rel}","templated":true}]}}