{"id":348970,"date":"2021-05-15T17:04:32","date_gmt":"2021-05-15T16:04:32","guid":{"rendered":"http:\/\/kapitalis.com\/tunisie\/?p=348970"},"modified":"2021-05-15T19:25:33","modified_gmt":"2021-05-15T18:25:33","slug":"tunisie-oumeima-ben-rejeb-jeune-institutrice-emportee-par-le-coronavirus","status":"publish","type":"post","link":"https:\/\/kapitalis.com\/tunisie\/2021\/05\/15\/tunisie-oumeima-ben-rejeb-jeune-institutrice-emportee-par-le-coronavirus\/","title":{"rendered":"Tunisie : Oumeima Ben Rejeb, jeune institutrice, emport\u00e9e par le coronavirus"},"content":{"rendered":"\n<div class=\"wp-block-image\"><figure class=\"aligncenter size-large\"><img decoding=\"async\" src=\"http:\/\/kapitalis.com\/tunisie\/wp-content\/uploads\/2021\/05\/Oumaima-Ben-Rejeb.jpg\" alt=\"\" class=\"wp-image-348972\"\/><\/figure><\/div>\n\n\n\n<p><strong><em>L&rsquo;Institut sup\u00e9rieur des \u00e9tudes appliqu\u00e9es en humanit\u00e9s de Mahdia a annonc\u00e9 ce samedi 15 mai 2021, le d\u00e9c\u00e8s de l\u2019institutrice Oumeima Ben Rejeb, qui a succomb\u00e9 au coronavirus.<\/em><\/strong><\/p>\n\n\n\n<!--more-->\n\n\n\n<p>Dans un post publi\u00e9 sur sa page Facebook l&rsquo;ISEAH a pr\u00e9sent\u00e9 ses condol\u00e9ances les plus attrist\u00e9es \u00e0 la famille de la victime, originaire de Monastir, dipl\u00f4m\u00e9e dudit institut et qui venait de commencer sa carri\u00e8re professionnelle cette ann\u00e9e, apr\u00e8s avoir d\u00e9croch\u00e9 son dipl\u00f4me en 2020.<\/p>\n\n\n\n<p>Ses coll\u00e8gues ont d\u00e9plor\u00e9 le d\u00e9part d&rsquo;une jeune femme <em>\u00abpleine de r\u00eaves, une coll\u00e8gue engag\u00e9e et une institutrice passionn\u00e9e, toujours souriante et pr\u00eate \u00e0 aider\u00bb<\/em>\u2026<\/p>\n\n\n\n<p class=\"has-text-align-right\"><strong>Y. N.<\/strong><\/p>\n","protected":false},"excerpt":{"rendered":"<p>L&rsquo;Institut sup\u00e9rieur des \u00e9tudes appliqu\u00e9es en humanit\u00e9s de Mahdia a annonc\u00e9 ce samedi 15 mai 2021, le d\u00e9c\u00e8s de l\u2019institutrice Oumeima Ben Rejeb, qui a succomb\u00e9 au coronavirus.<\/p>\n","protected":false},"author":6,"featured_media":348972,"comment_status":"open","ping_status":"open","sticky":false,"template":"","format":"standard","meta":{"footnotes":""},"categories":[998,2433],"tags":[73060,78820,64263,6545,90184],"class_list":["post-348970","post","type-post","status-publish","format-standard","has-post-thumbnail","hentry","category-societe","category-tunisie","tag-coronavirus","tag-covid-2","tag-deces","tag-institutrice","tag-oumeima-ben-rejeb"],"yoast_head":"<!-- This site is optimized with the Yoast SEO plugin v26.6 - https:\/\/yoast.com\/wordpress\/plugins\/seo\/ -->\n<title>Tunisie : Oumeima Ben Rejeb, jeune institutrice, emport\u00e9e par le coronavirus - Kapitalis<\/title>\n<meta name=\"robots\" content=\"index, follow, max-snippet:-1, max-image-preview:large, max-video-preview:-1\" \/>\n<link rel=\"canonical\" href=\"https:\/\/kapitalis.com\/tunisie\/2021\/05\/15\/tunisie-oumeima-ben-rejeb-jeune-institutrice-emportee-par-le-coronavirus\/\" \/>\n<meta property=\"og:locale\" content=\"fr_FR\" \/>\n<meta property=\"og:type\" content=\"article\" \/>\n<meta property=\"og:title\" content=\"Tunisie : Oumeima Ben Rejeb, jeune institutrice, emport\u00e9e par le coronavirus - Kapitalis\" \/>\n<meta property=\"og:description\" content=\"L&rsquo;Institut sup\u00e9rieur des \u00e9tudes appliqu\u00e9es en humanit\u00e9s de Mahdia a annonc\u00e9 ce samedi 15 mai 2021, le d\u00e9c\u00e8s de l\u2019institutrice Oumeima Ben Rejeb, qui a succomb\u00e9 au coronavirus.\" \/>\n<meta property=\"og:url\" content=\"https:\/\/kapitalis.com\/tunisie\/2021\/05\/15\/tunisie-oumeima-ben-rejeb-jeune-institutrice-emportee-par-le-coronavirus\/\" \/>\n<meta property=\"og:site_name\" content=\"Kapitalis\" \/>\n<meta property=\"article:publisher\" content=\"https:\/\/www.facebook.com\/KapitalisInfo\/\" \/>\n<meta property=\"article:published_time\" content=\"2021-05-15T16:04:32+00:00\" \/>\n<meta property=\"article:modified_time\" content=\"2021-05-15T18:25:33+00:00\" \/>\n<meta property=\"og:image\" content=\"https:\/\/kapitalis.com\/tunisie\/wp-content\/uploads\/2022\/05\/kapitalis-logo-fb.png\" \/>\n\t<meta property=\"og:image:width\" content=\"1200\" \/>\n\t<meta property=\"og:image:height\" content=\"630\" \/>\n\t<meta property=\"og:image:type\" content=\"image\/png\" \/>\n<meta name=\"author\" content=\"Yusra NY\" \/>\n<meta name=\"twitter:card\" content=\"summary_large_image\" \/>\n<meta name=\"twitter:creator\" content=\"@KapitalisInfo\" \/>\n<meta name=\"twitter:site\" content=\"@KapitalisInfo\" \/>\n<meta name=\"twitter:label1\" content=\"\u00c9crit par\" \/>\n\t<meta name=\"twitter:data1\" content=\"Yusra NY\" \/>\n\t<meta name=\"twitter:label2\" content=\"Dur\u00e9e de lecture estim\u00e9e\" \/>\n\t<meta name=\"twitter:data2\" content=\"1 minute\" \/>\n<script type=\"application\/ld+json\" class=\"yoast-schema-graph\">{\"@context\":\"https:\/\/schema.org\",\"@graph\":[{\"@type\":\"Article\",\"@id\":\"https:\/\/kapitalis.com\/tunisie\/2021\/05\/15\/tunisie-oumeima-ben-rejeb-jeune-institutrice-emportee-par-le-coronavirus\/#article\",\"isPartOf\":{\"@id\":\"https:\/\/kapitalis.com\/tunisie\/2021\/05\/15\/tunisie-oumeima-ben-rejeb-jeune-institutrice-emportee-par-le-coronavirus\/\"},\"author\":{\"name\":\"Yusra NY\",\"@id\":\"https:\/\/kapitalis.com\/tunisie\/#\/schema\/person\/74bbde0154d49d790a92aaeac5bc01d5\"},\"headline\":\"Tunisie : Oumeima Ben Rejeb, jeune institutrice, emport\u00e9e par le coronavirus\",\"datePublished\":\"2021-05-15T16:04:32+00:00\",\"dateModified\":\"2021-05-15T18:25:33+00:00\",\"mainEntityOfPage\":{\"@id\":\"https:\/\/kapitalis.com\/tunisie\/2021\/05\/15\/tunisie-oumeima-ben-rejeb-jeune-institutrice-emportee-par-le-coronavirus\/\"},\"wordCount\":130,\"commentCount\":2,\"publisher\":{\"@id\":\"https:\/\/kapitalis.com\/tunisie\/#organization\"},\"image\":{\"@id\":\"https:\/\/kapitalis.com\/tunisie\/2021\/05\/15\/tunisie-oumeima-ben-rejeb-jeune-institutrice-emportee-par-le-coronavirus\/#primaryimage\"},\"thumbnailUrl\":\"\",\"keywords\":[\"Coronavirus\",\"covid\",\"d\u00e9c\u00e8s\",\"institutrice\",\"Oumeima Ben Rejeb\"],\"articleSection\":[\"SOCIETE\",\"Tunisie\"],\"inLanguage\":\"fr-FR\",\"potentialAction\":[{\"@type\":\"CommentAction\",\"name\":\"Comment\",\"target\":[\"https:\/\/kapitalis.com\/tunisie\/2021\/05\/15\/tunisie-oumeima-ben-rejeb-jeune-institutrice-emportee-par-le-coronavirus\/#respond\"]}]},{\"@type\":\"WebPage\",\"@id\":\"https:\/\/kapitalis.com\/tunisie\/2021\/05\/15\/tunisie-oumeima-ben-rejeb-jeune-institutrice-emportee-par-le-coronavirus\/\",\"url\":\"https:\/\/kapitalis.com\/tunisie\/2021\/05\/15\/tunisie-oumeima-ben-rejeb-jeune-institutrice-emportee-par-le-coronavirus\/\",\"name\":\"Tunisie : Oumeima Ben Rejeb, jeune institutrice, emport\u00e9e par le coronavirus - Kapitalis\",\"isPartOf\":{\"@id\":\"https:\/\/kapitalis.com\/tunisie\/#website\"},\"primaryImageOfPage\":{\"@id\":\"https:\/\/kapitalis.com\/tunisie\/2021\/05\/15\/tunisie-oumeima-ben-rejeb-jeune-institutrice-emportee-par-le-coronavirus\/#primaryimage\"},\"image\":{\"@id\":\"https:\/\/kapitalis.com\/tunisie\/2021\/05\/15\/tunisie-oumeima-ben-rejeb-jeune-institutrice-emportee-par-le-coronavirus\/#primaryimage\"},\"thumbnailUrl\":\"\",\"datePublished\":\"2021-05-15T16:04:32+00:00\",\"dateModified\":\"2021-05-15T18:25:33+00:00\",\"breadcrumb\":{\"@id\":\"https:\/\/kapitalis.com\/tunisie\/2021\/05\/15\/tunisie-oumeima-ben-rejeb-jeune-institutrice-emportee-par-le-coronavirus\/#breadcrumb\"},\"inLanguage\":\"fr-FR\",\"potentialAction\":[{\"@type\":\"ReadAction\",\"target\":[\"https:\/\/kapitalis.com\/tunisie\/2021\/05\/15\/tunisie-oumeima-ben-rejeb-jeune-institutrice-emportee-par-le-coronavirus\/\"]}]},{\"@type\":\"ImageObject\",\"inLanguage\":\"fr-FR\",\"@id\":\"https:\/\/kapitalis.com\/tunisie\/2021\/05\/15\/tunisie-oumeima-ben-rejeb-jeune-institutrice-emportee-par-le-coronavirus\/#primaryimage\",\"url\":\"\",\"contentUrl\":\"\"},{\"@type\":\"BreadcrumbList\",\"@id\":\"https:\/\/kapitalis.com\/tunisie\/2021\/05\/15\/tunisie-oumeima-ben-rejeb-jeune-institutrice-emportee-par-le-coronavirus\/#breadcrumb\",\"itemListElement\":[{\"@type\":\"ListItem\",\"position\":1,\"name\":\"Accueil\",\"item\":\"https:\/\/kapitalis.com\/tunisie\/\"},{\"@type\":\"ListItem\",\"position\":2,\"name\":\"Tunisie : Oumeima Ben Rejeb, jeune institutrice, emport\u00e9e par le coronavirus\"}]},{\"@type\":\"WebSite\",\"@id\":\"https:\/\/kapitalis.com\/tunisie\/#website\",\"url\":\"https:\/\/kapitalis.com\/tunisie\/\",\"name\":\"Kapitalis\",\"description\":\"L&#039;actualit\u00e9 en Tunisie et dans le monde\",\"publisher\":{\"@id\":\"https:\/\/kapitalis.com\/tunisie\/#organization\"},\"potentialAction\":[{\"@type\":\"SearchAction\",\"target\":{\"@type\":\"EntryPoint\",\"urlTemplate\":\"https:\/\/kapitalis.com\/tunisie\/?s={search_term_string}\"},\"query-input\":{\"@type\":\"PropertyValueSpecification\",\"valueRequired\":true,\"valueName\":\"search_term_string\"}}],\"inLanguage\":\"fr-FR\"},{\"@type\":\"Organization\",\"@id\":\"https:\/\/kapitalis.com\/tunisie\/#organization\",\"name\":\"Kapitalis\",\"url\":\"https:\/\/kapitalis.com\/tunisie\/\",\"logo\":{\"@type\":\"ImageObject\",\"inLanguage\":\"fr-FR\",\"@id\":\"https:\/\/kapitalis.com\/tunisie\/#\/schema\/logo\/image\/\",\"url\":\"https:\/\/kapitalis.com\/tunisie\/wp-content\/uploads\/2022\/05\/Kapitalis-big-size.png\",\"contentUrl\":\"https:\/\/kapitalis.com\/tunisie\/wp-content\/uploads\/2022\/05\/Kapitalis-big-size.png\",\"width\":5000,\"height\":1500,\"caption\":\"Kapitalis\"},\"image\":{\"@id\":\"https:\/\/kapitalis.com\/tunisie\/#\/schema\/logo\/image\/\"},\"sameAs\":[\"https:\/\/www.facebook.com\/KapitalisInfo\/\",\"https:\/\/x.com\/KapitalisInfo\",\"https:\/\/www.youtube.com\/channel\/UC-yDYrHyfFBWWZaOw3FPg9Q\"]},{\"@type\":\"Person\",\"@id\":\"https:\/\/kapitalis.com\/tunisie\/#\/schema\/person\/74bbde0154d49d790a92aaeac5bc01d5\",\"name\":\"Yusra NY\",\"url\":\"https:\/\/kapitalis.com\/tunisie\/author\/yuza_adam\/\"}]}<\/script>\n<!-- \/ Yoast SEO plugin. -->","yoast_head_json":{"title":"Tunisie : Oumeima Ben Rejeb, jeune institutrice, emport\u00e9e par le coronavirus - Kapitalis","robots":{"index":"index","follow":"follow","max-snippet":"max-snippet:-1","max-image-preview":"max-image-preview:large","max-video-preview":"max-video-preview:-1"},"canonical":"https:\/\/kapitalis.com\/tunisie\/2021\/05\/15\/tunisie-oumeima-ben-rejeb-jeune-institutrice-emportee-par-le-coronavirus\/","og_locale":"fr_FR","og_type":"article","og_title":"Tunisie : Oumeima Ben Rejeb, jeune institutrice, emport\u00e9e par le coronavirus - Kapitalis","og_description":"L&rsquo;Institut sup\u00e9rieur des \u00e9tudes appliqu\u00e9es en humanit\u00e9s de Mahdia a annonc\u00e9 ce samedi 15 mai 2021, le d\u00e9c\u00e8s de l\u2019institutrice Oumeima Ben Rejeb, qui a succomb\u00e9 au coronavirus.","og_url":"https:\/\/kapitalis.com\/tunisie\/2021\/05\/15\/tunisie-oumeima-ben-rejeb-jeune-institutrice-emportee-par-le-coronavirus\/","og_site_name":"Kapitalis","article_publisher":"https:\/\/www.facebook.com\/KapitalisInfo\/","article_published_time":"2021-05-15T16:04:32+00:00","article_modified_time":"2021-05-15T18:25:33+00:00","og_image":[{"width":1200,"height":630,"url":"https:\/\/kapitalis.com\/tunisie\/wp-content\/uploads\/2022\/05\/kapitalis-logo-fb.png","type":"image\/png"}],"author":"Yusra NY","twitter_card":"summary_large_image","twitter_creator":"@KapitalisInfo","twitter_site":"@KapitalisInfo","twitter_misc":{"\u00c9crit par":"Yusra NY","Dur\u00e9e de lecture estim\u00e9e":"1 minute"},"schema":{"@context":"https:\/\/schema.org","@graph":[{"@type":"Article","@id":"https:\/\/kapitalis.com\/tunisie\/2021\/05\/15\/tunisie-oumeima-ben-rejeb-jeune-institutrice-emportee-par-le-coronavirus\/#article","isPartOf":{"@id":"https:\/\/kapitalis.com\/tunisie\/2021\/05\/15\/tunisie-oumeima-ben-rejeb-jeune-institutrice-emportee-par-le-coronavirus\/"},"author":{"name":"Yusra NY","@id":"https:\/\/kapitalis.com\/tunisie\/#\/schema\/person\/74bbde0154d49d790a92aaeac5bc01d5"},"headline":"Tunisie : Oumeima Ben Rejeb, jeune institutrice, emport\u00e9e par le coronavirus","datePublished":"2021-05-15T16:04:32+00:00","dateModified":"2021-05-15T18:25:33+00:00","mainEntityOfPage":{"@id":"https:\/\/kapitalis.com\/tunisie\/2021\/05\/15\/tunisie-oumeima-ben-rejeb-jeune-institutrice-emportee-par-le-coronavirus\/"},"wordCount":130,"commentCount":2,"publisher":{"@id":"https:\/\/kapitalis.com\/tunisie\/#organization"},"image":{"@id":"https:\/\/kapitalis.com\/tunisie\/2021\/05\/15\/tunisie-oumeima-ben-rejeb-jeune-institutrice-emportee-par-le-coronavirus\/#primaryimage"},"thumbnailUrl":"","keywords":["Coronavirus","covid","d\u00e9c\u00e8s","institutrice","Oumeima Ben Rejeb"],"articleSection":["SOCIETE","Tunisie"],"inLanguage":"fr-FR","potentialAction":[{"@type":"CommentAction","name":"Comment","target":["https:\/\/kapitalis.com\/tunisie\/2021\/05\/15\/tunisie-oumeima-ben-rejeb-jeune-institutrice-emportee-par-le-coronavirus\/#respond"]}]},{"@type":"WebPage","@id":"https:\/\/kapitalis.com\/tunisie\/2021\/05\/15\/tunisie-oumeima-ben-rejeb-jeune-institutrice-emportee-par-le-coronavirus\/","url":"https:\/\/kapitalis.com\/tunisie\/2021\/05\/15\/tunisie-oumeima-ben-rejeb-jeune-institutrice-emportee-par-le-coronavirus\/","name":"Tunisie : Oumeima Ben Rejeb, jeune institutrice, emport\u00e9e par le coronavirus - Kapitalis","isPartOf":{"@id":"https:\/\/kapitalis.com\/tunisie\/#website"},"primaryImageOfPage":{"@id":"https:\/\/kapitalis.com\/tunisie\/2021\/05\/15\/tunisie-oumeima-ben-rejeb-jeune-institutrice-emportee-par-le-coronavirus\/#primaryimage"},"image":{"@id":"https:\/\/kapitalis.com\/tunisie\/2021\/05\/15\/tunisie-oumeima-ben-rejeb-jeune-institutrice-emportee-par-le-coronavirus\/#primaryimage"},"thumbnailUrl":"","datePublished":"2021-05-15T16:04:32+00:00","dateModified":"2021-05-15T18:25:33+00:00","breadcrumb":{"@id":"https:\/\/kapitalis.com\/tunisie\/2021\/05\/15\/tunisie-oumeima-ben-rejeb-jeune-institutrice-emportee-par-le-coronavirus\/#breadcrumb"},"inLanguage":"fr-FR","potentialAction":[{"@type":"ReadAction","target":["https:\/\/kapitalis.com\/tunisie\/2021\/05\/15\/tunisie-oumeima-ben-rejeb-jeune-institutrice-emportee-par-le-coronavirus\/"]}]},{"@type":"ImageObject","inLanguage":"fr-FR","@id":"https:\/\/kapitalis.com\/tunisie\/2021\/05\/15\/tunisie-oumeima-ben-rejeb-jeune-institutrice-emportee-par-le-coronavirus\/#primaryimage","url":"","contentUrl":""},{"@type":"BreadcrumbList","@id":"https:\/\/kapitalis.com\/tunisie\/2021\/05\/15\/tunisie-oumeima-ben-rejeb-jeune-institutrice-emportee-par-le-coronavirus\/#breadcrumb","itemListElement":[{"@type":"ListItem","position":1,"name":"Accueil","item":"https:\/\/kapitalis.com\/tunisie\/"},{"@type":"ListItem","position":2,"name":"Tunisie : Oumeima Ben Rejeb, jeune institutrice, emport\u00e9e par le coronavirus"}]},{"@type":"WebSite","@id":"https:\/\/kapitalis.com\/tunisie\/#website","url":"https:\/\/kapitalis.com\/tunisie\/","name":"Kapitalis","description":"L&#039;actualit\u00e9 en Tunisie et dans le monde","publisher":{"@id":"https:\/\/kapitalis.com\/tunisie\/#organization"},"potentialAction":[{"@type":"SearchAction","target":{"@type":"EntryPoint","urlTemplate":"https:\/\/kapitalis.com\/tunisie\/?s={search_term_string}"},"query-input":{"@type":"PropertyValueSpecification","valueRequired":true,"valueName":"search_term_string"}}],"inLanguage":"fr-FR"},{"@type":"Organization","@id":"https:\/\/kapitalis.com\/tunisie\/#organization","name":"Kapitalis","url":"https:\/\/kapitalis.com\/tunisie\/","logo":{"@type":"ImageObject","inLanguage":"fr-FR","@id":"https:\/\/kapitalis.com\/tunisie\/#\/schema\/logo\/image\/","url":"https:\/\/kapitalis.com\/tunisie\/wp-content\/uploads\/2022\/05\/Kapitalis-big-size.png","contentUrl":"https:\/\/kapitalis.com\/tunisie\/wp-content\/uploads\/2022\/05\/Kapitalis-big-size.png","width":5000,"height":1500,"caption":"Kapitalis"},"image":{"@id":"https:\/\/kapitalis.com\/tunisie\/#\/schema\/logo\/image\/"},"sameAs":["https:\/\/www.facebook.com\/KapitalisInfo\/","https:\/\/x.com\/KapitalisInfo","https:\/\/www.youtube.com\/channel\/UC-yDYrHyfFBWWZaOw3FPg9Q"]},{"@type":"Person","@id":"https:\/\/kapitalis.com\/tunisie\/#\/schema\/person\/74bbde0154d49d790a92aaeac5bc01d5","name":"Yusra NY","url":"https:\/\/kapitalis.com\/tunisie\/author\/yuza_adam\/"}]}},"_links":{"self":[{"href":"https:\/\/kapitalis.com\/tunisie\/wp-json\/wp\/v2\/posts\/348970","targetHints":{"allow":["GET"]}}],"collection":[{"href":"https:\/\/kapitalis.com\/tunisie\/wp-json\/wp\/v2\/posts"}],"about":[{"href":"https:\/\/kapitalis.com\/tunisie\/wp-json\/wp\/v2\/types\/post"}],"author":[{"embeddable":true,"href":"https:\/\/kapitalis.com\/tunisie\/wp-json\/wp\/v2\/users\/6"}],"replies":[{"embeddable":true,"href":"https:\/\/kapitalis.com\/tunisie\/wp-json\/wp\/v2\/comments?post=348970"}],"version-history":[{"count":0,"href":"https:\/\/kapitalis.com\/tunisie\/wp-json\/wp\/v2\/posts\/348970\/revisions"}],"wp:featuredmedia":[{"embeddable":true,"href":"https:\/\/kapitalis.com\/tunisie\/wp-json\/wp\/v2\/media\/348972"}],"wp:attachment":[{"href":"https:\/\/kapitalis.com\/tunisie\/wp-json\/wp\/v2\/media?parent=348970"}],"wp:term":[{"taxonomy":"category","embeddable":true,"href":"https:\/\/kapitalis.com\/tunisie\/wp-json\/wp\/v2\/categories?post=348970"},{"taxonomy":"post_tag","embeddable":true,"href":"https:\/\/kapitalis.com\/tunisie\/wp-json\/wp\/v2\/tags?post=348970"}],"curies":[{"name":"wp","href":"https:\/\/api.w.org\/{rel}","templated":true}]}}