{"id":349041,"date":"2021-05-17T08:47:26","date_gmt":"2021-05-17T07:47:26","guid":{"rendered":"http:\/\/kapitalis.com\/tunisie\/?p=349041"},"modified":"2021-05-17T08:47:32","modified_gmt":"2021-05-17T07:47:32","slug":"petition-des-intellectuels-et-des-artistes-deplorent-limpunite-dont-jouit-israel","status":"publish","type":"post","link":"https:\/\/kapitalis.com\/tunisie\/2021\/05\/17\/petition-des-intellectuels-et-des-artistes-deplorent-limpunite-dont-jouit-israel\/","title":{"rendered":"P\u00e9tition : Des intellectuels et des artistes d\u00e9plorent l\u2019impunit\u00e9 dont jouit Isra\u00ebl"},"content":{"rendered":"\n<div class=\"wp-block-image\"><figure class=\"aligncenter size-large\"><img decoding=\"async\" src=\"http:\/\/kapitalis.com\/tunisie\/wp-content\/uploads\/2021\/05\/Agression-israelienne-contre-Gaza-2021.jpg\" alt=\"\" class=\"wp-image-349042\"\/><figcaption><em>Les bombes isra\u00e9liennes d\u00e9vers\u00e9es sur Gaza tuent des civils et d\u00e9truisent des immeubles entiers. <\/em><\/figcaption><\/figure><\/div>\n\n\n\n<p><strong><em>Nous reproduisons ci-dessous la p\u00e9tition sign\u00e9e par un grand nombre d\u2019hommes et de femmes des lettres, des arts, des sciences, de la culture et des m\u00e9dias, d\u00e9non\u00e7ant l\u2019agression militaire isra\u00e9lienne \u00e0 Gaza et appelant la communaut\u00e9 internationale \u00e0 assumer ses responsabilit\u00e9s dans la protection du peuple palestinien.<\/em><\/strong><\/p>\n\n\n\n<!--more-->\n\n\n\n<p>Suite \u00e0 la nouvelle agression isra\u00e9lienne dont les populations palestiniennes de Gaza et de J\u00e9rusalem-Est sont les victimes depuis le 10 mai 2021 ;<\/p>\n\n\n\n<p>Nous, hommes et femmes des lettres, des arts, des sciences, de la culture et des m\u00e9dias, signataires de la pr\u00e9sente p\u00e9tition<\/p>\n\n\n\n<p>1- Constatons avec consternation, que l\u2019\u00c9tat d\u2019Isra\u00ebl use, encore une fois, sous couvert de l\u00e9gitime d\u00e9fense, des armes et d\u2019une force brutale, injustifi\u00e9e et disproportionn\u00e9e en m\u00e9connaissance des r\u00e8gles les plus \u00e9l\u00e9mentaires du droit international humanitaire et des droits de l\u2019homme;<\/p>\n\n\n\n<p>2- Condamnons fermement les actes de destruction d\u00e9lib\u00e9r\u00e9e et syst\u00e9matique des biens civils, des habitations, des \u00e9quipements collectifs et installations publiques causant des centaines de bless\u00e9s, plus d\u2019une centaine de morts parmi lesquels des enfants et des femmes;<\/p>\n\n\n\n<p>3- Consid\u00e9rons que ces actes perp\u00e9tr\u00e9s contre les civils constituent des crimes de guerre et des crimes contre l\u2019humanit\u00e9 au sens du Statut de Rome de la Cour p\u00e9nale internationale \u00abCPI\u00bb)<\/p>\n\n\n\n<p>4- Exprimons notre profonde indignation \u00e0 l\u2019\u00e9gard de la politique isra\u00e9lienne de colonisation des territoires palestiniens occup\u00e9s, dont notamment la volont\u00e9 des autorit\u00e9s d\u2019occupation isra\u00e9liennes de d\u00e9loger de force les propri\u00e9taires palestiniens du quartier de Cheikh Jarrah \u00e0 J\u00e9rusalem-Est en vue d\u2019y implanter des colons isra\u00e9liens et ce, en m\u00e9connaissance totale des r\u00e9solutions pertinentes du Conseil de s\u00e9curit\u00e9 des Nations Unies relatives \u00e0 l\u2019ill\u00e9galit\u00e9 internationales, sp\u00e9cifiquement la R\u00e9solution 2334 (2016) selon laquelle le Conseil : <\/p>\n\n\n\n<p><em>\u00abR\u00e9affirme que la cr\u00e9ation par Isra\u00ebl de colonies de peuplement dans le Territoire palestinien occup\u00e9 depuis 1967, y compris J\u00e9rusalem-Est, n\u2019a aucun fondement en droit et constitue une violation flagrante du droit international et un obstacle majeur \u00e0 la r\u00e9alisation de la solution des deux \u00c9tats et \u00e0 l\u2019instauration d\u2019une paix globale, juste et durable; <\/em><\/p>\n\n\n\n<p><em>Exige de nouveau d\u2019Isra\u00ebl qu\u2019il arr\u00eate imm\u00e9diatement et compl\u00e8tement toutes ses activit\u00e9s de peuplement dans le Territoire palestinien occup\u00e9, y compris J\u00e9rusalem-Est, et respecte pleinement toutes les obligations juridiques qui lui incombent \u00e0 cet \u00e9gard\u00bb<\/em>;<\/p>\n\n\n\n<p>5- Rappelons que la Cour internationale de Justice (CIJ), dans son avis consultatif du 9 juillet 2004 <em>\u00abCons\u00e9quences juridiques de 1\u2019\u00e9dification d\u2019un mur dans le territoire palestinien occup\u00e9\u00bb<\/em>, a r\u00e9affirm\u00e9 que : <em>\u00ables colonies de peuplement install\u00e9es par Isra\u00ebl dans le territoire palestinien occup\u00e9 (y compris J\u00e9rusalem-Est) l&rsquo;ont \u00e9t\u00e9 en m\u00e9connaissance du droit international\u00bb<\/em> et que <em>\u00abla construction [d\u2019un mur], s\u2019ajoutant aux mesures prises ant\u00e9rieurement, dresse ainsi un obstacle grave \u00e0 l\u2019exercice par le peuple palestinien de son droit \u00e0 l&rsquo;autod\u00e9termination et viole de ce fait l&rsquo;obligation incombant \u00e0 Isra\u00ebl de respecter ce droit\u00bb;<\/em><\/p>\n\n\n\n<p>6- D\u00e9non\u00e7ons la politique s\u00e9gr\u00e9gationniste de l\u2019Etat d\u2019Isra\u00ebl \u00e0 l\u2019\u00e9gard des Palestiniens d\u2019Isra\u00ebl, rel\u00e9gu\u00e9s au statut de citoyens de seconde zone par la loi du 19 juillet 2018, Isra\u00ebl, \u00c9tat-nation du peuple juif, et subissant aujourd\u2019hui les attaques des supr\u00e9matistes isra\u00e9liens. Cette politique viole la Convention internationale sur l&rsquo;\u00e9limination de toutes les formes de discrimination raciale du 21 d\u00e9cembre 1965 et la Convention internationale sur l&rsquo;\u00e9limination et la r\u00e9pression du crime d&rsquo;apartheid du 30 novembre 1973;<\/p>\n\n\n\n<p>7- Affirmons que la politique de violation continue du droit international par la puissance occupante des territoires palestinien range l\u2019\u00c9tat d\u2019Isra\u00ebl dans la cat\u00e9gorie des <em>\u00ab\u00c9tats voyous<\/em>\u00bb et que les perspectives d\u2019une solution n\u00e9goci\u00e9e \u00e0 l\u2019\u00e9dification de deux \u00c9tats en Palestine devient de plus en plus difficile \u00e0 r\u00e9aliser;<\/p>\n\n\n\n<p>8- D\u00e9plorons l\u2019impunit\u00e9 dont jouit l\u2019\u00c9tat d\u2019Isra\u00ebl du fait du soutien inconditionnel dont il b\u00e9n\u00e9ficie de la part des administrations am\u00e9ricaines successives et de l\u2019absence de sanctions de la part de l\u2019Union europ\u00e9enne, faisant ainsi du peuple palestinien la victime innocente de cette impunit\u00e9, largement tributaire de la mauvaise conscience europ\u00e9enne provoqu\u00e9e par le g\u00e9nocide hitl\u00e9rien;<\/p>\n\n\n\n<p>9- Exprimons notre solidarit\u00e9 au peuple palestinien dans son juste combat pour l\u2019autod\u00e9termination et rendons hommage aux victimes innocentes tomb\u00e9es sous la puissance de feu de la force occupante;<\/p>\n\n\n\n<p>10- Appelons \u00e0 la cessation imm\u00e9diate et sans condition de l\u2019agression isra\u00e9lienne sur Gaza;<\/p>\n\n\n\n<p>11- Exhortons les instances internationales comp\u00e9tentes (Conseil de s\u00e9curit\u00e9, Assembl\u00e9e g\u00e9n\u00e9rale, Conseil des droits de l\u2019homme, CPI,) \u00e0 exercer leurs pr\u00e9rogatives respectives pour faire cesser l\u2019agression et prendre toutes les mesures coercitives qui s\u2019imposent.<\/p>\n\n\n\n<h4 class=\"wp-block-heading\"><em>Articles li\u00e9s: <\/em><\/h4>\n\n\n\n<p><blockquote class=\"wp-embedded-content\" data-secret=\"d0CbbDMB1e\"><a href=\"https:\/\/kapitalis.com\/tunisie\/2021\/05\/17\/un-nouvel-holocauste-a-lombre-du-conflit-israelo-palestinien\/\">Un nouvel holocauste \u00e0 l\u2019ombre du conflit isra\u00e9lo-palestinien<\/a><\/blockquote><iframe loading=\"lazy\" class=\"wp-embedded-content\" sandbox=\"allow-scripts\" security=\"restricted\" style=\"position: absolute; clip: rect(1px, 1px, 1px, 1px);\" title=\"\u00ab\u00a0Un nouvel holocauste \u00e0 l\u2019ombre du conflit isra\u00e9lo-palestinien\u00a0\u00bb &#8212; Kapitalis\" src=\"https:\/\/kapitalis.com\/tunisie\/2021\/05\/17\/un-nouvel-holocauste-a-lombre-du-conflit-israelo-palestinien\/embed\/#?secret=1XciV978tn#?secret=d0CbbDMB1e\" data-secret=\"d0CbbDMB1e\" width=\"600\" height=\"338\" frameborder=\"0\" marginwidth=\"0\" marginheight=\"0\" scrolling=\"no\"><\/iframe><\/p>\n\n\n\n<p><blockquote class=\"wp-embedded-content\" data-secret=\"11o0XZ45KF\"><a href=\"https:\/\/kapitalis.com\/tunisie\/2021\/05\/15\/palestine-73-ans-se-sont-ecoules-depuis-la-nakba-15-mai-1948-15-mai-2021\/\">Palestine : 73 ans se sont \u00e9coul\u00e9s depuis la Nakba (15 mai 1948 &#8211; 15 mai 2021)<\/a><\/blockquote><iframe loading=\"lazy\" class=\"wp-embedded-content\" sandbox=\"allow-scripts\" security=\"restricted\" style=\"position: absolute; clip: rect(1px, 1px, 1px, 1px);\" title=\"\u00ab\u00a0Palestine : 73 ans se sont \u00e9coul\u00e9s depuis la Nakba (15 mai 1948 &#8211; 15 mai 2021)\u00a0\u00bb &#8212; Kapitalis\" src=\"https:\/\/kapitalis.com\/tunisie\/2021\/05\/15\/palestine-73-ans-se-sont-ecoules-depuis-la-nakba-15-mai-1948-15-mai-2021\/embed\/#?secret=rDLwOICuRc#?secret=11o0XZ45KF\" data-secret=\"11o0XZ45KF\" width=\"600\" height=\"338\" frameborder=\"0\" marginwidth=\"0\" marginheight=\"0\" scrolling=\"no\"><\/iframe><\/p>\n\n\n\n<p><blockquote class=\"wp-embedded-content\" data-secret=\"jYh2gdQs7y\"><a href=\"https:\/\/kapitalis.com\/tunisie\/2021\/05\/15\/les-etats-unis-doivent-cesser-de-faire-lapologie-du-gouvernement-netanyahu\/\">Les \u00c9tats-Unis doivent cesser de faire l\u2019apologie du gouvernement Netanyahu<\/a><\/blockquote><iframe loading=\"lazy\" class=\"wp-embedded-content\" sandbox=\"allow-scripts\" security=\"restricted\" style=\"position: absolute; clip: rect(1px, 1px, 1px, 1px);\" title=\"\u00ab\u00a0Les \u00c9tats-Unis doivent cesser de faire l\u2019apologie du gouvernement Netanyahu\u00a0\u00bb &#8212; Kapitalis\" src=\"https:\/\/kapitalis.com\/tunisie\/2021\/05\/15\/les-etats-unis-doivent-cesser-de-faire-lapologie-du-gouvernement-netanyahu\/embed\/#?secret=ooYIOYLeSu#?secret=jYh2gdQs7y\" data-secret=\"jYh2gdQs7y\" width=\"600\" height=\"338\" frameborder=\"0\" marginwidth=\"0\" marginheight=\"0\" scrolling=\"no\"><\/iframe><\/p>\n","protected":false},"excerpt":{"rendered":"<p>Nous reproduisons ci-dessous la p\u00e9tition sign\u00e9e par un grand nombre d\u2019hommes et de femmes des lettres, des arts, des sciences, de la culture et des m\u00e9dias, d\u00e9non\u00e7ant l\u2019agression militaire isra\u00e9lienne \u00e0 Gaza et appelant la communaut\u00e9 internationale \u00e0 assumer ses responsabilit\u00e9s dans la protection du peuple palestinien.<\/p>\n","protected":false},"author":8,"featured_media":349042,"comment_status":"open","ping_status":"open","sticky":false,"template":"","format":"standard","meta":{"footnotes":""},"categories":[997,1000,2433],"tags":[83516,90170,90201,90202,90200,2444,90204,87425,90203],"class_list":["post-349041","post","type-post","status-publish","format-standard","has-post-thumbnail","hentry","category-politique","category-tribune","category-tunisie","tag-armee-israelienne","tag-cheikh-jarrah","tag-cour-penale-internationale","tag-crimes-de-guerre","tag-etat-disrael-2","tag-gaza","tag-jerusalem-est","tag-populations-palestiniennes","tag-territoires-palestiniens-occupes"],"yoast_head":"<!-- This site is optimized with the Yoast SEO plugin v26.6 - https:\/\/yoast.com\/wordpress\/plugins\/seo\/ -->\n<title>P\u00e9tition : Des intellectuels et des artistes d\u00e9plorent l\u2019impunit\u00e9 dont jouit Isra\u00ebl - Kapitalis<\/title>\n<meta name=\"robots\" content=\"index, follow, max-snippet:-1, max-image-preview:large, max-video-preview:-1\" \/>\n<link rel=\"canonical\" href=\"https:\/\/kapitalis.com\/tunisie\/2021\/05\/17\/petition-des-intellectuels-et-des-artistes-deplorent-limpunite-dont-jouit-israel\/\" \/>\n<meta property=\"og:locale\" content=\"fr_FR\" \/>\n<meta property=\"og:type\" content=\"article\" \/>\n<meta property=\"og:title\" content=\"P\u00e9tition : Des intellectuels et des artistes d\u00e9plorent l\u2019impunit\u00e9 dont jouit Isra\u00ebl - Kapitalis\" \/>\n<meta property=\"og:description\" content=\"Nous reproduisons ci-dessous la p\u00e9tition sign\u00e9e par un grand nombre d\u2019hommes et de femmes des lettres, des arts, des sciences, de la culture et des m\u00e9dias, d\u00e9non\u00e7ant l\u2019agression militaire isra\u00e9lienne \u00e0 Gaza et appelant la communaut\u00e9 internationale \u00e0 assumer ses responsabilit\u00e9s dans la protection du peuple palestinien.\" \/>\n<meta property=\"og:url\" content=\"https:\/\/kapitalis.com\/tunisie\/2021\/05\/17\/petition-des-intellectuels-et-des-artistes-deplorent-limpunite-dont-jouit-israel\/\" \/>\n<meta property=\"og:site_name\" content=\"Kapitalis\" \/>\n<meta property=\"article:publisher\" content=\"https:\/\/www.facebook.com\/KapitalisInfo\/\" \/>\n<meta property=\"article:published_time\" content=\"2021-05-17T07:47:26+00:00\" \/>\n<meta property=\"article:modified_time\" content=\"2021-05-17T07:47:32+00:00\" \/>\n<meta property=\"og:image\" content=\"https:\/\/kapitalis.com\/tunisie\/wp-content\/uploads\/2022\/05\/kapitalis-logo-fb.png\" \/>\n\t<meta property=\"og:image:width\" content=\"1200\" \/>\n\t<meta property=\"og:image:height\" content=\"630\" \/>\n\t<meta property=\"og:image:type\" content=\"image\/png\" \/>\n<meta name=\"author\" content=\"webmaster kapitalis\" \/>\n<meta name=\"twitter:card\" content=\"summary_large_image\" \/>\n<meta name=\"twitter:creator\" content=\"@KapitalisInfo\" \/>\n<meta name=\"twitter:site\" content=\"@KapitalisInfo\" \/>\n<meta name=\"twitter:label1\" content=\"\u00c9crit par\" \/>\n\t<meta name=\"twitter:data1\" content=\"webmaster kapitalis\" \/>\n\t<meta name=\"twitter:label2\" content=\"Dur\u00e9e de lecture estim\u00e9e\" \/>\n\t<meta name=\"twitter:data2\" content=\"4 minutes\" \/>\n<script type=\"application\/ld+json\" class=\"yoast-schema-graph\">{\"@context\":\"https:\/\/schema.org\",\"@graph\":[{\"@type\":\"Article\",\"@id\":\"https:\/\/kapitalis.com\/tunisie\/2021\/05\/17\/petition-des-intellectuels-et-des-artistes-deplorent-limpunite-dont-jouit-israel\/#article\",\"isPartOf\":{\"@id\":\"https:\/\/kapitalis.com\/tunisie\/2021\/05\/17\/petition-des-intellectuels-et-des-artistes-deplorent-limpunite-dont-jouit-israel\/\"},\"author\":{\"name\":\"webmaster kapitalis\",\"@id\":\"https:\/\/kapitalis.com\/tunisie\/#\/schema\/person\/d71f33a9ca44f7bad4698210b480c8e9\"},\"headline\":\"P\u00e9tition : Des intellectuels et des artistes d\u00e9plorent l\u2019impunit\u00e9 dont jouit Isra\u00ebl\",\"datePublished\":\"2021-05-17T07:47:26+00:00\",\"dateModified\":\"2021-05-17T07:47:32+00:00\",\"mainEntityOfPage\":{\"@id\":\"https:\/\/kapitalis.com\/tunisie\/2021\/05\/17\/petition-des-intellectuels-et-des-artistes-deplorent-limpunite-dont-jouit-israel\/\"},\"wordCount\":884,\"commentCount\":4,\"publisher\":{\"@id\":\"https:\/\/kapitalis.com\/tunisie\/#organization\"},\"image\":{\"@id\":\"https:\/\/kapitalis.com\/tunisie\/2021\/05\/17\/petition-des-intellectuels-et-des-artistes-deplorent-limpunite-dont-jouit-israel\/#primaryimage\"},\"thumbnailUrl\":\"\",\"keywords\":[\"arm\u00e9e isra\u00e9lienne\",\"Cheikh Jarrah\",\"Cour p\u00e9nale internationale\",\"crimes de guerre\",\"\u00c9tat d\u2019Isra\u00ebl\",\"Gaza\",\"J\u00e9rusalem-Est\",\"populations palestiniennes\",\"territoires palestiniens occup\u00e9s\"],\"articleSection\":[\"POLITIQUE\",\"TRIBUNE\",\"Tunisie\"],\"inLanguage\":\"fr-FR\",\"potentialAction\":[{\"@type\":\"CommentAction\",\"name\":\"Comment\",\"target\":[\"https:\/\/kapitalis.com\/tunisie\/2021\/05\/17\/petition-des-intellectuels-et-des-artistes-deplorent-limpunite-dont-jouit-israel\/#respond\"]}]},{\"@type\":\"WebPage\",\"@id\":\"https:\/\/kapitalis.com\/tunisie\/2021\/05\/17\/petition-des-intellectuels-et-des-artistes-deplorent-limpunite-dont-jouit-israel\/\",\"url\":\"https:\/\/kapitalis.com\/tunisie\/2021\/05\/17\/petition-des-intellectuels-et-des-artistes-deplorent-limpunite-dont-jouit-israel\/\",\"name\":\"P\u00e9tition : Des intellectuels et des artistes d\u00e9plorent l\u2019impunit\u00e9 dont jouit Isra\u00ebl - Kapitalis\",\"isPartOf\":{\"@id\":\"https:\/\/kapitalis.com\/tunisie\/#website\"},\"primaryImageOfPage\":{\"@id\":\"https:\/\/kapitalis.com\/tunisie\/2021\/05\/17\/petition-des-intellectuels-et-des-artistes-deplorent-limpunite-dont-jouit-israel\/#primaryimage\"},\"image\":{\"@id\":\"https:\/\/kapitalis.com\/tunisie\/2021\/05\/17\/petition-des-intellectuels-et-des-artistes-deplorent-limpunite-dont-jouit-israel\/#primaryimage\"},\"thumbnailUrl\":\"\",\"datePublished\":\"2021-05-17T07:47:26+00:00\",\"dateModified\":\"2021-05-17T07:47:32+00:00\",\"breadcrumb\":{\"@id\":\"https:\/\/kapitalis.com\/tunisie\/2021\/05\/17\/petition-des-intellectuels-et-des-artistes-deplorent-limpunite-dont-jouit-israel\/#breadcrumb\"},\"inLanguage\":\"fr-FR\",\"potentialAction\":[{\"@type\":\"ReadAction\",\"target\":[\"https:\/\/kapitalis.com\/tunisie\/2021\/05\/17\/petition-des-intellectuels-et-des-artistes-deplorent-limpunite-dont-jouit-israel\/\"]}]},{\"@type\":\"ImageObject\",\"inLanguage\":\"fr-FR\",\"@id\":\"https:\/\/kapitalis.com\/tunisie\/2021\/05\/17\/petition-des-intellectuels-et-des-artistes-deplorent-limpunite-dont-jouit-israel\/#primaryimage\",\"url\":\"\",\"contentUrl\":\"\"},{\"@type\":\"BreadcrumbList\",\"@id\":\"https:\/\/kapitalis.com\/tunisie\/2021\/05\/17\/petition-des-intellectuels-et-des-artistes-deplorent-limpunite-dont-jouit-israel\/#breadcrumb\",\"itemListElement\":[{\"@type\":\"ListItem\",\"position\":1,\"name\":\"Accueil\",\"item\":\"https:\/\/kapitalis.com\/tunisie\/\"},{\"@type\":\"ListItem\",\"position\":2,\"name\":\"P\u00e9tition : Des intellectuels et des artistes d\u00e9plorent l\u2019impunit\u00e9 dont jouit Isra\u00ebl\"}]},{\"@type\":\"WebSite\",\"@id\":\"https:\/\/kapitalis.com\/tunisie\/#website\",\"url\":\"https:\/\/kapitalis.com\/tunisie\/\",\"name\":\"Kapitalis\",\"description\":\"L&#039;actualit\u00e9 en Tunisie et dans le monde\",\"publisher\":{\"@id\":\"https:\/\/kapitalis.com\/tunisie\/#organization\"},\"potentialAction\":[{\"@type\":\"SearchAction\",\"target\":{\"@type\":\"EntryPoint\",\"urlTemplate\":\"https:\/\/kapitalis.com\/tunisie\/?s={search_term_string}\"},\"query-input\":{\"@type\":\"PropertyValueSpecification\",\"valueRequired\":true,\"valueName\":\"search_term_string\"}}],\"inLanguage\":\"fr-FR\"},{\"@type\":\"Organization\",\"@id\":\"https:\/\/kapitalis.com\/tunisie\/#organization\",\"name\":\"Kapitalis\",\"url\":\"https:\/\/kapitalis.com\/tunisie\/\",\"logo\":{\"@type\":\"ImageObject\",\"inLanguage\":\"fr-FR\",\"@id\":\"https:\/\/kapitalis.com\/tunisie\/#\/schema\/logo\/image\/\",\"url\":\"https:\/\/kapitalis.com\/tunisie\/wp-content\/uploads\/2022\/05\/Kapitalis-big-size.png\",\"contentUrl\":\"https:\/\/kapitalis.com\/tunisie\/wp-content\/uploads\/2022\/05\/Kapitalis-big-size.png\",\"width\":5000,\"height\":1500,\"caption\":\"Kapitalis\"},\"image\":{\"@id\":\"https:\/\/kapitalis.com\/tunisie\/#\/schema\/logo\/image\/\"},\"sameAs\":[\"https:\/\/www.facebook.com\/KapitalisInfo\/\",\"https:\/\/x.com\/KapitalisInfo\",\"https:\/\/www.youtube.com\/channel\/UC-yDYrHyfFBWWZaOw3FPg9Q\"]},{\"@type\":\"Person\",\"@id\":\"https:\/\/kapitalis.com\/tunisie\/#\/schema\/person\/d71f33a9ca44f7bad4698210b480c8e9\",\"name\":\"webmaster kapitalis\",\"url\":\"https:\/\/kapitalis.com\/tunisie\/author\/webmaster-kapitalis\/\"}]}<\/script>\n<!-- \/ Yoast SEO plugin. -->","yoast_head_json":{"title":"P\u00e9tition : Des intellectuels et des artistes d\u00e9plorent l\u2019impunit\u00e9 dont jouit Isra\u00ebl - Kapitalis","robots":{"index":"index","follow":"follow","max-snippet":"max-snippet:-1","max-image-preview":"max-image-preview:large","max-video-preview":"max-video-preview:-1"},"canonical":"https:\/\/kapitalis.com\/tunisie\/2021\/05\/17\/petition-des-intellectuels-et-des-artistes-deplorent-limpunite-dont-jouit-israel\/","og_locale":"fr_FR","og_type":"article","og_title":"P\u00e9tition : Des intellectuels et des artistes d\u00e9plorent l\u2019impunit\u00e9 dont jouit Isra\u00ebl - Kapitalis","og_description":"Nous reproduisons ci-dessous la p\u00e9tition sign\u00e9e par un grand nombre d\u2019hommes et de femmes des lettres, des arts, des sciences, de la culture et des m\u00e9dias, d\u00e9non\u00e7ant l\u2019agression militaire isra\u00e9lienne \u00e0 Gaza et appelant la communaut\u00e9 internationale \u00e0 assumer ses responsabilit\u00e9s dans la protection du peuple palestinien.","og_url":"https:\/\/kapitalis.com\/tunisie\/2021\/05\/17\/petition-des-intellectuels-et-des-artistes-deplorent-limpunite-dont-jouit-israel\/","og_site_name":"Kapitalis","article_publisher":"https:\/\/www.facebook.com\/KapitalisInfo\/","article_published_time":"2021-05-17T07:47:26+00:00","article_modified_time":"2021-05-17T07:47:32+00:00","og_image":[{"width":1200,"height":630,"url":"https:\/\/kapitalis.com\/tunisie\/wp-content\/uploads\/2022\/05\/kapitalis-logo-fb.png","type":"image\/png"}],"author":"webmaster kapitalis","twitter_card":"summary_large_image","twitter_creator":"@KapitalisInfo","twitter_site":"@KapitalisInfo","twitter_misc":{"\u00c9crit par":"webmaster kapitalis","Dur\u00e9e de lecture estim\u00e9e":"4 minutes"},"schema":{"@context":"https:\/\/schema.org","@graph":[{"@type":"Article","@id":"https:\/\/kapitalis.com\/tunisie\/2021\/05\/17\/petition-des-intellectuels-et-des-artistes-deplorent-limpunite-dont-jouit-israel\/#article","isPartOf":{"@id":"https:\/\/kapitalis.com\/tunisie\/2021\/05\/17\/petition-des-intellectuels-et-des-artistes-deplorent-limpunite-dont-jouit-israel\/"},"author":{"name":"webmaster kapitalis","@id":"https:\/\/kapitalis.com\/tunisie\/#\/schema\/person\/d71f33a9ca44f7bad4698210b480c8e9"},"headline":"P\u00e9tition : Des intellectuels et des artistes d\u00e9plorent l\u2019impunit\u00e9 dont jouit Isra\u00ebl","datePublished":"2021-05-17T07:47:26+00:00","dateModified":"2021-05-17T07:47:32+00:00","mainEntityOfPage":{"@id":"https:\/\/kapitalis.com\/tunisie\/2021\/05\/17\/petition-des-intellectuels-et-des-artistes-deplorent-limpunite-dont-jouit-israel\/"},"wordCount":884,"commentCount":4,"publisher":{"@id":"https:\/\/kapitalis.com\/tunisie\/#organization"},"image":{"@id":"https:\/\/kapitalis.com\/tunisie\/2021\/05\/17\/petition-des-intellectuels-et-des-artistes-deplorent-limpunite-dont-jouit-israel\/#primaryimage"},"thumbnailUrl":"","keywords":["arm\u00e9e isra\u00e9lienne","Cheikh Jarrah","Cour p\u00e9nale internationale","crimes de guerre","\u00c9tat d\u2019Isra\u00ebl","Gaza","J\u00e9rusalem-Est","populations palestiniennes","territoires palestiniens occup\u00e9s"],"articleSection":["POLITIQUE","TRIBUNE","Tunisie"],"inLanguage":"fr-FR","potentialAction":[{"@type":"CommentAction","name":"Comment","target":["https:\/\/kapitalis.com\/tunisie\/2021\/05\/17\/petition-des-intellectuels-et-des-artistes-deplorent-limpunite-dont-jouit-israel\/#respond"]}]},{"@type":"WebPage","@id":"https:\/\/kapitalis.com\/tunisie\/2021\/05\/17\/petition-des-intellectuels-et-des-artistes-deplorent-limpunite-dont-jouit-israel\/","url":"https:\/\/kapitalis.com\/tunisie\/2021\/05\/17\/petition-des-intellectuels-et-des-artistes-deplorent-limpunite-dont-jouit-israel\/","name":"P\u00e9tition : Des intellectuels et des artistes d\u00e9plorent l\u2019impunit\u00e9 dont jouit Isra\u00ebl - Kapitalis","isPartOf":{"@id":"https:\/\/kapitalis.com\/tunisie\/#website"},"primaryImageOfPage":{"@id":"https:\/\/kapitalis.com\/tunisie\/2021\/05\/17\/petition-des-intellectuels-et-des-artistes-deplorent-limpunite-dont-jouit-israel\/#primaryimage"},"image":{"@id":"https:\/\/kapitalis.com\/tunisie\/2021\/05\/17\/petition-des-intellectuels-et-des-artistes-deplorent-limpunite-dont-jouit-israel\/#primaryimage"},"thumbnailUrl":"","datePublished":"2021-05-17T07:47:26+00:00","dateModified":"2021-05-17T07:47:32+00:00","breadcrumb":{"@id":"https:\/\/kapitalis.com\/tunisie\/2021\/05\/17\/petition-des-intellectuels-et-des-artistes-deplorent-limpunite-dont-jouit-israel\/#breadcrumb"},"inLanguage":"fr-FR","potentialAction":[{"@type":"ReadAction","target":["https:\/\/kapitalis.com\/tunisie\/2021\/05\/17\/petition-des-intellectuels-et-des-artistes-deplorent-limpunite-dont-jouit-israel\/"]}]},{"@type":"ImageObject","inLanguage":"fr-FR","@id":"https:\/\/kapitalis.com\/tunisie\/2021\/05\/17\/petition-des-intellectuels-et-des-artistes-deplorent-limpunite-dont-jouit-israel\/#primaryimage","url":"","contentUrl":""},{"@type":"BreadcrumbList","@id":"https:\/\/kapitalis.com\/tunisie\/2021\/05\/17\/petition-des-intellectuels-et-des-artistes-deplorent-limpunite-dont-jouit-israel\/#breadcrumb","itemListElement":[{"@type":"ListItem","position":1,"name":"Accueil","item":"https:\/\/kapitalis.com\/tunisie\/"},{"@type":"ListItem","position":2,"name":"P\u00e9tition : Des intellectuels et des artistes d\u00e9plorent l\u2019impunit\u00e9 dont jouit Isra\u00ebl"}]},{"@type":"WebSite","@id":"https:\/\/kapitalis.com\/tunisie\/#website","url":"https:\/\/kapitalis.com\/tunisie\/","name":"Kapitalis","description":"L&#039;actualit\u00e9 en Tunisie et dans le monde","publisher":{"@id":"https:\/\/kapitalis.com\/tunisie\/#organization"},"potentialAction":[{"@type":"SearchAction","target":{"@type":"EntryPoint","urlTemplate":"https:\/\/kapitalis.com\/tunisie\/?s={search_term_string}"},"query-input":{"@type":"PropertyValueSpecification","valueRequired":true,"valueName":"search_term_string"}}],"inLanguage":"fr-FR"},{"@type":"Organization","@id":"https:\/\/kapitalis.com\/tunisie\/#organization","name":"Kapitalis","url":"https:\/\/kapitalis.com\/tunisie\/","logo":{"@type":"ImageObject","inLanguage":"fr-FR","@id":"https:\/\/kapitalis.com\/tunisie\/#\/schema\/logo\/image\/","url":"https:\/\/kapitalis.com\/tunisie\/wp-content\/uploads\/2022\/05\/Kapitalis-big-size.png","contentUrl":"https:\/\/kapitalis.com\/tunisie\/wp-content\/uploads\/2022\/05\/Kapitalis-big-size.png","width":5000,"height":1500,"caption":"Kapitalis"},"image":{"@id":"https:\/\/kapitalis.com\/tunisie\/#\/schema\/logo\/image\/"},"sameAs":["https:\/\/www.facebook.com\/KapitalisInfo\/","https:\/\/x.com\/KapitalisInfo","https:\/\/www.youtube.com\/channel\/UC-yDYrHyfFBWWZaOw3FPg9Q"]},{"@type":"Person","@id":"https:\/\/kapitalis.com\/tunisie\/#\/schema\/person\/d71f33a9ca44f7bad4698210b480c8e9","name":"webmaster kapitalis","url":"https:\/\/kapitalis.com\/tunisie\/author\/webmaster-kapitalis\/"}]}},"_links":{"self":[{"href":"https:\/\/kapitalis.com\/tunisie\/wp-json\/wp\/v2\/posts\/349041","targetHints":{"allow":["GET"]}}],"collection":[{"href":"https:\/\/kapitalis.com\/tunisie\/wp-json\/wp\/v2\/posts"}],"about":[{"href":"https:\/\/kapitalis.com\/tunisie\/wp-json\/wp\/v2\/types\/post"}],"author":[{"embeddable":true,"href":"https:\/\/kapitalis.com\/tunisie\/wp-json\/wp\/v2\/users\/8"}],"replies":[{"embeddable":true,"href":"https:\/\/kapitalis.com\/tunisie\/wp-json\/wp\/v2\/comments?post=349041"}],"version-history":[{"count":0,"href":"https:\/\/kapitalis.com\/tunisie\/wp-json\/wp\/v2\/posts\/349041\/revisions"}],"wp:featuredmedia":[{"embeddable":true,"href":"https:\/\/kapitalis.com\/tunisie\/wp-json\/wp\/v2\/media\/349042"}],"wp:attachment":[{"href":"https:\/\/kapitalis.com\/tunisie\/wp-json\/wp\/v2\/media?parent=349041"}],"wp:term":[{"taxonomy":"category","embeddable":true,"href":"https:\/\/kapitalis.com\/tunisie\/wp-json\/wp\/v2\/categories?post=349041"},{"taxonomy":"post_tag","embeddable":true,"href":"https:\/\/kapitalis.com\/tunisie\/wp-json\/wp\/v2\/tags?post=349041"}],"curies":[{"name":"wp","href":"https:\/\/api.w.org\/{rel}","templated":true}]}}