{"id":349247,"date":"2021-05-18T16:08:34","date_gmt":"2021-05-18T15:08:34","guid":{"rendered":"http:\/\/kapitalis.com\/tunisie\/?p=349247"},"modified":"2021-05-18T16:08:39","modified_gmt":"2021-05-18T15:08:39","slug":"tunisie-la-greve-generale-des-transports-maritime-aerien-et-terrestre-aura-lieu-le-20-mai","status":"publish","type":"post","link":"https:\/\/kapitalis.com\/tunisie\/2021\/05\/18\/tunisie-la-greve-generale-des-transports-maritime-aerien-et-terrestre-aura-lieu-le-20-mai\/","title":{"rendered":"Tunisie : La gr\u00e8ve g\u00e9n\u00e9rale des transports maritime, a\u00e9rien et terrestre aura lieu le 20 mai"},"content":{"rendered":"\n<figure class=\"wp-block-image size-large\"><img decoding=\"async\" src=\"http:\/\/kapitalis.com\/tunisie\/wp-content\/uploads\/2021\/05\/Transport-terrestre-aerien-maritime.jpg\" alt=\"\" class=\"wp-image-349249\"\/><\/figure>\n\n\n\n<p><strong><em>La F\u00e9d\u00e9ration g\u00e9n\u00e9rale du transport, relevant de l&rsquo;UGTT, a annonc\u00e9, ce mardi 18 mai 2021, que la gr\u00e8ve g\u00e9n\u00e9rale des transports maritime, a\u00e9rien et terrestre, aura bien lieu jeudi 20 mai 2021, apr\u00e8s l&rsquo;\u00e9chec des n\u00e9gociations avec l&rsquo;autorit\u00e9 de tutelle.<\/em><\/strong><\/p>\n\n\n\n<!--more-->\n\n\n\n<p>La F\u00e9d\u00e9ration a pr\u00e9cis\u00e9, dans son pr\u00e9avis de gr\u00e8ve, que sa d\u00e9cision donnait suite  \u00abau <em>manque de s\u00e9rieux, \u00e0 la procrastination<\/em> <em>et \u00e0 l&rsquo;incapacit\u00e9 de l\u2019autorit\u00e9 de tutelle \u00e0 trouver des solutions<\/em>\u00bb.\u00a0<\/p>\n\n\n\n<p>La F\u00e9d\u00e9ration g\u00e9n\u00e9rale du transport d\u00e9nonce, depuis plusieurs mois, la d\u00e9gradation de la situation des trois secteurs en question et le mutisme du gouvernement, revendiquant l\u2019application des accords conclus par le pass\u00e9.<\/p>\n\n\n\n<p>Rappelons que la gr\u00e8ve devait initialement avoir lieu le 8 avril dernier.\u00a0<\/p>\n\n\n\n<p class=\"has-text-align-right\"><strong>C. B. Y.<\/strong><\/p>\n","protected":false},"excerpt":{"rendered":"<p>La F\u00e9d\u00e9ration g\u00e9n\u00e9rale du transport, relevant de l&rsquo;UGTT, a annonc\u00e9, ce mardi 18 mai 2021, que la gr\u00e8ve g\u00e9n\u00e9rale des transports maritime, a\u00e9rien et terrestre, aura bien lieu jeudi 20 mai 2021, apr\u00e8s l&rsquo;\u00e9chec des n\u00e9gociations avec l&rsquo;autorit\u00e9 de tutelle.<\/p>\n","protected":false},"author":24,"featured_media":349249,"comment_status":"open","ping_status":"open","sticky":false,"template":"","format":"standard","meta":{"footnotes":""},"categories":[998,2433],"tags":[],"class_list":["post-349247","post","type-post","status-publish","format-standard","has-post-thumbnail","hentry","category-societe","category-tunisie"],"yoast_head":"<!-- This site is optimized with the Yoast SEO plugin v26.6 - https:\/\/yoast.com\/wordpress\/plugins\/seo\/ -->\n<title>Tunisie : La gr\u00e8ve g\u00e9n\u00e9rale des transports maritime, a\u00e9rien et terrestre aura lieu le 20 mai - Kapitalis<\/title>\n<meta name=\"robots\" content=\"index, follow, max-snippet:-1, max-image-preview:large, max-video-preview:-1\" \/>\n<link rel=\"canonical\" href=\"https:\/\/kapitalis.com\/tunisie\/2021\/05\/18\/tunisie-la-greve-generale-des-transports-maritime-aerien-et-terrestre-aura-lieu-le-20-mai\/\" \/>\n<meta property=\"og:locale\" content=\"fr_FR\" \/>\n<meta property=\"og:type\" content=\"article\" \/>\n<meta property=\"og:title\" content=\"Tunisie : La gr\u00e8ve g\u00e9n\u00e9rale des transports maritime, a\u00e9rien et terrestre aura lieu le 20 mai - Kapitalis\" \/>\n<meta property=\"og:description\" content=\"La F\u00e9d\u00e9ration g\u00e9n\u00e9rale du transport, relevant de l&rsquo;UGTT, a annonc\u00e9, ce mardi 18 mai 2021, que la gr\u00e8ve g\u00e9n\u00e9rale des transports maritime, a\u00e9rien et terrestre, aura bien lieu jeudi 20 mai 2021, apr\u00e8s l&rsquo;\u00e9chec des n\u00e9gociations avec l&rsquo;autorit\u00e9 de tutelle.\" \/>\n<meta property=\"og:url\" content=\"https:\/\/kapitalis.com\/tunisie\/2021\/05\/18\/tunisie-la-greve-generale-des-transports-maritime-aerien-et-terrestre-aura-lieu-le-20-mai\/\" \/>\n<meta property=\"og:site_name\" content=\"Kapitalis\" \/>\n<meta property=\"article:publisher\" content=\"https:\/\/www.facebook.com\/KapitalisInfo\/\" \/>\n<meta property=\"article:published_time\" content=\"2021-05-18T15:08:34+00:00\" \/>\n<meta property=\"article:modified_time\" content=\"2021-05-18T15:08:39+00:00\" \/>\n<meta property=\"og:image\" content=\"https:\/\/kapitalis.com\/tunisie\/wp-content\/uploads\/2022\/05\/kapitalis-logo-fb.png\" \/>\n\t<meta property=\"og:image:width\" content=\"1200\" \/>\n\t<meta property=\"og:image:height\" content=\"630\" \/>\n\t<meta property=\"og:image:type\" content=\"image\/png\" \/>\n<meta name=\"author\" content=\"Cherif Benyounes\" \/>\n<meta name=\"twitter:card\" content=\"summary_large_image\" \/>\n<meta name=\"twitter:creator\" content=\"@KapitalisInfo\" \/>\n<meta name=\"twitter:site\" content=\"@KapitalisInfo\" \/>\n<meta name=\"twitter:label1\" content=\"\u00c9crit par\" \/>\n\t<meta name=\"twitter:data1\" content=\"Cherif Benyounes\" \/>\n\t<meta name=\"twitter:label2\" content=\"Dur\u00e9e de lecture estim\u00e9e\" \/>\n\t<meta name=\"twitter:data2\" content=\"1 minute\" \/>\n<script type=\"application\/ld+json\" class=\"yoast-schema-graph\">{\"@context\":\"https:\/\/schema.org\",\"@graph\":[{\"@type\":\"Article\",\"@id\":\"https:\/\/kapitalis.com\/tunisie\/2021\/05\/18\/tunisie-la-greve-generale-des-transports-maritime-aerien-et-terrestre-aura-lieu-le-20-mai\/#article\",\"isPartOf\":{\"@id\":\"https:\/\/kapitalis.com\/tunisie\/2021\/05\/18\/tunisie-la-greve-generale-des-transports-maritime-aerien-et-terrestre-aura-lieu-le-20-mai\/\"},\"author\":{\"name\":\"Cherif Benyounes\",\"@id\":\"https:\/\/kapitalis.com\/tunisie\/#\/schema\/person\/b35b8d631961131107263178aeb8019e\"},\"headline\":\"Tunisie : La gr\u00e8ve g\u00e9n\u00e9rale des transports maritime, a\u00e9rien et terrestre aura lieu le 20 mai\",\"datePublished\":\"2021-05-18T15:08:34+00:00\",\"dateModified\":\"2021-05-18T15:08:39+00:00\",\"mainEntityOfPage\":{\"@id\":\"https:\/\/kapitalis.com\/tunisie\/2021\/05\/18\/tunisie-la-greve-generale-des-transports-maritime-aerien-et-terrestre-aura-lieu-le-20-mai\/\"},\"wordCount\":156,\"commentCount\":0,\"publisher\":{\"@id\":\"https:\/\/kapitalis.com\/tunisie\/#organization\"},\"image\":{\"@id\":\"https:\/\/kapitalis.com\/tunisie\/2021\/05\/18\/tunisie-la-greve-generale-des-transports-maritime-aerien-et-terrestre-aura-lieu-le-20-mai\/#primaryimage\"},\"thumbnailUrl\":\"\",\"articleSection\":[\"SOCIETE\",\"Tunisie\"],\"inLanguage\":\"fr-FR\",\"potentialAction\":[{\"@type\":\"CommentAction\",\"name\":\"Comment\",\"target\":[\"https:\/\/kapitalis.com\/tunisie\/2021\/05\/18\/tunisie-la-greve-generale-des-transports-maritime-aerien-et-terrestre-aura-lieu-le-20-mai\/#respond\"]}]},{\"@type\":\"WebPage\",\"@id\":\"https:\/\/kapitalis.com\/tunisie\/2021\/05\/18\/tunisie-la-greve-generale-des-transports-maritime-aerien-et-terrestre-aura-lieu-le-20-mai\/\",\"url\":\"https:\/\/kapitalis.com\/tunisie\/2021\/05\/18\/tunisie-la-greve-generale-des-transports-maritime-aerien-et-terrestre-aura-lieu-le-20-mai\/\",\"name\":\"Tunisie : La gr\u00e8ve g\u00e9n\u00e9rale des transports maritime, a\u00e9rien et terrestre aura lieu le 20 mai - Kapitalis\",\"isPartOf\":{\"@id\":\"https:\/\/kapitalis.com\/tunisie\/#website\"},\"primaryImageOfPage\":{\"@id\":\"https:\/\/kapitalis.com\/tunisie\/2021\/05\/18\/tunisie-la-greve-generale-des-transports-maritime-aerien-et-terrestre-aura-lieu-le-20-mai\/#primaryimage\"},\"image\":{\"@id\":\"https:\/\/kapitalis.com\/tunisie\/2021\/05\/18\/tunisie-la-greve-generale-des-transports-maritime-aerien-et-terrestre-aura-lieu-le-20-mai\/#primaryimage\"},\"thumbnailUrl\":\"\",\"datePublished\":\"2021-05-18T15:08:34+00:00\",\"dateModified\":\"2021-05-18T15:08:39+00:00\",\"breadcrumb\":{\"@id\":\"https:\/\/kapitalis.com\/tunisie\/2021\/05\/18\/tunisie-la-greve-generale-des-transports-maritime-aerien-et-terrestre-aura-lieu-le-20-mai\/#breadcrumb\"},\"inLanguage\":\"fr-FR\",\"potentialAction\":[{\"@type\":\"ReadAction\",\"target\":[\"https:\/\/kapitalis.com\/tunisie\/2021\/05\/18\/tunisie-la-greve-generale-des-transports-maritime-aerien-et-terrestre-aura-lieu-le-20-mai\/\"]}]},{\"@type\":\"ImageObject\",\"inLanguage\":\"fr-FR\",\"@id\":\"https:\/\/kapitalis.com\/tunisie\/2021\/05\/18\/tunisie-la-greve-generale-des-transports-maritime-aerien-et-terrestre-aura-lieu-le-20-mai\/#primaryimage\",\"url\":\"\",\"contentUrl\":\"\"},{\"@type\":\"BreadcrumbList\",\"@id\":\"https:\/\/kapitalis.com\/tunisie\/2021\/05\/18\/tunisie-la-greve-generale-des-transports-maritime-aerien-et-terrestre-aura-lieu-le-20-mai\/#breadcrumb\",\"itemListElement\":[{\"@type\":\"ListItem\",\"position\":1,\"name\":\"Accueil\",\"item\":\"https:\/\/kapitalis.com\/tunisie\/\"},{\"@type\":\"ListItem\",\"position\":2,\"name\":\"Tunisie : La gr\u00e8ve g\u00e9n\u00e9rale des transports maritime, a\u00e9rien et terrestre aura lieu le 20 mai\"}]},{\"@type\":\"WebSite\",\"@id\":\"https:\/\/kapitalis.com\/tunisie\/#website\",\"url\":\"https:\/\/kapitalis.com\/tunisie\/\",\"name\":\"Kapitalis\",\"description\":\"L&#039;actualit\u00e9 en Tunisie et dans le monde\",\"publisher\":{\"@id\":\"https:\/\/kapitalis.com\/tunisie\/#organization\"},\"potentialAction\":[{\"@type\":\"SearchAction\",\"target\":{\"@type\":\"EntryPoint\",\"urlTemplate\":\"https:\/\/kapitalis.com\/tunisie\/?s={search_term_string}\"},\"query-input\":{\"@type\":\"PropertyValueSpecification\",\"valueRequired\":true,\"valueName\":\"search_term_string\"}}],\"inLanguage\":\"fr-FR\"},{\"@type\":\"Organization\",\"@id\":\"https:\/\/kapitalis.com\/tunisie\/#organization\",\"name\":\"Kapitalis\",\"url\":\"https:\/\/kapitalis.com\/tunisie\/\",\"logo\":{\"@type\":\"ImageObject\",\"inLanguage\":\"fr-FR\",\"@id\":\"https:\/\/kapitalis.com\/tunisie\/#\/schema\/logo\/image\/\",\"url\":\"https:\/\/kapitalis.com\/tunisie\/wp-content\/uploads\/2022\/05\/Kapitalis-big-size.png\",\"contentUrl\":\"https:\/\/kapitalis.com\/tunisie\/wp-content\/uploads\/2022\/05\/Kapitalis-big-size.png\",\"width\":5000,\"height\":1500,\"caption\":\"Kapitalis\"},\"image\":{\"@id\":\"https:\/\/kapitalis.com\/tunisie\/#\/schema\/logo\/image\/\"},\"sameAs\":[\"https:\/\/www.facebook.com\/KapitalisInfo\/\",\"https:\/\/x.com\/KapitalisInfo\",\"https:\/\/www.youtube.com\/channel\/UC-yDYrHyfFBWWZaOw3FPg9Q\"]},{\"@type\":\"Person\",\"@id\":\"https:\/\/kapitalis.com\/tunisie\/#\/schema\/person\/b35b8d631961131107263178aeb8019e\",\"name\":\"Cherif Benyounes\",\"url\":\"https:\/\/kapitalis.com\/tunisie\/author\/cherif\/\"}]}<\/script>\n<!-- \/ Yoast SEO plugin. -->","yoast_head_json":{"title":"Tunisie : La gr\u00e8ve g\u00e9n\u00e9rale des transports maritime, a\u00e9rien et terrestre aura lieu le 20 mai - Kapitalis","robots":{"index":"index","follow":"follow","max-snippet":"max-snippet:-1","max-image-preview":"max-image-preview:large","max-video-preview":"max-video-preview:-1"},"canonical":"https:\/\/kapitalis.com\/tunisie\/2021\/05\/18\/tunisie-la-greve-generale-des-transports-maritime-aerien-et-terrestre-aura-lieu-le-20-mai\/","og_locale":"fr_FR","og_type":"article","og_title":"Tunisie : La gr\u00e8ve g\u00e9n\u00e9rale des transports maritime, a\u00e9rien et terrestre aura lieu le 20 mai - Kapitalis","og_description":"La F\u00e9d\u00e9ration g\u00e9n\u00e9rale du transport, relevant de l&rsquo;UGTT, a annonc\u00e9, ce mardi 18 mai 2021, que la gr\u00e8ve g\u00e9n\u00e9rale des transports maritime, a\u00e9rien et terrestre, aura bien lieu jeudi 20 mai 2021, apr\u00e8s l&rsquo;\u00e9chec des n\u00e9gociations avec l&rsquo;autorit\u00e9 de tutelle.","og_url":"https:\/\/kapitalis.com\/tunisie\/2021\/05\/18\/tunisie-la-greve-generale-des-transports-maritime-aerien-et-terrestre-aura-lieu-le-20-mai\/","og_site_name":"Kapitalis","article_publisher":"https:\/\/www.facebook.com\/KapitalisInfo\/","article_published_time":"2021-05-18T15:08:34+00:00","article_modified_time":"2021-05-18T15:08:39+00:00","og_image":[{"width":1200,"height":630,"url":"https:\/\/kapitalis.com\/tunisie\/wp-content\/uploads\/2022\/05\/kapitalis-logo-fb.png","type":"image\/png"}],"author":"Cherif Benyounes","twitter_card":"summary_large_image","twitter_creator":"@KapitalisInfo","twitter_site":"@KapitalisInfo","twitter_misc":{"\u00c9crit par":"Cherif Benyounes","Dur\u00e9e de lecture estim\u00e9e":"1 minute"},"schema":{"@context":"https:\/\/schema.org","@graph":[{"@type":"Article","@id":"https:\/\/kapitalis.com\/tunisie\/2021\/05\/18\/tunisie-la-greve-generale-des-transports-maritime-aerien-et-terrestre-aura-lieu-le-20-mai\/#article","isPartOf":{"@id":"https:\/\/kapitalis.com\/tunisie\/2021\/05\/18\/tunisie-la-greve-generale-des-transports-maritime-aerien-et-terrestre-aura-lieu-le-20-mai\/"},"author":{"name":"Cherif Benyounes","@id":"https:\/\/kapitalis.com\/tunisie\/#\/schema\/person\/b35b8d631961131107263178aeb8019e"},"headline":"Tunisie : La gr\u00e8ve g\u00e9n\u00e9rale des transports maritime, a\u00e9rien et terrestre aura lieu le 20 mai","datePublished":"2021-05-18T15:08:34+00:00","dateModified":"2021-05-18T15:08:39+00:00","mainEntityOfPage":{"@id":"https:\/\/kapitalis.com\/tunisie\/2021\/05\/18\/tunisie-la-greve-generale-des-transports-maritime-aerien-et-terrestre-aura-lieu-le-20-mai\/"},"wordCount":156,"commentCount":0,"publisher":{"@id":"https:\/\/kapitalis.com\/tunisie\/#organization"},"image":{"@id":"https:\/\/kapitalis.com\/tunisie\/2021\/05\/18\/tunisie-la-greve-generale-des-transports-maritime-aerien-et-terrestre-aura-lieu-le-20-mai\/#primaryimage"},"thumbnailUrl":"","articleSection":["SOCIETE","Tunisie"],"inLanguage":"fr-FR","potentialAction":[{"@type":"CommentAction","name":"Comment","target":["https:\/\/kapitalis.com\/tunisie\/2021\/05\/18\/tunisie-la-greve-generale-des-transports-maritime-aerien-et-terrestre-aura-lieu-le-20-mai\/#respond"]}]},{"@type":"WebPage","@id":"https:\/\/kapitalis.com\/tunisie\/2021\/05\/18\/tunisie-la-greve-generale-des-transports-maritime-aerien-et-terrestre-aura-lieu-le-20-mai\/","url":"https:\/\/kapitalis.com\/tunisie\/2021\/05\/18\/tunisie-la-greve-generale-des-transports-maritime-aerien-et-terrestre-aura-lieu-le-20-mai\/","name":"Tunisie : La gr\u00e8ve g\u00e9n\u00e9rale des transports maritime, a\u00e9rien et terrestre aura lieu le 20 mai - Kapitalis","isPartOf":{"@id":"https:\/\/kapitalis.com\/tunisie\/#website"},"primaryImageOfPage":{"@id":"https:\/\/kapitalis.com\/tunisie\/2021\/05\/18\/tunisie-la-greve-generale-des-transports-maritime-aerien-et-terrestre-aura-lieu-le-20-mai\/#primaryimage"},"image":{"@id":"https:\/\/kapitalis.com\/tunisie\/2021\/05\/18\/tunisie-la-greve-generale-des-transports-maritime-aerien-et-terrestre-aura-lieu-le-20-mai\/#primaryimage"},"thumbnailUrl":"","datePublished":"2021-05-18T15:08:34+00:00","dateModified":"2021-05-18T15:08:39+00:00","breadcrumb":{"@id":"https:\/\/kapitalis.com\/tunisie\/2021\/05\/18\/tunisie-la-greve-generale-des-transports-maritime-aerien-et-terrestre-aura-lieu-le-20-mai\/#breadcrumb"},"inLanguage":"fr-FR","potentialAction":[{"@type":"ReadAction","target":["https:\/\/kapitalis.com\/tunisie\/2021\/05\/18\/tunisie-la-greve-generale-des-transports-maritime-aerien-et-terrestre-aura-lieu-le-20-mai\/"]}]},{"@type":"ImageObject","inLanguage":"fr-FR","@id":"https:\/\/kapitalis.com\/tunisie\/2021\/05\/18\/tunisie-la-greve-generale-des-transports-maritime-aerien-et-terrestre-aura-lieu-le-20-mai\/#primaryimage","url":"","contentUrl":""},{"@type":"BreadcrumbList","@id":"https:\/\/kapitalis.com\/tunisie\/2021\/05\/18\/tunisie-la-greve-generale-des-transports-maritime-aerien-et-terrestre-aura-lieu-le-20-mai\/#breadcrumb","itemListElement":[{"@type":"ListItem","position":1,"name":"Accueil","item":"https:\/\/kapitalis.com\/tunisie\/"},{"@type":"ListItem","position":2,"name":"Tunisie : La gr\u00e8ve g\u00e9n\u00e9rale des transports maritime, a\u00e9rien et terrestre aura lieu le 20 mai"}]},{"@type":"WebSite","@id":"https:\/\/kapitalis.com\/tunisie\/#website","url":"https:\/\/kapitalis.com\/tunisie\/","name":"Kapitalis","description":"L&#039;actualit\u00e9 en Tunisie et dans le monde","publisher":{"@id":"https:\/\/kapitalis.com\/tunisie\/#organization"},"potentialAction":[{"@type":"SearchAction","target":{"@type":"EntryPoint","urlTemplate":"https:\/\/kapitalis.com\/tunisie\/?s={search_term_string}"},"query-input":{"@type":"PropertyValueSpecification","valueRequired":true,"valueName":"search_term_string"}}],"inLanguage":"fr-FR"},{"@type":"Organization","@id":"https:\/\/kapitalis.com\/tunisie\/#organization","name":"Kapitalis","url":"https:\/\/kapitalis.com\/tunisie\/","logo":{"@type":"ImageObject","inLanguage":"fr-FR","@id":"https:\/\/kapitalis.com\/tunisie\/#\/schema\/logo\/image\/","url":"https:\/\/kapitalis.com\/tunisie\/wp-content\/uploads\/2022\/05\/Kapitalis-big-size.png","contentUrl":"https:\/\/kapitalis.com\/tunisie\/wp-content\/uploads\/2022\/05\/Kapitalis-big-size.png","width":5000,"height":1500,"caption":"Kapitalis"},"image":{"@id":"https:\/\/kapitalis.com\/tunisie\/#\/schema\/logo\/image\/"},"sameAs":["https:\/\/www.facebook.com\/KapitalisInfo\/","https:\/\/x.com\/KapitalisInfo","https:\/\/www.youtube.com\/channel\/UC-yDYrHyfFBWWZaOw3FPg9Q"]},{"@type":"Person","@id":"https:\/\/kapitalis.com\/tunisie\/#\/schema\/person\/b35b8d631961131107263178aeb8019e","name":"Cherif Benyounes","url":"https:\/\/kapitalis.com\/tunisie\/author\/cherif\/"}]}},"_links":{"self":[{"href":"https:\/\/kapitalis.com\/tunisie\/wp-json\/wp\/v2\/posts\/349247","targetHints":{"allow":["GET"]}}],"collection":[{"href":"https:\/\/kapitalis.com\/tunisie\/wp-json\/wp\/v2\/posts"}],"about":[{"href":"https:\/\/kapitalis.com\/tunisie\/wp-json\/wp\/v2\/types\/post"}],"author":[{"embeddable":true,"href":"https:\/\/kapitalis.com\/tunisie\/wp-json\/wp\/v2\/users\/24"}],"replies":[{"embeddable":true,"href":"https:\/\/kapitalis.com\/tunisie\/wp-json\/wp\/v2\/comments?post=349247"}],"version-history":[{"count":0,"href":"https:\/\/kapitalis.com\/tunisie\/wp-json\/wp\/v2\/posts\/349247\/revisions"}],"wp:featuredmedia":[{"embeddable":true,"href":"https:\/\/kapitalis.com\/tunisie\/wp-json\/wp\/v2\/media\/349249"}],"wp:attachment":[{"href":"https:\/\/kapitalis.com\/tunisie\/wp-json\/wp\/v2\/media?parent=349247"}],"wp:term":[{"taxonomy":"category","embeddable":true,"href":"https:\/\/kapitalis.com\/tunisie\/wp-json\/wp\/v2\/categories?post=349247"},{"taxonomy":"post_tag","embeddable":true,"href":"https:\/\/kapitalis.com\/tunisie\/wp-json\/wp\/v2\/tags?post=349247"}],"curies":[{"name":"wp","href":"https:\/\/api.w.org\/{rel}","templated":true}]}}