{"id":349329,"date":"2021-05-19T11:44:40","date_gmt":"2021-05-19T10:44:40","guid":{"rendered":"http:\/\/kapitalis.com\/tunisie\/?p=349329"},"modified":"2021-05-19T11:44:44","modified_gmt":"2021-05-19T10:44:44","slug":"greve-des-recettes-des-finances-reprise-des-services-durgence","status":"publish","type":"post","link":"https:\/\/kapitalis.com\/tunisie\/2021\/05\/19\/greve-des-recettes-des-finances-reprise-des-services-durgence\/","title":{"rendered":"Gr\u00e8ve des recettes des finances : Reprise des services d&rsquo;urgence"},"content":{"rendered":"\n<figure class=\"wp-block-image size-large\"><img decoding=\"async\" src=\"http:\/\/kapitalis.com\/tunisie\/wp-content\/uploads\/2019\/05\/recette-Finances.jpg\" alt=\"\" class=\"wp-image-215465\"\/><\/figure>\n\n\n\n<p><strong><em>La gr\u00e8ve des recettes des finances se poursuit. Un mois apr\u00e8s son d\u00e9but, il n&rsquo;y a pas d&rsquo;accord entre\u00a0la F\u00e9d\u00e9ration g\u00e9n\u00e9rale des finances\u00a0et l&rsquo;autorit\u00e9 gouvernementale de tutelle. En revanche, \u00e0 partir de ce mercredi, 19 mai 2021, les services d&rsquo;urgence reprennent.<\/em><\/strong><\/p>\n\n\n\n<!--more-->\n\n\n\n<p>C&rsquo;est ce qu&rsquo;a fait savoir le syndicat, aujourd&rsquo;hui, via un communiqu\u00e9, pr\u00e9cisant que cela concerne notamment les d\u00e9clarations fiscales, le paiement des vignettes et le r\u00e8glement des p\u00e9nalit\u00e9s.<\/p>\n\n\n\n<p>Rappelons que le minist\u00e8re des Finances avait indiqu\u00e9, le 4 mai 2021, que la gr\u00e8ve en question ne respecte pas les proc\u00e9dures l\u00e9gales d&rsquo;usage, notamment dans le contexte sanitaire et \u00e9conomique difficile que traverse le pays.<\/p>\n\n\n\n<p>Le minist\u00e8re avait, dans le m\u00eame contexte, expliqu\u00e9 que le montant minimal de la prime de recouvrement et de contr\u00f4le des imp\u00f4ts (accord\u00e9e annuellement aux agents des finances selon un d\u00e9cret gouvernemental) qui a \u00e9t\u00e9 fix\u00e9 \u00e0 85% de celui de l&rsquo;ann\u00e9e pr\u00e9c\u00e9dente, en raison des circonstances exceptionnelles li\u00e9es \u00e0 la crise sanitaire, a \u00e9t\u00e9 rejet\u00e9 par la partie syndicale ayant appel\u00e9 \u00e0 la gr\u00e8ve.<\/p>\n\n\n\n<p>Selon le syndicat, le minist\u00e8re n\u2019a pas respect\u00e9 ses engagements concernant ces primes. Il revendique \u00e9galement (sans doute pour dissimuler le fait que la gr\u00e8ve est motiv\u00e9e par l&rsquo;argent) la publication du statut des agents du contr\u00f4le des imp\u00f4ts, de la comptabilit\u00e9 publique et du recouvrement dans le Journal officiel de la r\u00e9publique tunisienne (Jort).<\/p>\n\n\n\n<p class=\"has-text-align-right\"><strong>C. B. Y.<\/strong><\/p>\n","protected":false},"excerpt":{"rendered":"<p>La gr\u00e8ve des recettes des finances se poursuit. Un mois apr\u00e8s son d\u00e9but, il n&rsquo;y a pas d&rsquo;accord entre\u00a0la F\u00e9d\u00e9ration g\u00e9n\u00e9rale des finances\u00a0et l&rsquo;autorit\u00e9 gouvernementale de tutelle. En revanche, \u00e0 partir de ce mercredi, 19 mai 2021, les services d&rsquo;urgence reprennent.<\/p>\n","protected":false},"author":24,"featured_media":0,"comment_status":"open","ping_status":"open","sticky":false,"template":"","format":"standard","meta":{"footnotes":""},"categories":[998,2433],"tags":[90256,90255],"class_list":["post-349329","post","type-post","status-publish","format-standard","hentry","category-societe","category-tunisie","tag-federation-generale-des-finances","tag-greve-des-recettes-des-finances-2"],"yoast_head":"<!-- This site is optimized with the Yoast SEO plugin v26.6 - https:\/\/yoast.com\/wordpress\/plugins\/seo\/ -->\n<title>Gr\u00e8ve des recettes des finances : Reprise des services d&#039;urgence - Kapitalis<\/title>\n<meta name=\"robots\" content=\"index, follow, max-snippet:-1, max-image-preview:large, max-video-preview:-1\" \/>\n<link rel=\"canonical\" href=\"https:\/\/kapitalis.com\/tunisie\/2021\/05\/19\/greve-des-recettes-des-finances-reprise-des-services-durgence\/\" \/>\n<meta property=\"og:locale\" content=\"fr_FR\" \/>\n<meta property=\"og:type\" content=\"article\" \/>\n<meta property=\"og:title\" content=\"Gr\u00e8ve des recettes des finances : Reprise des services d&#039;urgence - Kapitalis\" \/>\n<meta property=\"og:description\" content=\"La gr\u00e8ve des recettes des finances se poursuit. Un mois apr\u00e8s son d\u00e9but, il n&rsquo;y a pas d&rsquo;accord entre\u00a0la F\u00e9d\u00e9ration g\u00e9n\u00e9rale des finances\u00a0et l&rsquo;autorit\u00e9 gouvernementale de tutelle. En revanche, \u00e0 partir de ce mercredi, 19 mai 2021, les services d&rsquo;urgence reprennent.\" \/>\n<meta property=\"og:url\" content=\"https:\/\/kapitalis.com\/tunisie\/2021\/05\/19\/greve-des-recettes-des-finances-reprise-des-services-durgence\/\" \/>\n<meta property=\"og:site_name\" content=\"Kapitalis\" \/>\n<meta property=\"article:publisher\" content=\"https:\/\/www.facebook.com\/KapitalisInfo\/\" \/>\n<meta property=\"article:published_time\" content=\"2021-05-19T10:44:40+00:00\" \/>\n<meta property=\"article:modified_time\" content=\"2021-05-19T10:44:44+00:00\" \/>\n<meta property=\"og:image\" content=\"http:\/\/kapitalis.com\/tunisie\/wp-content\/uploads\/2019\/05\/recette-Finances.jpg\" \/>\n<meta name=\"author\" content=\"Cherif Benyounes\" \/>\n<meta name=\"twitter:card\" content=\"summary_large_image\" \/>\n<meta name=\"twitter:creator\" content=\"@KapitalisInfo\" \/>\n<meta name=\"twitter:site\" content=\"@KapitalisInfo\" \/>\n<meta name=\"twitter:label1\" content=\"\u00c9crit par\" \/>\n\t<meta name=\"twitter:data1\" content=\"Cherif Benyounes\" \/>\n\t<meta name=\"twitter:label2\" content=\"Dur\u00e9e de lecture estim\u00e9e\" \/>\n\t<meta name=\"twitter:data2\" content=\"1 minute\" \/>\n<script type=\"application\/ld+json\" class=\"yoast-schema-graph\">{\"@context\":\"https:\/\/schema.org\",\"@graph\":[{\"@type\":\"Article\",\"@id\":\"https:\/\/kapitalis.com\/tunisie\/2021\/05\/19\/greve-des-recettes-des-finances-reprise-des-services-durgence\/#article\",\"isPartOf\":{\"@id\":\"https:\/\/kapitalis.com\/tunisie\/2021\/05\/19\/greve-des-recettes-des-finances-reprise-des-services-durgence\/\"},\"author\":{\"name\":\"Cherif Benyounes\",\"@id\":\"https:\/\/kapitalis.com\/tunisie\/#\/schema\/person\/b35b8d631961131107263178aeb8019e\"},\"headline\":\"Gr\u00e8ve des recettes des finances : Reprise des services d&rsquo;urgence\",\"datePublished\":\"2021-05-19T10:44:40+00:00\",\"dateModified\":\"2021-05-19T10:44:44+00:00\",\"mainEntityOfPage\":{\"@id\":\"https:\/\/kapitalis.com\/tunisie\/2021\/05\/19\/greve-des-recettes-des-finances-reprise-des-services-durgence\/\"},\"wordCount\":265,\"commentCount\":1,\"publisher\":{\"@id\":\"https:\/\/kapitalis.com\/tunisie\/#organization\"},\"image\":{\"@id\":\"https:\/\/kapitalis.com\/tunisie\/2021\/05\/19\/greve-des-recettes-des-finances-reprise-des-services-durgence\/#primaryimage\"},\"thumbnailUrl\":\"http:\/\/kapitalis.com\/tunisie\/wp-content\/uploads\/2019\/05\/recette-Finances.jpg\",\"keywords\":[\"F\u00e9d\u00e9ration g\u00e9n\u00e9rale des finances\",\"Gr\u00e8ve des recettes des finances:\"],\"articleSection\":[\"SOCIETE\",\"Tunisie\"],\"inLanguage\":\"fr-FR\",\"potentialAction\":[{\"@type\":\"CommentAction\",\"name\":\"Comment\",\"target\":[\"https:\/\/kapitalis.com\/tunisie\/2021\/05\/19\/greve-des-recettes-des-finances-reprise-des-services-durgence\/#respond\"]}]},{\"@type\":\"WebPage\",\"@id\":\"https:\/\/kapitalis.com\/tunisie\/2021\/05\/19\/greve-des-recettes-des-finances-reprise-des-services-durgence\/\",\"url\":\"https:\/\/kapitalis.com\/tunisie\/2021\/05\/19\/greve-des-recettes-des-finances-reprise-des-services-durgence\/\",\"name\":\"Gr\u00e8ve des recettes des finances : Reprise des services d'urgence - Kapitalis\",\"isPartOf\":{\"@id\":\"https:\/\/kapitalis.com\/tunisie\/#website\"},\"primaryImageOfPage\":{\"@id\":\"https:\/\/kapitalis.com\/tunisie\/2021\/05\/19\/greve-des-recettes-des-finances-reprise-des-services-durgence\/#primaryimage\"},\"image\":{\"@id\":\"https:\/\/kapitalis.com\/tunisie\/2021\/05\/19\/greve-des-recettes-des-finances-reprise-des-services-durgence\/#primaryimage\"},\"thumbnailUrl\":\"http:\/\/kapitalis.com\/tunisie\/wp-content\/uploads\/2019\/05\/recette-Finances.jpg\",\"datePublished\":\"2021-05-19T10:44:40+00:00\",\"dateModified\":\"2021-05-19T10:44:44+00:00\",\"breadcrumb\":{\"@id\":\"https:\/\/kapitalis.com\/tunisie\/2021\/05\/19\/greve-des-recettes-des-finances-reprise-des-services-durgence\/#breadcrumb\"},\"inLanguage\":\"fr-FR\",\"potentialAction\":[{\"@type\":\"ReadAction\",\"target\":[\"https:\/\/kapitalis.com\/tunisie\/2021\/05\/19\/greve-des-recettes-des-finances-reprise-des-services-durgence\/\"]}]},{\"@type\":\"ImageObject\",\"inLanguage\":\"fr-FR\",\"@id\":\"https:\/\/kapitalis.com\/tunisie\/2021\/05\/19\/greve-des-recettes-des-finances-reprise-des-services-durgence\/#primaryimage\",\"url\":\"http:\/\/kapitalis.com\/tunisie\/wp-content\/uploads\/2019\/05\/recette-Finances.jpg\",\"contentUrl\":\"http:\/\/kapitalis.com\/tunisie\/wp-content\/uploads\/2019\/05\/recette-Finances.jpg\"},{\"@type\":\"BreadcrumbList\",\"@id\":\"https:\/\/kapitalis.com\/tunisie\/2021\/05\/19\/greve-des-recettes-des-finances-reprise-des-services-durgence\/#breadcrumb\",\"itemListElement\":[{\"@type\":\"ListItem\",\"position\":1,\"name\":\"Accueil\",\"item\":\"https:\/\/kapitalis.com\/tunisie\/\"},{\"@type\":\"ListItem\",\"position\":2,\"name\":\"Gr\u00e8ve des recettes des finances : Reprise des services d&rsquo;urgence\"}]},{\"@type\":\"WebSite\",\"@id\":\"https:\/\/kapitalis.com\/tunisie\/#website\",\"url\":\"https:\/\/kapitalis.com\/tunisie\/\",\"name\":\"Kapitalis\",\"description\":\"L&#039;actualit\u00e9 en Tunisie et dans le monde\",\"publisher\":{\"@id\":\"https:\/\/kapitalis.com\/tunisie\/#organization\"},\"potentialAction\":[{\"@type\":\"SearchAction\",\"target\":{\"@type\":\"EntryPoint\",\"urlTemplate\":\"https:\/\/kapitalis.com\/tunisie\/?s={search_term_string}\"},\"query-input\":{\"@type\":\"PropertyValueSpecification\",\"valueRequired\":true,\"valueName\":\"search_term_string\"}}],\"inLanguage\":\"fr-FR\"},{\"@type\":\"Organization\",\"@id\":\"https:\/\/kapitalis.com\/tunisie\/#organization\",\"name\":\"Kapitalis\",\"url\":\"https:\/\/kapitalis.com\/tunisie\/\",\"logo\":{\"@type\":\"ImageObject\",\"inLanguage\":\"fr-FR\",\"@id\":\"https:\/\/kapitalis.com\/tunisie\/#\/schema\/logo\/image\/\",\"url\":\"https:\/\/kapitalis.com\/tunisie\/wp-content\/uploads\/2022\/05\/Kapitalis-big-size.png\",\"contentUrl\":\"https:\/\/kapitalis.com\/tunisie\/wp-content\/uploads\/2022\/05\/Kapitalis-big-size.png\",\"width\":5000,\"height\":1500,\"caption\":\"Kapitalis\"},\"image\":{\"@id\":\"https:\/\/kapitalis.com\/tunisie\/#\/schema\/logo\/image\/\"},\"sameAs\":[\"https:\/\/www.facebook.com\/KapitalisInfo\/\",\"https:\/\/x.com\/KapitalisInfo\",\"https:\/\/www.youtube.com\/channel\/UC-yDYrHyfFBWWZaOw3FPg9Q\"]},{\"@type\":\"Person\",\"@id\":\"https:\/\/kapitalis.com\/tunisie\/#\/schema\/person\/b35b8d631961131107263178aeb8019e\",\"name\":\"Cherif Benyounes\",\"url\":\"https:\/\/kapitalis.com\/tunisie\/author\/cherif\/\"}]}<\/script>\n<!-- \/ Yoast SEO plugin. -->","yoast_head_json":{"title":"Gr\u00e8ve des recettes des finances : Reprise des services d'urgence - Kapitalis","robots":{"index":"index","follow":"follow","max-snippet":"max-snippet:-1","max-image-preview":"max-image-preview:large","max-video-preview":"max-video-preview:-1"},"canonical":"https:\/\/kapitalis.com\/tunisie\/2021\/05\/19\/greve-des-recettes-des-finances-reprise-des-services-durgence\/","og_locale":"fr_FR","og_type":"article","og_title":"Gr\u00e8ve des recettes des finances : Reprise des services d'urgence - Kapitalis","og_description":"La gr\u00e8ve des recettes des finances se poursuit. Un mois apr\u00e8s son d\u00e9but, il n&rsquo;y a pas d&rsquo;accord entre\u00a0la F\u00e9d\u00e9ration g\u00e9n\u00e9rale des finances\u00a0et l&rsquo;autorit\u00e9 gouvernementale de tutelle. En revanche, \u00e0 partir de ce mercredi, 19 mai 2021, les services d&rsquo;urgence reprennent.","og_url":"https:\/\/kapitalis.com\/tunisie\/2021\/05\/19\/greve-des-recettes-des-finances-reprise-des-services-durgence\/","og_site_name":"Kapitalis","article_publisher":"https:\/\/www.facebook.com\/KapitalisInfo\/","article_published_time":"2021-05-19T10:44:40+00:00","article_modified_time":"2021-05-19T10:44:44+00:00","og_image":[{"url":"http:\/\/kapitalis.com\/tunisie\/wp-content\/uploads\/2019\/05\/recette-Finances.jpg","type":"","width":"","height":""}],"author":"Cherif Benyounes","twitter_card":"summary_large_image","twitter_creator":"@KapitalisInfo","twitter_site":"@KapitalisInfo","twitter_misc":{"\u00c9crit par":"Cherif Benyounes","Dur\u00e9e de lecture estim\u00e9e":"1 minute"},"schema":{"@context":"https:\/\/schema.org","@graph":[{"@type":"Article","@id":"https:\/\/kapitalis.com\/tunisie\/2021\/05\/19\/greve-des-recettes-des-finances-reprise-des-services-durgence\/#article","isPartOf":{"@id":"https:\/\/kapitalis.com\/tunisie\/2021\/05\/19\/greve-des-recettes-des-finances-reprise-des-services-durgence\/"},"author":{"name":"Cherif Benyounes","@id":"https:\/\/kapitalis.com\/tunisie\/#\/schema\/person\/b35b8d631961131107263178aeb8019e"},"headline":"Gr\u00e8ve des recettes des finances : Reprise des services d&rsquo;urgence","datePublished":"2021-05-19T10:44:40+00:00","dateModified":"2021-05-19T10:44:44+00:00","mainEntityOfPage":{"@id":"https:\/\/kapitalis.com\/tunisie\/2021\/05\/19\/greve-des-recettes-des-finances-reprise-des-services-durgence\/"},"wordCount":265,"commentCount":1,"publisher":{"@id":"https:\/\/kapitalis.com\/tunisie\/#organization"},"image":{"@id":"https:\/\/kapitalis.com\/tunisie\/2021\/05\/19\/greve-des-recettes-des-finances-reprise-des-services-durgence\/#primaryimage"},"thumbnailUrl":"http:\/\/kapitalis.com\/tunisie\/wp-content\/uploads\/2019\/05\/recette-Finances.jpg","keywords":["F\u00e9d\u00e9ration g\u00e9n\u00e9rale des finances","Gr\u00e8ve des recettes des finances:"],"articleSection":["SOCIETE","Tunisie"],"inLanguage":"fr-FR","potentialAction":[{"@type":"CommentAction","name":"Comment","target":["https:\/\/kapitalis.com\/tunisie\/2021\/05\/19\/greve-des-recettes-des-finances-reprise-des-services-durgence\/#respond"]}]},{"@type":"WebPage","@id":"https:\/\/kapitalis.com\/tunisie\/2021\/05\/19\/greve-des-recettes-des-finances-reprise-des-services-durgence\/","url":"https:\/\/kapitalis.com\/tunisie\/2021\/05\/19\/greve-des-recettes-des-finances-reprise-des-services-durgence\/","name":"Gr\u00e8ve des recettes des finances : Reprise des services d'urgence - Kapitalis","isPartOf":{"@id":"https:\/\/kapitalis.com\/tunisie\/#website"},"primaryImageOfPage":{"@id":"https:\/\/kapitalis.com\/tunisie\/2021\/05\/19\/greve-des-recettes-des-finances-reprise-des-services-durgence\/#primaryimage"},"image":{"@id":"https:\/\/kapitalis.com\/tunisie\/2021\/05\/19\/greve-des-recettes-des-finances-reprise-des-services-durgence\/#primaryimage"},"thumbnailUrl":"http:\/\/kapitalis.com\/tunisie\/wp-content\/uploads\/2019\/05\/recette-Finances.jpg","datePublished":"2021-05-19T10:44:40+00:00","dateModified":"2021-05-19T10:44:44+00:00","breadcrumb":{"@id":"https:\/\/kapitalis.com\/tunisie\/2021\/05\/19\/greve-des-recettes-des-finances-reprise-des-services-durgence\/#breadcrumb"},"inLanguage":"fr-FR","potentialAction":[{"@type":"ReadAction","target":["https:\/\/kapitalis.com\/tunisie\/2021\/05\/19\/greve-des-recettes-des-finances-reprise-des-services-durgence\/"]}]},{"@type":"ImageObject","inLanguage":"fr-FR","@id":"https:\/\/kapitalis.com\/tunisie\/2021\/05\/19\/greve-des-recettes-des-finances-reprise-des-services-durgence\/#primaryimage","url":"http:\/\/kapitalis.com\/tunisie\/wp-content\/uploads\/2019\/05\/recette-Finances.jpg","contentUrl":"http:\/\/kapitalis.com\/tunisie\/wp-content\/uploads\/2019\/05\/recette-Finances.jpg"},{"@type":"BreadcrumbList","@id":"https:\/\/kapitalis.com\/tunisie\/2021\/05\/19\/greve-des-recettes-des-finances-reprise-des-services-durgence\/#breadcrumb","itemListElement":[{"@type":"ListItem","position":1,"name":"Accueil","item":"https:\/\/kapitalis.com\/tunisie\/"},{"@type":"ListItem","position":2,"name":"Gr\u00e8ve des recettes des finances : Reprise des services d&rsquo;urgence"}]},{"@type":"WebSite","@id":"https:\/\/kapitalis.com\/tunisie\/#website","url":"https:\/\/kapitalis.com\/tunisie\/","name":"Kapitalis","description":"L&#039;actualit\u00e9 en Tunisie et dans le monde","publisher":{"@id":"https:\/\/kapitalis.com\/tunisie\/#organization"},"potentialAction":[{"@type":"SearchAction","target":{"@type":"EntryPoint","urlTemplate":"https:\/\/kapitalis.com\/tunisie\/?s={search_term_string}"},"query-input":{"@type":"PropertyValueSpecification","valueRequired":true,"valueName":"search_term_string"}}],"inLanguage":"fr-FR"},{"@type":"Organization","@id":"https:\/\/kapitalis.com\/tunisie\/#organization","name":"Kapitalis","url":"https:\/\/kapitalis.com\/tunisie\/","logo":{"@type":"ImageObject","inLanguage":"fr-FR","@id":"https:\/\/kapitalis.com\/tunisie\/#\/schema\/logo\/image\/","url":"https:\/\/kapitalis.com\/tunisie\/wp-content\/uploads\/2022\/05\/Kapitalis-big-size.png","contentUrl":"https:\/\/kapitalis.com\/tunisie\/wp-content\/uploads\/2022\/05\/Kapitalis-big-size.png","width":5000,"height":1500,"caption":"Kapitalis"},"image":{"@id":"https:\/\/kapitalis.com\/tunisie\/#\/schema\/logo\/image\/"},"sameAs":["https:\/\/www.facebook.com\/KapitalisInfo\/","https:\/\/x.com\/KapitalisInfo","https:\/\/www.youtube.com\/channel\/UC-yDYrHyfFBWWZaOw3FPg9Q"]},{"@type":"Person","@id":"https:\/\/kapitalis.com\/tunisie\/#\/schema\/person\/b35b8d631961131107263178aeb8019e","name":"Cherif Benyounes","url":"https:\/\/kapitalis.com\/tunisie\/author\/cherif\/"}]}},"_links":{"self":[{"href":"https:\/\/kapitalis.com\/tunisie\/wp-json\/wp\/v2\/posts\/349329","targetHints":{"allow":["GET"]}}],"collection":[{"href":"https:\/\/kapitalis.com\/tunisie\/wp-json\/wp\/v2\/posts"}],"about":[{"href":"https:\/\/kapitalis.com\/tunisie\/wp-json\/wp\/v2\/types\/post"}],"author":[{"embeddable":true,"href":"https:\/\/kapitalis.com\/tunisie\/wp-json\/wp\/v2\/users\/24"}],"replies":[{"embeddable":true,"href":"https:\/\/kapitalis.com\/tunisie\/wp-json\/wp\/v2\/comments?post=349329"}],"version-history":[{"count":0,"href":"https:\/\/kapitalis.com\/tunisie\/wp-json\/wp\/v2\/posts\/349329\/revisions"}],"wp:attachment":[{"href":"https:\/\/kapitalis.com\/tunisie\/wp-json\/wp\/v2\/media?parent=349329"}],"wp:term":[{"taxonomy":"category","embeddable":true,"href":"https:\/\/kapitalis.com\/tunisie\/wp-json\/wp\/v2\/categories?post=349329"},{"taxonomy":"post_tag","embeddable":true,"href":"https:\/\/kapitalis.com\/tunisie\/wp-json\/wp\/v2\/tags?post=349329"}],"curies":[{"name":"wp","href":"https:\/\/api.w.org\/{rel}","templated":true}]}}