{"id":349409,"date":"2021-05-19T16:39:00","date_gmt":"2021-05-19T15:39:00","guid":{"rendered":"http:\/\/kapitalis.com\/tunisie\/?p=349409"},"modified":"2021-05-19T23:08:33","modified_gmt":"2021-05-19T22:08:33","slug":"tunisie-hommage-a-la-militante-maya-jribi-decedee-le-19-mai-2018-photos","status":"publish","type":"post","link":"https:\/\/kapitalis.com\/tunisie\/2021\/05\/19\/tunisie-hommage-a-la-militante-maya-jribi-decedee-le-19-mai-2018-photos\/","title":{"rendered":"Tunisie : Hommage \u00e0 la militante Maya Jribi, d\u00e9c\u00e9d\u00e9e le 19 mai 2018 (Photos)"},"content":{"rendered":"\n<div class=\"wp-block-image\"><figure class=\"aligncenter size-large\"><img decoding=\"async\" src=\"http:\/\/kapitalis.com\/tunisie\/wp-content\/uploads\/2021\/05\/Maya-Jeribi-3-ans-deces.jpg\" alt=\"\" class=\"wp-image-349404\"\/><\/figure><\/div>\n\n\n\n<p><strong><em>Il y a 3 ans jour pour jour, Maya Jribi, constituante et ex-secr\u00e9taire g\u00e9n\u00e9rale du Parti r\u00e9publicain (Al-Jomhouri) est d\u00e9c\u00e9d\u00e9e, \u00e0 l\u2019\u00e2ge de 58 ans, apr\u00e8s un long combat contre la maladie. Al-Jomhouri a rendu hommage, aujourd&rsquo;hui, \u00e0 la militante, qui a consacr\u00e9 sa vie \u00e0 d\u00e9fendre les droits, l&rsquo;\u00e9galit\u00e9 et les libert\u00e9s.<\/em><\/strong><\/p>\n\n\n\n<!--more-->\n\n\n\n<p>A l&rsquo;occasion de la comm\u00e9moration du 3e triste anniversaire du d\u00e9c\u00e8s de Maya Jribi, des dirigeants du parti se sont recueillis au cimeti\u00e8re Jellaz de Tunis, pour rendre hommage \u00e0 l&rsquo;une des plus ferventes militantes contre la dictature, qui s&rsquo;est battue pour les libert\u00e9s et la justice.<\/p>\n\n\n\n<p>Al-Jomhouri a rappel\u00e9 \u00e0 l&rsquo;occasion, les sacrifices et l&rsquo;engagement inconditionnel et d\u00e9sint\u00e9ress\u00e9 de Maya Jribi, qui co\u00efncide quelques jours apr\u00e8s l&rsquo;enterrement de son compagnon de route, le militant et dirigeant au sein du parti Mongi Ellouz, d\u00e9c\u00e9d\u00e9 le 15 mai 2021.<\/p>\n\n\n\n<figure class=\"wp-block-gallery columns-2 is-cropped wp-block-gallery-1 is-layout-flex wp-block-gallery-is-layout-flex\"><ul class=\"blocks-gallery-grid\"><li class=\"blocks-gallery-item\"><figure><img decoding=\"async\" src=\"http:\/\/kapitalis.com\/tunisie\/wp-content\/uploads\/2021\/05\/maya2.jpg\" alt=\"\" data-id=\"349407\" data-full-url=\"http:\/\/kapitalis.com\/tunisie\/wp-content\/uploads\/2021\/05\/maya2.jpg\" data-link=\"http:\/\/kapitalis.com\/tunisie\/?attachment_id=349407\" class=\"wp-image-349407\"\/><\/figure><\/li><li class=\"blocks-gallery-item\"><figure><img decoding=\"async\" src=\"http:\/\/kapitalis.com\/tunisie\/wp-content\/uploads\/2021\/05\/maya4.jpg\" alt=\"\" data-id=\"349405\" data-full-url=\"http:\/\/kapitalis.com\/tunisie\/wp-content\/uploads\/2021\/05\/maya4.jpg\" data-link=\"http:\/\/kapitalis.com\/tunisie\/?attachment_id=349405\" class=\"wp-image-349405\"\/><\/figure><\/li><li class=\"blocks-gallery-item\"><figure><img decoding=\"async\" src=\"http:\/\/kapitalis.com\/tunisie\/wp-content\/uploads\/2021\/05\/maya3.jpg\" alt=\"\" data-id=\"349406\" data-full-url=\"http:\/\/kapitalis.com\/tunisie\/wp-content\/uploads\/2021\/05\/maya3.jpg\" data-link=\"http:\/\/kapitalis.com\/tunisie\/?attachment_id=349406\" class=\"wp-image-349406\"\/><\/figure><\/li><\/ul><\/figure>\n\n\n\n<p><em>\u00abMaya Jribi \u00e9tait et restera le symbole de la lutte contre la tyrannie, de l&rsquo;engagement, de l&rsquo;\u00e9thique et du d\u00e9vouement. Son combat, qui est le n\u00f4tre se poursuit et nous y restons fid\u00e8les<\/em>\u00bb, indique le parti dans un communiqu\u00e9.<\/p>\n\n\n\n<p>Biologiste de son \u00e9tat, Maya Jribi, native de Bou Arada (Siliana) et qui a v\u00e9cu \u00e0 Rad\u00e8s, au sud de Tunis, a milit\u00e9 depuis son jeune \u00e2ge, notamment en integrant l\u2019Union g\u00e9n\u00e9rale des \u00e9tudiants de Tunisie (Uget), puis la Ligue tunisienne des droits de l\u2019homme (LTDH), avant de co-fond\u00e9 avec Ahmed Nejib Chebbi, son compagnon de combat, le Parti socialiste progressiste (PSP), devenu en 1990, le Parti d\u00e9mocrate progressiste (PDP).<\/p>\n\n\n\n<p>Apr\u00e8s la r\u00e9volution tunisienne en janvier 2011, ayant conduit \u00e0 la chute de Ben Ali, elle a \u00e9t\u00e9 \u00e9lue, sur une liste du PDP, membre de l\u2019Assembl\u00e9e nationale constituante (ANC), o\u00f9 elle avait d\u00e9fendu les droits de la femme et les principes d\u00e9mocratiques et des libert\u00e9s, tout en s&rsquo;opposant \u00e0 l&rsquo;obscurantisme religieux, avec seule volont\u00e9, celle de faire de la Tunisie, un pays libre et d\u00e9mocratique, dont elle a toujours r\u00eav\u00e9 et o\u00f9 le peuple peut vivre sereinement et en toute justice et \u00e9quit\u00e9.<\/p>\n\n\n\n<p>Y. N.<\/p>\n\n\n\n<figure class=\"wp-block-embed is-type-wp-embed is-provider-kapitalis wp-block-embed-kapitalis\"><div class=\"wp-block-embed__wrapper\">\n<blockquote class=\"wp-embedded-content\" data-secret=\"FWkRifs67J\"><a href=\"https:\/\/kapitalis.com\/tunisie\/2021\/05\/05\/deces-du-militant-et-dirigeant-dal-joumhouri-mongi-ellouz\/\">D\u00e9c\u00e8s du militant et dirigeant d\u2019Al-Joumhouri Mongi Ellouz<\/a><\/blockquote><iframe loading=\"lazy\" class=\"wp-embedded-content\" sandbox=\"allow-scripts\" security=\"restricted\" style=\"position: absolute; clip: rect(1px, 1px, 1px, 1px);\" title=\"\u00ab\u00a0D\u00e9c\u00e8s du militant et dirigeant d\u2019Al-Joumhouri Mongi Ellouz\u00a0\u00bb &#8212; Kapitalis\" src=\"https:\/\/kapitalis.com\/tunisie\/2021\/05\/05\/deces-du-militant-et-dirigeant-dal-joumhouri-mongi-ellouz\/embed\/#?secret=Zr4dDVFvLk#?secret=FWkRifs67J\" data-secret=\"FWkRifs67J\" width=\"600\" height=\"338\" frameborder=\"0\" marginwidth=\"0\" marginheight=\"0\" scrolling=\"no\"><\/iframe>\n<\/div><\/figure>\n","protected":false},"excerpt":{"rendered":"<p>Il y a 3 ans jour pour jour, Maya Jribi, constituante et ex-secr\u00e9taire g\u00e9n\u00e9rale du Parti r\u00e9publicain (Al-Jomhouri) est d\u00e9c\u00e9d\u00e9e, \u00e0 l\u2019\u00e2ge de 58 ans, apr\u00e8s un long combat contre la maladie. Al-Jomhouri a rendu hommage, aujourd&rsquo;hui, \u00e0 la militante, qui a consacr\u00e9 sa vie \u00e0 d\u00e9fendre les droits, l&rsquo;\u00e9galit\u00e9 et les libert\u00e9s.<\/p>\n","protected":false},"author":6,"featured_media":0,"comment_status":"open","ping_status":"open","sticky":false,"template":"","format":"standard","meta":{"footnotes":""},"categories":[997,2433],"tags":[6632,72,78965,10110,2560,4485,11520],"class_list":["post-349409","post","type-post","status-publish","format-standard","hentry","category-politique","category-tunisie","tag-al-jomhouri","tag-anc","tag-constituante","tag-feministe","tag-hommage","tag-maya-jribi","tag-militante"],"yoast_head":"<!-- This site is optimized with the Yoast SEO plugin v26.6 - https:\/\/yoast.com\/wordpress\/plugins\/seo\/ -->\n<title>Tunisie : Hommage \u00e0 la militante Maya Jribi, d\u00e9c\u00e9d\u00e9e le 19 mai 2018 (Photos) - Kapitalis<\/title>\n<meta name=\"robots\" content=\"index, follow, max-snippet:-1, max-image-preview:large, max-video-preview:-1\" \/>\n<link rel=\"canonical\" href=\"https:\/\/kapitalis.com\/tunisie\/2021\/05\/19\/tunisie-hommage-a-la-militante-maya-jribi-decedee-le-19-mai-2018-photos\/\" \/>\n<meta property=\"og:locale\" content=\"fr_FR\" \/>\n<meta property=\"og:type\" content=\"article\" \/>\n<meta property=\"og:title\" content=\"Tunisie : Hommage \u00e0 la militante Maya Jribi, d\u00e9c\u00e9d\u00e9e le 19 mai 2018 (Photos) - Kapitalis\" \/>\n<meta property=\"og:description\" content=\"Il y a 3 ans jour pour jour, Maya Jribi, constituante et ex-secr\u00e9taire g\u00e9n\u00e9rale du Parti r\u00e9publicain (Al-Jomhouri) est d\u00e9c\u00e9d\u00e9e, \u00e0 l\u2019\u00e2ge de 58 ans, apr\u00e8s un long combat contre la maladie. Al-Jomhouri a rendu hommage, aujourd&rsquo;hui, \u00e0 la militante, qui a consacr\u00e9 sa vie \u00e0 d\u00e9fendre les droits, l&rsquo;\u00e9galit\u00e9 et les libert\u00e9s.\" \/>\n<meta property=\"og:url\" content=\"https:\/\/kapitalis.com\/tunisie\/2021\/05\/19\/tunisie-hommage-a-la-militante-maya-jribi-decedee-le-19-mai-2018-photos\/\" \/>\n<meta property=\"og:site_name\" content=\"Kapitalis\" \/>\n<meta property=\"article:publisher\" content=\"https:\/\/www.facebook.com\/KapitalisInfo\/\" \/>\n<meta property=\"article:published_time\" content=\"2021-05-19T15:39:00+00:00\" \/>\n<meta property=\"article:modified_time\" content=\"2021-05-19T22:08:33+00:00\" \/>\n<meta property=\"og:image\" content=\"http:\/\/kapitalis.com\/tunisie\/wp-content\/uploads\/2021\/05\/Maya-Jeribi-3-ans-deces.jpg\" \/>\n<meta name=\"author\" content=\"Yusra NY\" \/>\n<meta name=\"twitter:card\" content=\"summary_large_image\" \/>\n<meta name=\"twitter:creator\" content=\"@KapitalisInfo\" \/>\n<meta name=\"twitter:site\" content=\"@KapitalisInfo\" \/>\n<meta name=\"twitter:label1\" content=\"\u00c9crit par\" \/>\n\t<meta name=\"twitter:data1\" content=\"Yusra NY\" \/>\n\t<meta name=\"twitter:label2\" content=\"Dur\u00e9e de lecture estim\u00e9e\" \/>\n\t<meta name=\"twitter:data2\" content=\"2 minutes\" \/>\n<script type=\"application\/ld+json\" class=\"yoast-schema-graph\">{\"@context\":\"https:\/\/schema.org\",\"@graph\":[{\"@type\":\"Article\",\"@id\":\"https:\/\/kapitalis.com\/tunisie\/2021\/05\/19\/tunisie-hommage-a-la-militante-maya-jribi-decedee-le-19-mai-2018-photos\/#article\",\"isPartOf\":{\"@id\":\"https:\/\/kapitalis.com\/tunisie\/2021\/05\/19\/tunisie-hommage-a-la-militante-maya-jribi-decedee-le-19-mai-2018-photos\/\"},\"author\":{\"name\":\"Yusra NY\",\"@id\":\"https:\/\/kapitalis.com\/tunisie\/#\/schema\/person\/74bbde0154d49d790a92aaeac5bc01d5\"},\"headline\":\"Tunisie : Hommage \u00e0 la militante Maya Jribi, d\u00e9c\u00e9d\u00e9e le 19 mai 2018 (Photos)\",\"datePublished\":\"2021-05-19T15:39:00+00:00\",\"dateModified\":\"2021-05-19T22:08:33+00:00\",\"mainEntityOfPage\":{\"@id\":\"https:\/\/kapitalis.com\/tunisie\/2021\/05\/19\/tunisie-hommage-a-la-militante-maya-jribi-decedee-le-19-mai-2018-photos\/\"},\"wordCount\":383,\"commentCount\":1,\"publisher\":{\"@id\":\"https:\/\/kapitalis.com\/tunisie\/#organization\"},\"image\":{\"@id\":\"https:\/\/kapitalis.com\/tunisie\/2021\/05\/19\/tunisie-hommage-a-la-militante-maya-jribi-decedee-le-19-mai-2018-photos\/#primaryimage\"},\"thumbnailUrl\":\"http:\/\/kapitalis.com\/tunisie\/wp-content\/uploads\/2021\/05\/Maya-Jeribi-3-ans-deces.jpg\",\"keywords\":[\"Al-Jomhouri\",\"ANC\",\"constituante\",\"f\u00e9ministe\",\"hommage\",\"Maya Jribi\",\"militante\"],\"articleSection\":[\"POLITIQUE\",\"Tunisie\"],\"inLanguage\":\"fr-FR\",\"potentialAction\":[{\"@type\":\"CommentAction\",\"name\":\"Comment\",\"target\":[\"https:\/\/kapitalis.com\/tunisie\/2021\/05\/19\/tunisie-hommage-a-la-militante-maya-jribi-decedee-le-19-mai-2018-photos\/#respond\"]}]},{\"@type\":\"WebPage\",\"@id\":\"https:\/\/kapitalis.com\/tunisie\/2021\/05\/19\/tunisie-hommage-a-la-militante-maya-jribi-decedee-le-19-mai-2018-photos\/\",\"url\":\"https:\/\/kapitalis.com\/tunisie\/2021\/05\/19\/tunisie-hommage-a-la-militante-maya-jribi-decedee-le-19-mai-2018-photos\/\",\"name\":\"Tunisie : Hommage \u00e0 la militante Maya Jribi, d\u00e9c\u00e9d\u00e9e le 19 mai 2018 (Photos) - Kapitalis\",\"isPartOf\":{\"@id\":\"https:\/\/kapitalis.com\/tunisie\/#website\"},\"primaryImageOfPage\":{\"@id\":\"https:\/\/kapitalis.com\/tunisie\/2021\/05\/19\/tunisie-hommage-a-la-militante-maya-jribi-decedee-le-19-mai-2018-photos\/#primaryimage\"},\"image\":{\"@id\":\"https:\/\/kapitalis.com\/tunisie\/2021\/05\/19\/tunisie-hommage-a-la-militante-maya-jribi-decedee-le-19-mai-2018-photos\/#primaryimage\"},\"thumbnailUrl\":\"http:\/\/kapitalis.com\/tunisie\/wp-content\/uploads\/2021\/05\/Maya-Jeribi-3-ans-deces.jpg\",\"datePublished\":\"2021-05-19T15:39:00+00:00\",\"dateModified\":\"2021-05-19T22:08:33+00:00\",\"breadcrumb\":{\"@id\":\"https:\/\/kapitalis.com\/tunisie\/2021\/05\/19\/tunisie-hommage-a-la-militante-maya-jribi-decedee-le-19-mai-2018-photos\/#breadcrumb\"},\"inLanguage\":\"fr-FR\",\"potentialAction\":[{\"@type\":\"ReadAction\",\"target\":[\"https:\/\/kapitalis.com\/tunisie\/2021\/05\/19\/tunisie-hommage-a-la-militante-maya-jribi-decedee-le-19-mai-2018-photos\/\"]}]},{\"@type\":\"ImageObject\",\"inLanguage\":\"fr-FR\",\"@id\":\"https:\/\/kapitalis.com\/tunisie\/2021\/05\/19\/tunisie-hommage-a-la-militante-maya-jribi-decedee-le-19-mai-2018-photos\/#primaryimage\",\"url\":\"\",\"contentUrl\":\"\"},{\"@type\":\"BreadcrumbList\",\"@id\":\"https:\/\/kapitalis.com\/tunisie\/2021\/05\/19\/tunisie-hommage-a-la-militante-maya-jribi-decedee-le-19-mai-2018-photos\/#breadcrumb\",\"itemListElement\":[{\"@type\":\"ListItem\",\"position\":1,\"name\":\"Accueil\",\"item\":\"https:\/\/kapitalis.com\/tunisie\/\"},{\"@type\":\"ListItem\",\"position\":2,\"name\":\"Tunisie : Hommage \u00e0 la militante Maya Jribi, d\u00e9c\u00e9d\u00e9e le 19 mai 2018 (Photos)\"}]},{\"@type\":\"WebSite\",\"@id\":\"https:\/\/kapitalis.com\/tunisie\/#website\",\"url\":\"https:\/\/kapitalis.com\/tunisie\/\",\"name\":\"Kapitalis\",\"description\":\"L&#039;actualit\u00e9 en Tunisie et dans le monde\",\"publisher\":{\"@id\":\"https:\/\/kapitalis.com\/tunisie\/#organization\"},\"potentialAction\":[{\"@type\":\"SearchAction\",\"target\":{\"@type\":\"EntryPoint\",\"urlTemplate\":\"https:\/\/kapitalis.com\/tunisie\/?s={search_term_string}\"},\"query-input\":{\"@type\":\"PropertyValueSpecification\",\"valueRequired\":true,\"valueName\":\"search_term_string\"}}],\"inLanguage\":\"fr-FR\"},{\"@type\":\"Organization\",\"@id\":\"https:\/\/kapitalis.com\/tunisie\/#organization\",\"name\":\"Kapitalis\",\"url\":\"https:\/\/kapitalis.com\/tunisie\/\",\"logo\":{\"@type\":\"ImageObject\",\"inLanguage\":\"fr-FR\",\"@id\":\"https:\/\/kapitalis.com\/tunisie\/#\/schema\/logo\/image\/\",\"url\":\"https:\/\/kapitalis.com\/tunisie\/wp-content\/uploads\/2022\/05\/Kapitalis-big-size.png\",\"contentUrl\":\"https:\/\/kapitalis.com\/tunisie\/wp-content\/uploads\/2022\/05\/Kapitalis-big-size.png\",\"width\":5000,\"height\":1500,\"caption\":\"Kapitalis\"},\"image\":{\"@id\":\"https:\/\/kapitalis.com\/tunisie\/#\/schema\/logo\/image\/\"},\"sameAs\":[\"https:\/\/www.facebook.com\/KapitalisInfo\/\",\"https:\/\/x.com\/KapitalisInfo\",\"https:\/\/www.youtube.com\/channel\/UC-yDYrHyfFBWWZaOw3FPg9Q\"]},{\"@type\":\"Person\",\"@id\":\"https:\/\/kapitalis.com\/tunisie\/#\/schema\/person\/74bbde0154d49d790a92aaeac5bc01d5\",\"name\":\"Yusra NY\",\"url\":\"https:\/\/kapitalis.com\/tunisie\/author\/yuza_adam\/\"}]}<\/script>\n<!-- \/ Yoast SEO plugin. -->","yoast_head_json":{"title":"Tunisie : Hommage \u00e0 la militante Maya Jribi, d\u00e9c\u00e9d\u00e9e le 19 mai 2018 (Photos) - Kapitalis","robots":{"index":"index","follow":"follow","max-snippet":"max-snippet:-1","max-image-preview":"max-image-preview:large","max-video-preview":"max-video-preview:-1"},"canonical":"https:\/\/kapitalis.com\/tunisie\/2021\/05\/19\/tunisie-hommage-a-la-militante-maya-jribi-decedee-le-19-mai-2018-photos\/","og_locale":"fr_FR","og_type":"article","og_title":"Tunisie : Hommage \u00e0 la militante Maya Jribi, d\u00e9c\u00e9d\u00e9e le 19 mai 2018 (Photos) - Kapitalis","og_description":"Il y a 3 ans jour pour jour, Maya Jribi, constituante et ex-secr\u00e9taire g\u00e9n\u00e9rale du Parti r\u00e9publicain (Al-Jomhouri) est d\u00e9c\u00e9d\u00e9e, \u00e0 l\u2019\u00e2ge de 58 ans, apr\u00e8s un long combat contre la maladie. Al-Jomhouri a rendu hommage, aujourd&rsquo;hui, \u00e0 la militante, qui a consacr\u00e9 sa vie \u00e0 d\u00e9fendre les droits, l&rsquo;\u00e9galit\u00e9 et les libert\u00e9s.","og_url":"https:\/\/kapitalis.com\/tunisie\/2021\/05\/19\/tunisie-hommage-a-la-militante-maya-jribi-decedee-le-19-mai-2018-photos\/","og_site_name":"Kapitalis","article_publisher":"https:\/\/www.facebook.com\/KapitalisInfo\/","article_published_time":"2021-05-19T15:39:00+00:00","article_modified_time":"2021-05-19T22:08:33+00:00","og_image":[{"url":"http:\/\/kapitalis.com\/tunisie\/wp-content\/uploads\/2021\/05\/Maya-Jeribi-3-ans-deces.jpg","type":"","width":"","height":""}],"author":"Yusra NY","twitter_card":"summary_large_image","twitter_creator":"@KapitalisInfo","twitter_site":"@KapitalisInfo","twitter_misc":{"\u00c9crit par":"Yusra NY","Dur\u00e9e de lecture estim\u00e9e":"2 minutes"},"schema":{"@context":"https:\/\/schema.org","@graph":[{"@type":"Article","@id":"https:\/\/kapitalis.com\/tunisie\/2021\/05\/19\/tunisie-hommage-a-la-militante-maya-jribi-decedee-le-19-mai-2018-photos\/#article","isPartOf":{"@id":"https:\/\/kapitalis.com\/tunisie\/2021\/05\/19\/tunisie-hommage-a-la-militante-maya-jribi-decedee-le-19-mai-2018-photos\/"},"author":{"name":"Yusra NY","@id":"https:\/\/kapitalis.com\/tunisie\/#\/schema\/person\/74bbde0154d49d790a92aaeac5bc01d5"},"headline":"Tunisie : Hommage \u00e0 la militante Maya Jribi, d\u00e9c\u00e9d\u00e9e le 19 mai 2018 (Photos)","datePublished":"2021-05-19T15:39:00+00:00","dateModified":"2021-05-19T22:08:33+00:00","mainEntityOfPage":{"@id":"https:\/\/kapitalis.com\/tunisie\/2021\/05\/19\/tunisie-hommage-a-la-militante-maya-jribi-decedee-le-19-mai-2018-photos\/"},"wordCount":383,"commentCount":1,"publisher":{"@id":"https:\/\/kapitalis.com\/tunisie\/#organization"},"image":{"@id":"https:\/\/kapitalis.com\/tunisie\/2021\/05\/19\/tunisie-hommage-a-la-militante-maya-jribi-decedee-le-19-mai-2018-photos\/#primaryimage"},"thumbnailUrl":"http:\/\/kapitalis.com\/tunisie\/wp-content\/uploads\/2021\/05\/Maya-Jeribi-3-ans-deces.jpg","keywords":["Al-Jomhouri","ANC","constituante","f\u00e9ministe","hommage","Maya Jribi","militante"],"articleSection":["POLITIQUE","Tunisie"],"inLanguage":"fr-FR","potentialAction":[{"@type":"CommentAction","name":"Comment","target":["https:\/\/kapitalis.com\/tunisie\/2021\/05\/19\/tunisie-hommage-a-la-militante-maya-jribi-decedee-le-19-mai-2018-photos\/#respond"]}]},{"@type":"WebPage","@id":"https:\/\/kapitalis.com\/tunisie\/2021\/05\/19\/tunisie-hommage-a-la-militante-maya-jribi-decedee-le-19-mai-2018-photos\/","url":"https:\/\/kapitalis.com\/tunisie\/2021\/05\/19\/tunisie-hommage-a-la-militante-maya-jribi-decedee-le-19-mai-2018-photos\/","name":"Tunisie : Hommage \u00e0 la militante Maya Jribi, d\u00e9c\u00e9d\u00e9e le 19 mai 2018 (Photos) - Kapitalis","isPartOf":{"@id":"https:\/\/kapitalis.com\/tunisie\/#website"},"primaryImageOfPage":{"@id":"https:\/\/kapitalis.com\/tunisie\/2021\/05\/19\/tunisie-hommage-a-la-militante-maya-jribi-decedee-le-19-mai-2018-photos\/#primaryimage"},"image":{"@id":"https:\/\/kapitalis.com\/tunisie\/2021\/05\/19\/tunisie-hommage-a-la-militante-maya-jribi-decedee-le-19-mai-2018-photos\/#primaryimage"},"thumbnailUrl":"http:\/\/kapitalis.com\/tunisie\/wp-content\/uploads\/2021\/05\/Maya-Jeribi-3-ans-deces.jpg","datePublished":"2021-05-19T15:39:00+00:00","dateModified":"2021-05-19T22:08:33+00:00","breadcrumb":{"@id":"https:\/\/kapitalis.com\/tunisie\/2021\/05\/19\/tunisie-hommage-a-la-militante-maya-jribi-decedee-le-19-mai-2018-photos\/#breadcrumb"},"inLanguage":"fr-FR","potentialAction":[{"@type":"ReadAction","target":["https:\/\/kapitalis.com\/tunisie\/2021\/05\/19\/tunisie-hommage-a-la-militante-maya-jribi-decedee-le-19-mai-2018-photos\/"]}]},{"@type":"ImageObject","inLanguage":"fr-FR","@id":"https:\/\/kapitalis.com\/tunisie\/2021\/05\/19\/tunisie-hommage-a-la-militante-maya-jribi-decedee-le-19-mai-2018-photos\/#primaryimage","url":"","contentUrl":""},{"@type":"BreadcrumbList","@id":"https:\/\/kapitalis.com\/tunisie\/2021\/05\/19\/tunisie-hommage-a-la-militante-maya-jribi-decedee-le-19-mai-2018-photos\/#breadcrumb","itemListElement":[{"@type":"ListItem","position":1,"name":"Accueil","item":"https:\/\/kapitalis.com\/tunisie\/"},{"@type":"ListItem","position":2,"name":"Tunisie : Hommage \u00e0 la militante Maya Jribi, d\u00e9c\u00e9d\u00e9e le 19 mai 2018 (Photos)"}]},{"@type":"WebSite","@id":"https:\/\/kapitalis.com\/tunisie\/#website","url":"https:\/\/kapitalis.com\/tunisie\/","name":"Kapitalis","description":"L&#039;actualit\u00e9 en Tunisie et dans le monde","publisher":{"@id":"https:\/\/kapitalis.com\/tunisie\/#organization"},"potentialAction":[{"@type":"SearchAction","target":{"@type":"EntryPoint","urlTemplate":"https:\/\/kapitalis.com\/tunisie\/?s={search_term_string}"},"query-input":{"@type":"PropertyValueSpecification","valueRequired":true,"valueName":"search_term_string"}}],"inLanguage":"fr-FR"},{"@type":"Organization","@id":"https:\/\/kapitalis.com\/tunisie\/#organization","name":"Kapitalis","url":"https:\/\/kapitalis.com\/tunisie\/","logo":{"@type":"ImageObject","inLanguage":"fr-FR","@id":"https:\/\/kapitalis.com\/tunisie\/#\/schema\/logo\/image\/","url":"https:\/\/kapitalis.com\/tunisie\/wp-content\/uploads\/2022\/05\/Kapitalis-big-size.png","contentUrl":"https:\/\/kapitalis.com\/tunisie\/wp-content\/uploads\/2022\/05\/Kapitalis-big-size.png","width":5000,"height":1500,"caption":"Kapitalis"},"image":{"@id":"https:\/\/kapitalis.com\/tunisie\/#\/schema\/logo\/image\/"},"sameAs":["https:\/\/www.facebook.com\/KapitalisInfo\/","https:\/\/x.com\/KapitalisInfo","https:\/\/www.youtube.com\/channel\/UC-yDYrHyfFBWWZaOw3FPg9Q"]},{"@type":"Person","@id":"https:\/\/kapitalis.com\/tunisie\/#\/schema\/person\/74bbde0154d49d790a92aaeac5bc01d5","name":"Yusra NY","url":"https:\/\/kapitalis.com\/tunisie\/author\/yuza_adam\/"}]}},"_links":{"self":[{"href":"https:\/\/kapitalis.com\/tunisie\/wp-json\/wp\/v2\/posts\/349409","targetHints":{"allow":["GET"]}}],"collection":[{"href":"https:\/\/kapitalis.com\/tunisie\/wp-json\/wp\/v2\/posts"}],"about":[{"href":"https:\/\/kapitalis.com\/tunisie\/wp-json\/wp\/v2\/types\/post"}],"author":[{"embeddable":true,"href":"https:\/\/kapitalis.com\/tunisie\/wp-json\/wp\/v2\/users\/6"}],"replies":[{"embeddable":true,"href":"https:\/\/kapitalis.com\/tunisie\/wp-json\/wp\/v2\/comments?post=349409"}],"version-history":[{"count":0,"href":"https:\/\/kapitalis.com\/tunisie\/wp-json\/wp\/v2\/posts\/349409\/revisions"}],"wp:attachment":[{"href":"https:\/\/kapitalis.com\/tunisie\/wp-json\/wp\/v2\/media?parent=349409"}],"wp:term":[{"taxonomy":"category","embeddable":true,"href":"https:\/\/kapitalis.com\/tunisie\/wp-json\/wp\/v2\/categories?post=349409"},{"taxonomy":"post_tag","embeddable":true,"href":"https:\/\/kapitalis.com\/tunisie\/wp-json\/wp\/v2\/tags?post=349409"}],"curies":[{"name":"wp","href":"https:\/\/api.w.org\/{rel}","templated":true}]}}