{"id":3494466,"date":"2022-08-28T07:53:35","date_gmt":"2022-08-28T06:53:35","guid":{"rendered":"https:\/\/kapitalis.com\/tunisie\/?p=3494466"},"modified":"2022-08-28T07:53:36","modified_gmt":"2022-08-28T06:53:36","slug":"a-massacre-in-mexico-un-crime-detat","status":"publish","type":"post","link":"https:\/\/kapitalis.com\/tunisie\/2022\/08\/28\/a-massacre-in-mexico-un-crime-detat\/","title":{"rendered":"\u2018\u2018A Massacre in Mexico\u2019\u2019 : un crime d\u2019Etat"},"content":{"rendered":"\n<p><strong><em>Une affaire criminelle hors du commun a rebondi et fait actuellement scandale au Mexique. En septembre 2014 plus de quarante \u00e9tudiants, la plupart d\u2019origine indienne,&nbsp;disparaissaient \u00e0 Iguala dans l\u2019Etat du Guerrero, sans laisser de traces.<\/em><\/strong><\/p>\n\n\n\n<p>Par <strong>Dr Mounir Hanablia<\/strong> *<\/p>\n\n\n\n<!--more-->\n\n\n\n<p>Ce livre, \u00e9crit par une journaliste d\u2019investigation mexicaine r\u00e9fugi\u00e9e aux Etats Unis, relate les d\u00e9tails d\u2019une affaire qui avait d\u00e9but\u00e9 par le d\u00e9tournement de plusieurs bus par des \u00e9tudiants d\u2019une \u00e9cole d\u2019instituteurs qui d\u00e9siraient se rendre \u00e0 Mexico la capitale pour participer \u00e0 des manifestations syndicales.<\/p>\n\n\n\n<p>Contrairement \u00e0 son habitude, la police avait cette fois d\u00e9cid\u00e9 de les arr\u00eater en \u00e9tablissant des barrages sur l\u2019autoroute ainsi que dans la ville elle-m\u00eame. Les bus furent donc pris dans une fusillade nourrie pendant plusieurs heures dans la nuit et le lendemain ils avaient disparu avec leurs&nbsp;passagers, et m\u00eame les douilles des cartouches utilis\u00e9es avaient \u00e9t\u00e9 ramass\u00e9es.<\/p>\n\n\n\n<h2 class=\"wp-block-heading\">Des cam\u00e9ras de surveillance hors service<\/h2>\n\n\n\n<p>Au Mexique il existe trois polices, la municipale, celle de l&rsquo;Etat, et la f\u00e9d\u00e9rale. Comme le maire de la ville appartenait \u00e0 un parti d&rsquo;opposition, et que son beau-fr\u00e8re \u00e9tait un membre pr\u00e9sum\u00e9 d\u2019un cartel de la drogue, le pouvoir central eut beau jeu de l\u2019incriminer et de lui attribuer la responsabilit\u00e9 des \u00e9v\u00e9nements. Et il fut d\u00e8s lors inculp\u00e9 par le procureur g\u00e9n\u00e9ral.<\/p>\n\n\n\n<p>Cependant il est apparu que ces accusations n\u2019\u00e9taient pas fond\u00e9es lorsque de courtes s\u00e9quences vid\u00e9o ont montr\u00e9 quelques-uns des \u00e9tudiants emmen\u00e9s menott\u00e9s sur des pick-up appartenant \u00e0 la police d\u2019Etat vers une destination inconnue.<\/p>\n\n\n\n<p>Le plus troublant est que les services de renseignement de la marine avaient la responsabilit\u00e9 de la surveillance des cam\u00e9ras vid\u00e9o en service dans la ville. Somm\u00e9s de les remettre, ils ont pr\u00e9tendu que les cam\u00e9ras n\u2019\u00e9taient pas en service cette nuit-l\u00e0.&nbsp;<\/p>\n\n\n\n<p>Plus encore, il est apparu que des unit\u00e9s de la marine n\u2019\u00e9taient pas dans leurs casernes lors des faits, et qu\u2019ils \u00e9taient partis en man\u0153uvre.&nbsp;<\/p>\n\n\n\n<h2 class=\"wp-block-heading\">Des ann\u00e9es de myst\u00e8re<\/h2>\n\n\n\n<p>Une th\u00e9orie a attribu\u00e9 la responsabilit\u00e9 \u00e0 des trafiquants de la drogue qui utilisaient les bus d\u00e9tourn\u00e9s par les \u00e9tudiants pour transporter la marchandise et qui voulaient supprimer les t\u00e9moins g\u00eanants.<\/p>\n\n\n\n<p>Apr\u00e8s des ann\u00e9es de myst\u00e8re, le gouvernement mexicain a reconnu, il y a quelques jours, sous la pression des&nbsp;familles, que l\u2019arm\u00e9e ainsi que les organes de s\u00e9curit\u00e9 avaient bel et bien \u00e9t\u00e9 impliqu\u00e9s dans la disparition des \u00e9tudiants et sans doute leur assassinat. <\/p>\n\n\n\n<p>Seuls les restes de trois parmi eux ont \u00e9t\u00e9 d\u00e9couverts et le sort de tous les autres demeure inconnu.&nbsp;Le myst\u00e8re reste donc total, notamment sur les mobiles d\u2019un tel crime d\u2019Etat. &nbsp;<\/p>\n\n\n\n<p>* <em>M\u00e9decin de libre pratique.<\/em> <\/p>\n\n\n\n<p><em><strong>\u2018\u2018Massacre in Mexico: The True Story Behind the Missing Forty Three Students\u2019\u2019, de &nbsp;Anabel Hernandez, editions Verso, 14 juillet 2020, 448 pages. <\/strong><\/em><strong>&nbsp;<\/strong><\/p>\n","protected":false},"excerpt":{"rendered":"<p>En septembre 2014 plus de quarante \u00e9tudiants, la plupart d\u2019origine indienne,\u00a0disparaissaient \u00e0 Iguala dans l\u2019Etat du Guerrero, sans laisser de traces.<\/p>\n","protected":false},"author":8,"featured_media":3494508,"comment_status":"open","ping_status":"open","sticky":false,"template":"","format":"standard","meta":{"footnotes":""},"categories":[992,998],"tags":[102362,102361,102360,102359,79600,3666],"class_list":["post-3494466","post","type-post","status-publish","format-standard","has-post-thumbnail","hentry","category-a-la-une","category-societe","tag-assassinat-detudiants","tag-crime-detat","tag-guerrero","tag-iguala","tag-mexico","tag-mexique"],"yoast_head":"<!-- This site is optimized with the Yoast SEO plugin v26.6 - https:\/\/yoast.com\/wordpress\/plugins\/seo\/ -->\n<title>\u2018\u2018A Massacre in Mexico\u2019\u2019 : un crime d\u2019Etat - Kapitalis<\/title>\n<meta name=\"robots\" content=\"index, follow, max-snippet:-1, max-image-preview:large, max-video-preview:-1\" \/>\n<link rel=\"canonical\" href=\"https:\/\/kapitalis.com\/tunisie\/2022\/08\/28\/a-massacre-in-mexico-un-crime-detat\/\" \/>\n<meta property=\"og:locale\" content=\"fr_FR\" \/>\n<meta property=\"og:type\" content=\"article\" \/>\n<meta property=\"og:title\" content=\"\u2018\u2018A Massacre in Mexico\u2019\u2019 : un crime d\u2019Etat - Kapitalis\" \/>\n<meta property=\"og:description\" content=\"En septembre 2014 plus de quarante \u00e9tudiants, la plupart d\u2019origine indienne,\u00a0disparaissaient \u00e0 Iguala dans l\u2019Etat du Guerrero, sans laisser de traces.\" \/>\n<meta property=\"og:url\" content=\"https:\/\/kapitalis.com\/tunisie\/2022\/08\/28\/a-massacre-in-mexico-un-crime-detat\/\" \/>\n<meta property=\"og:site_name\" content=\"Kapitalis\" \/>\n<meta property=\"article:publisher\" content=\"https:\/\/www.facebook.com\/KapitalisInfo\/\" \/>\n<meta property=\"article:published_time\" content=\"2022-08-28T06:53:35+00:00\" \/>\n<meta property=\"article:modified_time\" content=\"2022-08-28T06:53:36+00:00\" \/>\n<meta property=\"og:image\" content=\"https:\/\/kapitalis.com\/tunisie\/wp-content\/uploads\/2022\/08\/Massacre-de-Mexico.jpg\" \/>\n\t<meta property=\"og:image:width\" content=\"1200\" \/>\n\t<meta property=\"og:image:height\" content=\"630\" \/>\n\t<meta property=\"og:image:type\" content=\"image\/jpeg\" \/>\n<meta name=\"author\" content=\"webmaster kapitalis\" \/>\n<meta name=\"twitter:card\" content=\"summary_large_image\" \/>\n<meta name=\"twitter:creator\" content=\"@KapitalisInfo\" \/>\n<meta name=\"twitter:site\" content=\"@KapitalisInfo\" \/>\n<meta name=\"twitter:label1\" content=\"\u00c9crit par\" \/>\n\t<meta name=\"twitter:data1\" content=\"webmaster kapitalis\" \/>\n\t<meta name=\"twitter:label2\" content=\"Dur\u00e9e de lecture estim\u00e9e\" \/>\n\t<meta name=\"twitter:data2\" content=\"3 minutes\" \/>\n<script type=\"application\/ld+json\" class=\"yoast-schema-graph\">{\"@context\":\"https:\/\/schema.org\",\"@graph\":[{\"@type\":\"Article\",\"@id\":\"https:\/\/kapitalis.com\/tunisie\/2022\/08\/28\/a-massacre-in-mexico-un-crime-detat\/#article\",\"isPartOf\":{\"@id\":\"https:\/\/kapitalis.com\/tunisie\/2022\/08\/28\/a-massacre-in-mexico-un-crime-detat\/\"},\"author\":{\"name\":\"webmaster kapitalis\",\"@id\":\"https:\/\/kapitalis.com\/tunisie\/#\/schema\/person\/d71f33a9ca44f7bad4698210b480c8e9\"},\"headline\":\"\u2018\u2018A Massacre in Mexico\u2019\u2019 : un crime d\u2019Etat\",\"datePublished\":\"2022-08-28T06:53:35+00:00\",\"dateModified\":\"2022-08-28T06:53:36+00:00\",\"mainEntityOfPage\":{\"@id\":\"https:\/\/kapitalis.com\/tunisie\/2022\/08\/28\/a-massacre-in-mexico-un-crime-detat\/\"},\"wordCount\":525,\"commentCount\":2,\"publisher\":{\"@id\":\"https:\/\/kapitalis.com\/tunisie\/#organization\"},\"image\":{\"@id\":\"https:\/\/kapitalis.com\/tunisie\/2022\/08\/28\/a-massacre-in-mexico-un-crime-detat\/#primaryimage\"},\"thumbnailUrl\":\"https:\/\/kapitalis.com\/tunisie\/wp-content\/uploads\/2022\/08\/Massacre-de-Mexico.jpg\",\"keywords\":[\"assassinat d&#039;\u00e9tudiants\",\"crime d&#039;Etat\",\"Guerrero\",\"Iguala\",\"Mexico\",\"Mexique\"],\"articleSection\":[\"A LA UNE\",\"SOCIETE\"],\"inLanguage\":\"fr-FR\",\"potentialAction\":[{\"@type\":\"CommentAction\",\"name\":\"Comment\",\"target\":[\"https:\/\/kapitalis.com\/tunisie\/2022\/08\/28\/a-massacre-in-mexico-un-crime-detat\/#respond\"]}]},{\"@type\":\"WebPage\",\"@id\":\"https:\/\/kapitalis.com\/tunisie\/2022\/08\/28\/a-massacre-in-mexico-un-crime-detat\/\",\"url\":\"https:\/\/kapitalis.com\/tunisie\/2022\/08\/28\/a-massacre-in-mexico-un-crime-detat\/\",\"name\":\"\u2018\u2018A Massacre in Mexico\u2019\u2019 : un crime d\u2019Etat - Kapitalis\",\"isPartOf\":{\"@id\":\"https:\/\/kapitalis.com\/tunisie\/#website\"},\"primaryImageOfPage\":{\"@id\":\"https:\/\/kapitalis.com\/tunisie\/2022\/08\/28\/a-massacre-in-mexico-un-crime-detat\/#primaryimage\"},\"image\":{\"@id\":\"https:\/\/kapitalis.com\/tunisie\/2022\/08\/28\/a-massacre-in-mexico-un-crime-detat\/#primaryimage\"},\"thumbnailUrl\":\"https:\/\/kapitalis.com\/tunisie\/wp-content\/uploads\/2022\/08\/Massacre-de-Mexico.jpg\",\"datePublished\":\"2022-08-28T06:53:35+00:00\",\"dateModified\":\"2022-08-28T06:53:36+00:00\",\"breadcrumb\":{\"@id\":\"https:\/\/kapitalis.com\/tunisie\/2022\/08\/28\/a-massacre-in-mexico-un-crime-detat\/#breadcrumb\"},\"inLanguage\":\"fr-FR\",\"potentialAction\":[{\"@type\":\"ReadAction\",\"target\":[\"https:\/\/kapitalis.com\/tunisie\/2022\/08\/28\/a-massacre-in-mexico-un-crime-detat\/\"]}]},{\"@type\":\"ImageObject\",\"inLanguage\":\"fr-FR\",\"@id\":\"https:\/\/kapitalis.com\/tunisie\/2022\/08\/28\/a-massacre-in-mexico-un-crime-detat\/#primaryimage\",\"url\":\"https:\/\/kapitalis.com\/tunisie\/wp-content\/uploads\/2022\/08\/Massacre-de-Mexico.jpg\",\"contentUrl\":\"https:\/\/kapitalis.com\/tunisie\/wp-content\/uploads\/2022\/08\/Massacre-de-Mexico.jpg\",\"width\":1200,\"height\":630},{\"@type\":\"BreadcrumbList\",\"@id\":\"https:\/\/kapitalis.com\/tunisie\/2022\/08\/28\/a-massacre-in-mexico-un-crime-detat\/#breadcrumb\",\"itemListElement\":[{\"@type\":\"ListItem\",\"position\":1,\"name\":\"Accueil\",\"item\":\"https:\/\/kapitalis.com\/tunisie\/\"},{\"@type\":\"ListItem\",\"position\":2,\"name\":\"\u2018\u2018A Massacre in Mexico\u2019\u2019 : un crime d\u2019Etat\"}]},{\"@type\":\"WebSite\",\"@id\":\"https:\/\/kapitalis.com\/tunisie\/#website\",\"url\":\"https:\/\/kapitalis.com\/tunisie\/\",\"name\":\"Kapitalis\",\"description\":\"L&#039;actualit\u00e9 en Tunisie et dans le monde\",\"publisher\":{\"@id\":\"https:\/\/kapitalis.com\/tunisie\/#organization\"},\"potentialAction\":[{\"@type\":\"SearchAction\",\"target\":{\"@type\":\"EntryPoint\",\"urlTemplate\":\"https:\/\/kapitalis.com\/tunisie\/?s={search_term_string}\"},\"query-input\":{\"@type\":\"PropertyValueSpecification\",\"valueRequired\":true,\"valueName\":\"search_term_string\"}}],\"inLanguage\":\"fr-FR\"},{\"@type\":\"Organization\",\"@id\":\"https:\/\/kapitalis.com\/tunisie\/#organization\",\"name\":\"Kapitalis\",\"url\":\"https:\/\/kapitalis.com\/tunisie\/\",\"logo\":{\"@type\":\"ImageObject\",\"inLanguage\":\"fr-FR\",\"@id\":\"https:\/\/kapitalis.com\/tunisie\/#\/schema\/logo\/image\/\",\"url\":\"https:\/\/kapitalis.com\/tunisie\/wp-content\/uploads\/2022\/05\/Kapitalis-big-size.png\",\"contentUrl\":\"https:\/\/kapitalis.com\/tunisie\/wp-content\/uploads\/2022\/05\/Kapitalis-big-size.png\",\"width\":5000,\"height\":1500,\"caption\":\"Kapitalis\"},\"image\":{\"@id\":\"https:\/\/kapitalis.com\/tunisie\/#\/schema\/logo\/image\/\"},\"sameAs\":[\"https:\/\/www.facebook.com\/KapitalisInfo\/\",\"https:\/\/x.com\/KapitalisInfo\",\"https:\/\/www.youtube.com\/channel\/UC-yDYrHyfFBWWZaOw3FPg9Q\"]},{\"@type\":\"Person\",\"@id\":\"https:\/\/kapitalis.com\/tunisie\/#\/schema\/person\/d71f33a9ca44f7bad4698210b480c8e9\",\"name\":\"webmaster kapitalis\",\"url\":\"https:\/\/kapitalis.com\/tunisie\/author\/webmaster-kapitalis\/\"}]}<\/script>\n<!-- \/ Yoast SEO plugin. -->","yoast_head_json":{"title":"\u2018\u2018A Massacre in Mexico\u2019\u2019 : un crime d\u2019Etat - Kapitalis","robots":{"index":"index","follow":"follow","max-snippet":"max-snippet:-1","max-image-preview":"max-image-preview:large","max-video-preview":"max-video-preview:-1"},"canonical":"https:\/\/kapitalis.com\/tunisie\/2022\/08\/28\/a-massacre-in-mexico-un-crime-detat\/","og_locale":"fr_FR","og_type":"article","og_title":"\u2018\u2018A Massacre in Mexico\u2019\u2019 : un crime d\u2019Etat - Kapitalis","og_description":"En septembre 2014 plus de quarante \u00e9tudiants, la plupart d\u2019origine indienne,\u00a0disparaissaient \u00e0 Iguala dans l\u2019Etat du Guerrero, sans laisser de traces.","og_url":"https:\/\/kapitalis.com\/tunisie\/2022\/08\/28\/a-massacre-in-mexico-un-crime-detat\/","og_site_name":"Kapitalis","article_publisher":"https:\/\/www.facebook.com\/KapitalisInfo\/","article_published_time":"2022-08-28T06:53:35+00:00","article_modified_time":"2022-08-28T06:53:36+00:00","og_image":[{"width":1200,"height":630,"url":"https:\/\/kapitalis.com\/tunisie\/wp-content\/uploads\/2022\/08\/Massacre-de-Mexico.jpg","type":"image\/jpeg"}],"author":"webmaster kapitalis","twitter_card":"summary_large_image","twitter_creator":"@KapitalisInfo","twitter_site":"@KapitalisInfo","twitter_misc":{"\u00c9crit par":"webmaster kapitalis","Dur\u00e9e de lecture estim\u00e9e":"3 minutes"},"schema":{"@context":"https:\/\/schema.org","@graph":[{"@type":"Article","@id":"https:\/\/kapitalis.com\/tunisie\/2022\/08\/28\/a-massacre-in-mexico-un-crime-detat\/#article","isPartOf":{"@id":"https:\/\/kapitalis.com\/tunisie\/2022\/08\/28\/a-massacre-in-mexico-un-crime-detat\/"},"author":{"name":"webmaster kapitalis","@id":"https:\/\/kapitalis.com\/tunisie\/#\/schema\/person\/d71f33a9ca44f7bad4698210b480c8e9"},"headline":"\u2018\u2018A Massacre in Mexico\u2019\u2019 : un crime d\u2019Etat","datePublished":"2022-08-28T06:53:35+00:00","dateModified":"2022-08-28T06:53:36+00:00","mainEntityOfPage":{"@id":"https:\/\/kapitalis.com\/tunisie\/2022\/08\/28\/a-massacre-in-mexico-un-crime-detat\/"},"wordCount":525,"commentCount":2,"publisher":{"@id":"https:\/\/kapitalis.com\/tunisie\/#organization"},"image":{"@id":"https:\/\/kapitalis.com\/tunisie\/2022\/08\/28\/a-massacre-in-mexico-un-crime-detat\/#primaryimage"},"thumbnailUrl":"https:\/\/kapitalis.com\/tunisie\/wp-content\/uploads\/2022\/08\/Massacre-de-Mexico.jpg","keywords":["assassinat d&#039;\u00e9tudiants","crime d&#039;Etat","Guerrero","Iguala","Mexico","Mexique"],"articleSection":["A LA UNE","SOCIETE"],"inLanguage":"fr-FR","potentialAction":[{"@type":"CommentAction","name":"Comment","target":["https:\/\/kapitalis.com\/tunisie\/2022\/08\/28\/a-massacre-in-mexico-un-crime-detat\/#respond"]}]},{"@type":"WebPage","@id":"https:\/\/kapitalis.com\/tunisie\/2022\/08\/28\/a-massacre-in-mexico-un-crime-detat\/","url":"https:\/\/kapitalis.com\/tunisie\/2022\/08\/28\/a-massacre-in-mexico-un-crime-detat\/","name":"\u2018\u2018A Massacre in Mexico\u2019\u2019 : un crime d\u2019Etat - Kapitalis","isPartOf":{"@id":"https:\/\/kapitalis.com\/tunisie\/#website"},"primaryImageOfPage":{"@id":"https:\/\/kapitalis.com\/tunisie\/2022\/08\/28\/a-massacre-in-mexico-un-crime-detat\/#primaryimage"},"image":{"@id":"https:\/\/kapitalis.com\/tunisie\/2022\/08\/28\/a-massacre-in-mexico-un-crime-detat\/#primaryimage"},"thumbnailUrl":"https:\/\/kapitalis.com\/tunisie\/wp-content\/uploads\/2022\/08\/Massacre-de-Mexico.jpg","datePublished":"2022-08-28T06:53:35+00:00","dateModified":"2022-08-28T06:53:36+00:00","breadcrumb":{"@id":"https:\/\/kapitalis.com\/tunisie\/2022\/08\/28\/a-massacre-in-mexico-un-crime-detat\/#breadcrumb"},"inLanguage":"fr-FR","potentialAction":[{"@type":"ReadAction","target":["https:\/\/kapitalis.com\/tunisie\/2022\/08\/28\/a-massacre-in-mexico-un-crime-detat\/"]}]},{"@type":"ImageObject","inLanguage":"fr-FR","@id":"https:\/\/kapitalis.com\/tunisie\/2022\/08\/28\/a-massacre-in-mexico-un-crime-detat\/#primaryimage","url":"https:\/\/kapitalis.com\/tunisie\/wp-content\/uploads\/2022\/08\/Massacre-de-Mexico.jpg","contentUrl":"https:\/\/kapitalis.com\/tunisie\/wp-content\/uploads\/2022\/08\/Massacre-de-Mexico.jpg","width":1200,"height":630},{"@type":"BreadcrumbList","@id":"https:\/\/kapitalis.com\/tunisie\/2022\/08\/28\/a-massacre-in-mexico-un-crime-detat\/#breadcrumb","itemListElement":[{"@type":"ListItem","position":1,"name":"Accueil","item":"https:\/\/kapitalis.com\/tunisie\/"},{"@type":"ListItem","position":2,"name":"\u2018\u2018A Massacre in Mexico\u2019\u2019 : un crime d\u2019Etat"}]},{"@type":"WebSite","@id":"https:\/\/kapitalis.com\/tunisie\/#website","url":"https:\/\/kapitalis.com\/tunisie\/","name":"Kapitalis","description":"L&#039;actualit\u00e9 en Tunisie et dans le monde","publisher":{"@id":"https:\/\/kapitalis.com\/tunisie\/#organization"},"potentialAction":[{"@type":"SearchAction","target":{"@type":"EntryPoint","urlTemplate":"https:\/\/kapitalis.com\/tunisie\/?s={search_term_string}"},"query-input":{"@type":"PropertyValueSpecification","valueRequired":true,"valueName":"search_term_string"}}],"inLanguage":"fr-FR"},{"@type":"Organization","@id":"https:\/\/kapitalis.com\/tunisie\/#organization","name":"Kapitalis","url":"https:\/\/kapitalis.com\/tunisie\/","logo":{"@type":"ImageObject","inLanguage":"fr-FR","@id":"https:\/\/kapitalis.com\/tunisie\/#\/schema\/logo\/image\/","url":"https:\/\/kapitalis.com\/tunisie\/wp-content\/uploads\/2022\/05\/Kapitalis-big-size.png","contentUrl":"https:\/\/kapitalis.com\/tunisie\/wp-content\/uploads\/2022\/05\/Kapitalis-big-size.png","width":5000,"height":1500,"caption":"Kapitalis"},"image":{"@id":"https:\/\/kapitalis.com\/tunisie\/#\/schema\/logo\/image\/"},"sameAs":["https:\/\/www.facebook.com\/KapitalisInfo\/","https:\/\/x.com\/KapitalisInfo","https:\/\/www.youtube.com\/channel\/UC-yDYrHyfFBWWZaOw3FPg9Q"]},{"@type":"Person","@id":"https:\/\/kapitalis.com\/tunisie\/#\/schema\/person\/d71f33a9ca44f7bad4698210b480c8e9","name":"webmaster kapitalis","url":"https:\/\/kapitalis.com\/tunisie\/author\/webmaster-kapitalis\/"}]}},"_links":{"self":[{"href":"https:\/\/kapitalis.com\/tunisie\/wp-json\/wp\/v2\/posts\/3494466","targetHints":{"allow":["GET"]}}],"collection":[{"href":"https:\/\/kapitalis.com\/tunisie\/wp-json\/wp\/v2\/posts"}],"about":[{"href":"https:\/\/kapitalis.com\/tunisie\/wp-json\/wp\/v2\/types\/post"}],"author":[{"embeddable":true,"href":"https:\/\/kapitalis.com\/tunisie\/wp-json\/wp\/v2\/users\/8"}],"replies":[{"embeddable":true,"href":"https:\/\/kapitalis.com\/tunisie\/wp-json\/wp\/v2\/comments?post=3494466"}],"version-history":[{"count":0,"href":"https:\/\/kapitalis.com\/tunisie\/wp-json\/wp\/v2\/posts\/3494466\/revisions"}],"wp:featuredmedia":[{"embeddable":true,"href":"https:\/\/kapitalis.com\/tunisie\/wp-json\/wp\/v2\/media\/3494508"}],"wp:attachment":[{"href":"https:\/\/kapitalis.com\/tunisie\/wp-json\/wp\/v2\/media?parent=3494466"}],"wp:term":[{"taxonomy":"category","embeddable":true,"href":"https:\/\/kapitalis.com\/tunisie\/wp-json\/wp\/v2\/categories?post=3494466"},{"taxonomy":"post_tag","embeddable":true,"href":"https:\/\/kapitalis.com\/tunisie\/wp-json\/wp\/v2\/tags?post=3494466"}],"curies":[{"name":"wp","href":"https:\/\/api.w.org\/{rel}","templated":true}]}}