{"id":349559,"date":"2021-05-20T16:54:58","date_gmt":"2021-05-20T15:54:58","guid":{"rendered":"http:\/\/kapitalis.com\/tunisie\/?p=349559"},"modified":"2021-05-20T16:55:00","modified_gmt":"2021-05-20T15:55:00","slug":"abid-briki-ennahdha-finira-par-abandonner-hichem-mechichi","status":"publish","type":"post","link":"https:\/\/kapitalis.com\/tunisie\/2021\/05\/20\/abid-briki-ennahdha-finira-par-abandonner-hichem-mechichi\/","title":{"rendered":"Abid Briki : \u00abEnnahdha finira par abandonner Hichem Mechichi\u00bb"},"content":{"rendered":"\n<figure class=\"wp-block-image size-large\"><img decoding=\"async\" src=\"http:\/\/kapitalis.com\/tunisie\/wp-content\/uploads\/2019\/09\/abid-briki.jpg\" alt=\"\" class=\"wp-image-240921\"\/><\/figure>\n\n\n\n<p><em><strong>Selon le politicien et syndicaliste Abid Briki, le soutien qu&rsquo;accorde actuellement le mouvement Ennahdha au chef du gouvernement Hichem Mechichi prendra fin d\u00e8s que le parti islamiste se sentira isol\u00e9.<\/strong><\/em><\/p>\n\n\n\n<!--more-->\n\n\n\n<p>Dans une d\u00e9claration accord\u00e9e, mercredi 19 mai 2021, \u00e0 Radio Med, l&rsquo;ancien ministre de la Fonction publique, de la Gouvernance et de la Lutte contre la corruption (ao\u00fbt 2016 &#8211; mars 2017) a, par ailleurs, estim\u00e9 que le gouvernement Mechichi \u00ab<em>a noy\u00e9 la Tunisie dans un tornade de cr\u00e9dits ind\u00e9nombrables<\/em>\u00bb.<\/p>\n\n\n\n<p>\u00ab<em>En outre, il a jou\u00e9 au plus malin en arnaquant l\u2019Union g\u00e9n\u00e9rale tunisienne du travail lors de la signature des accords de convention. Une tr\u00eave politique dans le pays me parait relever du domaine de l\u2019utopie<\/em>\u00bb, a-t-il ajout\u00e9.<\/p>\n\n\n\n<p class=\"has-text-align-right\"><strong>C. B. Y.<\/strong><\/p>\n","protected":false},"excerpt":{"rendered":"<p>Selon le politicien et syndicaliste Abid Briki, le soutien qu&rsquo;accorde actuellement le mouvement Ennahdha au chef du gouvernement Hichem Mechichi prendra fin d\u00e8s que le parti islamiste se sentira isol\u00e9.<\/p>\n","protected":false},"author":24,"featured_media":0,"comment_status":"open","ping_status":"open","sticky":false,"template":"","format":"standard","meta":{"footnotes":""},"categories":[997,2433],"tags":[13802,49543,74899],"class_list":["post-349559","post","type-post","status-publish","format-standard","hentry","category-politique","category-tunisie","tag-abid-briki","tag-ennahdha","tag-hichem-mechichi"],"yoast_head":"<!-- This site is optimized with the Yoast SEO plugin v26.6 - https:\/\/yoast.com\/wordpress\/plugins\/seo\/ -->\n<title>Abid Briki : \u00abEnnahdha finira par abandonner Hichem Mechichi\u00bb - Kapitalis<\/title>\n<meta name=\"robots\" content=\"index, follow, max-snippet:-1, max-image-preview:large, max-video-preview:-1\" \/>\n<link rel=\"canonical\" href=\"https:\/\/kapitalis.com\/tunisie\/2021\/05\/20\/abid-briki-ennahdha-finira-par-abandonner-hichem-mechichi\/\" \/>\n<meta property=\"og:locale\" content=\"fr_FR\" \/>\n<meta property=\"og:type\" content=\"article\" \/>\n<meta property=\"og:title\" content=\"Abid Briki : \u00abEnnahdha finira par abandonner Hichem Mechichi\u00bb - Kapitalis\" \/>\n<meta property=\"og:description\" content=\"Selon le politicien et syndicaliste Abid Briki, le soutien qu&rsquo;accorde actuellement le mouvement Ennahdha au chef du gouvernement Hichem Mechichi prendra fin d\u00e8s que le parti islamiste se sentira isol\u00e9.\" \/>\n<meta property=\"og:url\" content=\"https:\/\/kapitalis.com\/tunisie\/2021\/05\/20\/abid-briki-ennahdha-finira-par-abandonner-hichem-mechichi\/\" \/>\n<meta property=\"og:site_name\" content=\"Kapitalis\" \/>\n<meta property=\"article:publisher\" content=\"https:\/\/www.facebook.com\/KapitalisInfo\/\" \/>\n<meta property=\"article:published_time\" content=\"2021-05-20T15:54:58+00:00\" \/>\n<meta property=\"article:modified_time\" content=\"2021-05-20T15:55:00+00:00\" \/>\n<meta property=\"og:image\" content=\"http:\/\/kapitalis.com\/tunisie\/wp-content\/uploads\/2019\/09\/abid-briki.jpg\" \/>\n<meta name=\"author\" content=\"Cherif Benyounes\" \/>\n<meta name=\"twitter:card\" content=\"summary_large_image\" \/>\n<meta name=\"twitter:creator\" content=\"@KapitalisInfo\" \/>\n<meta name=\"twitter:site\" content=\"@KapitalisInfo\" \/>\n<meta name=\"twitter:label1\" content=\"\u00c9crit par\" \/>\n\t<meta name=\"twitter:data1\" content=\"Cherif Benyounes\" \/>\n\t<meta name=\"twitter:label2\" content=\"Dur\u00e9e de lecture estim\u00e9e\" \/>\n\t<meta name=\"twitter:data2\" content=\"1 minute\" \/>\n<script type=\"application\/ld+json\" class=\"yoast-schema-graph\">{\"@context\":\"https:\/\/schema.org\",\"@graph\":[{\"@type\":\"Article\",\"@id\":\"https:\/\/kapitalis.com\/tunisie\/2021\/05\/20\/abid-briki-ennahdha-finira-par-abandonner-hichem-mechichi\/#article\",\"isPartOf\":{\"@id\":\"https:\/\/kapitalis.com\/tunisie\/2021\/05\/20\/abid-briki-ennahdha-finira-par-abandonner-hichem-mechichi\/\"},\"author\":{\"name\":\"Cherif Benyounes\",\"@id\":\"https:\/\/kapitalis.com\/tunisie\/#\/schema\/person\/b35b8d631961131107263178aeb8019e\"},\"headline\":\"Abid Briki : \u00abEnnahdha finira par abandonner Hichem Mechichi\u00bb\",\"datePublished\":\"2021-05-20T15:54:58+00:00\",\"dateModified\":\"2021-05-20T15:55:00+00:00\",\"mainEntityOfPage\":{\"@id\":\"https:\/\/kapitalis.com\/tunisie\/2021\/05\/20\/abid-briki-ennahdha-finira-par-abandonner-hichem-mechichi\/\"},\"wordCount\":135,\"commentCount\":2,\"publisher\":{\"@id\":\"https:\/\/kapitalis.com\/tunisie\/#organization\"},\"image\":{\"@id\":\"https:\/\/kapitalis.com\/tunisie\/2021\/05\/20\/abid-briki-ennahdha-finira-par-abandonner-hichem-mechichi\/#primaryimage\"},\"thumbnailUrl\":\"http:\/\/kapitalis.com\/tunisie\/wp-content\/uploads\/2019\/09\/abid-briki.jpg\",\"keywords\":[\"Abid Briki\",\"Ennahdha\",\"Hichem Mechichi\"],\"articleSection\":[\"POLITIQUE\",\"Tunisie\"],\"inLanguage\":\"fr-FR\",\"potentialAction\":[{\"@type\":\"CommentAction\",\"name\":\"Comment\",\"target\":[\"https:\/\/kapitalis.com\/tunisie\/2021\/05\/20\/abid-briki-ennahdha-finira-par-abandonner-hichem-mechichi\/#respond\"]}]},{\"@type\":\"WebPage\",\"@id\":\"https:\/\/kapitalis.com\/tunisie\/2021\/05\/20\/abid-briki-ennahdha-finira-par-abandonner-hichem-mechichi\/\",\"url\":\"https:\/\/kapitalis.com\/tunisie\/2021\/05\/20\/abid-briki-ennahdha-finira-par-abandonner-hichem-mechichi\/\",\"name\":\"Abid Briki : \u00abEnnahdha finira par abandonner Hichem Mechichi\u00bb - Kapitalis\",\"isPartOf\":{\"@id\":\"https:\/\/kapitalis.com\/tunisie\/#website\"},\"primaryImageOfPage\":{\"@id\":\"https:\/\/kapitalis.com\/tunisie\/2021\/05\/20\/abid-briki-ennahdha-finira-par-abandonner-hichem-mechichi\/#primaryimage\"},\"image\":{\"@id\":\"https:\/\/kapitalis.com\/tunisie\/2021\/05\/20\/abid-briki-ennahdha-finira-par-abandonner-hichem-mechichi\/#primaryimage\"},\"thumbnailUrl\":\"http:\/\/kapitalis.com\/tunisie\/wp-content\/uploads\/2019\/09\/abid-briki.jpg\",\"datePublished\":\"2021-05-20T15:54:58+00:00\",\"dateModified\":\"2021-05-20T15:55:00+00:00\",\"breadcrumb\":{\"@id\":\"https:\/\/kapitalis.com\/tunisie\/2021\/05\/20\/abid-briki-ennahdha-finira-par-abandonner-hichem-mechichi\/#breadcrumb\"},\"inLanguage\":\"fr-FR\",\"potentialAction\":[{\"@type\":\"ReadAction\",\"target\":[\"https:\/\/kapitalis.com\/tunisie\/2021\/05\/20\/abid-briki-ennahdha-finira-par-abandonner-hichem-mechichi\/\"]}]},{\"@type\":\"ImageObject\",\"inLanguage\":\"fr-FR\",\"@id\":\"https:\/\/kapitalis.com\/tunisie\/2021\/05\/20\/abid-briki-ennahdha-finira-par-abandonner-hichem-mechichi\/#primaryimage\",\"url\":\"\",\"contentUrl\":\"\"},{\"@type\":\"BreadcrumbList\",\"@id\":\"https:\/\/kapitalis.com\/tunisie\/2021\/05\/20\/abid-briki-ennahdha-finira-par-abandonner-hichem-mechichi\/#breadcrumb\",\"itemListElement\":[{\"@type\":\"ListItem\",\"position\":1,\"name\":\"Accueil\",\"item\":\"https:\/\/kapitalis.com\/tunisie\/\"},{\"@type\":\"ListItem\",\"position\":2,\"name\":\"Abid Briki : \u00abEnnahdha finira par abandonner Hichem Mechichi\u00bb\"}]},{\"@type\":\"WebSite\",\"@id\":\"https:\/\/kapitalis.com\/tunisie\/#website\",\"url\":\"https:\/\/kapitalis.com\/tunisie\/\",\"name\":\"Kapitalis\",\"description\":\"L&#039;actualit\u00e9 en Tunisie et dans le monde\",\"publisher\":{\"@id\":\"https:\/\/kapitalis.com\/tunisie\/#organization\"},\"potentialAction\":[{\"@type\":\"SearchAction\",\"target\":{\"@type\":\"EntryPoint\",\"urlTemplate\":\"https:\/\/kapitalis.com\/tunisie\/?s={search_term_string}\"},\"query-input\":{\"@type\":\"PropertyValueSpecification\",\"valueRequired\":true,\"valueName\":\"search_term_string\"}}],\"inLanguage\":\"fr-FR\"},{\"@type\":\"Organization\",\"@id\":\"https:\/\/kapitalis.com\/tunisie\/#organization\",\"name\":\"Kapitalis\",\"url\":\"https:\/\/kapitalis.com\/tunisie\/\",\"logo\":{\"@type\":\"ImageObject\",\"inLanguage\":\"fr-FR\",\"@id\":\"https:\/\/kapitalis.com\/tunisie\/#\/schema\/logo\/image\/\",\"url\":\"https:\/\/kapitalis.com\/tunisie\/wp-content\/uploads\/2022\/05\/Kapitalis-big-size.png\",\"contentUrl\":\"https:\/\/kapitalis.com\/tunisie\/wp-content\/uploads\/2022\/05\/Kapitalis-big-size.png\",\"width\":5000,\"height\":1500,\"caption\":\"Kapitalis\"},\"image\":{\"@id\":\"https:\/\/kapitalis.com\/tunisie\/#\/schema\/logo\/image\/\"},\"sameAs\":[\"https:\/\/www.facebook.com\/KapitalisInfo\/\",\"https:\/\/x.com\/KapitalisInfo\",\"https:\/\/www.youtube.com\/channel\/UC-yDYrHyfFBWWZaOw3FPg9Q\"]},{\"@type\":\"Person\",\"@id\":\"https:\/\/kapitalis.com\/tunisie\/#\/schema\/person\/b35b8d631961131107263178aeb8019e\",\"name\":\"Cherif Benyounes\",\"url\":\"https:\/\/kapitalis.com\/tunisie\/author\/cherif\/\"}]}<\/script>\n<!-- \/ Yoast SEO plugin. -->","yoast_head_json":{"title":"Abid Briki : \u00abEnnahdha finira par abandonner Hichem Mechichi\u00bb - Kapitalis","robots":{"index":"index","follow":"follow","max-snippet":"max-snippet:-1","max-image-preview":"max-image-preview:large","max-video-preview":"max-video-preview:-1"},"canonical":"https:\/\/kapitalis.com\/tunisie\/2021\/05\/20\/abid-briki-ennahdha-finira-par-abandonner-hichem-mechichi\/","og_locale":"fr_FR","og_type":"article","og_title":"Abid Briki : \u00abEnnahdha finira par abandonner Hichem Mechichi\u00bb - Kapitalis","og_description":"Selon le politicien et syndicaliste Abid Briki, le soutien qu&rsquo;accorde actuellement le mouvement Ennahdha au chef du gouvernement Hichem Mechichi prendra fin d\u00e8s que le parti islamiste se sentira isol\u00e9.","og_url":"https:\/\/kapitalis.com\/tunisie\/2021\/05\/20\/abid-briki-ennahdha-finira-par-abandonner-hichem-mechichi\/","og_site_name":"Kapitalis","article_publisher":"https:\/\/www.facebook.com\/KapitalisInfo\/","article_published_time":"2021-05-20T15:54:58+00:00","article_modified_time":"2021-05-20T15:55:00+00:00","og_image":[{"url":"http:\/\/kapitalis.com\/tunisie\/wp-content\/uploads\/2019\/09\/abid-briki.jpg","type":"","width":"","height":""}],"author":"Cherif Benyounes","twitter_card":"summary_large_image","twitter_creator":"@KapitalisInfo","twitter_site":"@KapitalisInfo","twitter_misc":{"\u00c9crit par":"Cherif Benyounes","Dur\u00e9e de lecture estim\u00e9e":"1 minute"},"schema":{"@context":"https:\/\/schema.org","@graph":[{"@type":"Article","@id":"https:\/\/kapitalis.com\/tunisie\/2021\/05\/20\/abid-briki-ennahdha-finira-par-abandonner-hichem-mechichi\/#article","isPartOf":{"@id":"https:\/\/kapitalis.com\/tunisie\/2021\/05\/20\/abid-briki-ennahdha-finira-par-abandonner-hichem-mechichi\/"},"author":{"name":"Cherif Benyounes","@id":"https:\/\/kapitalis.com\/tunisie\/#\/schema\/person\/b35b8d631961131107263178aeb8019e"},"headline":"Abid Briki : \u00abEnnahdha finira par abandonner Hichem Mechichi\u00bb","datePublished":"2021-05-20T15:54:58+00:00","dateModified":"2021-05-20T15:55:00+00:00","mainEntityOfPage":{"@id":"https:\/\/kapitalis.com\/tunisie\/2021\/05\/20\/abid-briki-ennahdha-finira-par-abandonner-hichem-mechichi\/"},"wordCount":135,"commentCount":2,"publisher":{"@id":"https:\/\/kapitalis.com\/tunisie\/#organization"},"image":{"@id":"https:\/\/kapitalis.com\/tunisie\/2021\/05\/20\/abid-briki-ennahdha-finira-par-abandonner-hichem-mechichi\/#primaryimage"},"thumbnailUrl":"http:\/\/kapitalis.com\/tunisie\/wp-content\/uploads\/2019\/09\/abid-briki.jpg","keywords":["Abid Briki","Ennahdha","Hichem Mechichi"],"articleSection":["POLITIQUE","Tunisie"],"inLanguage":"fr-FR","potentialAction":[{"@type":"CommentAction","name":"Comment","target":["https:\/\/kapitalis.com\/tunisie\/2021\/05\/20\/abid-briki-ennahdha-finira-par-abandonner-hichem-mechichi\/#respond"]}]},{"@type":"WebPage","@id":"https:\/\/kapitalis.com\/tunisie\/2021\/05\/20\/abid-briki-ennahdha-finira-par-abandonner-hichem-mechichi\/","url":"https:\/\/kapitalis.com\/tunisie\/2021\/05\/20\/abid-briki-ennahdha-finira-par-abandonner-hichem-mechichi\/","name":"Abid Briki : \u00abEnnahdha finira par abandonner Hichem Mechichi\u00bb - Kapitalis","isPartOf":{"@id":"https:\/\/kapitalis.com\/tunisie\/#website"},"primaryImageOfPage":{"@id":"https:\/\/kapitalis.com\/tunisie\/2021\/05\/20\/abid-briki-ennahdha-finira-par-abandonner-hichem-mechichi\/#primaryimage"},"image":{"@id":"https:\/\/kapitalis.com\/tunisie\/2021\/05\/20\/abid-briki-ennahdha-finira-par-abandonner-hichem-mechichi\/#primaryimage"},"thumbnailUrl":"http:\/\/kapitalis.com\/tunisie\/wp-content\/uploads\/2019\/09\/abid-briki.jpg","datePublished":"2021-05-20T15:54:58+00:00","dateModified":"2021-05-20T15:55:00+00:00","breadcrumb":{"@id":"https:\/\/kapitalis.com\/tunisie\/2021\/05\/20\/abid-briki-ennahdha-finira-par-abandonner-hichem-mechichi\/#breadcrumb"},"inLanguage":"fr-FR","potentialAction":[{"@type":"ReadAction","target":["https:\/\/kapitalis.com\/tunisie\/2021\/05\/20\/abid-briki-ennahdha-finira-par-abandonner-hichem-mechichi\/"]}]},{"@type":"ImageObject","inLanguage":"fr-FR","@id":"https:\/\/kapitalis.com\/tunisie\/2021\/05\/20\/abid-briki-ennahdha-finira-par-abandonner-hichem-mechichi\/#primaryimage","url":"","contentUrl":""},{"@type":"BreadcrumbList","@id":"https:\/\/kapitalis.com\/tunisie\/2021\/05\/20\/abid-briki-ennahdha-finira-par-abandonner-hichem-mechichi\/#breadcrumb","itemListElement":[{"@type":"ListItem","position":1,"name":"Accueil","item":"https:\/\/kapitalis.com\/tunisie\/"},{"@type":"ListItem","position":2,"name":"Abid Briki : \u00abEnnahdha finira par abandonner Hichem Mechichi\u00bb"}]},{"@type":"WebSite","@id":"https:\/\/kapitalis.com\/tunisie\/#website","url":"https:\/\/kapitalis.com\/tunisie\/","name":"Kapitalis","description":"L&#039;actualit\u00e9 en Tunisie et dans le monde","publisher":{"@id":"https:\/\/kapitalis.com\/tunisie\/#organization"},"potentialAction":[{"@type":"SearchAction","target":{"@type":"EntryPoint","urlTemplate":"https:\/\/kapitalis.com\/tunisie\/?s={search_term_string}"},"query-input":{"@type":"PropertyValueSpecification","valueRequired":true,"valueName":"search_term_string"}}],"inLanguage":"fr-FR"},{"@type":"Organization","@id":"https:\/\/kapitalis.com\/tunisie\/#organization","name":"Kapitalis","url":"https:\/\/kapitalis.com\/tunisie\/","logo":{"@type":"ImageObject","inLanguage":"fr-FR","@id":"https:\/\/kapitalis.com\/tunisie\/#\/schema\/logo\/image\/","url":"https:\/\/kapitalis.com\/tunisie\/wp-content\/uploads\/2022\/05\/Kapitalis-big-size.png","contentUrl":"https:\/\/kapitalis.com\/tunisie\/wp-content\/uploads\/2022\/05\/Kapitalis-big-size.png","width":5000,"height":1500,"caption":"Kapitalis"},"image":{"@id":"https:\/\/kapitalis.com\/tunisie\/#\/schema\/logo\/image\/"},"sameAs":["https:\/\/www.facebook.com\/KapitalisInfo\/","https:\/\/x.com\/KapitalisInfo","https:\/\/www.youtube.com\/channel\/UC-yDYrHyfFBWWZaOw3FPg9Q"]},{"@type":"Person","@id":"https:\/\/kapitalis.com\/tunisie\/#\/schema\/person\/b35b8d631961131107263178aeb8019e","name":"Cherif Benyounes","url":"https:\/\/kapitalis.com\/tunisie\/author\/cherif\/"}]}},"_links":{"self":[{"href":"https:\/\/kapitalis.com\/tunisie\/wp-json\/wp\/v2\/posts\/349559","targetHints":{"allow":["GET"]}}],"collection":[{"href":"https:\/\/kapitalis.com\/tunisie\/wp-json\/wp\/v2\/posts"}],"about":[{"href":"https:\/\/kapitalis.com\/tunisie\/wp-json\/wp\/v2\/types\/post"}],"author":[{"embeddable":true,"href":"https:\/\/kapitalis.com\/tunisie\/wp-json\/wp\/v2\/users\/24"}],"replies":[{"embeddable":true,"href":"https:\/\/kapitalis.com\/tunisie\/wp-json\/wp\/v2\/comments?post=349559"}],"version-history":[{"count":0,"href":"https:\/\/kapitalis.com\/tunisie\/wp-json\/wp\/v2\/posts\/349559\/revisions"}],"wp:attachment":[{"href":"https:\/\/kapitalis.com\/tunisie\/wp-json\/wp\/v2\/media?parent=349559"}],"wp:term":[{"taxonomy":"category","embeddable":true,"href":"https:\/\/kapitalis.com\/tunisie\/wp-json\/wp\/v2\/categories?post=349559"},{"taxonomy":"post_tag","embeddable":true,"href":"https:\/\/kapitalis.com\/tunisie\/wp-json\/wp\/v2\/tags?post=349559"}],"curies":[{"name":"wp","href":"https:\/\/api.w.org\/{rel}","templated":true}]}}