{"id":349656,"date":"2021-05-21T15:11:30","date_gmt":"2021-05-21T14:11:30","guid":{"rendered":"http:\/\/kapitalis.com\/tunisie\/?p=349656"},"modified":"2021-05-21T21:14:57","modified_gmt":"2021-05-21T20:14:57","slug":"lugtt-appelle-les-employes-des-recettes-des-finances-a-reprendre-le-travail","status":"publish","type":"post","link":"https:\/\/kapitalis.com\/tunisie\/2021\/05\/21\/lugtt-appelle-les-employes-des-recettes-des-finances-a-reprendre-le-travail\/","title":{"rendered":"L\u2019UGTT appelle les employ\u00e9s des recettes des finances \u00e0 reprendre le travail"},"content":{"rendered":"\n<div class=\"wp-block-image\"><figure class=\"aligncenter size-large\"><img decoding=\"async\" src=\"http:\/\/kapitalis.com\/tunisie\/wp-content\/uploads\/2020\/03\/UGTT.jpg\" alt=\"\" class=\"wp-image-288189\"\/><\/figure><\/div>\n\n\n\n<p><strong><em>L\u2019Union g\u00e9n\u00e9rale tunisienne du travail (UGTT) appelle les agents et cadres des directions g\u00e9n\u00e9rales des recettes des finances et bureaux de contr\u00f4le des imp\u00f4ts, en gr\u00e8ve depuis le 29 avril dernier, \u00e0 reprendre le travail surtout en cette conjoncture particuli\u00e8re que travers le pays.<\/em><\/strong><\/p>\n\n\n\n<!--more-->\n\n\n\n<p>C&rsquo;est ce qu&rsquo;on lit dans un communiqu\u00e9, publi\u00e9 ce vendredi 21 mai 2021, par la centrale syndicale, sachant que les employ\u00e9s des recettes des finances viennent d&rsquo;annoncer que la gr\u00e8ve se poursuivra jusqu&rsquo;au 30 mai courant.<\/p>\n\n\n\n<p>Dans son communiqu\u00e9 l&rsquo;UGTT a \u00e9galement r\u00e9it\u00e9r\u00e9 son soutien aux droits des travailleurs en g\u00e9n\u00e9ral et desdits agents en particulier, dans ce communiqu\u00e9, tout en accusant, par ailleurs, ministre des Finances, Ali Kooli d&rsquo;\u00eatre responsable de cette situation marqu\u00e9e par une tension sociale ayant caus\u00e9, la gr\u00e8ve entam\u00e9e il y a un mois, sans pr\u00e9avis.<\/p>\n\n\n\n<p class=\"has-text-align-right\"><strong>Y. N.<\/strong><\/p>\n\n\n\n<figure class=\"wp-block-embed is-type-wp-embed is-provider-kapitalis wp-block-embed-kapitalis\"><div class=\"wp-block-embed__wrapper\">\n<blockquote class=\"wp-embedded-content\" data-secret=\"dXmJtEiJYQ\"><a href=\"https:\/\/kapitalis.com\/tunisie\/2021\/05\/21\/tunisie-la-greve-des-employes-des-recettes-des-finances-se-poursuivra-jusquau-30-mai-2021\/\">Tunisie : La gr\u00e8ve des employ\u00e9s des recettes des finances se poursuivra jusqu&rsquo;au 30 mai 2021<\/a><\/blockquote><iframe loading=\"lazy\" class=\"wp-embedded-content\" sandbox=\"allow-scripts\" security=\"restricted\" style=\"position: absolute; clip: rect(1px, 1px, 1px, 1px);\" title=\"\u00ab\u00a0Tunisie : La gr\u00e8ve des employ\u00e9s des recettes des finances se poursuivra jusqu&rsquo;au 30 mai 2021\u00a0\u00bb &#8212; Kapitalis\" src=\"https:\/\/kapitalis.com\/tunisie\/2021\/05\/21\/tunisie-la-greve-des-employes-des-recettes-des-finances-se-poursuivra-jusquau-30-mai-2021\/embed\/#?secret=zxPSzQL2VY#?secret=dXmJtEiJYQ\" data-secret=\"dXmJtEiJYQ\" width=\"600\" height=\"338\" frameborder=\"0\" marginwidth=\"0\" marginheight=\"0\" scrolling=\"no\"><\/iframe>\n<\/div><\/figure>\n","protected":false},"excerpt":{"rendered":"<p>L\u2019Union g\u00e9n\u00e9rale tunisienne du travail (UGTT) appelle les agents et cadres des directions g\u00e9n\u00e9rales des recettes des finances et bureaux de contr\u00f4le des imp\u00f4ts, en gr\u00e8ve depuis le 29 avril dernier, \u00e0 reprendre le travail surtout en cette conjoncture particuli\u00e8re que travers le pays.<\/p>\n","protected":false},"author":6,"featured_media":0,"comment_status":"open","ping_status":"open","sticky":false,"template":"","format":"standard","meta":{"footnotes":""},"categories":[998,2433],"tags":[6251,425,90340,90341,62643,936],"class_list":["post-349656","post","type-post","status-publish","format-standard","hentry","category-societe","category-tunisie","tag-centrale-syndicale","tag-greve","tag-recettes-finances","tag-reprise-travail","tag-tunisie","tag-ugtt"],"yoast_head":"<!-- This site is optimized with the Yoast SEO plugin v26.6 - https:\/\/yoast.com\/wordpress\/plugins\/seo\/ -->\n<title>L\u2019UGTT appelle les employ\u00e9s des recettes des finances \u00e0 reprendre le travail - Kapitalis<\/title>\n<meta name=\"robots\" content=\"index, follow, max-snippet:-1, max-image-preview:large, max-video-preview:-1\" \/>\n<link rel=\"canonical\" href=\"https:\/\/kapitalis.com\/tunisie\/2021\/05\/21\/lugtt-appelle-les-employes-des-recettes-des-finances-a-reprendre-le-travail\/\" \/>\n<meta property=\"og:locale\" content=\"fr_FR\" \/>\n<meta property=\"og:type\" content=\"article\" \/>\n<meta property=\"og:title\" content=\"L\u2019UGTT appelle les employ\u00e9s des recettes des finances \u00e0 reprendre le travail - Kapitalis\" \/>\n<meta property=\"og:description\" content=\"L\u2019Union g\u00e9n\u00e9rale tunisienne du travail (UGTT) appelle les agents et cadres des directions g\u00e9n\u00e9rales des recettes des finances et bureaux de contr\u00f4le des imp\u00f4ts, en gr\u00e8ve depuis le 29 avril dernier, \u00e0 reprendre le travail surtout en cette conjoncture particuli\u00e8re que travers le pays.\" \/>\n<meta property=\"og:url\" content=\"https:\/\/kapitalis.com\/tunisie\/2021\/05\/21\/lugtt-appelle-les-employes-des-recettes-des-finances-a-reprendre-le-travail\/\" \/>\n<meta property=\"og:site_name\" content=\"Kapitalis\" \/>\n<meta property=\"article:publisher\" content=\"https:\/\/www.facebook.com\/KapitalisInfo\/\" \/>\n<meta property=\"article:published_time\" content=\"2021-05-21T14:11:30+00:00\" \/>\n<meta property=\"article:modified_time\" content=\"2021-05-21T20:14:57+00:00\" \/>\n<meta property=\"og:image\" content=\"http:\/\/kapitalis.com\/tunisie\/wp-content\/uploads\/2020\/03\/UGTT.jpg\" \/>\n<meta name=\"author\" content=\"Yusra NY\" \/>\n<meta name=\"twitter:card\" content=\"summary_large_image\" \/>\n<meta name=\"twitter:creator\" content=\"@KapitalisInfo\" \/>\n<meta name=\"twitter:site\" content=\"@KapitalisInfo\" \/>\n<meta name=\"twitter:label1\" content=\"\u00c9crit par\" \/>\n\t<meta name=\"twitter:data1\" content=\"Yusra NY\" \/>\n\t<meta name=\"twitter:label2\" content=\"Dur\u00e9e de lecture estim\u00e9e\" \/>\n\t<meta name=\"twitter:data2\" content=\"1 minute\" \/>\n<script type=\"application\/ld+json\" class=\"yoast-schema-graph\">{\"@context\":\"https:\/\/schema.org\",\"@graph\":[{\"@type\":\"Article\",\"@id\":\"https:\/\/kapitalis.com\/tunisie\/2021\/05\/21\/lugtt-appelle-les-employes-des-recettes-des-finances-a-reprendre-le-travail\/#article\",\"isPartOf\":{\"@id\":\"https:\/\/kapitalis.com\/tunisie\/2021\/05\/21\/lugtt-appelle-les-employes-des-recettes-des-finances-a-reprendre-le-travail\/\"},\"author\":{\"name\":\"Yusra NY\",\"@id\":\"https:\/\/kapitalis.com\/tunisie\/#\/schema\/person\/74bbde0154d49d790a92aaeac5bc01d5\"},\"headline\":\"L\u2019UGTT appelle les employ\u00e9s des recettes des finances \u00e0 reprendre le travail\",\"datePublished\":\"2021-05-21T14:11:30+00:00\",\"dateModified\":\"2021-05-21T20:14:57+00:00\",\"mainEntityOfPage\":{\"@id\":\"https:\/\/kapitalis.com\/tunisie\/2021\/05\/21\/lugtt-appelle-les-employes-des-recettes-des-finances-a-reprendre-le-travail\/\"},\"wordCount\":171,\"commentCount\":2,\"publisher\":{\"@id\":\"https:\/\/kapitalis.com\/tunisie\/#organization\"},\"image\":{\"@id\":\"https:\/\/kapitalis.com\/tunisie\/2021\/05\/21\/lugtt-appelle-les-employes-des-recettes-des-finances-a-reprendre-le-travail\/#primaryimage\"},\"thumbnailUrl\":\"http:\/\/kapitalis.com\/tunisie\/wp-content\/uploads\/2020\/03\/UGTT.jpg\",\"keywords\":[\"centrale syndicale\",\"gr\u00e8ve\",\"recettes finances\",\"reprise travail\",\"Tunisie\",\"UGTT\"],\"articleSection\":[\"SOCIETE\",\"Tunisie\"],\"inLanguage\":\"fr-FR\",\"potentialAction\":[{\"@type\":\"CommentAction\",\"name\":\"Comment\",\"target\":[\"https:\/\/kapitalis.com\/tunisie\/2021\/05\/21\/lugtt-appelle-les-employes-des-recettes-des-finances-a-reprendre-le-travail\/#respond\"]}]},{\"@type\":\"WebPage\",\"@id\":\"https:\/\/kapitalis.com\/tunisie\/2021\/05\/21\/lugtt-appelle-les-employes-des-recettes-des-finances-a-reprendre-le-travail\/\",\"url\":\"https:\/\/kapitalis.com\/tunisie\/2021\/05\/21\/lugtt-appelle-les-employes-des-recettes-des-finances-a-reprendre-le-travail\/\",\"name\":\"L\u2019UGTT appelle les employ\u00e9s des recettes des finances \u00e0 reprendre le travail - Kapitalis\",\"isPartOf\":{\"@id\":\"https:\/\/kapitalis.com\/tunisie\/#website\"},\"primaryImageOfPage\":{\"@id\":\"https:\/\/kapitalis.com\/tunisie\/2021\/05\/21\/lugtt-appelle-les-employes-des-recettes-des-finances-a-reprendre-le-travail\/#primaryimage\"},\"image\":{\"@id\":\"https:\/\/kapitalis.com\/tunisie\/2021\/05\/21\/lugtt-appelle-les-employes-des-recettes-des-finances-a-reprendre-le-travail\/#primaryimage\"},\"thumbnailUrl\":\"http:\/\/kapitalis.com\/tunisie\/wp-content\/uploads\/2020\/03\/UGTT.jpg\",\"datePublished\":\"2021-05-21T14:11:30+00:00\",\"dateModified\":\"2021-05-21T20:14:57+00:00\",\"breadcrumb\":{\"@id\":\"https:\/\/kapitalis.com\/tunisie\/2021\/05\/21\/lugtt-appelle-les-employes-des-recettes-des-finances-a-reprendre-le-travail\/#breadcrumb\"},\"inLanguage\":\"fr-FR\",\"potentialAction\":[{\"@type\":\"ReadAction\",\"target\":[\"https:\/\/kapitalis.com\/tunisie\/2021\/05\/21\/lugtt-appelle-les-employes-des-recettes-des-finances-a-reprendre-le-travail\/\"]}]},{\"@type\":\"ImageObject\",\"inLanguage\":\"fr-FR\",\"@id\":\"https:\/\/kapitalis.com\/tunisie\/2021\/05\/21\/lugtt-appelle-les-employes-des-recettes-des-finances-a-reprendre-le-travail\/#primaryimage\",\"url\":\"\",\"contentUrl\":\"\"},{\"@type\":\"BreadcrumbList\",\"@id\":\"https:\/\/kapitalis.com\/tunisie\/2021\/05\/21\/lugtt-appelle-les-employes-des-recettes-des-finances-a-reprendre-le-travail\/#breadcrumb\",\"itemListElement\":[{\"@type\":\"ListItem\",\"position\":1,\"name\":\"Accueil\",\"item\":\"https:\/\/kapitalis.com\/tunisie\/\"},{\"@type\":\"ListItem\",\"position\":2,\"name\":\"L\u2019UGTT appelle les employ\u00e9s des recettes des finances \u00e0 reprendre le travail\"}]},{\"@type\":\"WebSite\",\"@id\":\"https:\/\/kapitalis.com\/tunisie\/#website\",\"url\":\"https:\/\/kapitalis.com\/tunisie\/\",\"name\":\"Kapitalis\",\"description\":\"L&#039;actualit\u00e9 en Tunisie et dans le monde\",\"publisher\":{\"@id\":\"https:\/\/kapitalis.com\/tunisie\/#organization\"},\"potentialAction\":[{\"@type\":\"SearchAction\",\"target\":{\"@type\":\"EntryPoint\",\"urlTemplate\":\"https:\/\/kapitalis.com\/tunisie\/?s={search_term_string}\"},\"query-input\":{\"@type\":\"PropertyValueSpecification\",\"valueRequired\":true,\"valueName\":\"search_term_string\"}}],\"inLanguage\":\"fr-FR\"},{\"@type\":\"Organization\",\"@id\":\"https:\/\/kapitalis.com\/tunisie\/#organization\",\"name\":\"Kapitalis\",\"url\":\"https:\/\/kapitalis.com\/tunisie\/\",\"logo\":{\"@type\":\"ImageObject\",\"inLanguage\":\"fr-FR\",\"@id\":\"https:\/\/kapitalis.com\/tunisie\/#\/schema\/logo\/image\/\",\"url\":\"https:\/\/kapitalis.com\/tunisie\/wp-content\/uploads\/2022\/05\/Kapitalis-big-size.png\",\"contentUrl\":\"https:\/\/kapitalis.com\/tunisie\/wp-content\/uploads\/2022\/05\/Kapitalis-big-size.png\",\"width\":5000,\"height\":1500,\"caption\":\"Kapitalis\"},\"image\":{\"@id\":\"https:\/\/kapitalis.com\/tunisie\/#\/schema\/logo\/image\/\"},\"sameAs\":[\"https:\/\/www.facebook.com\/KapitalisInfo\/\",\"https:\/\/x.com\/KapitalisInfo\",\"https:\/\/www.youtube.com\/channel\/UC-yDYrHyfFBWWZaOw3FPg9Q\"]},{\"@type\":\"Person\",\"@id\":\"https:\/\/kapitalis.com\/tunisie\/#\/schema\/person\/74bbde0154d49d790a92aaeac5bc01d5\",\"name\":\"Yusra NY\",\"url\":\"https:\/\/kapitalis.com\/tunisie\/author\/yuza_adam\/\"}]}<\/script>\n<!-- \/ Yoast SEO plugin. -->","yoast_head_json":{"title":"L\u2019UGTT appelle les employ\u00e9s des recettes des finances \u00e0 reprendre le travail - Kapitalis","robots":{"index":"index","follow":"follow","max-snippet":"max-snippet:-1","max-image-preview":"max-image-preview:large","max-video-preview":"max-video-preview:-1"},"canonical":"https:\/\/kapitalis.com\/tunisie\/2021\/05\/21\/lugtt-appelle-les-employes-des-recettes-des-finances-a-reprendre-le-travail\/","og_locale":"fr_FR","og_type":"article","og_title":"L\u2019UGTT appelle les employ\u00e9s des recettes des finances \u00e0 reprendre le travail - Kapitalis","og_description":"L\u2019Union g\u00e9n\u00e9rale tunisienne du travail (UGTT) appelle les agents et cadres des directions g\u00e9n\u00e9rales des recettes des finances et bureaux de contr\u00f4le des imp\u00f4ts, en gr\u00e8ve depuis le 29 avril dernier, \u00e0 reprendre le travail surtout en cette conjoncture particuli\u00e8re que travers le pays.","og_url":"https:\/\/kapitalis.com\/tunisie\/2021\/05\/21\/lugtt-appelle-les-employes-des-recettes-des-finances-a-reprendre-le-travail\/","og_site_name":"Kapitalis","article_publisher":"https:\/\/www.facebook.com\/KapitalisInfo\/","article_published_time":"2021-05-21T14:11:30+00:00","article_modified_time":"2021-05-21T20:14:57+00:00","og_image":[{"url":"http:\/\/kapitalis.com\/tunisie\/wp-content\/uploads\/2020\/03\/UGTT.jpg","type":"","width":"","height":""}],"author":"Yusra NY","twitter_card":"summary_large_image","twitter_creator":"@KapitalisInfo","twitter_site":"@KapitalisInfo","twitter_misc":{"\u00c9crit par":"Yusra NY","Dur\u00e9e de lecture estim\u00e9e":"1 minute"},"schema":{"@context":"https:\/\/schema.org","@graph":[{"@type":"Article","@id":"https:\/\/kapitalis.com\/tunisie\/2021\/05\/21\/lugtt-appelle-les-employes-des-recettes-des-finances-a-reprendre-le-travail\/#article","isPartOf":{"@id":"https:\/\/kapitalis.com\/tunisie\/2021\/05\/21\/lugtt-appelle-les-employes-des-recettes-des-finances-a-reprendre-le-travail\/"},"author":{"name":"Yusra NY","@id":"https:\/\/kapitalis.com\/tunisie\/#\/schema\/person\/74bbde0154d49d790a92aaeac5bc01d5"},"headline":"L\u2019UGTT appelle les employ\u00e9s des recettes des finances \u00e0 reprendre le travail","datePublished":"2021-05-21T14:11:30+00:00","dateModified":"2021-05-21T20:14:57+00:00","mainEntityOfPage":{"@id":"https:\/\/kapitalis.com\/tunisie\/2021\/05\/21\/lugtt-appelle-les-employes-des-recettes-des-finances-a-reprendre-le-travail\/"},"wordCount":171,"commentCount":2,"publisher":{"@id":"https:\/\/kapitalis.com\/tunisie\/#organization"},"image":{"@id":"https:\/\/kapitalis.com\/tunisie\/2021\/05\/21\/lugtt-appelle-les-employes-des-recettes-des-finances-a-reprendre-le-travail\/#primaryimage"},"thumbnailUrl":"http:\/\/kapitalis.com\/tunisie\/wp-content\/uploads\/2020\/03\/UGTT.jpg","keywords":["centrale syndicale","gr\u00e8ve","recettes finances","reprise travail","Tunisie","UGTT"],"articleSection":["SOCIETE","Tunisie"],"inLanguage":"fr-FR","potentialAction":[{"@type":"CommentAction","name":"Comment","target":["https:\/\/kapitalis.com\/tunisie\/2021\/05\/21\/lugtt-appelle-les-employes-des-recettes-des-finances-a-reprendre-le-travail\/#respond"]}]},{"@type":"WebPage","@id":"https:\/\/kapitalis.com\/tunisie\/2021\/05\/21\/lugtt-appelle-les-employes-des-recettes-des-finances-a-reprendre-le-travail\/","url":"https:\/\/kapitalis.com\/tunisie\/2021\/05\/21\/lugtt-appelle-les-employes-des-recettes-des-finances-a-reprendre-le-travail\/","name":"L\u2019UGTT appelle les employ\u00e9s des recettes des finances \u00e0 reprendre le travail - Kapitalis","isPartOf":{"@id":"https:\/\/kapitalis.com\/tunisie\/#website"},"primaryImageOfPage":{"@id":"https:\/\/kapitalis.com\/tunisie\/2021\/05\/21\/lugtt-appelle-les-employes-des-recettes-des-finances-a-reprendre-le-travail\/#primaryimage"},"image":{"@id":"https:\/\/kapitalis.com\/tunisie\/2021\/05\/21\/lugtt-appelle-les-employes-des-recettes-des-finances-a-reprendre-le-travail\/#primaryimage"},"thumbnailUrl":"http:\/\/kapitalis.com\/tunisie\/wp-content\/uploads\/2020\/03\/UGTT.jpg","datePublished":"2021-05-21T14:11:30+00:00","dateModified":"2021-05-21T20:14:57+00:00","breadcrumb":{"@id":"https:\/\/kapitalis.com\/tunisie\/2021\/05\/21\/lugtt-appelle-les-employes-des-recettes-des-finances-a-reprendre-le-travail\/#breadcrumb"},"inLanguage":"fr-FR","potentialAction":[{"@type":"ReadAction","target":["https:\/\/kapitalis.com\/tunisie\/2021\/05\/21\/lugtt-appelle-les-employes-des-recettes-des-finances-a-reprendre-le-travail\/"]}]},{"@type":"ImageObject","inLanguage":"fr-FR","@id":"https:\/\/kapitalis.com\/tunisie\/2021\/05\/21\/lugtt-appelle-les-employes-des-recettes-des-finances-a-reprendre-le-travail\/#primaryimage","url":"","contentUrl":""},{"@type":"BreadcrumbList","@id":"https:\/\/kapitalis.com\/tunisie\/2021\/05\/21\/lugtt-appelle-les-employes-des-recettes-des-finances-a-reprendre-le-travail\/#breadcrumb","itemListElement":[{"@type":"ListItem","position":1,"name":"Accueil","item":"https:\/\/kapitalis.com\/tunisie\/"},{"@type":"ListItem","position":2,"name":"L\u2019UGTT appelle les employ\u00e9s des recettes des finances \u00e0 reprendre le travail"}]},{"@type":"WebSite","@id":"https:\/\/kapitalis.com\/tunisie\/#website","url":"https:\/\/kapitalis.com\/tunisie\/","name":"Kapitalis","description":"L&#039;actualit\u00e9 en Tunisie et dans le monde","publisher":{"@id":"https:\/\/kapitalis.com\/tunisie\/#organization"},"potentialAction":[{"@type":"SearchAction","target":{"@type":"EntryPoint","urlTemplate":"https:\/\/kapitalis.com\/tunisie\/?s={search_term_string}"},"query-input":{"@type":"PropertyValueSpecification","valueRequired":true,"valueName":"search_term_string"}}],"inLanguage":"fr-FR"},{"@type":"Organization","@id":"https:\/\/kapitalis.com\/tunisie\/#organization","name":"Kapitalis","url":"https:\/\/kapitalis.com\/tunisie\/","logo":{"@type":"ImageObject","inLanguage":"fr-FR","@id":"https:\/\/kapitalis.com\/tunisie\/#\/schema\/logo\/image\/","url":"https:\/\/kapitalis.com\/tunisie\/wp-content\/uploads\/2022\/05\/Kapitalis-big-size.png","contentUrl":"https:\/\/kapitalis.com\/tunisie\/wp-content\/uploads\/2022\/05\/Kapitalis-big-size.png","width":5000,"height":1500,"caption":"Kapitalis"},"image":{"@id":"https:\/\/kapitalis.com\/tunisie\/#\/schema\/logo\/image\/"},"sameAs":["https:\/\/www.facebook.com\/KapitalisInfo\/","https:\/\/x.com\/KapitalisInfo","https:\/\/www.youtube.com\/channel\/UC-yDYrHyfFBWWZaOw3FPg9Q"]},{"@type":"Person","@id":"https:\/\/kapitalis.com\/tunisie\/#\/schema\/person\/74bbde0154d49d790a92aaeac5bc01d5","name":"Yusra NY","url":"https:\/\/kapitalis.com\/tunisie\/author\/yuza_adam\/"}]}},"_links":{"self":[{"href":"https:\/\/kapitalis.com\/tunisie\/wp-json\/wp\/v2\/posts\/349656","targetHints":{"allow":["GET"]}}],"collection":[{"href":"https:\/\/kapitalis.com\/tunisie\/wp-json\/wp\/v2\/posts"}],"about":[{"href":"https:\/\/kapitalis.com\/tunisie\/wp-json\/wp\/v2\/types\/post"}],"author":[{"embeddable":true,"href":"https:\/\/kapitalis.com\/tunisie\/wp-json\/wp\/v2\/users\/6"}],"replies":[{"embeddable":true,"href":"https:\/\/kapitalis.com\/tunisie\/wp-json\/wp\/v2\/comments?post=349656"}],"version-history":[{"count":0,"href":"https:\/\/kapitalis.com\/tunisie\/wp-json\/wp\/v2\/posts\/349656\/revisions"}],"wp:attachment":[{"href":"https:\/\/kapitalis.com\/tunisie\/wp-json\/wp\/v2\/media?parent=349656"}],"wp:term":[{"taxonomy":"category","embeddable":true,"href":"https:\/\/kapitalis.com\/tunisie\/wp-json\/wp\/v2\/categories?post=349656"},{"taxonomy":"post_tag","embeddable":true,"href":"https:\/\/kapitalis.com\/tunisie\/wp-json\/wp\/v2\/tags?post=349656"}],"curies":[{"name":"wp","href":"https:\/\/api.w.org\/{rel}","templated":true}]}}