{"id":34989,"date":"2016-01-15T11:07:24","date_gmt":"2016-01-15T10:07:24","guid":{"rendered":"http:\/\/kapitalis.com\/tunisie\/?p=34989"},"modified":"2016-01-15T11:07:24","modified_gmt":"2016-01-15T10:07:24","slug":"14-janvier-5-ans-apres-la-desillusion-des-tunisiens","status":"publish","type":"post","link":"https:\/\/kapitalis.com\/tunisie\/2016\/01\/15\/14-janvier-5-ans-apres-la-desillusion-des-tunisiens\/","title":{"rendered":"14-Janvier, 5 ans apr\u00e8s : La d\u00e9sillusion des Tunisiens"},"content":{"rendered":"<p><img loading=\"lazy\" decoding=\"async\" class=\"alignnone size-full wp-image-34990 aligncenter\" src=\"http:\/\/kapitalis.com\/tunisie\/wp-content\/uploads\/2016\/01\/14-Janvier-5e-anniversaire.jpg\" alt=\"14-Janvier-5e-anniversaire\" width=\"626\" height=\"380\" \/><\/p>\n<p><em><strong>Il y a 5 ans, la \u00abr\u00e9volution\u00bb tunisienne du 14-Janvier faisait \u00able printemps arabe\u00bb. Qu&rsquo;en est-il 5 ans apr\u00e8s? Les espoirs suscit\u00e9s ont-ils tous \u00e9t\u00e9 trahis?<\/strong><\/em><\/p>\n<p>Par <strong>Rachid Barnat<\/strong><\/p>\n<p><!--more--><\/p>\n<p>Toute la presse se penche sur le cinqui\u00e8me anniversaire de la r\u00e9volution tunisienne; et le ton g\u00e9n\u00e9ral de ces papiers est la d\u00e9sillusion et le constat d\u2019une sorte d\u2019\u00e9chec et de l\u2019absence de r\u00e9alisation des objectifs que le peuple tunisien s\u2019\u00e9tait donn\u00e9 un certain 14 janvier 2011.<\/p>\n<p>Peut-on donner tort \u00e0 ces \u00e9crits?<\/p>\n<p>En grande partie non, tant le pays a r\u00e9gress\u00e9 sur un certain nombre de plans. L&rsquo;\u00e9conomie va mal; et non pas seulement le tourisme. Elle va mal parce que pr\u00e9cis\u00e9ment, rien n\u2019\u00e9tant stabilis\u00e9, les investisseurs \u2013 et on peut les comprendre \u2013 h\u00e9sitent. Ils h\u00e9sitent aussi parce que l\u2019Etat de droit est d\u00e9faillant et que la corruption s&rsquo;est g\u00e9n\u00e9ralis\u00e9e et n\u2019a jamais autant prosp\u00e9r\u00e9.<\/p>\n<p>Le pays va mal car des institutions aussi fondamentales que la justice et que la police n\u2019ont pas \u00e9t\u00e9 suffisamment r\u00e9organis\u00e9es et des pratiques odieuses d\u2019un autre temps perdurent comme la torture et la maltraitance dans les prisons.<\/p>\n<p><strong>La crise politique toujours latente<\/strong><\/p>\n<p>Le pays va mal car les jeunes, qui aspiraient \u00e0 plus de libert\u00e9 et d\u2019ouverture sur le plan des m\u0153urs, sont poursuivis d\u00e8s qu\u2019ils ont une attitude qui ne convient pas aux marchands du temple et autres conservateurs. Ils se sentent rejet\u00e9s de la vie politique.<\/p>\n<p>La seule chose positive est la libert\u00e9 d\u2019expression dans les m\u00e9dias qui parfois ne sont pas \u00e0 la hauteur et tirent leur public vers le bas et sur les r\u00e9seaux sociaux. C\u2019est d\u2019ailleurs \u00e0 travers les r\u00e9seaux sociaux que l\u2019on se rend le mieux compte de la d\u00e9sillusion des Tunisiens.<\/p>\n<p>Maintenant il reste \u00e0 se demander qui porte la responsabilit\u00e9 de cette d\u00e9sillusion, alors qu\u2019une porte magnifique s\u2019ouvrait au pays.<\/p>\n<p>Dans un article r\u00e9cemment paru, Mustapha Kamel Nabli \u00e9crivait que la m\u00e8re de toutes les crises que l\u2019on conna\u00eet en Tunisie, c\u2019est la crise politique. Analyse pertinente que nous sommes nombreux \u00e0 partager. Si le pays est sur la voie de la r\u00e9gression et de l\u2019\u00e9chec, c\u2019est parce qu\u2019on a pas su r\u00e9gler la crise politique qui est toujours latente ainsi que le d\u00e9montre la crise de Nidaa Tounes.<\/p>\n<p style=\"text-align: center;\"><img loading=\"lazy\" decoding=\"async\" class=\"alignnone size-full wp-image-34991\" src=\"http:\/\/kapitalis.com\/tunisie\/wp-content\/uploads\/2016\/01\/Martyrs-de-la-revolution.jpg\" alt=\"Martyrs-de-la-revolution\" width=\"500\" height=\"350\" \/><\/p>\n<p style=\"text-align: center;\"><em>5 ans apr\u00e8s, une pens\u00e9e pour les martyrs de la r\u00e9volution de la dignit\u00e9.<\/em><\/p>\n<p>La crise essentielle est que l\u2019on a pas voulu clairement trancher entre deux conceptions diam\u00e9tralement oppos\u00e9es de la soci\u00e9t\u00e9, entre une conception moderniste et la\u00efque et une conception qui admet que des partis instrumentalisent la religion et divise les Tunisiens entre ceux qui sont de bons croyants et ceux qui ne le sont pas; lorsque au surplus, ces partis veulent imposer un islam r\u00e9trograde venu des pays du Golfe, que fonde le wahhabisme.<\/p>\n<p><strong>Accommodements et demi-mesures<\/strong><\/p>\n<p>Comment voulez-vous r\u00e9ussir \u00e0 faire progresser le pays avec un tel attelage? C\u2019est impossible. L\u2019id\u00e9e m\u00eame de <em>\u00abconsensus\u00bb<\/em> qui a \u00e9t\u00e9 tant salu\u00e9e au point de faire obtenir un Prix Nobel de la Paix \u00e0 ses instigateurs, a \u00e9t\u00e9 et demeure une grave erreur car le consensus c\u2019est l\u2019accommodement, les demi-mesures, le refus d\u2019une \u00e9volution soci\u00e9tale n\u00e9cessaire, l\u2019absence pour tout dire d\u2019un vrai projet de progr\u00e8s destin\u00e9 \u00e0 d\u00e9passer ce qu\u2019avait initi\u00e9 le pr\u00e9sident Bourguiba.<\/p>\n<p>Mais quand on a dit cela, on n\u2019a pas analys\u00e9 suffisamment les responsabilit\u00e9s. La responsabilit\u00e9 premi\u00e8re vient d\u2019une classe politique qui n\u2019a pas su d\u00e9gager en son sein un v\u00e9ritable homme d\u2019Etat, quelqu\u2019un qui aurait refus\u00e9 les petits arrangements et qui aurait propos\u00e9 au pays un nouveau contrat de progr\u00e8s, qui aurait refus\u00e9 de faire des salamalecs complaisants aux islamistes porteurs de r\u00e9gression, ainsi qu&rsquo;aux p\u00e9tro-monarques qui les soutiennent.<\/p>\n<p>En l\u2019absence d\u2019hommes d\u2019Etat, on a eu des petits politiciens de petite envergure, plut\u00f4t combinards qui, par peur, ont accept\u00e9 de traiter avec les Fr\u00e8res musulmans et de se courber devant Ghannouchi leur chef.<\/p>\n<p>Les Tunisiens avaient cru trouver cet homme d\u2019\u00c9tat en la personne de B\u00e9ji Ca\u00efd Essebsi et ils ont ressenti l\u2019alliance qu&rsquo;il a faite avec Ennahdha comme une trahison et, pour ne rien arranger, ils ont \u00e9t\u00e9 choqu\u00e9s par le comportement de son fils et le retour du n\u00e9potisme.<\/p>\n<p><strong>A la recherche d\u2019un homme d\u2019Etat<\/strong><\/p>\n<p>Tant que ne se l\u00e8vera pas, pouss\u00e9 par le peuple, un tel homme d&rsquo;Etat avec un projet clair et la volont\u00e9 de faire faire \u00e0 la Tunisie un nouveau pas vers le progr\u00e8s, on continuera \u00e0 c\u00e9l\u00e9brer dans la morosit\u00e9 des anniversaires de l\u2019\u00e9chec.<br \/>\nMais l&rsquo;histoire nous apprend que les r\u00e9volutions passent par toute sorte de phase : ceux qui la font, puis ceux qui la chevauchent les contre-r\u00e9volutionnaires, puis arrivent les opportunistes en tout genre politique et affairisme&#8230; jusqu&rsquo;\u00e0 ce que le peuple, s&rsquo;il reste vigilant, parvienne \u00e0 obtenir ce pourquoi il s&rsquo;est r\u00e9volt\u00e9. Cela a demand\u00e9 plus d&rsquo;un si\u00e8cle aux fran\u00e7ais ! Esp\u00e9rons que le peuple tunisien n&rsquo;aura pas \u00e0 attendre aussi longtemps pour jouir d&rsquo;une r\u00e9elle d\u00e9mocratie !<\/p>\n<p>Est-ce que les politiques qui ont quitt\u00e9 Nidaa peuvent \u00eatre ces porteurs d\u2019esp\u00e9rance? On aimerait le croire mais le pass\u00e9 de beaucoup laisse encore dans le c\u0153ur des Tunisiens beaucoup de doute.<\/p>\n<p>Au final il y a aussi la responsabilit\u00e9 des Tunisiens et de la soci\u00e9t\u00e9 civile. Certes elle est encore active sur les r\u00e9seaux sociaux mais on l&rsquo;a connue plus d\u00e9termin\u00e9e et plus active. Qui ne se souvient des combats qu&rsquo;elle a men\u00e9s dans la rue et qu&rsquo;elle a gagn\u00e9s faisant reculer les obscurantistes \u00e0 plusieurs reprises? Or, si elle discute encore, si elle se r\u00e9volte sur les r\u00e9seaux sociaux, elle agit de moins en moins, elle ne manifeste plus et elle croit que parce que des \u00e9lections ont eu lieu, son r\u00f4le est fini. Non ce r\u00f4le est encore absolument n\u00e9cessaire pour dire haut et fort ce qu&rsquo;elle veut pour le pays et pour ne pas laisser les politiciens aux petits pieds se livrer \u00e0 leurs combinaisons aux d\u00e9pens de l&rsquo;int\u00e9r\u00eat du pays.<\/p>\n<p>Enfin comment ne pas pointer du doigt la responsabilit\u00e9, en r\u00e9alit\u00e9 majeure, historique, de nombreux partis et notamment \u00e0 gauche qui n&rsquo;ont pas su se plier \u00e0 la r\u00e9alit\u00e9 politique du pays, qui, \u00e0 vouloir le mieux (selon eux!), ont fait \u00e9chouer le bien et n&rsquo;ont pas rendu possible une coalition moderniste.<\/p>\n<p>Tromp\u00e9s et trahis plusieurs fois, les Tunisiens ont, d\u00e9sormais, du mal \u00e0 croire les discours des politiques et attendent des engagements forts et des gages. Ils doivent le dire de plus en plus fort. Puissent-ils \u00eatre entendus !<\/p>\n<p><a href=\"http:\/\/latroisiemerepubliquetunisienne.blogspot.fr\/2016\/01\/la-responsabilite.html\" target=\"_blank\"><em><strong>Blog de l\u2019auteur. <\/strong><\/em><\/a><\/p>\n","protected":false},"excerpt":{"rendered":"<p>Il y a 5 ans, la \u00abr\u00e9volution\u00bb tunisienne du 14-Janvier faisait \u00able printemps arabe\u00bb. Qu&rsquo;en est-il 5 ans apr\u00e8s? Les espoirs suscit\u00e9s ont-ils tous \u00e9t\u00e9 trahis? Par Rachid Barnat<\/p>\n","protected":false},"author":8,"featured_media":34990,"comment_status":"open","ping_status":"open","sticky":false,"template":"","format":"standard","meta":{"footnotes":""},"categories":[992,1000,2433],"tags":[178,413,1648,788],"class_list":["post-34989","post","type-post","status-publish","format-standard","has-post-thumbnail","hentry","category-a-la-une","category-tribune","category-tunisie","tag-caid-essebsi","tag-ghannouchi","tag-islamistes","tag-revolution"],"yoast_head":"<!-- This site is optimized with the Yoast SEO plugin v26.6 - https:\/\/yoast.com\/wordpress\/plugins\/seo\/ -->\n<title>14-Janvier, 5 ans apr\u00e8s : La d\u00e9sillusion des Tunisiens - Kapitalis<\/title>\n<meta name=\"robots\" content=\"index, follow, max-snippet:-1, max-image-preview:large, max-video-preview:-1\" \/>\n<link rel=\"canonical\" href=\"https:\/\/kapitalis.com\/tunisie\/2016\/01\/15\/14-janvier-5-ans-apres-la-desillusion-des-tunisiens\/\" \/>\n<meta property=\"og:locale\" content=\"fr_FR\" \/>\n<meta property=\"og:type\" content=\"article\" \/>\n<meta property=\"og:title\" content=\"14-Janvier, 5 ans apr\u00e8s : La d\u00e9sillusion des Tunisiens - Kapitalis\" \/>\n<meta property=\"og:description\" content=\"Il y a 5 ans, la \u00abr\u00e9volution\u00bb tunisienne du 14-Janvier faisait \u00able printemps arabe\u00bb. Qu&rsquo;en est-il 5 ans apr\u00e8s? Les espoirs suscit\u00e9s ont-ils tous \u00e9t\u00e9 trahis? Par Rachid Barnat\" \/>\n<meta property=\"og:url\" content=\"https:\/\/kapitalis.com\/tunisie\/2016\/01\/15\/14-janvier-5-ans-apres-la-desillusion-des-tunisiens\/\" \/>\n<meta property=\"og:site_name\" content=\"Kapitalis\" \/>\n<meta property=\"article:publisher\" content=\"https:\/\/www.facebook.com\/KapitalisInfo\/\" \/>\n<meta property=\"article:published_time\" content=\"2016-01-15T10:07:24+00:00\" \/>\n<meta property=\"og:image\" content=\"https:\/\/kapitalis.com\/tunisie\/wp-content\/uploads\/2022\/05\/kapitalis-logo-fb.png\" \/>\n\t<meta property=\"og:image:width\" content=\"1200\" \/>\n\t<meta property=\"og:image:height\" content=\"630\" \/>\n\t<meta property=\"og:image:type\" content=\"image\/png\" \/>\n<meta name=\"author\" content=\"webmaster kapitalis\" \/>\n<meta name=\"twitter:card\" content=\"summary_large_image\" \/>\n<meta name=\"twitter:creator\" content=\"@KapitalisInfo\" \/>\n<meta name=\"twitter:site\" content=\"@KapitalisInfo\" \/>\n<meta name=\"twitter:label1\" content=\"\u00c9crit par\" \/>\n\t<meta name=\"twitter:data1\" content=\"webmaster kapitalis\" \/>\n\t<meta name=\"twitter:label2\" content=\"Dur\u00e9e de lecture estim\u00e9e\" \/>\n\t<meta name=\"twitter:data2\" content=\"6 minutes\" \/>\n<script type=\"application\/ld+json\" class=\"yoast-schema-graph\">{\"@context\":\"https:\/\/schema.org\",\"@graph\":[{\"@type\":\"Article\",\"@id\":\"https:\/\/kapitalis.com\/tunisie\/2016\/01\/15\/14-janvier-5-ans-apres-la-desillusion-des-tunisiens\/#article\",\"isPartOf\":{\"@id\":\"https:\/\/kapitalis.com\/tunisie\/2016\/01\/15\/14-janvier-5-ans-apres-la-desillusion-des-tunisiens\/\"},\"author\":{\"name\":\"webmaster kapitalis\",\"@id\":\"https:\/\/kapitalis.com\/tunisie\/#\/schema\/person\/d71f33a9ca44f7bad4698210b480c8e9\"},\"headline\":\"14-Janvier, 5 ans apr\u00e8s : La d\u00e9sillusion des Tunisiens\",\"datePublished\":\"2016-01-15T10:07:24+00:00\",\"mainEntityOfPage\":{\"@id\":\"https:\/\/kapitalis.com\/tunisie\/2016\/01\/15\/14-janvier-5-ans-apres-la-desillusion-des-tunisiens\/\"},\"wordCount\":1198,\"commentCount\":3,\"publisher\":{\"@id\":\"https:\/\/kapitalis.com\/tunisie\/#organization\"},\"image\":{\"@id\":\"https:\/\/kapitalis.com\/tunisie\/2016\/01\/15\/14-janvier-5-ans-apres-la-desillusion-des-tunisiens\/#primaryimage\"},\"thumbnailUrl\":\"\",\"keywords\":[\"Ca\u00efd Essebsi\",\"ghannouchi\",\"islamistes\",\"r\u00e9volution\"],\"articleSection\":[\"A LA UNE\",\"TRIBUNE\",\"Tunisie\"],\"inLanguage\":\"fr-FR\",\"potentialAction\":[{\"@type\":\"CommentAction\",\"name\":\"Comment\",\"target\":[\"https:\/\/kapitalis.com\/tunisie\/2016\/01\/15\/14-janvier-5-ans-apres-la-desillusion-des-tunisiens\/#respond\"]}]},{\"@type\":\"WebPage\",\"@id\":\"https:\/\/kapitalis.com\/tunisie\/2016\/01\/15\/14-janvier-5-ans-apres-la-desillusion-des-tunisiens\/\",\"url\":\"https:\/\/kapitalis.com\/tunisie\/2016\/01\/15\/14-janvier-5-ans-apres-la-desillusion-des-tunisiens\/\",\"name\":\"14-Janvier, 5 ans apr\u00e8s : La d\u00e9sillusion des Tunisiens - Kapitalis\",\"isPartOf\":{\"@id\":\"https:\/\/kapitalis.com\/tunisie\/#website\"},\"primaryImageOfPage\":{\"@id\":\"https:\/\/kapitalis.com\/tunisie\/2016\/01\/15\/14-janvier-5-ans-apres-la-desillusion-des-tunisiens\/#primaryimage\"},\"image\":{\"@id\":\"https:\/\/kapitalis.com\/tunisie\/2016\/01\/15\/14-janvier-5-ans-apres-la-desillusion-des-tunisiens\/#primaryimage\"},\"thumbnailUrl\":\"\",\"datePublished\":\"2016-01-15T10:07:24+00:00\",\"breadcrumb\":{\"@id\":\"https:\/\/kapitalis.com\/tunisie\/2016\/01\/15\/14-janvier-5-ans-apres-la-desillusion-des-tunisiens\/#breadcrumb\"},\"inLanguage\":\"fr-FR\",\"potentialAction\":[{\"@type\":\"ReadAction\",\"target\":[\"https:\/\/kapitalis.com\/tunisie\/2016\/01\/15\/14-janvier-5-ans-apres-la-desillusion-des-tunisiens\/\"]}]},{\"@type\":\"ImageObject\",\"inLanguage\":\"fr-FR\",\"@id\":\"https:\/\/kapitalis.com\/tunisie\/2016\/01\/15\/14-janvier-5-ans-apres-la-desillusion-des-tunisiens\/#primaryimage\",\"url\":\"\",\"contentUrl\":\"\"},{\"@type\":\"BreadcrumbList\",\"@id\":\"https:\/\/kapitalis.com\/tunisie\/2016\/01\/15\/14-janvier-5-ans-apres-la-desillusion-des-tunisiens\/#breadcrumb\",\"itemListElement\":[{\"@type\":\"ListItem\",\"position\":1,\"name\":\"Accueil\",\"item\":\"https:\/\/kapitalis.com\/tunisie\/\"},{\"@type\":\"ListItem\",\"position\":2,\"name\":\"14-Janvier, 5 ans apr\u00e8s : La d\u00e9sillusion des Tunisiens\"}]},{\"@type\":\"WebSite\",\"@id\":\"https:\/\/kapitalis.com\/tunisie\/#website\",\"url\":\"https:\/\/kapitalis.com\/tunisie\/\",\"name\":\"Kapitalis\",\"description\":\"L&#039;actualit\u00e9 en Tunisie et dans le monde\",\"publisher\":{\"@id\":\"https:\/\/kapitalis.com\/tunisie\/#organization\"},\"potentialAction\":[{\"@type\":\"SearchAction\",\"target\":{\"@type\":\"EntryPoint\",\"urlTemplate\":\"https:\/\/kapitalis.com\/tunisie\/?s={search_term_string}\"},\"query-input\":{\"@type\":\"PropertyValueSpecification\",\"valueRequired\":true,\"valueName\":\"search_term_string\"}}],\"inLanguage\":\"fr-FR\"},{\"@type\":\"Organization\",\"@id\":\"https:\/\/kapitalis.com\/tunisie\/#organization\",\"name\":\"Kapitalis\",\"url\":\"https:\/\/kapitalis.com\/tunisie\/\",\"logo\":{\"@type\":\"ImageObject\",\"inLanguage\":\"fr-FR\",\"@id\":\"https:\/\/kapitalis.com\/tunisie\/#\/schema\/logo\/image\/\",\"url\":\"https:\/\/kapitalis.com\/tunisie\/wp-content\/uploads\/2022\/05\/Kapitalis-big-size.png\",\"contentUrl\":\"https:\/\/kapitalis.com\/tunisie\/wp-content\/uploads\/2022\/05\/Kapitalis-big-size.png\",\"width\":5000,\"height\":1500,\"caption\":\"Kapitalis\"},\"image\":{\"@id\":\"https:\/\/kapitalis.com\/tunisie\/#\/schema\/logo\/image\/\"},\"sameAs\":[\"https:\/\/www.facebook.com\/KapitalisInfo\/\",\"https:\/\/x.com\/KapitalisInfo\",\"https:\/\/www.youtube.com\/channel\/UC-yDYrHyfFBWWZaOw3FPg9Q\"]},{\"@type\":\"Person\",\"@id\":\"https:\/\/kapitalis.com\/tunisie\/#\/schema\/person\/d71f33a9ca44f7bad4698210b480c8e9\",\"name\":\"webmaster kapitalis\",\"url\":\"https:\/\/kapitalis.com\/tunisie\/author\/webmaster-kapitalis\/\"}]}<\/script>\n<!-- \/ Yoast SEO plugin. -->","yoast_head_json":{"title":"14-Janvier, 5 ans apr\u00e8s : La d\u00e9sillusion des Tunisiens - Kapitalis","robots":{"index":"index","follow":"follow","max-snippet":"max-snippet:-1","max-image-preview":"max-image-preview:large","max-video-preview":"max-video-preview:-1"},"canonical":"https:\/\/kapitalis.com\/tunisie\/2016\/01\/15\/14-janvier-5-ans-apres-la-desillusion-des-tunisiens\/","og_locale":"fr_FR","og_type":"article","og_title":"14-Janvier, 5 ans apr\u00e8s : La d\u00e9sillusion des Tunisiens - Kapitalis","og_description":"Il y a 5 ans, la \u00abr\u00e9volution\u00bb tunisienne du 14-Janvier faisait \u00able printemps arabe\u00bb. Qu&rsquo;en est-il 5 ans apr\u00e8s? Les espoirs suscit\u00e9s ont-ils tous \u00e9t\u00e9 trahis? Par Rachid Barnat","og_url":"https:\/\/kapitalis.com\/tunisie\/2016\/01\/15\/14-janvier-5-ans-apres-la-desillusion-des-tunisiens\/","og_site_name":"Kapitalis","article_publisher":"https:\/\/www.facebook.com\/KapitalisInfo\/","article_published_time":"2016-01-15T10:07:24+00:00","og_image":[{"width":1200,"height":630,"url":"https:\/\/kapitalis.com\/tunisie\/wp-content\/uploads\/2022\/05\/kapitalis-logo-fb.png","type":"image\/png"}],"author":"webmaster kapitalis","twitter_card":"summary_large_image","twitter_creator":"@KapitalisInfo","twitter_site":"@KapitalisInfo","twitter_misc":{"\u00c9crit par":"webmaster kapitalis","Dur\u00e9e de lecture estim\u00e9e":"6 minutes"},"schema":{"@context":"https:\/\/schema.org","@graph":[{"@type":"Article","@id":"https:\/\/kapitalis.com\/tunisie\/2016\/01\/15\/14-janvier-5-ans-apres-la-desillusion-des-tunisiens\/#article","isPartOf":{"@id":"https:\/\/kapitalis.com\/tunisie\/2016\/01\/15\/14-janvier-5-ans-apres-la-desillusion-des-tunisiens\/"},"author":{"name":"webmaster kapitalis","@id":"https:\/\/kapitalis.com\/tunisie\/#\/schema\/person\/d71f33a9ca44f7bad4698210b480c8e9"},"headline":"14-Janvier, 5 ans apr\u00e8s : La d\u00e9sillusion des Tunisiens","datePublished":"2016-01-15T10:07:24+00:00","mainEntityOfPage":{"@id":"https:\/\/kapitalis.com\/tunisie\/2016\/01\/15\/14-janvier-5-ans-apres-la-desillusion-des-tunisiens\/"},"wordCount":1198,"commentCount":3,"publisher":{"@id":"https:\/\/kapitalis.com\/tunisie\/#organization"},"image":{"@id":"https:\/\/kapitalis.com\/tunisie\/2016\/01\/15\/14-janvier-5-ans-apres-la-desillusion-des-tunisiens\/#primaryimage"},"thumbnailUrl":"","keywords":["Ca\u00efd Essebsi","ghannouchi","islamistes","r\u00e9volution"],"articleSection":["A LA UNE","TRIBUNE","Tunisie"],"inLanguage":"fr-FR","potentialAction":[{"@type":"CommentAction","name":"Comment","target":["https:\/\/kapitalis.com\/tunisie\/2016\/01\/15\/14-janvier-5-ans-apres-la-desillusion-des-tunisiens\/#respond"]}]},{"@type":"WebPage","@id":"https:\/\/kapitalis.com\/tunisie\/2016\/01\/15\/14-janvier-5-ans-apres-la-desillusion-des-tunisiens\/","url":"https:\/\/kapitalis.com\/tunisie\/2016\/01\/15\/14-janvier-5-ans-apres-la-desillusion-des-tunisiens\/","name":"14-Janvier, 5 ans apr\u00e8s : La d\u00e9sillusion des Tunisiens - Kapitalis","isPartOf":{"@id":"https:\/\/kapitalis.com\/tunisie\/#website"},"primaryImageOfPage":{"@id":"https:\/\/kapitalis.com\/tunisie\/2016\/01\/15\/14-janvier-5-ans-apres-la-desillusion-des-tunisiens\/#primaryimage"},"image":{"@id":"https:\/\/kapitalis.com\/tunisie\/2016\/01\/15\/14-janvier-5-ans-apres-la-desillusion-des-tunisiens\/#primaryimage"},"thumbnailUrl":"","datePublished":"2016-01-15T10:07:24+00:00","breadcrumb":{"@id":"https:\/\/kapitalis.com\/tunisie\/2016\/01\/15\/14-janvier-5-ans-apres-la-desillusion-des-tunisiens\/#breadcrumb"},"inLanguage":"fr-FR","potentialAction":[{"@type":"ReadAction","target":["https:\/\/kapitalis.com\/tunisie\/2016\/01\/15\/14-janvier-5-ans-apres-la-desillusion-des-tunisiens\/"]}]},{"@type":"ImageObject","inLanguage":"fr-FR","@id":"https:\/\/kapitalis.com\/tunisie\/2016\/01\/15\/14-janvier-5-ans-apres-la-desillusion-des-tunisiens\/#primaryimage","url":"","contentUrl":""},{"@type":"BreadcrumbList","@id":"https:\/\/kapitalis.com\/tunisie\/2016\/01\/15\/14-janvier-5-ans-apres-la-desillusion-des-tunisiens\/#breadcrumb","itemListElement":[{"@type":"ListItem","position":1,"name":"Accueil","item":"https:\/\/kapitalis.com\/tunisie\/"},{"@type":"ListItem","position":2,"name":"14-Janvier, 5 ans apr\u00e8s : La d\u00e9sillusion des Tunisiens"}]},{"@type":"WebSite","@id":"https:\/\/kapitalis.com\/tunisie\/#website","url":"https:\/\/kapitalis.com\/tunisie\/","name":"Kapitalis","description":"L&#039;actualit\u00e9 en Tunisie et dans le monde","publisher":{"@id":"https:\/\/kapitalis.com\/tunisie\/#organization"},"potentialAction":[{"@type":"SearchAction","target":{"@type":"EntryPoint","urlTemplate":"https:\/\/kapitalis.com\/tunisie\/?s={search_term_string}"},"query-input":{"@type":"PropertyValueSpecification","valueRequired":true,"valueName":"search_term_string"}}],"inLanguage":"fr-FR"},{"@type":"Organization","@id":"https:\/\/kapitalis.com\/tunisie\/#organization","name":"Kapitalis","url":"https:\/\/kapitalis.com\/tunisie\/","logo":{"@type":"ImageObject","inLanguage":"fr-FR","@id":"https:\/\/kapitalis.com\/tunisie\/#\/schema\/logo\/image\/","url":"https:\/\/kapitalis.com\/tunisie\/wp-content\/uploads\/2022\/05\/Kapitalis-big-size.png","contentUrl":"https:\/\/kapitalis.com\/tunisie\/wp-content\/uploads\/2022\/05\/Kapitalis-big-size.png","width":5000,"height":1500,"caption":"Kapitalis"},"image":{"@id":"https:\/\/kapitalis.com\/tunisie\/#\/schema\/logo\/image\/"},"sameAs":["https:\/\/www.facebook.com\/KapitalisInfo\/","https:\/\/x.com\/KapitalisInfo","https:\/\/www.youtube.com\/channel\/UC-yDYrHyfFBWWZaOw3FPg9Q"]},{"@type":"Person","@id":"https:\/\/kapitalis.com\/tunisie\/#\/schema\/person\/d71f33a9ca44f7bad4698210b480c8e9","name":"webmaster kapitalis","url":"https:\/\/kapitalis.com\/tunisie\/author\/webmaster-kapitalis\/"}]}},"_links":{"self":[{"href":"https:\/\/kapitalis.com\/tunisie\/wp-json\/wp\/v2\/posts\/34989","targetHints":{"allow":["GET"]}}],"collection":[{"href":"https:\/\/kapitalis.com\/tunisie\/wp-json\/wp\/v2\/posts"}],"about":[{"href":"https:\/\/kapitalis.com\/tunisie\/wp-json\/wp\/v2\/types\/post"}],"author":[{"embeddable":true,"href":"https:\/\/kapitalis.com\/tunisie\/wp-json\/wp\/v2\/users\/8"}],"replies":[{"embeddable":true,"href":"https:\/\/kapitalis.com\/tunisie\/wp-json\/wp\/v2\/comments?post=34989"}],"version-history":[{"count":0,"href":"https:\/\/kapitalis.com\/tunisie\/wp-json\/wp\/v2\/posts\/34989\/revisions"}],"wp:featuredmedia":[{"embeddable":true,"href":"https:\/\/kapitalis.com\/tunisie\/wp-json\/wp\/v2\/media\/34990"}],"wp:attachment":[{"href":"https:\/\/kapitalis.com\/tunisie\/wp-json\/wp\/v2\/media?parent=34989"}],"wp:term":[{"taxonomy":"category","embeddable":true,"href":"https:\/\/kapitalis.com\/tunisie\/wp-json\/wp\/v2\/categories?post=34989"},{"taxonomy":"post_tag","embeddable":true,"href":"https:\/\/kapitalis.com\/tunisie\/wp-json\/wp\/v2\/tags?post=34989"}],"curies":[{"name":"wp","href":"https:\/\/api.w.org\/{rel}","templated":true}]}}