{"id":350174,"date":"2021-05-26T10:47:57","date_gmt":"2021-05-26T09:47:57","guid":{"rendered":"http:\/\/kapitalis.com\/tunisie\/?p=350174"},"modified":"2021-05-26T10:49:21","modified_gmt":"2021-05-26T09:49:21","slug":"parlement-vers-une-motion-de-censure-contre-hichem-mechichi","status":"publish","type":"post","link":"https:\/\/kapitalis.com\/tunisie\/2021\/05\/26\/parlement-vers-une-motion-de-censure-contre-hichem-mechichi\/","title":{"rendered":"Parlement : Vers une motion de censure contre Hichem Mechichi ?"},"content":{"rendered":"\n<figure class=\"wp-block-image size-large\"><img decoding=\"async\" src=\"http:\/\/kapitalis.com\/tunisie\/wp-content\/uploads\/2020\/12\/Hichem-Mechichi-1.jpg\" alt=\"\" class=\"wp-image-328540\"\/><\/figure>\n\n\n\n<p><strong><em>La d\u00e9put\u00e9 du bloc de la R\u00e9forme, Lilia Bellil, a laiss\u00e9 entendre hier, mardi 25 mai 2021, qu&rsquo;une motion de censure pourrait prochainement voir le jour \u00e0 l&rsquo;Assembl\u00e9e des repr\u00e9sentants du peuple (ARP), \u00e0 l&rsquo;encontre du chef du gouvernement, Hichem Mechichi.<\/em><\/strong><\/p>\n\n\n\n<!--more-->\n\n\n\n<p>Dans une d\u00e9claration accord\u00e9e \u00e0 Express FM, l&rsquo;ancienne d\u00e9put\u00e9e de Qalb Tounes a confirm\u00e9 le lancement d\u2019une initiative parlementaire ayant pour but de retirer la confiance au chef du gouvernement\u00a0et de proposer une autre personnalit\u00e9 \u00e0 sa place, lui reprochant notamment de ne pas respecter les dispositions de la constitution tunisienne, et en particulier l\u2019article 21 qui concerne le principe de l\u2019\u00e9galit\u00e9 entre les citoyens.<\/p>\n\n\n\n<p>Lilia Bellil, qui est vice-pr\u00e9sidente de la commission des Tunisiens \u00e0 l\u2019\u00e9tranger au sein de l\u2019ARP, a, par ailleurs, critiqu\u00e9 la discrimination gouvernementale, apr\u00e8s la d\u00e9cision de contraindre les Tunisiens r\u00e9sidant \u00e0 l&rsquo;\u00e9tranger \u00e0 une quarantaine sanitaire, lorsqu&rsquo;il retournent au pays, alors que les individus venant de Libye en sont dispens\u00e9s. Elle a \u00e9galement menac\u00e9 de porter plainte contre Mechichi \u00e0 ce sujet.<\/p>\n\n\n\n<div class=\"wp-block-image\"><figure class=\"aligncenter size-large is-resized\"><img loading=\"lazy\" decoding=\"async\" src=\"http:\/\/kapitalis.com\/tunisie\/wp-content\/uploads\/2020\/09\/Lilia-Bellil.jpg\" alt=\"\" class=\"wp-image-316512\" width=\"500\" height=\"380\"\/><\/figure><\/div>\n\n\n\n<p>Elle a ajout\u00e9 qu\u2019elle avait donn\u00e9 au chef du gouvernement 24 heures pour annuler cette d\u00e9cision de quarantaine obligatoire dans un h\u00f4tel impos\u00e9e aux Tunisiens de retour de l\u2019\u00e9tranger, notant qu\u2019il y avait une interaction du bureau de la pr\u00e9sidence du gouvernance pour r\u00e9pondre \u00e0 cette demande.<\/p>\n\n\n\n<p class=\"has-text-align-right\"><strong>C. B. Y.<\/strong><\/p>\n","protected":false},"excerpt":{"rendered":"<p>La d\u00e9put\u00e9 du bloc de la R\u00e9forme, Lilia Bellil, a laiss\u00e9 entendre hier, mardi 25 mai 2021, qu&rsquo;une motion de censure pourrait prochainement voir le jour \u00e0 l&rsquo;Assembl\u00e9e des repr\u00e9sentants du peuple (ARP), \u00e0 l&rsquo;encontre du chef du gouvernement, Hichem Mechichi.<\/p>\n","protected":false},"author":24,"featured_media":0,"comment_status":"open","ping_status":"open","sticky":false,"template":"","format":"standard","meta":{"footnotes":""},"categories":[997,2433],"tags":[75598,74899,81246,61989],"class_list":["post-350174","post","type-post","status-publish","format-standard","hentry","category-politique","category-tunisie","tag-bloc-de-la-reforme","tag-hichem-mechichi","tag-lilia-bellil","tag-qalb-tounes"],"yoast_head":"<!-- This site is optimized with the Yoast SEO plugin v26.6 - https:\/\/yoast.com\/wordpress\/plugins\/seo\/ -->\n<title>Parlement : Vers une motion de censure contre Hichem Mechichi ? - Kapitalis<\/title>\n<meta name=\"robots\" content=\"index, follow, max-snippet:-1, max-image-preview:large, max-video-preview:-1\" \/>\n<link rel=\"canonical\" href=\"https:\/\/kapitalis.com\/tunisie\/2021\/05\/26\/parlement-vers-une-motion-de-censure-contre-hichem-mechichi\/\" \/>\n<meta property=\"og:locale\" content=\"fr_FR\" \/>\n<meta property=\"og:type\" content=\"article\" \/>\n<meta property=\"og:title\" content=\"Parlement : Vers une motion de censure contre Hichem Mechichi ? - Kapitalis\" \/>\n<meta property=\"og:description\" content=\"La d\u00e9put\u00e9 du bloc de la R\u00e9forme, Lilia Bellil, a laiss\u00e9 entendre hier, mardi 25 mai 2021, qu&rsquo;une motion de censure pourrait prochainement voir le jour \u00e0 l&rsquo;Assembl\u00e9e des repr\u00e9sentants du peuple (ARP), \u00e0 l&rsquo;encontre du chef du gouvernement, Hichem Mechichi.\" \/>\n<meta property=\"og:url\" content=\"https:\/\/kapitalis.com\/tunisie\/2021\/05\/26\/parlement-vers-une-motion-de-censure-contre-hichem-mechichi\/\" \/>\n<meta property=\"og:site_name\" content=\"Kapitalis\" \/>\n<meta property=\"article:publisher\" content=\"https:\/\/www.facebook.com\/KapitalisInfo\/\" \/>\n<meta property=\"article:published_time\" content=\"2021-05-26T09:47:57+00:00\" \/>\n<meta property=\"article:modified_time\" content=\"2021-05-26T09:49:21+00:00\" \/>\n<meta property=\"og:image\" content=\"http:\/\/kapitalis.com\/tunisie\/wp-content\/uploads\/2020\/12\/Hichem-Mechichi-1.jpg\" \/>\n<meta name=\"author\" content=\"Cherif Benyounes\" \/>\n<meta name=\"twitter:card\" content=\"summary_large_image\" \/>\n<meta name=\"twitter:creator\" content=\"@KapitalisInfo\" \/>\n<meta name=\"twitter:site\" content=\"@KapitalisInfo\" \/>\n<meta name=\"twitter:label1\" content=\"\u00c9crit par\" \/>\n\t<meta name=\"twitter:data1\" content=\"Cherif Benyounes\" \/>\n\t<meta name=\"twitter:label2\" content=\"Dur\u00e9e de lecture estim\u00e9e\" \/>\n\t<meta name=\"twitter:data2\" content=\"1 minute\" \/>\n<script type=\"application\/ld+json\" class=\"yoast-schema-graph\">{\"@context\":\"https:\/\/schema.org\",\"@graph\":[{\"@type\":\"Article\",\"@id\":\"https:\/\/kapitalis.com\/tunisie\/2021\/05\/26\/parlement-vers-une-motion-de-censure-contre-hichem-mechichi\/#article\",\"isPartOf\":{\"@id\":\"https:\/\/kapitalis.com\/tunisie\/2021\/05\/26\/parlement-vers-une-motion-de-censure-contre-hichem-mechichi\/\"},\"author\":{\"name\":\"Cherif Benyounes\",\"@id\":\"https:\/\/kapitalis.com\/tunisie\/#\/schema\/person\/b35b8d631961131107263178aeb8019e\"},\"headline\":\"Parlement : Vers une motion de censure contre Hichem Mechichi ?\",\"datePublished\":\"2021-05-26T09:47:57+00:00\",\"dateModified\":\"2021-05-26T09:49:21+00:00\",\"mainEntityOfPage\":{\"@id\":\"https:\/\/kapitalis.com\/tunisie\/2021\/05\/26\/parlement-vers-une-motion-de-censure-contre-hichem-mechichi\/\"},\"wordCount\":243,\"commentCount\":1,\"publisher\":{\"@id\":\"https:\/\/kapitalis.com\/tunisie\/#organization\"},\"image\":{\"@id\":\"https:\/\/kapitalis.com\/tunisie\/2021\/05\/26\/parlement-vers-une-motion-de-censure-contre-hichem-mechichi\/#primaryimage\"},\"thumbnailUrl\":\"http:\/\/kapitalis.com\/tunisie\/wp-content\/uploads\/2020\/12\/Hichem-Mechichi-1.jpg\",\"keywords\":[\"bloc de la R\u00e9forme\",\"Hichem Mechichi\",\"Lilia Bellil\",\"Qalb Tounes\"],\"articleSection\":[\"POLITIQUE\",\"Tunisie\"],\"inLanguage\":\"fr-FR\",\"potentialAction\":[{\"@type\":\"CommentAction\",\"name\":\"Comment\",\"target\":[\"https:\/\/kapitalis.com\/tunisie\/2021\/05\/26\/parlement-vers-une-motion-de-censure-contre-hichem-mechichi\/#respond\"]}]},{\"@type\":\"WebPage\",\"@id\":\"https:\/\/kapitalis.com\/tunisie\/2021\/05\/26\/parlement-vers-une-motion-de-censure-contre-hichem-mechichi\/\",\"url\":\"https:\/\/kapitalis.com\/tunisie\/2021\/05\/26\/parlement-vers-une-motion-de-censure-contre-hichem-mechichi\/\",\"name\":\"Parlement : Vers une motion de censure contre Hichem Mechichi ? - Kapitalis\",\"isPartOf\":{\"@id\":\"https:\/\/kapitalis.com\/tunisie\/#website\"},\"primaryImageOfPage\":{\"@id\":\"https:\/\/kapitalis.com\/tunisie\/2021\/05\/26\/parlement-vers-une-motion-de-censure-contre-hichem-mechichi\/#primaryimage\"},\"image\":{\"@id\":\"https:\/\/kapitalis.com\/tunisie\/2021\/05\/26\/parlement-vers-une-motion-de-censure-contre-hichem-mechichi\/#primaryimage\"},\"thumbnailUrl\":\"http:\/\/kapitalis.com\/tunisie\/wp-content\/uploads\/2020\/12\/Hichem-Mechichi-1.jpg\",\"datePublished\":\"2021-05-26T09:47:57+00:00\",\"dateModified\":\"2021-05-26T09:49:21+00:00\",\"breadcrumb\":{\"@id\":\"https:\/\/kapitalis.com\/tunisie\/2021\/05\/26\/parlement-vers-une-motion-de-censure-contre-hichem-mechichi\/#breadcrumb\"},\"inLanguage\":\"fr-FR\",\"potentialAction\":[{\"@type\":\"ReadAction\",\"target\":[\"https:\/\/kapitalis.com\/tunisie\/2021\/05\/26\/parlement-vers-une-motion-de-censure-contre-hichem-mechichi\/\"]}]},{\"@type\":\"ImageObject\",\"inLanguage\":\"fr-FR\",\"@id\":\"https:\/\/kapitalis.com\/tunisie\/2021\/05\/26\/parlement-vers-une-motion-de-censure-contre-hichem-mechichi\/#primaryimage\",\"url\":\"\",\"contentUrl\":\"\"},{\"@type\":\"BreadcrumbList\",\"@id\":\"https:\/\/kapitalis.com\/tunisie\/2021\/05\/26\/parlement-vers-une-motion-de-censure-contre-hichem-mechichi\/#breadcrumb\",\"itemListElement\":[{\"@type\":\"ListItem\",\"position\":1,\"name\":\"Accueil\",\"item\":\"https:\/\/kapitalis.com\/tunisie\/\"},{\"@type\":\"ListItem\",\"position\":2,\"name\":\"Parlement : Vers une motion de censure contre Hichem Mechichi ?\"}]},{\"@type\":\"WebSite\",\"@id\":\"https:\/\/kapitalis.com\/tunisie\/#website\",\"url\":\"https:\/\/kapitalis.com\/tunisie\/\",\"name\":\"Kapitalis\",\"description\":\"L&#039;actualit\u00e9 en Tunisie et dans le monde\",\"publisher\":{\"@id\":\"https:\/\/kapitalis.com\/tunisie\/#organization\"},\"potentialAction\":[{\"@type\":\"SearchAction\",\"target\":{\"@type\":\"EntryPoint\",\"urlTemplate\":\"https:\/\/kapitalis.com\/tunisie\/?s={search_term_string}\"},\"query-input\":{\"@type\":\"PropertyValueSpecification\",\"valueRequired\":true,\"valueName\":\"search_term_string\"}}],\"inLanguage\":\"fr-FR\"},{\"@type\":\"Organization\",\"@id\":\"https:\/\/kapitalis.com\/tunisie\/#organization\",\"name\":\"Kapitalis\",\"url\":\"https:\/\/kapitalis.com\/tunisie\/\",\"logo\":{\"@type\":\"ImageObject\",\"inLanguage\":\"fr-FR\",\"@id\":\"https:\/\/kapitalis.com\/tunisie\/#\/schema\/logo\/image\/\",\"url\":\"https:\/\/kapitalis.com\/tunisie\/wp-content\/uploads\/2022\/05\/Kapitalis-big-size.png\",\"contentUrl\":\"https:\/\/kapitalis.com\/tunisie\/wp-content\/uploads\/2022\/05\/Kapitalis-big-size.png\",\"width\":5000,\"height\":1500,\"caption\":\"Kapitalis\"},\"image\":{\"@id\":\"https:\/\/kapitalis.com\/tunisie\/#\/schema\/logo\/image\/\"},\"sameAs\":[\"https:\/\/www.facebook.com\/KapitalisInfo\/\",\"https:\/\/x.com\/KapitalisInfo\",\"https:\/\/www.youtube.com\/channel\/UC-yDYrHyfFBWWZaOw3FPg9Q\"]},{\"@type\":\"Person\",\"@id\":\"https:\/\/kapitalis.com\/tunisie\/#\/schema\/person\/b35b8d631961131107263178aeb8019e\",\"name\":\"Cherif Benyounes\",\"url\":\"https:\/\/kapitalis.com\/tunisie\/author\/cherif\/\"}]}<\/script>\n<!-- \/ Yoast SEO plugin. -->","yoast_head_json":{"title":"Parlement : Vers une motion de censure contre Hichem Mechichi ? - Kapitalis","robots":{"index":"index","follow":"follow","max-snippet":"max-snippet:-1","max-image-preview":"max-image-preview:large","max-video-preview":"max-video-preview:-1"},"canonical":"https:\/\/kapitalis.com\/tunisie\/2021\/05\/26\/parlement-vers-une-motion-de-censure-contre-hichem-mechichi\/","og_locale":"fr_FR","og_type":"article","og_title":"Parlement : Vers une motion de censure contre Hichem Mechichi ? - Kapitalis","og_description":"La d\u00e9put\u00e9 du bloc de la R\u00e9forme, Lilia Bellil, a laiss\u00e9 entendre hier, mardi 25 mai 2021, qu&rsquo;une motion de censure pourrait prochainement voir le jour \u00e0 l&rsquo;Assembl\u00e9e des repr\u00e9sentants du peuple (ARP), \u00e0 l&rsquo;encontre du chef du gouvernement, Hichem Mechichi.","og_url":"https:\/\/kapitalis.com\/tunisie\/2021\/05\/26\/parlement-vers-une-motion-de-censure-contre-hichem-mechichi\/","og_site_name":"Kapitalis","article_publisher":"https:\/\/www.facebook.com\/KapitalisInfo\/","article_published_time":"2021-05-26T09:47:57+00:00","article_modified_time":"2021-05-26T09:49:21+00:00","og_image":[{"url":"http:\/\/kapitalis.com\/tunisie\/wp-content\/uploads\/2020\/12\/Hichem-Mechichi-1.jpg","type":"","width":"","height":""}],"author":"Cherif Benyounes","twitter_card":"summary_large_image","twitter_creator":"@KapitalisInfo","twitter_site":"@KapitalisInfo","twitter_misc":{"\u00c9crit par":"Cherif Benyounes","Dur\u00e9e de lecture estim\u00e9e":"1 minute"},"schema":{"@context":"https:\/\/schema.org","@graph":[{"@type":"Article","@id":"https:\/\/kapitalis.com\/tunisie\/2021\/05\/26\/parlement-vers-une-motion-de-censure-contre-hichem-mechichi\/#article","isPartOf":{"@id":"https:\/\/kapitalis.com\/tunisie\/2021\/05\/26\/parlement-vers-une-motion-de-censure-contre-hichem-mechichi\/"},"author":{"name":"Cherif Benyounes","@id":"https:\/\/kapitalis.com\/tunisie\/#\/schema\/person\/b35b8d631961131107263178aeb8019e"},"headline":"Parlement : Vers une motion de censure contre Hichem Mechichi ?","datePublished":"2021-05-26T09:47:57+00:00","dateModified":"2021-05-26T09:49:21+00:00","mainEntityOfPage":{"@id":"https:\/\/kapitalis.com\/tunisie\/2021\/05\/26\/parlement-vers-une-motion-de-censure-contre-hichem-mechichi\/"},"wordCount":243,"commentCount":1,"publisher":{"@id":"https:\/\/kapitalis.com\/tunisie\/#organization"},"image":{"@id":"https:\/\/kapitalis.com\/tunisie\/2021\/05\/26\/parlement-vers-une-motion-de-censure-contre-hichem-mechichi\/#primaryimage"},"thumbnailUrl":"http:\/\/kapitalis.com\/tunisie\/wp-content\/uploads\/2020\/12\/Hichem-Mechichi-1.jpg","keywords":["bloc de la R\u00e9forme","Hichem Mechichi","Lilia Bellil","Qalb Tounes"],"articleSection":["POLITIQUE","Tunisie"],"inLanguage":"fr-FR","potentialAction":[{"@type":"CommentAction","name":"Comment","target":["https:\/\/kapitalis.com\/tunisie\/2021\/05\/26\/parlement-vers-une-motion-de-censure-contre-hichem-mechichi\/#respond"]}]},{"@type":"WebPage","@id":"https:\/\/kapitalis.com\/tunisie\/2021\/05\/26\/parlement-vers-une-motion-de-censure-contre-hichem-mechichi\/","url":"https:\/\/kapitalis.com\/tunisie\/2021\/05\/26\/parlement-vers-une-motion-de-censure-contre-hichem-mechichi\/","name":"Parlement : Vers une motion de censure contre Hichem Mechichi ? - Kapitalis","isPartOf":{"@id":"https:\/\/kapitalis.com\/tunisie\/#website"},"primaryImageOfPage":{"@id":"https:\/\/kapitalis.com\/tunisie\/2021\/05\/26\/parlement-vers-une-motion-de-censure-contre-hichem-mechichi\/#primaryimage"},"image":{"@id":"https:\/\/kapitalis.com\/tunisie\/2021\/05\/26\/parlement-vers-une-motion-de-censure-contre-hichem-mechichi\/#primaryimage"},"thumbnailUrl":"http:\/\/kapitalis.com\/tunisie\/wp-content\/uploads\/2020\/12\/Hichem-Mechichi-1.jpg","datePublished":"2021-05-26T09:47:57+00:00","dateModified":"2021-05-26T09:49:21+00:00","breadcrumb":{"@id":"https:\/\/kapitalis.com\/tunisie\/2021\/05\/26\/parlement-vers-une-motion-de-censure-contre-hichem-mechichi\/#breadcrumb"},"inLanguage":"fr-FR","potentialAction":[{"@type":"ReadAction","target":["https:\/\/kapitalis.com\/tunisie\/2021\/05\/26\/parlement-vers-une-motion-de-censure-contre-hichem-mechichi\/"]}]},{"@type":"ImageObject","inLanguage":"fr-FR","@id":"https:\/\/kapitalis.com\/tunisie\/2021\/05\/26\/parlement-vers-une-motion-de-censure-contre-hichem-mechichi\/#primaryimage","url":"","contentUrl":""},{"@type":"BreadcrumbList","@id":"https:\/\/kapitalis.com\/tunisie\/2021\/05\/26\/parlement-vers-une-motion-de-censure-contre-hichem-mechichi\/#breadcrumb","itemListElement":[{"@type":"ListItem","position":1,"name":"Accueil","item":"https:\/\/kapitalis.com\/tunisie\/"},{"@type":"ListItem","position":2,"name":"Parlement : Vers une motion de censure contre Hichem Mechichi ?"}]},{"@type":"WebSite","@id":"https:\/\/kapitalis.com\/tunisie\/#website","url":"https:\/\/kapitalis.com\/tunisie\/","name":"Kapitalis","description":"L&#039;actualit\u00e9 en Tunisie et dans le monde","publisher":{"@id":"https:\/\/kapitalis.com\/tunisie\/#organization"},"potentialAction":[{"@type":"SearchAction","target":{"@type":"EntryPoint","urlTemplate":"https:\/\/kapitalis.com\/tunisie\/?s={search_term_string}"},"query-input":{"@type":"PropertyValueSpecification","valueRequired":true,"valueName":"search_term_string"}}],"inLanguage":"fr-FR"},{"@type":"Organization","@id":"https:\/\/kapitalis.com\/tunisie\/#organization","name":"Kapitalis","url":"https:\/\/kapitalis.com\/tunisie\/","logo":{"@type":"ImageObject","inLanguage":"fr-FR","@id":"https:\/\/kapitalis.com\/tunisie\/#\/schema\/logo\/image\/","url":"https:\/\/kapitalis.com\/tunisie\/wp-content\/uploads\/2022\/05\/Kapitalis-big-size.png","contentUrl":"https:\/\/kapitalis.com\/tunisie\/wp-content\/uploads\/2022\/05\/Kapitalis-big-size.png","width":5000,"height":1500,"caption":"Kapitalis"},"image":{"@id":"https:\/\/kapitalis.com\/tunisie\/#\/schema\/logo\/image\/"},"sameAs":["https:\/\/www.facebook.com\/KapitalisInfo\/","https:\/\/x.com\/KapitalisInfo","https:\/\/www.youtube.com\/channel\/UC-yDYrHyfFBWWZaOw3FPg9Q"]},{"@type":"Person","@id":"https:\/\/kapitalis.com\/tunisie\/#\/schema\/person\/b35b8d631961131107263178aeb8019e","name":"Cherif Benyounes","url":"https:\/\/kapitalis.com\/tunisie\/author\/cherif\/"}]}},"_links":{"self":[{"href":"https:\/\/kapitalis.com\/tunisie\/wp-json\/wp\/v2\/posts\/350174","targetHints":{"allow":["GET"]}}],"collection":[{"href":"https:\/\/kapitalis.com\/tunisie\/wp-json\/wp\/v2\/posts"}],"about":[{"href":"https:\/\/kapitalis.com\/tunisie\/wp-json\/wp\/v2\/types\/post"}],"author":[{"embeddable":true,"href":"https:\/\/kapitalis.com\/tunisie\/wp-json\/wp\/v2\/users\/24"}],"replies":[{"embeddable":true,"href":"https:\/\/kapitalis.com\/tunisie\/wp-json\/wp\/v2\/comments?post=350174"}],"version-history":[{"count":0,"href":"https:\/\/kapitalis.com\/tunisie\/wp-json\/wp\/v2\/posts\/350174\/revisions"}],"wp:attachment":[{"href":"https:\/\/kapitalis.com\/tunisie\/wp-json\/wp\/v2\/media?parent=350174"}],"wp:term":[{"taxonomy":"category","embeddable":true,"href":"https:\/\/kapitalis.com\/tunisie\/wp-json\/wp\/v2\/categories?post=350174"},{"taxonomy":"post_tag","embeddable":true,"href":"https:\/\/kapitalis.com\/tunisie\/wp-json\/wp\/v2\/tags?post=350174"}],"curies":[{"name":"wp","href":"https:\/\/api.w.org\/{rel}","templated":true}]}}