{"id":35027,"date":"2016-01-15T14:30:39","date_gmt":"2016-01-15T13:30:39","guid":{"rendered":"http:\/\/kapitalis.com\/tunisie\/?p=35027"},"modified":"2016-01-28T11:04:17","modified_gmt":"2016-01-28T10:04:17","slug":"nabil-ghalleb-nomme-pdg-de-zitouna-tamkeen-i-m-f","status":"publish","type":"post","link":"https:\/\/kapitalis.com\/tunisie\/2016\/01\/15\/nabil-ghalleb-nomme-pdg-de-zitouna-tamkeen-i-m-f\/","title":{"rendered":"Nabil Ghalleb nomm\u00e9 Pdg de Zitouna Tamkeen-I.M.F."},"content":{"rendered":"<p><img loading=\"lazy\" decoding=\"async\" class=\"alignnone size-full wp-image-35028 aligncenter\" src=\"http:\/\/kapitalis.com\/tunisie\/wp-content\/uploads\/2016\/01\/Nabil-Mohamed-Ghalleb.jpg\" alt=\"Nabil-Mohamed-Ghalleb\" width=\"626\" height=\"380\" \/><\/p>\n<p><em><strong>Nabil Ghalleb, expert en finance islamique, a \u00e9t\u00e9 nomm\u00e9 pr\u00e9sident directeur g\u00e9n\u00e9ral de Zitouna Tamkeen,<\/strong><strong> sp\u00e9cialis\u00e9e dans la micro-finance<\/strong><strong>.<\/strong><\/em><\/p>\n<p><!--more--><\/p>\n<p>Titulaire d\u2019un master en ing\u00e9nierie financi\u00e8re et d\u2019un doctorat en finance obtenus tous les deux de l\u2019\u00c9cole des hautes \u00e9tudes commerciales (HEC) de Montr\u00e9al, Nabil Ghalleb est \u00e9galement banquier islamique certifi\u00e9 du Conseil g\u00e9n\u00e9ral des banques et institutions financi\u00e8res islamiques.<\/p>\n<p>\u00c0 la Banque islamique du d\u00e9veloppement (BID), qu&rsquo;il a int\u00e9gr\u00e9 en 2009, il \u00e9tait senior portfolio manager charg\u00e9 du portefeuille des investissements de la banque dans la r\u00e9gion Mena. Il \u00e9tait aussi conseiller ex\u00e9cutif senior aupr\u00e8s du maire de la Province de M\u00e9dine en Arabie Saoudite et il a repr\u00e9sent\u00e9 la BID dans les conseils d\u2019administration de plusieurs banques islamiques.<\/p>\n<p>Avant d\u2019int\u00e9grer la BID, Nabil Ghalleb \u00e9tait professeur visiteur \u00e0 l\u2019International School of Management de Paris, professeur adjoint \u00e0 l\u2019Universit\u00e9 de p\u00e9trole et de min\u00e9raux en Arabie Saoudite et charg\u00e9 de cours aux HEC Montr\u00e9al.<\/p>\n<p>Auteur de plusieurs articles acad\u00e9miques sur la gouvernance des entreprises, l\u2019assurance, la gestion des risques et la finance islamique, il est toujours chercheur en finance islamique et conventionnelle et aussi conf\u00e9rencier r\u00e9gulier dans les conf\u00e9rences internationales.<\/p>\n<p style=\"text-align: right;\"><strong>Nabil Ben Ameur<\/strong><\/p>\n","protected":false},"excerpt":{"rendered":"<p>Nabil Ghalleb, expert en finance islamique, a \u00e9t\u00e9 nomm\u00e9 pr\u00e9sident directeur g\u00e9n\u00e9ral de Zitouna Tamkeen, sp\u00e9cialis\u00e9e dans la micro-finance.<\/p>\n","protected":false},"author":8,"featured_media":35028,"comment_status":"open","ping_status":"open","sticky":false,"template":"","format":"standard","meta":{"footnotes":""},"categories":[995,2433],"tags":[1400,1399,5990,12648],"class_list":["post-35027","post","type-post","status-publish","format-standard","has-post-thumbnail","hentry","category-economie","category-tunisie","tag-banque-zitouna","tag-finance-islamique","tag-micro-finance","tag-zitouna-tamkeen"],"yoast_head":"<!-- This site is optimized with the Yoast SEO plugin v26.6 - https:\/\/yoast.com\/wordpress\/plugins\/seo\/ -->\n<title>Nabil Ghalleb nomm\u00e9 Pdg de Zitouna Tamkeen-I.M.F. - Kapitalis<\/title>\n<meta name=\"robots\" content=\"index, follow, max-snippet:-1, max-image-preview:large, max-video-preview:-1\" \/>\n<link rel=\"canonical\" href=\"https:\/\/kapitalis.com\/tunisie\/2016\/01\/15\/nabil-ghalleb-nomme-pdg-de-zitouna-tamkeen-i-m-f\/\" \/>\n<meta property=\"og:locale\" content=\"fr_FR\" \/>\n<meta property=\"og:type\" content=\"article\" \/>\n<meta property=\"og:title\" content=\"Nabil Ghalleb nomm\u00e9 Pdg de Zitouna Tamkeen-I.M.F. - Kapitalis\" \/>\n<meta property=\"og:description\" content=\"Nabil Ghalleb, expert en finance islamique, a \u00e9t\u00e9 nomm\u00e9 pr\u00e9sident directeur g\u00e9n\u00e9ral de Zitouna Tamkeen, sp\u00e9cialis\u00e9e dans la micro-finance.\" \/>\n<meta property=\"og:url\" content=\"https:\/\/kapitalis.com\/tunisie\/2016\/01\/15\/nabil-ghalleb-nomme-pdg-de-zitouna-tamkeen-i-m-f\/\" \/>\n<meta property=\"og:site_name\" content=\"Kapitalis\" \/>\n<meta property=\"article:publisher\" content=\"https:\/\/www.facebook.com\/KapitalisInfo\/\" \/>\n<meta property=\"article:published_time\" content=\"2016-01-15T13:30:39+00:00\" \/>\n<meta property=\"article:modified_time\" content=\"2016-01-28T10:04:17+00:00\" \/>\n<meta property=\"og:image\" content=\"https:\/\/kapitalis.com\/tunisie\/wp-content\/uploads\/2022\/05\/kapitalis-logo-fb.png\" \/>\n\t<meta property=\"og:image:width\" content=\"1200\" \/>\n\t<meta property=\"og:image:height\" content=\"630\" \/>\n\t<meta property=\"og:image:type\" content=\"image\/png\" \/>\n<meta name=\"author\" content=\"webmaster kapitalis\" \/>\n<meta name=\"twitter:card\" content=\"summary_large_image\" \/>\n<meta name=\"twitter:creator\" content=\"@KapitalisInfo\" \/>\n<meta name=\"twitter:site\" content=\"@KapitalisInfo\" \/>\n<meta name=\"twitter:label1\" content=\"\u00c9crit par\" \/>\n\t<meta name=\"twitter:data1\" content=\"webmaster kapitalis\" \/>\n\t<meta name=\"twitter:label2\" content=\"Dur\u00e9e de lecture estim\u00e9e\" \/>\n\t<meta name=\"twitter:data2\" content=\"1 minute\" \/>\n<script type=\"application\/ld+json\" class=\"yoast-schema-graph\">{\"@context\":\"https:\/\/schema.org\",\"@graph\":[{\"@type\":\"Article\",\"@id\":\"https:\/\/kapitalis.com\/tunisie\/2016\/01\/15\/nabil-ghalleb-nomme-pdg-de-zitouna-tamkeen-i-m-f\/#article\",\"isPartOf\":{\"@id\":\"https:\/\/kapitalis.com\/tunisie\/2016\/01\/15\/nabil-ghalleb-nomme-pdg-de-zitouna-tamkeen-i-m-f\/\"},\"author\":{\"name\":\"webmaster kapitalis\",\"@id\":\"https:\/\/kapitalis.com\/tunisie\/#\/schema\/person\/d71f33a9ca44f7bad4698210b480c8e9\"},\"headline\":\"Nabil Ghalleb nomm\u00e9 Pdg de Zitouna Tamkeen-I.M.F.\",\"datePublished\":\"2016-01-15T13:30:39+00:00\",\"dateModified\":\"2016-01-28T10:04:17+00:00\",\"mainEntityOfPage\":{\"@id\":\"https:\/\/kapitalis.com\/tunisie\/2016\/01\/15\/nabil-ghalleb-nomme-pdg-de-zitouna-tamkeen-i-m-f\/\"},\"wordCount\":232,\"commentCount\":1,\"publisher\":{\"@id\":\"https:\/\/kapitalis.com\/tunisie\/#organization\"},\"image\":{\"@id\":\"https:\/\/kapitalis.com\/tunisie\/2016\/01\/15\/nabil-ghalleb-nomme-pdg-de-zitouna-tamkeen-i-m-f\/#primaryimage\"},\"thumbnailUrl\":\"\",\"keywords\":[\"Banque Zitouna\",\"finance islamique\",\"micro-finance\",\"Zitouna Tamkeen\"],\"articleSection\":[\"ECONOMIE\",\"Tunisie\"],\"inLanguage\":\"fr-FR\",\"potentialAction\":[{\"@type\":\"CommentAction\",\"name\":\"Comment\",\"target\":[\"https:\/\/kapitalis.com\/tunisie\/2016\/01\/15\/nabil-ghalleb-nomme-pdg-de-zitouna-tamkeen-i-m-f\/#respond\"]}]},{\"@type\":\"WebPage\",\"@id\":\"https:\/\/kapitalis.com\/tunisie\/2016\/01\/15\/nabil-ghalleb-nomme-pdg-de-zitouna-tamkeen-i-m-f\/\",\"url\":\"https:\/\/kapitalis.com\/tunisie\/2016\/01\/15\/nabil-ghalleb-nomme-pdg-de-zitouna-tamkeen-i-m-f\/\",\"name\":\"Nabil Ghalleb nomm\u00e9 Pdg de Zitouna Tamkeen-I.M.F. - Kapitalis\",\"isPartOf\":{\"@id\":\"https:\/\/kapitalis.com\/tunisie\/#website\"},\"primaryImageOfPage\":{\"@id\":\"https:\/\/kapitalis.com\/tunisie\/2016\/01\/15\/nabil-ghalleb-nomme-pdg-de-zitouna-tamkeen-i-m-f\/#primaryimage\"},\"image\":{\"@id\":\"https:\/\/kapitalis.com\/tunisie\/2016\/01\/15\/nabil-ghalleb-nomme-pdg-de-zitouna-tamkeen-i-m-f\/#primaryimage\"},\"thumbnailUrl\":\"\",\"datePublished\":\"2016-01-15T13:30:39+00:00\",\"dateModified\":\"2016-01-28T10:04:17+00:00\",\"breadcrumb\":{\"@id\":\"https:\/\/kapitalis.com\/tunisie\/2016\/01\/15\/nabil-ghalleb-nomme-pdg-de-zitouna-tamkeen-i-m-f\/#breadcrumb\"},\"inLanguage\":\"fr-FR\",\"potentialAction\":[{\"@type\":\"ReadAction\",\"target\":[\"https:\/\/kapitalis.com\/tunisie\/2016\/01\/15\/nabil-ghalleb-nomme-pdg-de-zitouna-tamkeen-i-m-f\/\"]}]},{\"@type\":\"ImageObject\",\"inLanguage\":\"fr-FR\",\"@id\":\"https:\/\/kapitalis.com\/tunisie\/2016\/01\/15\/nabil-ghalleb-nomme-pdg-de-zitouna-tamkeen-i-m-f\/#primaryimage\",\"url\":\"\",\"contentUrl\":\"\"},{\"@type\":\"BreadcrumbList\",\"@id\":\"https:\/\/kapitalis.com\/tunisie\/2016\/01\/15\/nabil-ghalleb-nomme-pdg-de-zitouna-tamkeen-i-m-f\/#breadcrumb\",\"itemListElement\":[{\"@type\":\"ListItem\",\"position\":1,\"name\":\"Accueil\",\"item\":\"https:\/\/kapitalis.com\/tunisie\/\"},{\"@type\":\"ListItem\",\"position\":2,\"name\":\"Nabil Ghalleb nomm\u00e9 Pdg de Zitouna Tamkeen-I.M.F.\"}]},{\"@type\":\"WebSite\",\"@id\":\"https:\/\/kapitalis.com\/tunisie\/#website\",\"url\":\"https:\/\/kapitalis.com\/tunisie\/\",\"name\":\"Kapitalis\",\"description\":\"L&#039;actualit\u00e9 en Tunisie et dans le monde\",\"publisher\":{\"@id\":\"https:\/\/kapitalis.com\/tunisie\/#organization\"},\"potentialAction\":[{\"@type\":\"SearchAction\",\"target\":{\"@type\":\"EntryPoint\",\"urlTemplate\":\"https:\/\/kapitalis.com\/tunisie\/?s={search_term_string}\"},\"query-input\":{\"@type\":\"PropertyValueSpecification\",\"valueRequired\":true,\"valueName\":\"search_term_string\"}}],\"inLanguage\":\"fr-FR\"},{\"@type\":\"Organization\",\"@id\":\"https:\/\/kapitalis.com\/tunisie\/#organization\",\"name\":\"Kapitalis\",\"url\":\"https:\/\/kapitalis.com\/tunisie\/\",\"logo\":{\"@type\":\"ImageObject\",\"inLanguage\":\"fr-FR\",\"@id\":\"https:\/\/kapitalis.com\/tunisie\/#\/schema\/logo\/image\/\",\"url\":\"https:\/\/kapitalis.com\/tunisie\/wp-content\/uploads\/2022\/05\/Kapitalis-big-size.png\",\"contentUrl\":\"https:\/\/kapitalis.com\/tunisie\/wp-content\/uploads\/2022\/05\/Kapitalis-big-size.png\",\"width\":5000,\"height\":1500,\"caption\":\"Kapitalis\"},\"image\":{\"@id\":\"https:\/\/kapitalis.com\/tunisie\/#\/schema\/logo\/image\/\"},\"sameAs\":[\"https:\/\/www.facebook.com\/KapitalisInfo\/\",\"https:\/\/x.com\/KapitalisInfo\",\"https:\/\/www.youtube.com\/channel\/UC-yDYrHyfFBWWZaOw3FPg9Q\"]},{\"@type\":\"Person\",\"@id\":\"https:\/\/kapitalis.com\/tunisie\/#\/schema\/person\/d71f33a9ca44f7bad4698210b480c8e9\",\"name\":\"webmaster kapitalis\",\"url\":\"https:\/\/kapitalis.com\/tunisie\/author\/webmaster-kapitalis\/\"}]}<\/script>\n<!-- \/ Yoast SEO plugin. -->","yoast_head_json":{"title":"Nabil Ghalleb nomm\u00e9 Pdg de Zitouna Tamkeen-I.M.F. - Kapitalis","robots":{"index":"index","follow":"follow","max-snippet":"max-snippet:-1","max-image-preview":"max-image-preview:large","max-video-preview":"max-video-preview:-1"},"canonical":"https:\/\/kapitalis.com\/tunisie\/2016\/01\/15\/nabil-ghalleb-nomme-pdg-de-zitouna-tamkeen-i-m-f\/","og_locale":"fr_FR","og_type":"article","og_title":"Nabil Ghalleb nomm\u00e9 Pdg de Zitouna Tamkeen-I.M.F. - Kapitalis","og_description":"Nabil Ghalleb, expert en finance islamique, a \u00e9t\u00e9 nomm\u00e9 pr\u00e9sident directeur g\u00e9n\u00e9ral de Zitouna Tamkeen, sp\u00e9cialis\u00e9e dans la micro-finance.","og_url":"https:\/\/kapitalis.com\/tunisie\/2016\/01\/15\/nabil-ghalleb-nomme-pdg-de-zitouna-tamkeen-i-m-f\/","og_site_name":"Kapitalis","article_publisher":"https:\/\/www.facebook.com\/KapitalisInfo\/","article_published_time":"2016-01-15T13:30:39+00:00","article_modified_time":"2016-01-28T10:04:17+00:00","og_image":[{"width":1200,"height":630,"url":"https:\/\/kapitalis.com\/tunisie\/wp-content\/uploads\/2022\/05\/kapitalis-logo-fb.png","type":"image\/png"}],"author":"webmaster kapitalis","twitter_card":"summary_large_image","twitter_creator":"@KapitalisInfo","twitter_site":"@KapitalisInfo","twitter_misc":{"\u00c9crit par":"webmaster kapitalis","Dur\u00e9e de lecture estim\u00e9e":"1 minute"},"schema":{"@context":"https:\/\/schema.org","@graph":[{"@type":"Article","@id":"https:\/\/kapitalis.com\/tunisie\/2016\/01\/15\/nabil-ghalleb-nomme-pdg-de-zitouna-tamkeen-i-m-f\/#article","isPartOf":{"@id":"https:\/\/kapitalis.com\/tunisie\/2016\/01\/15\/nabil-ghalleb-nomme-pdg-de-zitouna-tamkeen-i-m-f\/"},"author":{"name":"webmaster kapitalis","@id":"https:\/\/kapitalis.com\/tunisie\/#\/schema\/person\/d71f33a9ca44f7bad4698210b480c8e9"},"headline":"Nabil Ghalleb nomm\u00e9 Pdg de Zitouna Tamkeen-I.M.F.","datePublished":"2016-01-15T13:30:39+00:00","dateModified":"2016-01-28T10:04:17+00:00","mainEntityOfPage":{"@id":"https:\/\/kapitalis.com\/tunisie\/2016\/01\/15\/nabil-ghalleb-nomme-pdg-de-zitouna-tamkeen-i-m-f\/"},"wordCount":232,"commentCount":1,"publisher":{"@id":"https:\/\/kapitalis.com\/tunisie\/#organization"},"image":{"@id":"https:\/\/kapitalis.com\/tunisie\/2016\/01\/15\/nabil-ghalleb-nomme-pdg-de-zitouna-tamkeen-i-m-f\/#primaryimage"},"thumbnailUrl":"","keywords":["Banque Zitouna","finance islamique","micro-finance","Zitouna Tamkeen"],"articleSection":["ECONOMIE","Tunisie"],"inLanguage":"fr-FR","potentialAction":[{"@type":"CommentAction","name":"Comment","target":["https:\/\/kapitalis.com\/tunisie\/2016\/01\/15\/nabil-ghalleb-nomme-pdg-de-zitouna-tamkeen-i-m-f\/#respond"]}]},{"@type":"WebPage","@id":"https:\/\/kapitalis.com\/tunisie\/2016\/01\/15\/nabil-ghalleb-nomme-pdg-de-zitouna-tamkeen-i-m-f\/","url":"https:\/\/kapitalis.com\/tunisie\/2016\/01\/15\/nabil-ghalleb-nomme-pdg-de-zitouna-tamkeen-i-m-f\/","name":"Nabil Ghalleb nomm\u00e9 Pdg de Zitouna Tamkeen-I.M.F. - Kapitalis","isPartOf":{"@id":"https:\/\/kapitalis.com\/tunisie\/#website"},"primaryImageOfPage":{"@id":"https:\/\/kapitalis.com\/tunisie\/2016\/01\/15\/nabil-ghalleb-nomme-pdg-de-zitouna-tamkeen-i-m-f\/#primaryimage"},"image":{"@id":"https:\/\/kapitalis.com\/tunisie\/2016\/01\/15\/nabil-ghalleb-nomme-pdg-de-zitouna-tamkeen-i-m-f\/#primaryimage"},"thumbnailUrl":"","datePublished":"2016-01-15T13:30:39+00:00","dateModified":"2016-01-28T10:04:17+00:00","breadcrumb":{"@id":"https:\/\/kapitalis.com\/tunisie\/2016\/01\/15\/nabil-ghalleb-nomme-pdg-de-zitouna-tamkeen-i-m-f\/#breadcrumb"},"inLanguage":"fr-FR","potentialAction":[{"@type":"ReadAction","target":["https:\/\/kapitalis.com\/tunisie\/2016\/01\/15\/nabil-ghalleb-nomme-pdg-de-zitouna-tamkeen-i-m-f\/"]}]},{"@type":"ImageObject","inLanguage":"fr-FR","@id":"https:\/\/kapitalis.com\/tunisie\/2016\/01\/15\/nabil-ghalleb-nomme-pdg-de-zitouna-tamkeen-i-m-f\/#primaryimage","url":"","contentUrl":""},{"@type":"BreadcrumbList","@id":"https:\/\/kapitalis.com\/tunisie\/2016\/01\/15\/nabil-ghalleb-nomme-pdg-de-zitouna-tamkeen-i-m-f\/#breadcrumb","itemListElement":[{"@type":"ListItem","position":1,"name":"Accueil","item":"https:\/\/kapitalis.com\/tunisie\/"},{"@type":"ListItem","position":2,"name":"Nabil Ghalleb nomm\u00e9 Pdg de Zitouna Tamkeen-I.M.F."}]},{"@type":"WebSite","@id":"https:\/\/kapitalis.com\/tunisie\/#website","url":"https:\/\/kapitalis.com\/tunisie\/","name":"Kapitalis","description":"L&#039;actualit\u00e9 en Tunisie et dans le monde","publisher":{"@id":"https:\/\/kapitalis.com\/tunisie\/#organization"},"potentialAction":[{"@type":"SearchAction","target":{"@type":"EntryPoint","urlTemplate":"https:\/\/kapitalis.com\/tunisie\/?s={search_term_string}"},"query-input":{"@type":"PropertyValueSpecification","valueRequired":true,"valueName":"search_term_string"}}],"inLanguage":"fr-FR"},{"@type":"Organization","@id":"https:\/\/kapitalis.com\/tunisie\/#organization","name":"Kapitalis","url":"https:\/\/kapitalis.com\/tunisie\/","logo":{"@type":"ImageObject","inLanguage":"fr-FR","@id":"https:\/\/kapitalis.com\/tunisie\/#\/schema\/logo\/image\/","url":"https:\/\/kapitalis.com\/tunisie\/wp-content\/uploads\/2022\/05\/Kapitalis-big-size.png","contentUrl":"https:\/\/kapitalis.com\/tunisie\/wp-content\/uploads\/2022\/05\/Kapitalis-big-size.png","width":5000,"height":1500,"caption":"Kapitalis"},"image":{"@id":"https:\/\/kapitalis.com\/tunisie\/#\/schema\/logo\/image\/"},"sameAs":["https:\/\/www.facebook.com\/KapitalisInfo\/","https:\/\/x.com\/KapitalisInfo","https:\/\/www.youtube.com\/channel\/UC-yDYrHyfFBWWZaOw3FPg9Q"]},{"@type":"Person","@id":"https:\/\/kapitalis.com\/tunisie\/#\/schema\/person\/d71f33a9ca44f7bad4698210b480c8e9","name":"webmaster kapitalis","url":"https:\/\/kapitalis.com\/tunisie\/author\/webmaster-kapitalis\/"}]}},"_links":{"self":[{"href":"https:\/\/kapitalis.com\/tunisie\/wp-json\/wp\/v2\/posts\/35027","targetHints":{"allow":["GET"]}}],"collection":[{"href":"https:\/\/kapitalis.com\/tunisie\/wp-json\/wp\/v2\/posts"}],"about":[{"href":"https:\/\/kapitalis.com\/tunisie\/wp-json\/wp\/v2\/types\/post"}],"author":[{"embeddable":true,"href":"https:\/\/kapitalis.com\/tunisie\/wp-json\/wp\/v2\/users\/8"}],"replies":[{"embeddable":true,"href":"https:\/\/kapitalis.com\/tunisie\/wp-json\/wp\/v2\/comments?post=35027"}],"version-history":[{"count":0,"href":"https:\/\/kapitalis.com\/tunisie\/wp-json\/wp\/v2\/posts\/35027\/revisions"}],"wp:featuredmedia":[{"embeddable":true,"href":"https:\/\/kapitalis.com\/tunisie\/wp-json\/wp\/v2\/media\/35028"}],"wp:attachment":[{"href":"https:\/\/kapitalis.com\/tunisie\/wp-json\/wp\/v2\/media?parent=35027"}],"wp:term":[{"taxonomy":"category","embeddable":true,"href":"https:\/\/kapitalis.com\/tunisie\/wp-json\/wp\/v2\/categories?post=35027"},{"taxonomy":"post_tag","embeddable":true,"href":"https:\/\/kapitalis.com\/tunisie\/wp-json\/wp\/v2\/tags?post=35027"}],"curies":[{"name":"wp","href":"https:\/\/api.w.org\/{rel}","templated":true}]}}