{"id":350384,"date":"2021-05-27T16:12:27","date_gmt":"2021-05-27T15:12:27","guid":{"rendered":"http:\/\/kapitalis.com\/tunisie\/?p=350384"},"modified":"2021-05-27T16:12:38","modified_gmt":"2021-05-27T15:12:38","slug":"tunisie-le-deficit-commercial-saggrave-au-mois-davril-2021","status":"publish","type":"post","link":"https:\/\/kapitalis.com\/tunisie\/2021\/05\/27\/tunisie-le-deficit-commercial-saggrave-au-mois-davril-2021\/","title":{"rendered":"Tunisie : Le d\u00e9ficit commercial s&rsquo;aggrave au mois d\u2019avril 2021"},"content":{"rendered":"\n<figure class=\"wp-block-image size-large\"><img decoding=\"async\" src=\"http:\/\/kapitalis.com\/tunisie\/wp-content\/uploads\/2017\/02\/Deficit-commercial.jpg\" alt=\"\" class=\"wp-image-82905\"\/><\/figure>\n\n\n\n<p><strong><em>Le d\u00e9ficit commercial mensuel tunisien s&rsquo;est creus\u00e9 de 92,8 millions de dinars (MDT) en avril 2021, par rapport \u00e0 mars 2021, pour se situer \u00e0 1.175,9 milliard de dinars, selon la note sur \u201cle commerce ext\u00e9rieur aux prix courants (CVS-CEC), avril 2021\u2033, publi\u00e9e, ce jeudi 27 mai 2021, par l\u2019Institut national de la statistique (INS).<\/em><\/strong><\/p>\n\n\n\n<!--more-->\n\n\n\n<p>\u00a0Le taux de couverture en avril 2021 a perdu 1,7 point par rapport \u00e0 mars 2021 pour s\u2019\u00e9tablir \u00e0 77,2%.<\/p>\n\n\n\n<p>Suite \u00e0 une acc\u00e9l\u00e9ration consid\u00e9rable en ce qui concerne les exportations et plus mod\u00e9r\u00e9e en ce qui concerne les importations au mois de mars, les \u00e9changes de marchandises du mois d\u2019avril se sont caract\u00e9ris\u00e9s par une relative stabilit\u00e9. Les exportations ont diminu\u00e9 de 1,8%, tandis que les importations ont l\u00e9g\u00e8rement augment\u00e9 (+0,4%).<\/p>\n\n\n\n<p>Les exportations demeurent au-dessus de leur niveau d\u2019avant la d\u00e9claration de la pand\u00e9mie en Tunisie, soit +3,8% par rapport au mois de f\u00e9vrier 2020, malgr\u00e9 un repli de 1,8% par rapport au mois de mars.<\/p>\n\n\n\n<p>La note de l\u2019INS a fait \u00e9tat, par ailleurs, de la baisse des exportations avec la majorit\u00e9 des pays, \u00e0 l\u2019exception de l\u2019Allemagne (+2,5%). C&rsquo;est le cas des exportations avec la France (-6,9%), l\u2019Italie (-8,2%), eles pays du Maghreb (-13,2%) ou encore la Turquie (-46,7%).<\/p>\n\n\n\n<p>Pour ce qui est des importations, la tr\u00e8s l\u00e9g\u00e8re hausse enregistr\u00e9e s&rsquo;explique par la forte augmentation des achats des produits \u00e9nerg\u00e9tiques (+47,1%).<\/p>\n\n\n\n<p>En avril, les importations de marchandises se sont quasiment stabilis\u00e9es (+0.4%). Cette stagnation est le r\u00e9sultat de la conjugaison d\u2019une augmentation de 4.6% sous le r\u00e9gime g\u00e9n\u00e9ral accompagn\u00e9e par une baisse de 7,2% sous le r\u00e9gime offshore.<\/p>\n\n\n\n<p>Hors \u00e9nergie, les importations ont enregistr\u00e9 une baisse de 4,2% engendr\u00e9e par la r\u00e9gression des approvisionnements en mati\u00e8res premi\u00e8res et demi-produits (-4,0%) ainsi qu\u2019en produits de consommation (-9,3%), principalement en raison de la baisse des importations en \u00e9lectrom\u00e9nagers.<\/p>\n\n\n\n<p class=\"has-text-align-right\"><strong>C. B. Y.<\/strong><\/p>\n","protected":false},"excerpt":{"rendered":"<p>Le d\u00e9ficit commercial mensuel tunisien s&rsquo;est creus\u00e9 de 92,8 millions de dinars (MDT) en avril 2021, par rapport \u00e0 mars 2021, pour se situer \u00e0 1.175,9 milliard de dinars, selon la note sur \u201cle commerce ext\u00e9rieur aux prix courants (CVS-CEC), avril 2021\u2033, publi\u00e9e, ce jeudi 27 mai 2021, par l\u2019Institut national de la statistique (INS).<\/p>\n","protected":false},"author":24,"featured_media":0,"comment_status":"open","ping_status":"open","sticky":false,"template":"","format":"standard","meta":{"footnotes":""},"categories":[995,2433],"tags":[1874],"class_list":["post-350384","post","type-post","status-publish","format-standard","hentry","category-economie","category-tunisie","tag-deficit-commercial"],"yoast_head":"<!-- This site is optimized with the Yoast SEO plugin v26.6 - https:\/\/yoast.com\/wordpress\/plugins\/seo\/ -->\n<title>Tunisie : Le d\u00e9ficit commercial s&#039;aggrave au mois d\u2019avril 2021 - Kapitalis<\/title>\n<meta name=\"robots\" content=\"index, follow, max-snippet:-1, max-image-preview:large, max-video-preview:-1\" \/>\n<link rel=\"canonical\" href=\"https:\/\/kapitalis.com\/tunisie\/2021\/05\/27\/tunisie-le-deficit-commercial-saggrave-au-mois-davril-2021\/\" \/>\n<meta property=\"og:locale\" content=\"fr_FR\" \/>\n<meta property=\"og:type\" content=\"article\" \/>\n<meta property=\"og:title\" content=\"Tunisie : Le d\u00e9ficit commercial s&#039;aggrave au mois d\u2019avril 2021 - Kapitalis\" \/>\n<meta property=\"og:description\" content=\"Le d\u00e9ficit commercial mensuel tunisien s&rsquo;est creus\u00e9 de 92,8 millions de dinars (MDT) en avril 2021, par rapport \u00e0 mars 2021, pour se situer \u00e0 1.175,9 milliard de dinars, selon la note sur \u201cle commerce ext\u00e9rieur aux prix courants (CVS-CEC), avril 2021\u2033, publi\u00e9e, ce jeudi 27 mai 2021, par l\u2019Institut national de la statistique (INS).\" \/>\n<meta property=\"og:url\" content=\"https:\/\/kapitalis.com\/tunisie\/2021\/05\/27\/tunisie-le-deficit-commercial-saggrave-au-mois-davril-2021\/\" \/>\n<meta property=\"og:site_name\" content=\"Kapitalis\" \/>\n<meta property=\"article:publisher\" content=\"https:\/\/www.facebook.com\/KapitalisInfo\/\" \/>\n<meta property=\"article:published_time\" content=\"2021-05-27T15:12:27+00:00\" \/>\n<meta property=\"article:modified_time\" content=\"2021-05-27T15:12:38+00:00\" \/>\n<meta property=\"og:image\" content=\"http:\/\/kapitalis.com\/tunisie\/wp-content\/uploads\/2017\/02\/Deficit-commercial.jpg\" \/>\n<meta name=\"author\" content=\"Cherif Benyounes\" \/>\n<meta name=\"twitter:card\" content=\"summary_large_image\" \/>\n<meta name=\"twitter:creator\" content=\"@KapitalisInfo\" \/>\n<meta name=\"twitter:site\" content=\"@KapitalisInfo\" \/>\n<meta name=\"twitter:label1\" content=\"\u00c9crit par\" \/>\n\t<meta name=\"twitter:data1\" content=\"Cherif Benyounes\" \/>\n\t<meta name=\"twitter:label2\" content=\"Dur\u00e9e de lecture estim\u00e9e\" \/>\n\t<meta name=\"twitter:data2\" content=\"2 minutes\" \/>\n<script type=\"application\/ld+json\" class=\"yoast-schema-graph\">{\"@context\":\"https:\/\/schema.org\",\"@graph\":[{\"@type\":\"Article\",\"@id\":\"https:\/\/kapitalis.com\/tunisie\/2021\/05\/27\/tunisie-le-deficit-commercial-saggrave-au-mois-davril-2021\/#article\",\"isPartOf\":{\"@id\":\"https:\/\/kapitalis.com\/tunisie\/2021\/05\/27\/tunisie-le-deficit-commercial-saggrave-au-mois-davril-2021\/\"},\"author\":{\"name\":\"Cherif Benyounes\",\"@id\":\"https:\/\/kapitalis.com\/tunisie\/#\/schema\/person\/b35b8d631961131107263178aeb8019e\"},\"headline\":\"Tunisie : Le d\u00e9ficit commercial s&rsquo;aggrave au mois d\u2019avril 2021\",\"datePublished\":\"2021-05-27T15:12:27+00:00\",\"dateModified\":\"2021-05-27T15:12:38+00:00\",\"mainEntityOfPage\":{\"@id\":\"https:\/\/kapitalis.com\/tunisie\/2021\/05\/27\/tunisie-le-deficit-commercial-saggrave-au-mois-davril-2021\/\"},\"wordCount\":331,\"commentCount\":1,\"publisher\":{\"@id\":\"https:\/\/kapitalis.com\/tunisie\/#organization\"},\"image\":{\"@id\":\"https:\/\/kapitalis.com\/tunisie\/2021\/05\/27\/tunisie-le-deficit-commercial-saggrave-au-mois-davril-2021\/#primaryimage\"},\"thumbnailUrl\":\"http:\/\/kapitalis.com\/tunisie\/wp-content\/uploads\/2017\/02\/Deficit-commercial.jpg\",\"keywords\":[\"d\u00e9ficit commercial\"],\"articleSection\":[\"ECONOMIE\",\"Tunisie\"],\"inLanguage\":\"fr-FR\",\"potentialAction\":[{\"@type\":\"CommentAction\",\"name\":\"Comment\",\"target\":[\"https:\/\/kapitalis.com\/tunisie\/2021\/05\/27\/tunisie-le-deficit-commercial-saggrave-au-mois-davril-2021\/#respond\"]}]},{\"@type\":\"WebPage\",\"@id\":\"https:\/\/kapitalis.com\/tunisie\/2021\/05\/27\/tunisie-le-deficit-commercial-saggrave-au-mois-davril-2021\/\",\"url\":\"https:\/\/kapitalis.com\/tunisie\/2021\/05\/27\/tunisie-le-deficit-commercial-saggrave-au-mois-davril-2021\/\",\"name\":\"Tunisie : Le d\u00e9ficit commercial s'aggrave au mois d\u2019avril 2021 - Kapitalis\",\"isPartOf\":{\"@id\":\"https:\/\/kapitalis.com\/tunisie\/#website\"},\"primaryImageOfPage\":{\"@id\":\"https:\/\/kapitalis.com\/tunisie\/2021\/05\/27\/tunisie-le-deficit-commercial-saggrave-au-mois-davril-2021\/#primaryimage\"},\"image\":{\"@id\":\"https:\/\/kapitalis.com\/tunisie\/2021\/05\/27\/tunisie-le-deficit-commercial-saggrave-au-mois-davril-2021\/#primaryimage\"},\"thumbnailUrl\":\"http:\/\/kapitalis.com\/tunisie\/wp-content\/uploads\/2017\/02\/Deficit-commercial.jpg\",\"datePublished\":\"2021-05-27T15:12:27+00:00\",\"dateModified\":\"2021-05-27T15:12:38+00:00\",\"breadcrumb\":{\"@id\":\"https:\/\/kapitalis.com\/tunisie\/2021\/05\/27\/tunisie-le-deficit-commercial-saggrave-au-mois-davril-2021\/#breadcrumb\"},\"inLanguage\":\"fr-FR\",\"potentialAction\":[{\"@type\":\"ReadAction\",\"target\":[\"https:\/\/kapitalis.com\/tunisie\/2021\/05\/27\/tunisie-le-deficit-commercial-saggrave-au-mois-davril-2021\/\"]}]},{\"@type\":\"ImageObject\",\"inLanguage\":\"fr-FR\",\"@id\":\"https:\/\/kapitalis.com\/tunisie\/2021\/05\/27\/tunisie-le-deficit-commercial-saggrave-au-mois-davril-2021\/#primaryimage\",\"url\":\"http:\/\/kapitalis.com\/tunisie\/wp-content\/uploads\/2017\/02\/Deficit-commercial.jpg\",\"contentUrl\":\"http:\/\/kapitalis.com\/tunisie\/wp-content\/uploads\/2017\/02\/Deficit-commercial.jpg\"},{\"@type\":\"BreadcrumbList\",\"@id\":\"https:\/\/kapitalis.com\/tunisie\/2021\/05\/27\/tunisie-le-deficit-commercial-saggrave-au-mois-davril-2021\/#breadcrumb\",\"itemListElement\":[{\"@type\":\"ListItem\",\"position\":1,\"name\":\"Accueil\",\"item\":\"https:\/\/kapitalis.com\/tunisie\/\"},{\"@type\":\"ListItem\",\"position\":2,\"name\":\"Tunisie : Le d\u00e9ficit commercial s&rsquo;aggrave au mois d\u2019avril 2021\"}]},{\"@type\":\"WebSite\",\"@id\":\"https:\/\/kapitalis.com\/tunisie\/#website\",\"url\":\"https:\/\/kapitalis.com\/tunisie\/\",\"name\":\"Kapitalis\",\"description\":\"L&#039;actualit\u00e9 en Tunisie et dans le monde\",\"publisher\":{\"@id\":\"https:\/\/kapitalis.com\/tunisie\/#organization\"},\"potentialAction\":[{\"@type\":\"SearchAction\",\"target\":{\"@type\":\"EntryPoint\",\"urlTemplate\":\"https:\/\/kapitalis.com\/tunisie\/?s={search_term_string}\"},\"query-input\":{\"@type\":\"PropertyValueSpecification\",\"valueRequired\":true,\"valueName\":\"search_term_string\"}}],\"inLanguage\":\"fr-FR\"},{\"@type\":\"Organization\",\"@id\":\"https:\/\/kapitalis.com\/tunisie\/#organization\",\"name\":\"Kapitalis\",\"url\":\"https:\/\/kapitalis.com\/tunisie\/\",\"logo\":{\"@type\":\"ImageObject\",\"inLanguage\":\"fr-FR\",\"@id\":\"https:\/\/kapitalis.com\/tunisie\/#\/schema\/logo\/image\/\",\"url\":\"https:\/\/kapitalis.com\/tunisie\/wp-content\/uploads\/2022\/05\/Kapitalis-big-size.png\",\"contentUrl\":\"https:\/\/kapitalis.com\/tunisie\/wp-content\/uploads\/2022\/05\/Kapitalis-big-size.png\",\"width\":5000,\"height\":1500,\"caption\":\"Kapitalis\"},\"image\":{\"@id\":\"https:\/\/kapitalis.com\/tunisie\/#\/schema\/logo\/image\/\"},\"sameAs\":[\"https:\/\/www.facebook.com\/KapitalisInfo\/\",\"https:\/\/x.com\/KapitalisInfo\",\"https:\/\/www.youtube.com\/channel\/UC-yDYrHyfFBWWZaOw3FPg9Q\"]},{\"@type\":\"Person\",\"@id\":\"https:\/\/kapitalis.com\/tunisie\/#\/schema\/person\/b35b8d631961131107263178aeb8019e\",\"name\":\"Cherif Benyounes\",\"url\":\"https:\/\/kapitalis.com\/tunisie\/author\/cherif\/\"}]}<\/script>\n<!-- \/ Yoast SEO plugin. -->","yoast_head_json":{"title":"Tunisie : Le d\u00e9ficit commercial s'aggrave au mois d\u2019avril 2021 - Kapitalis","robots":{"index":"index","follow":"follow","max-snippet":"max-snippet:-1","max-image-preview":"max-image-preview:large","max-video-preview":"max-video-preview:-1"},"canonical":"https:\/\/kapitalis.com\/tunisie\/2021\/05\/27\/tunisie-le-deficit-commercial-saggrave-au-mois-davril-2021\/","og_locale":"fr_FR","og_type":"article","og_title":"Tunisie : Le d\u00e9ficit commercial s'aggrave au mois d\u2019avril 2021 - Kapitalis","og_description":"Le d\u00e9ficit commercial mensuel tunisien s&rsquo;est creus\u00e9 de 92,8 millions de dinars (MDT) en avril 2021, par rapport \u00e0 mars 2021, pour se situer \u00e0 1.175,9 milliard de dinars, selon la note sur \u201cle commerce ext\u00e9rieur aux prix courants (CVS-CEC), avril 2021\u2033, publi\u00e9e, ce jeudi 27 mai 2021, par l\u2019Institut national de la statistique (INS).","og_url":"https:\/\/kapitalis.com\/tunisie\/2021\/05\/27\/tunisie-le-deficit-commercial-saggrave-au-mois-davril-2021\/","og_site_name":"Kapitalis","article_publisher":"https:\/\/www.facebook.com\/KapitalisInfo\/","article_published_time":"2021-05-27T15:12:27+00:00","article_modified_time":"2021-05-27T15:12:38+00:00","og_image":[{"url":"http:\/\/kapitalis.com\/tunisie\/wp-content\/uploads\/2017\/02\/Deficit-commercial.jpg","type":"","width":"","height":""}],"author":"Cherif Benyounes","twitter_card":"summary_large_image","twitter_creator":"@KapitalisInfo","twitter_site":"@KapitalisInfo","twitter_misc":{"\u00c9crit par":"Cherif Benyounes","Dur\u00e9e de lecture estim\u00e9e":"2 minutes"},"schema":{"@context":"https:\/\/schema.org","@graph":[{"@type":"Article","@id":"https:\/\/kapitalis.com\/tunisie\/2021\/05\/27\/tunisie-le-deficit-commercial-saggrave-au-mois-davril-2021\/#article","isPartOf":{"@id":"https:\/\/kapitalis.com\/tunisie\/2021\/05\/27\/tunisie-le-deficit-commercial-saggrave-au-mois-davril-2021\/"},"author":{"name":"Cherif Benyounes","@id":"https:\/\/kapitalis.com\/tunisie\/#\/schema\/person\/b35b8d631961131107263178aeb8019e"},"headline":"Tunisie : Le d\u00e9ficit commercial s&rsquo;aggrave au mois d\u2019avril 2021","datePublished":"2021-05-27T15:12:27+00:00","dateModified":"2021-05-27T15:12:38+00:00","mainEntityOfPage":{"@id":"https:\/\/kapitalis.com\/tunisie\/2021\/05\/27\/tunisie-le-deficit-commercial-saggrave-au-mois-davril-2021\/"},"wordCount":331,"commentCount":1,"publisher":{"@id":"https:\/\/kapitalis.com\/tunisie\/#organization"},"image":{"@id":"https:\/\/kapitalis.com\/tunisie\/2021\/05\/27\/tunisie-le-deficit-commercial-saggrave-au-mois-davril-2021\/#primaryimage"},"thumbnailUrl":"http:\/\/kapitalis.com\/tunisie\/wp-content\/uploads\/2017\/02\/Deficit-commercial.jpg","keywords":["d\u00e9ficit commercial"],"articleSection":["ECONOMIE","Tunisie"],"inLanguage":"fr-FR","potentialAction":[{"@type":"CommentAction","name":"Comment","target":["https:\/\/kapitalis.com\/tunisie\/2021\/05\/27\/tunisie-le-deficit-commercial-saggrave-au-mois-davril-2021\/#respond"]}]},{"@type":"WebPage","@id":"https:\/\/kapitalis.com\/tunisie\/2021\/05\/27\/tunisie-le-deficit-commercial-saggrave-au-mois-davril-2021\/","url":"https:\/\/kapitalis.com\/tunisie\/2021\/05\/27\/tunisie-le-deficit-commercial-saggrave-au-mois-davril-2021\/","name":"Tunisie : Le d\u00e9ficit commercial s'aggrave au mois d\u2019avril 2021 - Kapitalis","isPartOf":{"@id":"https:\/\/kapitalis.com\/tunisie\/#website"},"primaryImageOfPage":{"@id":"https:\/\/kapitalis.com\/tunisie\/2021\/05\/27\/tunisie-le-deficit-commercial-saggrave-au-mois-davril-2021\/#primaryimage"},"image":{"@id":"https:\/\/kapitalis.com\/tunisie\/2021\/05\/27\/tunisie-le-deficit-commercial-saggrave-au-mois-davril-2021\/#primaryimage"},"thumbnailUrl":"http:\/\/kapitalis.com\/tunisie\/wp-content\/uploads\/2017\/02\/Deficit-commercial.jpg","datePublished":"2021-05-27T15:12:27+00:00","dateModified":"2021-05-27T15:12:38+00:00","breadcrumb":{"@id":"https:\/\/kapitalis.com\/tunisie\/2021\/05\/27\/tunisie-le-deficit-commercial-saggrave-au-mois-davril-2021\/#breadcrumb"},"inLanguage":"fr-FR","potentialAction":[{"@type":"ReadAction","target":["https:\/\/kapitalis.com\/tunisie\/2021\/05\/27\/tunisie-le-deficit-commercial-saggrave-au-mois-davril-2021\/"]}]},{"@type":"ImageObject","inLanguage":"fr-FR","@id":"https:\/\/kapitalis.com\/tunisie\/2021\/05\/27\/tunisie-le-deficit-commercial-saggrave-au-mois-davril-2021\/#primaryimage","url":"http:\/\/kapitalis.com\/tunisie\/wp-content\/uploads\/2017\/02\/Deficit-commercial.jpg","contentUrl":"http:\/\/kapitalis.com\/tunisie\/wp-content\/uploads\/2017\/02\/Deficit-commercial.jpg"},{"@type":"BreadcrumbList","@id":"https:\/\/kapitalis.com\/tunisie\/2021\/05\/27\/tunisie-le-deficit-commercial-saggrave-au-mois-davril-2021\/#breadcrumb","itemListElement":[{"@type":"ListItem","position":1,"name":"Accueil","item":"https:\/\/kapitalis.com\/tunisie\/"},{"@type":"ListItem","position":2,"name":"Tunisie : Le d\u00e9ficit commercial s&rsquo;aggrave au mois d\u2019avril 2021"}]},{"@type":"WebSite","@id":"https:\/\/kapitalis.com\/tunisie\/#website","url":"https:\/\/kapitalis.com\/tunisie\/","name":"Kapitalis","description":"L&#039;actualit\u00e9 en Tunisie et dans le monde","publisher":{"@id":"https:\/\/kapitalis.com\/tunisie\/#organization"},"potentialAction":[{"@type":"SearchAction","target":{"@type":"EntryPoint","urlTemplate":"https:\/\/kapitalis.com\/tunisie\/?s={search_term_string}"},"query-input":{"@type":"PropertyValueSpecification","valueRequired":true,"valueName":"search_term_string"}}],"inLanguage":"fr-FR"},{"@type":"Organization","@id":"https:\/\/kapitalis.com\/tunisie\/#organization","name":"Kapitalis","url":"https:\/\/kapitalis.com\/tunisie\/","logo":{"@type":"ImageObject","inLanguage":"fr-FR","@id":"https:\/\/kapitalis.com\/tunisie\/#\/schema\/logo\/image\/","url":"https:\/\/kapitalis.com\/tunisie\/wp-content\/uploads\/2022\/05\/Kapitalis-big-size.png","contentUrl":"https:\/\/kapitalis.com\/tunisie\/wp-content\/uploads\/2022\/05\/Kapitalis-big-size.png","width":5000,"height":1500,"caption":"Kapitalis"},"image":{"@id":"https:\/\/kapitalis.com\/tunisie\/#\/schema\/logo\/image\/"},"sameAs":["https:\/\/www.facebook.com\/KapitalisInfo\/","https:\/\/x.com\/KapitalisInfo","https:\/\/www.youtube.com\/channel\/UC-yDYrHyfFBWWZaOw3FPg9Q"]},{"@type":"Person","@id":"https:\/\/kapitalis.com\/tunisie\/#\/schema\/person\/b35b8d631961131107263178aeb8019e","name":"Cherif Benyounes","url":"https:\/\/kapitalis.com\/tunisie\/author\/cherif\/"}]}},"_links":{"self":[{"href":"https:\/\/kapitalis.com\/tunisie\/wp-json\/wp\/v2\/posts\/350384","targetHints":{"allow":["GET"]}}],"collection":[{"href":"https:\/\/kapitalis.com\/tunisie\/wp-json\/wp\/v2\/posts"}],"about":[{"href":"https:\/\/kapitalis.com\/tunisie\/wp-json\/wp\/v2\/types\/post"}],"author":[{"embeddable":true,"href":"https:\/\/kapitalis.com\/tunisie\/wp-json\/wp\/v2\/users\/24"}],"replies":[{"embeddable":true,"href":"https:\/\/kapitalis.com\/tunisie\/wp-json\/wp\/v2\/comments?post=350384"}],"version-history":[{"count":0,"href":"https:\/\/kapitalis.com\/tunisie\/wp-json\/wp\/v2\/posts\/350384\/revisions"}],"wp:attachment":[{"href":"https:\/\/kapitalis.com\/tunisie\/wp-json\/wp\/v2\/media?parent=350384"}],"wp:term":[{"taxonomy":"category","embeddable":true,"href":"https:\/\/kapitalis.com\/tunisie\/wp-json\/wp\/v2\/categories?post=350384"},{"taxonomy":"post_tag","embeddable":true,"href":"https:\/\/kapitalis.com\/tunisie\/wp-json\/wp\/v2\/tags?post=350384"}],"curies":[{"name":"wp","href":"https:\/\/api.w.org\/{rel}","templated":true}]}}